{"id":68811,"date":"2025-12-11T21:00:00","date_gmt":"2025-12-12T00:00:00","guid":{"rendered":"https:\/\/portaltela.pt\/noticias\/2025\/12\/11\/a-arte-perdida-da-tapecaria-antiga-em-vildemoinhos-revela-se\/"},"modified":"2025-12-11T21:00:00","modified_gmt":"2025-12-12T00:00:00","slug":"a-arte-perdida-da-tapecaria-antiga-em-vildemoinhos-revela-se","status":"publish","type":"post","link":"https:\/\/portaltela.pt\/noticias\/2025\/12\/11\/a-arte-perdida-da-tapecaria-antiga-em-vildemoinhos-revela-se\/","title":{"rendered":"A arte perdida da tape\u00e7aria antiga em Vildemoinhos revela-se"},"content":{"rendered":"<p>O programa di\u00e1rio da R\u00e1dio Observador Viseu apresenta uma imers\u00e3o nos epis\u00f3dios hist\u00f3ricos do distrito de Viseu, destacando epis\u00f3dios com her\u00f3is e vil\u00f5es. A abordagem \u00e9 factual e centrada no que aconteceu, quem esteve envolvido e onde ocorreu.<\/p>\n<p>A emiss\u00e3o privilegia as artes e of\u00edcios locais, com refer\u00eancia a lou\u00e7a preta, cestaria, bordados, tecelagem e tape\u00e7arias. Tamb\u00e9m aborda a tape\u00e7aria antiga de Vildemoinhos e a tradi\u00e7\u00e3o artesanal que persiste na regi\u00e3o.<\/p>\n<p>Relativamente \u00e0 mem\u00f3ria hist\u00f3rica, o programa relembra o 1\u00ba Congresso Beir\u00e3o de 1921, situando-o no contexto regional e na narrativa do distrito de Viseu.<\/p>\n<h3>Conte\u00fado em foco<\/h3>\n<p>A cada edi\u00e7\u00e3o, a produ\u00e7\u00e3o aprofunda um epis\u00f3dio espec\u00edfico, com dados sobre protagonistas, datas e locais que marcaram Viseu. A cobertura aposta na clareza e na linha do tempo.<\/p>\n<p>O foco na preserva\u00e7\u00e3o de t\u00e9cnicas artesanais antigas evidencia o papel de Vildemoinhos na tape\u00e7aria, ligando a pr\u00e1tica atual \u00e0 mem\u00f3ria coletiva do territ\u00f3rio.<\/p>\n","protected":false},"excerpt":{"rendered":"<ul>\n<li>O programa di\u00e1rio da R\u00e1dio Observador Viseu oferece uma imers\u00e3o nos epis\u00f3dios hist\u00f3ricos do distrito de Viseu, com foco em her\u00f3is e vil\u00f5es.<\/li>\n<li>Destaca a arte perdida da tape\u00e7aria antiga em Vildemoinhos e o foco nas artes e of\u00edcios locais, como lou\u00e7a preta, cestaria, bordados, tecelagem e tape\u00e7arias.<\/li>\n<li>A narrativa inclui mem\u00f3rias ligadas \u00e0s colchas, tapetes e outras t\u00e9cnicas artesanais da regi\u00e3o.<\/li>\n<li>A integra\u00e7\u00e3o do 1\u00ba Congresso Beir\u00e3o de 1921 na hist\u00f3ria \u00e9 mencionada como parte do enredo.<\/li>\n<\/ul>\n","protected":false},"author":2,"featured_media":68812,"comment_status":"closed","ping_status":"closed","sticky":false,"template":"","format":"standard","meta":{"footnotes":""},"categories":[1],"tags":[70,1233,145,299,1234,1171],"class_list":["post-68811","post","type-post","status-publish","format-standard","has-post-thumbnail","hentry","category-noticias","tag-arte","tag-bordados","tag-cultura","tag-historia","tag-tecelagem","tag-viseu"],"yoast_head":"<!-- This site is optimized with the Yoast SEO plugin v27.2 - https:\/\/yoast.com\/product\/yoast-seo-wordpress\/ -->\n<title>A arte perdida da tape\u00e7aria antiga em Vildemoinhos revela-se - Portal Tela Portugal<\/title>\n<meta name=\"robots\" content=\"index, follow, max-snippet:-1, max-image-preview:large, max-video-preview:-1\" \/>\n<meta property=\"og:locale\" content=\"pt_PT\" \/>\n<meta property=\"og:type\" content=\"article\" \/>\n<meta property=\"og:title\" content=\"A arte perdida da tape\u00e7aria antiga em Vildemoinhos revela-se - Portal Tela Portugal\" \/>\n<meta property=\"og:description\" content=\"O programa di\u00e1rio da R\u00e1dio Observador Viseu oferece uma imers\u00e3o nos epis\u00f3dios hist\u00f3ricos do distrito de Viseu, com foco em her\u00f3is e vil\u00f5es. Destaca a arte perdida da tape\u00e7aria antiga em Vildemoinhos e o foco nas artes e of\u00edcios locais, como lou\u00e7a preta, cestaria, bordados, tecelagem e tape\u00e7arias. A narrativa inclui mem\u00f3rias ligadas \u00e0s colchas, tapetes e outras t\u00e9cnicas artesanais da regi\u00e3o. A integra\u00e7\u00e3o do 1\u00ba Congresso Beir\u00e3o de 1921 na hist\u00f3ria \u00e9 mencionada como parte do enredo.\" \/>\n<meta property=\"og:url\" content=\"https:\/\/portaltela.pt\/noticias\/2025\/12\/11\/a-arte-perdida-da-tapecaria-antiga-em-vildemoinhos-revela-se\/\" \/>\n<meta property=\"og:site_name\" content=\"Portal Tela Portugal\" \/>\n<meta property=\"article:published_time\" content=\"2025-12-12T00:00:00+00:00\" \/>\n<meta name=\"author\" content=\"Telinha\" \/>\n<meta name=\"twitter:card\" content=\"summary_large_image\" \/>\n<meta name=\"twitter:label1\" content=\"Escrito por\" \/>\n\t<meta name=\"twitter:data1\" content=\"Telinha\" \/>\n\t<meta name=\"twitter:label2\" content=\"Tempo estimado de leitura\" \/>\n\t<meta name=\"twitter:data2\" content=\"1 minuto\" \/>\n<script type=\"application\/ld+json\" class=\"yoast-schema-graph\">{\"@context\":\"https:\/\/schema.org\",\"@graph\":[{\"@type\":\"Article\",\"@id\":\"https:\/\/portaltela.pt\/noticias\/2025\/12\/11\/a-arte-perdida-da-tapecaria-antiga-em-vildemoinhos-revela-se\/#article\",\"isPartOf\":{\"@id\":\"https:\/\/portaltela.pt\/noticias\/2025\/12\/11\/a-arte-perdida-da-tapecaria-antiga-em-vildemoinhos-revela-se\/\"},\"author\":{\"name\":\"Telinha\",\"@id\":\"https:\/\/portaltela.pt\/#\/schema\/person\/c4278d4a6028830caff9ee44b42d32ed\"},\"headline\":\"A arte perdida da tape\u00e7aria antiga em Vildemoinhos revela-se\",\"datePublished\":\"2025-12-12T00:00:00+00:00\",\"mainEntityOfPage\":{\"@id\":\"https:\/\/portaltela.pt\/noticias\/2025\/12\/11\/a-arte-perdida-da-tapecaria-antiga-em-vildemoinhos-revela-se\/\"},\"wordCount\":187,\"image\":{\"@id\":\"https:\/\/portaltela.pt\/noticias\/2025\/12\/11\/a-arte-perdida-da-tapecaria-antiga-em-vildemoinhos-revela-se\/#primaryimage\"},\"thumbnailUrl\":\"https:\/\/portaltela.pt\/s.01k8rhncp4jt1\/2025\/12\/770-podcast-a-historia-das-historias-8.jpg\",\"keywords\":[\"arte\",\"bordados\",\"cultura\",\"hist\u00f3ria\",\"tecelagem\",\"Viseu\"],\"articleSection\":[\"Not\u00edcias\"],\"inLanguage\":\"pt-PT\"},{\"@type\":\"WebPage\",\"@id\":\"https:\/\/portaltela.pt\/noticias\/2025\/12\/11\/a-arte-perdida-da-tapecaria-antiga-em-vildemoinhos-revela-se\/\",\"url\":\"https:\/\/portaltela.pt\/noticias\/2025\/12\/11\/a-arte-perdida-da-tapecaria-antiga-em-vildemoinhos-revela-se\/\",\"name\":\"A arte perdida da tape\u00e7aria antiga em Vildemoinhos revela-se - Portal Tela Portugal\",\"isPartOf\":{\"@id\":\"https:\/\/portaltela.pt\/#website\"},\"primaryImageOfPage\":{\"@id\":\"https:\/\/portaltela.pt\/noticias\/2025\/12\/11\/a-arte-perdida-da-tapecaria-antiga-em-vildemoinhos-revela-se\/#primaryimage\"},\"image\":{\"@id\":\"https:\/\/portaltela.pt\/noticias\/2025\/12\/11\/a-arte-perdida-da-tapecaria-antiga-em-vildemoinhos-revela-se\/#primaryimage\"},\"thumbnailUrl\":\"https:\/\/portaltela.pt\/s.01k8rhncp4jt1\/2025\/12\/770-podcast-a-historia-das-historias-8.jpg\",\"datePublished\":\"2025-12-12T00:00:00+00:00\",\"author\":{\"@id\":\"https:\/\/portaltela.pt\/#\/schema\/person\/c4278d4a6028830caff9ee44b42d32ed\"},\"breadcrumb\":{\"@id\":\"https:\/\/portaltela.pt\/noticias\/2025\/12\/11\/a-arte-perdida-da-tapecaria-antiga-em-vildemoinhos-revela-se\/#breadcrumb\"},\"inLanguage\":\"pt-PT\",\"potentialAction\":[{\"@type\":\"ReadAction\",\"target\":[\"https:\/\/portaltela.pt\/noticias\/2025\/12\/11\/a-arte-perdida-da-tapecaria-antiga-em-vildemoinhos-revela-se\/\"]}]},{\"@type\":\"ImageObject\",\"inLanguage\":\"pt-PT\",\"@id\":\"https:\/\/portaltela.pt\/noticias\/2025\/12\/11\/a-arte-perdida-da-tapecaria-antiga-em-vildemoinhos-revela-se\/#primaryimage\",\"url\":\"https:\/\/portaltela.pt\/s.01k8rhncp4jt1\/2025\/12\/770-podcast-a-historia-das-historias-8.jpg\",\"contentUrl\":\"https:\/\/portaltela.pt\/s.01k8rhncp4jt1\/2025\/12\/770-podcast-a-historia-das-historias-8.jpg\",\"width\":796,\"height\":448,\"caption\":\"Photo\"},{\"@type\":\"BreadcrumbList\",\"@id\":\"https:\/\/portaltela.pt\/noticias\/2025\/12\/11\/a-arte-perdida-da-tapecaria-antiga-em-vildemoinhos-revela-se\/#breadcrumb\",\"itemListElement\":[{\"@type\":\"ListItem\",\"position\":1,\"name\":\"In\u00edcio\",\"item\":\"https:\/\/portaltela.pt\/\"},{\"@type\":\"ListItem\",\"position\":2,\"name\":\"A arte perdida da tape\u00e7aria antiga em Vildemoinhos revela-se\"}]},{\"@type\":\"WebSite\",\"@id\":\"https:\/\/portaltela.pt\/#website\",\"url\":\"https:\/\/portaltela.pt\/\",\"name\":\"Portal Tela Portugal\",\"description\":\"\",\"potentialAction\":[{\"@type\":\"SearchAction\",\"target\":{\"@type\":\"EntryPoint\",\"urlTemplate\":\"https:\/\/portaltela.pt\/?s={search_term_string}\"},\"query-input\":{\"@type\":\"PropertyValueSpecification\",\"valueRequired\":true,\"valueName\":\"search_term_string\"}}],\"inLanguage\":\"pt-PT\"},{\"@type\":\"Person\",\"@id\":\"https:\/\/portaltela.pt\/#\/schema\/person\/c4278d4a6028830caff9ee44b42d32ed\",\"name\":\"Telinha\",\"image\":{\"@type\":\"ImageObject\",\"inLanguage\":\"pt-PT\",\"@id\":\"https:\/\/portaltela.pt\/s.01k8rhncp4jt1\/2025\/11\/talking-bot-125x125.png\",\"url\":\"https:\/\/portaltela.pt\/s.01k8rhncp4jt1\/2025\/11\/talking-bot-125x125.png\",\"contentUrl\":\"https:\/\/portaltela.pt\/s.01k8rhncp4jt1\/2025\/11\/talking-bot-125x125.png\",\"caption\":\"Telinha\"},\"sameAs\":[\"https:\/\/portaltela.pt\/\"],\"url\":\"https:\/\/portaltela.pt\/por\/367410592786\/\"}]}<\/script>\n<!-- \/ Yoast SEO plugin. -->","yoast_head_json":{"title":"A arte perdida da tape\u00e7aria antiga em Vildemoinhos revela-se - Portal Tela Portugal","robots":{"index":"index","follow":"follow","max-snippet":"max-snippet:-1","max-image-preview":"max-image-preview:large","max-video-preview":"max-video-preview:-1"},"og_locale":"pt_PT","og_type":"article","og_title":"A arte perdida da tape\u00e7aria antiga em Vildemoinhos revela-se - Portal Tela Portugal","og_description":"O programa di\u00e1rio da R\u00e1dio Observador Viseu oferece uma imers\u00e3o nos epis\u00f3dios hist\u00f3ricos do distrito de Viseu, com foco em her\u00f3is e vil\u00f5es. Destaca a arte perdida da tape\u00e7aria antiga em Vildemoinhos e o foco nas artes e of\u00edcios locais, como lou\u00e7a preta, cestaria, bordados, tecelagem e tape\u00e7arias. A narrativa inclui mem\u00f3rias ligadas \u00e0s colchas, tapetes e outras t\u00e9cnicas artesanais da regi\u00e3o. A integra\u00e7\u00e3o do 1\u00ba Congresso Beir\u00e3o de 1921 na hist\u00f3ria \u00e9 mencionada como parte do enredo.","og_url":"https:\/\/portaltela.pt\/noticias\/2025\/12\/11\/a-arte-perdida-da-tapecaria-antiga-em-vildemoinhos-revela-se\/","og_site_name":"Portal Tela Portugal","article_published_time":"2025-12-12T00:00:00+00:00","author":"Telinha","twitter_card":"summary_large_image","twitter_misc":{"Escrito por":"Telinha","Tempo estimado de leitura":"1 minuto"},"schema":{"@context":"https:\/\/schema.org","@graph":[{"@type":"Article","@id":"https:\/\/portaltela.pt\/noticias\/2025\/12\/11\/a-arte-perdida-da-tapecaria-antiga-em-vildemoinhos-revela-se\/#article","isPartOf":{"@id":"https:\/\/portaltela.pt\/noticias\/2025\/12\/11\/a-arte-perdida-da-tapecaria-antiga-em-vildemoinhos-revela-se\/"},"author":{"name":"Telinha","@id":"https:\/\/portaltela.pt\/#\/schema\/person\/c4278d4a6028830caff9ee44b42d32ed"},"headline":"A arte perdida da tape\u00e7aria antiga em Vildemoinhos revela-se","datePublished":"2025-12-12T00:00:00+00:00","mainEntityOfPage":{"@id":"https:\/\/portaltela.pt\/noticias\/2025\/12\/11\/a-arte-perdida-da-tapecaria-antiga-em-vildemoinhos-revela-se\/"},"wordCount":187,"image":{"@id":"https:\/\/portaltela.pt\/noticias\/2025\/12\/11\/a-arte-perdida-da-tapecaria-antiga-em-vildemoinhos-revela-se\/#primaryimage"},"thumbnailUrl":"https:\/\/portaltela.pt\/s.01k8rhncp4jt1\/2025\/12\/770-podcast-a-historia-das-historias-8.jpg","keywords":["arte","bordados","cultura","hist\u00f3ria","tecelagem","Viseu"],"articleSection":["Not\u00edcias"],"inLanguage":"pt-PT"},{"@type":"WebPage","@id":"https:\/\/portaltela.pt\/noticias\/2025\/12\/11\/a-arte-perdida-da-tapecaria-antiga-em-vildemoinhos-revela-se\/","url":"https:\/\/portaltela.pt\/noticias\/2025\/12\/11\/a-arte-perdida-da-tapecaria-antiga-em-vildemoinhos-revela-se\/","name":"A arte perdida da tape\u00e7aria antiga em Vildemoinhos revela-se - Portal Tela Portugal","isPartOf":{"@id":"https:\/\/portaltela.pt\/#website"},"primaryImageOfPage":{"@id":"https:\/\/portaltela.pt\/noticias\/2025\/12\/11\/a-arte-perdida-da-tapecaria-antiga-em-vildemoinhos-revela-se\/#primaryimage"},"image":{"@id":"https:\/\/portaltela.pt\/noticias\/2025\/12\/11\/a-arte-perdida-da-tapecaria-antiga-em-vildemoinhos-revela-se\/#primaryimage"},"thumbnailUrl":"https:\/\/portaltela.pt\/s.01k8rhncp4jt1\/2025\/12\/770-podcast-a-historia-das-historias-8.jpg","datePublished":"2025-12-12T00:00:00+00:00","author":{"@id":"https:\/\/portaltela.pt\/#\/schema\/person\/c4278d4a6028830caff9ee44b42d32ed"},"breadcrumb":{"@id":"https:\/\/portaltela.pt\/noticias\/2025\/12\/11\/a-arte-perdida-da-tapecaria-antiga-em-vildemoinhos-revela-se\/#breadcrumb"},"inLanguage":"pt-PT","potentialAction":[{"@type":"ReadAction","target":["https:\/\/portaltela.pt\/noticias\/2025\/12\/11\/a-arte-perdida-da-tapecaria-antiga-em-vildemoinhos-revela-se\/"]}]},{"@type":"ImageObject","inLanguage":"pt-PT","@id":"https:\/\/portaltela.pt\/noticias\/2025\/12\/11\/a-arte-perdida-da-tapecaria-antiga-em-vildemoinhos-revela-se\/#primaryimage","url":"https:\/\/portaltela.pt\/s.01k8rhncp4jt1\/2025\/12\/770-podcast-a-historia-das-historias-8.jpg","contentUrl":"https:\/\/portaltela.pt\/s.01k8rhncp4jt1\/2025\/12\/770-podcast-a-historia-das-historias-8.jpg","width":796,"height":448,"caption":"Photo"},{"@type":"BreadcrumbList","@id":"https:\/\/portaltela.pt\/noticias\/2025\/12\/11\/a-arte-perdida-da-tapecaria-antiga-em-vildemoinhos-revela-se\/#breadcrumb","itemListElement":[{"@type":"ListItem","position":1,"name":"In\u00edcio","item":"https:\/\/portaltela.pt\/"},{"@type":"ListItem","position":2,"name":"A arte perdida da tape\u00e7aria antiga em Vildemoinhos revela-se"}]},{"@type":"WebSite","@id":"https:\/\/portaltela.pt\/#website","url":"https:\/\/portaltela.pt\/","name":"Portal Tela Portugal","description":"","potentialAction":[{"@type":"SearchAction","target":{"@type":"EntryPoint","urlTemplate":"https:\/\/portaltela.pt\/?s={search_term_string}"},"query-input":{"@type":"PropertyValueSpecification","valueRequired":true,"valueName":"search_term_string"}}],"inLanguage":"pt-PT"},{"@type":"Person","@id":"https:\/\/portaltela.pt\/#\/schema\/person\/c4278d4a6028830caff9ee44b42d32ed","name":"Telinha","image":{"@type":"ImageObject","inLanguage":"pt-PT","@id":"https:\/\/portaltela.pt\/s.01k8rhncp4jt1\/2025\/11\/talking-bot-125x125.png","url":"https:\/\/portaltela.pt\/s.01k8rhncp4jt1\/2025\/11\/talking-bot-125x125.png","contentUrl":"https:\/\/portaltela.pt\/s.01k8rhncp4jt1\/2025\/11\/talking-bot-125x125.png","caption":"Telinha"},"sameAs":["https:\/\/portaltela.pt\/"],"url":"https:\/\/portaltela.pt\/por\/367410592786\/"}]}},"_links":{"self":[{"href":"https:\/\/portaltela.pt\/api\/wp\/v2\/posts\/68811","targetHints":{"allow":["GET"]}}],"collection":[{"href":"https:\/\/portaltela.pt\/api\/wp\/v2\/posts"}],"about":[{"href":"https:\/\/portaltela.pt\/api\/wp\/v2\/types\/post"}],"author":[{"embeddable":true,"href":"https:\/\/portaltela.pt\/api\/wp\/v2\/users\/2"}],"replies":[{"embeddable":true,"href":"https:\/\/portaltela.pt\/api\/wp\/v2\/comments?post=68811"}],"version-history":[{"count":0,"href":"https:\/\/portaltela.pt\/api\/wp\/v2\/posts\/68811\/revisions"}],"wp:featuredmedia":[{"embeddable":true,"href":"https:\/\/portaltela.pt\/api\/wp\/v2\/media\/68812"}],"wp:attachment":[{"href":"https:\/\/portaltela.pt\/api\/wp\/v2\/media?parent=68811"}],"wp:term":[{"taxonomy":"category","embeddable":true,"href":"https:\/\/portaltela.pt\/api\/wp\/v2\/categories?post=68811"},{"taxonomy":"post_tag","embeddable":true,"href":"https:\/\/portaltela.pt\/api\/wp\/v2\/tags?post=68811"}],"curies":[{"name":"wp","href":"https:\/\/api.w.org\/{rel}","templated":true}]}}