{"id":68717,"date":"2025-12-11T22:30:00","date_gmt":"2025-12-12T01:30:00","guid":{"rendered":"https:\/\/portaltela.pt\/noticias\/2025\/12\/11\/alegacoes-nao-confirmadas-sobre-encontro-entre-princesa-sofia-e-jeffrey-epstein\/"},"modified":"2025-12-11T22:30:00","modified_gmt":"2025-12-12T01:30:00","slug":"alegacoes-nao-confirmadas-sobre-encontro-entre-princesa-sofia-e-jeffrey-epstein","status":"publish","type":"post","link":"https:\/\/portaltela.pt\/noticias\/2025\/12\/11\/alegacoes-nao-confirmadas-sobre-encontro-entre-princesa-sofia-e-jeffrey-epstein\/","title":{"rendered":"Alega\u00e7\u00f5es n\u00e3o confirmadas sobre encontro entre princesa Sofia e Jeffrey Epstein"},"content":{"rendered":"<p>Sofia Hellqvist, hoje princesa titular, aparece em documentos ligados ao caso Epstein. A informa\u00e7\u00e3o envolve a princesa, casada desde 2015 com o pr\u00edncipe Carl Felipe, filho do rei Carl XVI Gustaf e da rainha S\u00edlvia. Epstein, condenado por tr\u00e1fico de menores, suicidou-se na pris\u00e3o em 2019. A Casa Real confirmou as liga\u00e7\u00f5es.<\/p>\n<p>Segundo os ficheiros, a princesa conheceu Epstein no in\u00edcio dos anos 2000, quando ainda era conhecida como Sofia Hellqvist. O material n\u00e3o especifica encontros carnais, mas indica contactos que podem ligar a jovem Sofia a Naomi Epstein e a visitas privadas.<\/p>\n<p>A correspond\u00eancia entre Barbro Ehnbom, empres\u00e1ria sueca, e Epstein acompanha as revela\u00e7\u00f5es. Ehnbom enviou fotografias da jovem Sofia a Epstein, sugerindo que ele a conhecesse. A mensagem questiona condi\u00e7\u00f5es para um eventual encontro antes de uma viagem de Natal.<\/p>\n<p>A Casa Real sueca j\u00e1 admitiu a exist\u00eancia de contactos entre Sofia e Epstein, mas evita comentar detalhes. A imprensa sueca divulgou os documentos, que ampliam o escrut\u00ednio sobre a rela\u00e7\u00e3o entre a fam\u00edlia real e figuras controversas.<\/p>\n<p>O caso volta a colocar press\u00e3o p\u00fablica sobre a monarquia sueca, que j\u00e1 \u00e9 objeto de escrut\u00ednio por liga\u00e7\u00f5es anteriores com Epstein. O Departamento de Comunica\u00e7\u00e3o n\u00e3o forneceu novos esclarecimentos al\u00e9m da confirma\u00e7\u00e3o pr\u00e9via.<\/p>\n<p>As informa\u00e7\u00f5es transparem num contexto de investiga\u00e7\u00f5es jornal\u00edsticas e pedidos de explica\u00e7\u00f5es \u00e0 institui\u00e7\u00e3o. N\u00e3o est\u00e1 claro whether os documentos alteram o estatuto legal da princesa ou o seu papel p\u00fablico.<\/p>\n","protected":false},"excerpt":{"rendered":"<ul>\n<li>Documentos divulgados pela imprensa sueca indicam que a princesa Sofia, casada com o pr\u00edncipe Carlos Filipe, surge nos ficheiros da investiga\u00e7\u00e3o relacionada com Jeffrey Epstein.<\/li>\n<li>Sofia, ent\u00e3o jovem Sofia Hellqvist, encontrou-se com Epstein no in\u00edcio dos anos dois mil.<\/li>\n<li>Uma troca de emails entre Barbro Ehnbom e Epstein inclui fotografias de Sofia, sugerindo que poderia haver encontros futuros antes de viajar para o Natal.<\/li>\n<li>Epstein foi condenado por tr\u00e1fico de menores e suicidou-se em 2019; a Casa Real sueca j\u00e1 confirmou liga\u00e7\u00f5es entre Sofia e Epstein.<\/li>\n<li>O caso aumenta a press\u00e3o p\u00fablica sobre a monarquia e a exig\u00eancia de explica\u00e7\u00f5es adicionais por parte da Casa Real.<\/li>\n<\/ul>\n","protected":false},"author":2,"featured_media":68718,"comment_status":"closed","ping_status":"closed","sticky":false,"template":"","format":"standard","meta":{"footnotes":""},"categories":[1],"tags":[76,64,195,215,40,1232],"class_list":["post-68717","post","type-post","status-publish","format-standard","has-post-thumbnail","hentry","category-noticias","tag-celebridades","tag-familia","tag-informacao","tag-investigacao","tag-pessoas","tag-trafico-de-menor-dependente-ou-em-situacao-vulneravel"],"yoast_head":"<!-- This site is optimized with the Yoast SEO plugin v27.2 - https:\/\/yoast.com\/product\/yoast-seo-wordpress\/ -->\n<title>Alega\u00e7\u00f5es n\u00e3o confirmadas sobre encontro entre princesa Sofia e Jeffrey Epstein - Portal Tela Portugal<\/title>\n<meta name=\"robots\" content=\"index, follow, max-snippet:-1, max-image-preview:large, max-video-preview:-1\" \/>\n<meta property=\"og:locale\" content=\"pt_PT\" \/>\n<meta property=\"og:type\" content=\"article\" \/>\n<meta property=\"og:title\" content=\"Alega\u00e7\u00f5es n\u00e3o confirmadas sobre encontro entre princesa Sofia e Jeffrey Epstein - Portal Tela Portugal\" \/>\n<meta property=\"og:description\" content=\"Documentos divulgados pela imprensa sueca indicam que a princesa Sofia, casada com o pr\u00edncipe Carlos Filipe, surge nos ficheiros da investiga\u00e7\u00e3o relacionada com Jeffrey Epstein. Sofia, ent\u00e3o jovem Sofia Hellqvist, encontrou-se com Epstein no in\u00edcio dos anos dois mil. Uma troca de emails entre Barbro Ehnbom e Epstein inclui fotografias de Sofia, sugerindo que poderia haver encontros futuros antes de viajar para o Natal. Epstein foi condenado por tr\u00e1fico de menores e suicidou-se em 2019; a Casa Real sueca j\u00e1 confirmou liga\u00e7\u00f5es entre Sofia e Epstein. O caso aumenta a press\u00e3o p\u00fablica sobre a monarquia e a exig\u00eancia de explica\u00e7\u00f5es adicionais por parte da Casa Real.\" \/>\n<meta property=\"og:url\" content=\"https:\/\/portaltela.pt\/noticias\/2025\/12\/11\/alegacoes-nao-confirmadas-sobre-encontro-entre-princesa-sofia-e-jeffrey-epstein\/\" \/>\n<meta property=\"og:site_name\" content=\"Portal Tela Portugal\" \/>\n<meta property=\"article:published_time\" content=\"2025-12-12T01:30:00+00:00\" \/>\n<meta name=\"author\" content=\"Telinha\" \/>\n<meta name=\"twitter:card\" content=\"summary_large_image\" \/>\n<meta name=\"twitter:label1\" content=\"Escrito por\" \/>\n\t<meta name=\"twitter:data1\" content=\"Telinha\" \/>\n\t<meta name=\"twitter:label2\" content=\"Tempo estimado de leitura\" \/>\n\t<meta name=\"twitter:data2\" content=\"1 minuto\" \/>\n<script type=\"application\/ld+json\" class=\"yoast-schema-graph\">{\"@context\":\"https:\/\/schema.org\",\"@graph\":[{\"@type\":\"Article\",\"@id\":\"https:\/\/portaltela.pt\/noticias\/2025\/12\/11\/alegacoes-nao-confirmadas-sobre-encontro-entre-princesa-sofia-e-jeffrey-epstein\/#article\",\"isPartOf\":{\"@id\":\"https:\/\/portaltela.pt\/noticias\/2025\/12\/11\/alegacoes-nao-confirmadas-sobre-encontro-entre-princesa-sofia-e-jeffrey-epstein\/\"},\"author\":{\"name\":\"Telinha\",\"@id\":\"https:\/\/portaltela.pt\/#\/schema\/person\/c4278d4a6028830caff9ee44b42d32ed\"},\"headline\":\"Alega\u00e7\u00f5es n\u00e3o confirmadas sobre encontro entre princesa Sofia e Jeffrey Epstein\",\"datePublished\":\"2025-12-12T01:30:00+00:00\",\"mainEntityOfPage\":{\"@id\":\"https:\/\/portaltela.pt\/noticias\/2025\/12\/11\/alegacoes-nao-confirmadas-sobre-encontro-entre-princesa-sofia-e-jeffrey-epstein\/\"},\"wordCount\":275,\"image\":{\"@id\":\"https:\/\/portaltela.pt\/noticias\/2025\/12\/11\/alegacoes-nao-confirmadas-sobre-encontro-entre-princesa-sofia-e-jeffrey-epstein\/#primaryimage\"},\"thumbnailUrl\":\"https:\/\/portaltela.pt\/s.01k8rhncp4jt1\/2025\/12\/img_1280x718uu2020-12-11-11-59-37-2154112.jpg\",\"keywords\":[\"celebridades\",\"fam\u00edlia\",\"informa\u00e7\u00e3o\",\"investiga\u00e7\u00e3o\",\"pessoas\",\"tr\u00e1fico de menor dependente ou em situa\u00e7\u00e3o vulner\u00e1vel\"],\"articleSection\":[\"Not\u00edcias\"],\"inLanguage\":\"pt-PT\"},{\"@type\":\"WebPage\",\"@id\":\"https:\/\/portaltela.pt\/noticias\/2025\/12\/11\/alegacoes-nao-confirmadas-sobre-encontro-entre-princesa-sofia-e-jeffrey-epstein\/\",\"url\":\"https:\/\/portaltela.pt\/noticias\/2025\/12\/11\/alegacoes-nao-confirmadas-sobre-encontro-entre-princesa-sofia-e-jeffrey-epstein\/\",\"name\":\"Alega\u00e7\u00f5es n\u00e3o confirmadas sobre encontro entre princesa Sofia e Jeffrey Epstein - Portal Tela Portugal\",\"isPartOf\":{\"@id\":\"https:\/\/portaltela.pt\/#website\"},\"primaryImageOfPage\":{\"@id\":\"https:\/\/portaltela.pt\/noticias\/2025\/12\/11\/alegacoes-nao-confirmadas-sobre-encontro-entre-princesa-sofia-e-jeffrey-epstein\/#primaryimage\"},\"image\":{\"@id\":\"https:\/\/portaltela.pt\/noticias\/2025\/12\/11\/alegacoes-nao-confirmadas-sobre-encontro-entre-princesa-sofia-e-jeffrey-epstein\/#primaryimage\"},\"thumbnailUrl\":\"https:\/\/portaltela.pt\/s.01k8rhncp4jt1\/2025\/12\/img_1280x718uu2020-12-11-11-59-37-2154112.jpg\",\"datePublished\":\"2025-12-12T01:30:00+00:00\",\"author\":{\"@id\":\"https:\/\/portaltela.pt\/#\/schema\/person\/c4278d4a6028830caff9ee44b42d32ed\"},\"breadcrumb\":{\"@id\":\"https:\/\/portaltela.pt\/noticias\/2025\/12\/11\/alegacoes-nao-confirmadas-sobre-encontro-entre-princesa-sofia-e-jeffrey-epstein\/#breadcrumb\"},\"inLanguage\":\"pt-PT\",\"potentialAction\":[{\"@type\":\"ReadAction\",\"target\":[\"https:\/\/portaltela.pt\/noticias\/2025\/12\/11\/alegacoes-nao-confirmadas-sobre-encontro-entre-princesa-sofia-e-jeffrey-epstein\/\"]}]},{\"@type\":\"ImageObject\",\"inLanguage\":\"pt-PT\",\"@id\":\"https:\/\/portaltela.pt\/noticias\/2025\/12\/11\/alegacoes-nao-confirmadas-sobre-encontro-entre-princesa-sofia-e-jeffrey-epstein\/#primaryimage\",\"url\":\"https:\/\/portaltela.pt\/s.01k8rhncp4jt1\/2025\/12\/img_1280x718uu2020-12-11-11-59-37-2154112.jpg\",\"contentUrl\":\"https:\/\/portaltela.pt\/s.01k8rhncp4jt1\/2025\/12\/img_1280x718uu2020-12-11-11-59-37-2154112.jpg\",\"width\":796,\"height\":448,\"caption\":\"Sofia da Su\u00e9cia e o Pr\u00edncipe Carl Philip\"},{\"@type\":\"BreadcrumbList\",\"@id\":\"https:\/\/portaltela.pt\/noticias\/2025\/12\/11\/alegacoes-nao-confirmadas-sobre-encontro-entre-princesa-sofia-e-jeffrey-epstein\/#breadcrumb\",\"itemListElement\":[{\"@type\":\"ListItem\",\"position\":1,\"name\":\"In\u00edcio\",\"item\":\"https:\/\/portaltela.pt\/\"},{\"@type\":\"ListItem\",\"position\":2,\"name\":\"Alega\u00e7\u00f5es n\u00e3o confirmadas sobre encontro entre princesa Sofia e Jeffrey Epstein\"}]},{\"@type\":\"WebSite\",\"@id\":\"https:\/\/portaltela.pt\/#website\",\"url\":\"https:\/\/portaltela.pt\/\",\"name\":\"Portal Tela Portugal\",\"description\":\"\",\"potentialAction\":[{\"@type\":\"SearchAction\",\"target\":{\"@type\":\"EntryPoint\",\"urlTemplate\":\"https:\/\/portaltela.pt\/?s={search_term_string}\"},\"query-input\":{\"@type\":\"PropertyValueSpecification\",\"valueRequired\":true,\"valueName\":\"search_term_string\"}}],\"inLanguage\":\"pt-PT\"},{\"@type\":\"Person\",\"@id\":\"https:\/\/portaltela.pt\/#\/schema\/person\/c4278d4a6028830caff9ee44b42d32ed\",\"name\":\"Telinha\",\"image\":{\"@type\":\"ImageObject\",\"inLanguage\":\"pt-PT\",\"@id\":\"https:\/\/portaltela.pt\/s.01k8rhncp4jt1\/2025\/11\/talking-bot-125x125.png\",\"url\":\"https:\/\/portaltela.pt\/s.01k8rhncp4jt1\/2025\/11\/talking-bot-125x125.png\",\"contentUrl\":\"https:\/\/portaltela.pt\/s.01k8rhncp4jt1\/2025\/11\/talking-bot-125x125.png\",\"caption\":\"Telinha\"},\"sameAs\":[\"https:\/\/portaltela.pt\/\"],\"url\":\"https:\/\/portaltela.pt\/por\/367410592786\/\"}]}<\/script>\n<!-- \/ Yoast SEO plugin. -->","yoast_head_json":{"title":"Alega\u00e7\u00f5es n\u00e3o confirmadas sobre encontro entre princesa Sofia e Jeffrey Epstein - Portal Tela Portugal","robots":{"index":"index","follow":"follow","max-snippet":"max-snippet:-1","max-image-preview":"max-image-preview:large","max-video-preview":"max-video-preview:-1"},"og_locale":"pt_PT","og_type":"article","og_title":"Alega\u00e7\u00f5es n\u00e3o confirmadas sobre encontro entre princesa Sofia e Jeffrey Epstein - Portal Tela Portugal","og_description":"Documentos divulgados pela imprensa sueca indicam que a princesa Sofia, casada com o pr\u00edncipe Carlos Filipe, surge nos ficheiros da investiga\u00e7\u00e3o relacionada com Jeffrey Epstein. Sofia, ent\u00e3o jovem Sofia Hellqvist, encontrou-se com Epstein no in\u00edcio dos anos dois mil. Uma troca de emails entre Barbro Ehnbom e Epstein inclui fotografias de Sofia, sugerindo que poderia haver encontros futuros antes de viajar para o Natal. Epstein foi condenado por tr\u00e1fico de menores e suicidou-se em 2019; a Casa Real sueca j\u00e1 confirmou liga\u00e7\u00f5es entre Sofia e Epstein. O caso aumenta a press\u00e3o p\u00fablica sobre a monarquia e a exig\u00eancia de explica\u00e7\u00f5es adicionais por parte da Casa Real.","og_url":"https:\/\/portaltela.pt\/noticias\/2025\/12\/11\/alegacoes-nao-confirmadas-sobre-encontro-entre-princesa-sofia-e-jeffrey-epstein\/","og_site_name":"Portal Tela Portugal","article_published_time":"2025-12-12T01:30:00+00:00","author":"Telinha","twitter_card":"summary_large_image","twitter_misc":{"Escrito por":"Telinha","Tempo estimado de leitura":"1 minuto"},"schema":{"@context":"https:\/\/schema.org","@graph":[{"@type":"Article","@id":"https:\/\/portaltela.pt\/noticias\/2025\/12\/11\/alegacoes-nao-confirmadas-sobre-encontro-entre-princesa-sofia-e-jeffrey-epstein\/#article","isPartOf":{"@id":"https:\/\/portaltela.pt\/noticias\/2025\/12\/11\/alegacoes-nao-confirmadas-sobre-encontro-entre-princesa-sofia-e-jeffrey-epstein\/"},"author":{"name":"Telinha","@id":"https:\/\/portaltela.pt\/#\/schema\/person\/c4278d4a6028830caff9ee44b42d32ed"},"headline":"Alega\u00e7\u00f5es n\u00e3o confirmadas sobre encontro entre princesa Sofia e Jeffrey Epstein","datePublished":"2025-12-12T01:30:00+00:00","mainEntityOfPage":{"@id":"https:\/\/portaltela.pt\/noticias\/2025\/12\/11\/alegacoes-nao-confirmadas-sobre-encontro-entre-princesa-sofia-e-jeffrey-epstein\/"},"wordCount":275,"image":{"@id":"https:\/\/portaltela.pt\/noticias\/2025\/12\/11\/alegacoes-nao-confirmadas-sobre-encontro-entre-princesa-sofia-e-jeffrey-epstein\/#primaryimage"},"thumbnailUrl":"https:\/\/portaltela.pt\/s.01k8rhncp4jt1\/2025\/12\/img_1280x718uu2020-12-11-11-59-37-2154112.jpg","keywords":["celebridades","fam\u00edlia","informa\u00e7\u00e3o","investiga\u00e7\u00e3o","pessoas","tr\u00e1fico de menor dependente ou em situa\u00e7\u00e3o vulner\u00e1vel"],"articleSection":["Not\u00edcias"],"inLanguage":"pt-PT"},{"@type":"WebPage","@id":"https:\/\/portaltela.pt\/noticias\/2025\/12\/11\/alegacoes-nao-confirmadas-sobre-encontro-entre-princesa-sofia-e-jeffrey-epstein\/","url":"https:\/\/portaltela.pt\/noticias\/2025\/12\/11\/alegacoes-nao-confirmadas-sobre-encontro-entre-princesa-sofia-e-jeffrey-epstein\/","name":"Alega\u00e7\u00f5es n\u00e3o confirmadas sobre encontro entre princesa Sofia e Jeffrey Epstein - Portal Tela Portugal","isPartOf":{"@id":"https:\/\/portaltela.pt\/#website"},"primaryImageOfPage":{"@id":"https:\/\/portaltela.pt\/noticias\/2025\/12\/11\/alegacoes-nao-confirmadas-sobre-encontro-entre-princesa-sofia-e-jeffrey-epstein\/#primaryimage"},"image":{"@id":"https:\/\/portaltela.pt\/noticias\/2025\/12\/11\/alegacoes-nao-confirmadas-sobre-encontro-entre-princesa-sofia-e-jeffrey-epstein\/#primaryimage"},"thumbnailUrl":"https:\/\/portaltela.pt\/s.01k8rhncp4jt1\/2025\/12\/img_1280x718uu2020-12-11-11-59-37-2154112.jpg","datePublished":"2025-12-12T01:30:00+00:00","author":{"@id":"https:\/\/portaltela.pt\/#\/schema\/person\/c4278d4a6028830caff9ee44b42d32ed"},"breadcrumb":{"@id":"https:\/\/portaltela.pt\/noticias\/2025\/12\/11\/alegacoes-nao-confirmadas-sobre-encontro-entre-princesa-sofia-e-jeffrey-epstein\/#breadcrumb"},"inLanguage":"pt-PT","potentialAction":[{"@type":"ReadAction","target":["https:\/\/portaltela.pt\/noticias\/2025\/12\/11\/alegacoes-nao-confirmadas-sobre-encontro-entre-princesa-sofia-e-jeffrey-epstein\/"]}]},{"@type":"ImageObject","inLanguage":"pt-PT","@id":"https:\/\/portaltela.pt\/noticias\/2025\/12\/11\/alegacoes-nao-confirmadas-sobre-encontro-entre-princesa-sofia-e-jeffrey-epstein\/#primaryimage","url":"https:\/\/portaltela.pt\/s.01k8rhncp4jt1\/2025\/12\/img_1280x718uu2020-12-11-11-59-37-2154112.jpg","contentUrl":"https:\/\/portaltela.pt\/s.01k8rhncp4jt1\/2025\/12\/img_1280x718uu2020-12-11-11-59-37-2154112.jpg","width":796,"height":448,"caption":"Sofia da Su\u00e9cia e o Pr\u00edncipe Carl Philip"},{"@type":"BreadcrumbList","@id":"https:\/\/portaltela.pt\/noticias\/2025\/12\/11\/alegacoes-nao-confirmadas-sobre-encontro-entre-princesa-sofia-e-jeffrey-epstein\/#breadcrumb","itemListElement":[{"@type":"ListItem","position":1,"name":"In\u00edcio","item":"https:\/\/portaltela.pt\/"},{"@type":"ListItem","position":2,"name":"Alega\u00e7\u00f5es n\u00e3o confirmadas sobre encontro entre princesa Sofia e Jeffrey Epstein"}]},{"@type":"WebSite","@id":"https:\/\/portaltela.pt\/#website","url":"https:\/\/portaltela.pt\/","name":"Portal Tela Portugal","description":"","potentialAction":[{"@type":"SearchAction","target":{"@type":"EntryPoint","urlTemplate":"https:\/\/portaltela.pt\/?s={search_term_string}"},"query-input":{"@type":"PropertyValueSpecification","valueRequired":true,"valueName":"search_term_string"}}],"inLanguage":"pt-PT"},{"@type":"Person","@id":"https:\/\/portaltela.pt\/#\/schema\/person\/c4278d4a6028830caff9ee44b42d32ed","name":"Telinha","image":{"@type":"ImageObject","inLanguage":"pt-PT","@id":"https:\/\/portaltela.pt\/s.01k8rhncp4jt1\/2025\/11\/talking-bot-125x125.png","url":"https:\/\/portaltela.pt\/s.01k8rhncp4jt1\/2025\/11\/talking-bot-125x125.png","contentUrl":"https:\/\/portaltela.pt\/s.01k8rhncp4jt1\/2025\/11\/talking-bot-125x125.png","caption":"Telinha"},"sameAs":["https:\/\/portaltela.pt\/"],"url":"https:\/\/portaltela.pt\/por\/367410592786\/"}]}},"_links":{"self":[{"href":"https:\/\/portaltela.pt\/api\/wp\/v2\/posts\/68717","targetHints":{"allow":["GET"]}}],"collection":[{"href":"https:\/\/portaltela.pt\/api\/wp\/v2\/posts"}],"about":[{"href":"https:\/\/portaltela.pt\/api\/wp\/v2\/types\/post"}],"author":[{"embeddable":true,"href":"https:\/\/portaltela.pt\/api\/wp\/v2\/users\/2"}],"replies":[{"embeddable":true,"href":"https:\/\/portaltela.pt\/api\/wp\/v2\/comments?post=68717"}],"version-history":[{"count":0,"href":"https:\/\/portaltela.pt\/api\/wp\/v2\/posts\/68717\/revisions"}],"wp:featuredmedia":[{"embeddable":true,"href":"https:\/\/portaltela.pt\/api\/wp\/v2\/media\/68718"}],"wp:attachment":[{"href":"https:\/\/portaltela.pt\/api\/wp\/v2\/media?parent=68717"}],"wp:term":[{"taxonomy":"category","embeddable":true,"href":"https:\/\/portaltela.pt\/api\/wp\/v2\/categories?post=68717"},{"taxonomy":"post_tag","embeddable":true,"href":"https:\/\/portaltela.pt\/api\/wp\/v2\/tags?post=68717"}],"curies":[{"name":"wp","href":"https:\/\/api.w.org\/{rel}","templated":true}]}}