{"id":67380,"date":"2025-12-10T21:00:00","date_gmt":"2025-12-11T00:00:00","guid":{"rendered":"https:\/\/portaltela.pt\/noticias\/2025\/12\/10\/ex-ministro-de-sanchez-enfrenta-julgamento-por-corrupcao\/"},"modified":"2025-12-10T21:00:00","modified_gmt":"2025-12-11T00:00:00","slug":"ex-ministro-de-sanchez-enfrenta-julgamento-por-corrupcao","status":"publish","type":"post","link":"https:\/\/portaltela.pt\/noticias\/politica\/2025\/12\/10\/ex-ministro-de-sanchez-enfrenta-julgamento-por-corrupcao\/","title":{"rendered":"Ex-ministro de S\u00e1nchez enfrenta julgamento por corrup\u00e7\u00e3o"},"content":{"rendered":"<p>O Supremo Tribunal ordenou o julgamento de Jos\u00e9 Luis Abalos, antigo ministro dos Transportes e figura-chave do bloco socialista, por alegadas irregularidades associadas \u00e0 pandemia. Abalos e o seu ex-conselheiro Koldo Garcia permanecem em pris\u00e3o preventiva.<\/p>\n<p>Ambos s\u00e3o acusados de suborno, tr\u00e1fico de influ\u00eancias, peculato e participa\u00e7\u00e3o numa organiza\u00e7\u00e3o criminosa, relacionados com contratos de fornecimento de equipamento m\u00e9dico durante a covid-19. A Procuradoria pediu 24 anos de pris\u00e3o para Abalos e 19,5 para Garcia.<\/p>\n<p>Santos Cerd\u00e1n, outro antigo dirigente socialista, tamb\u00e9m \u00e9 alvo de suspeitas na adjudica\u00e7\u00e3o de contratos p\u00fablicos, levando-o a abandonar o cargo de secret\u00e1rio da organiza\u00e7\u00e3o do partido. O caso complicou a gest\u00e3o de um governo minorit\u00e1rio de Pedro S\u00e1nchez.<\/p>\n<p>O governo espanhol, liderado por S\u00e1nchez, tem enfrentado cr\u00edticas e press\u00e3o pol\u00edtica no contexto de v\u00e1rios esc\u00e2ndalos de corrup\u00e7\u00e3o envolvendo socialistas, assim como o impacto de decis\u00f5es do PP, que foi condenado noutra investiga\u00e7\u00e3o. S\u00e1nchez tem negado financiamento irregular do PS e n\u00e3o pediu demiss\u00e3o.<\/p>\n<p>O epis\u00f3dio agrava as dificuldades do Executivo na aprova\u00e7\u00e3o de medidas legislativas, enquanto o apoio parlamentar se mant\u00e9m estreito. As investiga\u00e7\u00f5es continuam a decorrer no \u00e2mbito de casos de corrup\u00e7\u00e3o ligados a contratos p\u00fablicos.<\/p>\n<h3>Julgados ligados aos contratos de fornecimento<\/h3>\n<p>A investiga\u00e7\u00e3o foca contratos de equipamento sanit\u00e1rio durante a pandemia, com implica\u00e7\u00f5es sobre a transpar\u00eancia de procedimentos e de favorecimentos. Os pr\u00f3ximos passos processuais dependem da Junta de Juri.<\/p>\n","protected":false},"excerpt":{"rendered":"<ul>\n<li>O Supremo Tribunal ordenou o julgamento de Jos\u00e9 Luis Abalos, antigo ministro dos Transportes e aliado de Pedro S\u00e1nchez.<\/li>\n<li>Abalos e o ex-conselheiro Koldo Garcia permanecem em pris\u00e3o preventiva, acusados de suborno, tr\u00e1fico de influ\u00eancias, peculato e participa\u00e7\u00e3o numa organiza\u00e7\u00e3o criminosa, relacionados com a adjudica\u00e7\u00e3o de contratos de equipamento sanit\u00e1rio na pandemia.<\/li>\n<li>Os procuradores pediram 24 anos de pris\u00e3o para Abalos e 19,5 anos para Garcia.<\/li>\n<li>Santos Cerd\u00e1n, outro antigo dirigente socialista, tamb\u00e9m \u00e9 suspeito de irregularidades na adjudica\u00e7\u00e3o de contratos p\u00fablicos e abandonou o cargo de secret\u00e1rio da organiza\u00e7\u00e3o do partido.<\/li>\n<li>O caso aumenta a press\u00e3o sobre o Governo minorit\u00e1rio de S\u00e1nchez, que enfrenta controv\u00e9rsia pol\u00edtica e dificuldades na aprova\u00e7\u00e3o de legisla\u00e7\u00e3o.<\/li>\n<\/ul>\n","protected":false},"author":2,"featured_media":67382,"comment_status":"closed","ping_status":"closed","sticky":false,"template":"","format":"standard","meta":{"footnotes":""},"categories":[1,5],"tags":[1125,83,147,352,259,213],"class_list":["post-67380","post","type-post","status-publish","format-standard","has-post-thumbnail","hentry","category-noticias","category-politica","tag-contratos","tag-corrupcao","tag-crime","tag-organizacao-criminosa","tag-peculato","tag-trafico-de-influencias"],"yoast_head":"<!-- This site is optimized with the Yoast SEO plugin v27.2 - https:\/\/yoast.com\/product\/yoast-seo-wordpress\/ -->\n<title>Ex-ministro de S\u00e1nchez enfrenta julgamento por corrup\u00e7\u00e3o - Portal Tela Portugal<\/title>\n<meta name=\"robots\" content=\"index, follow, max-snippet:-1, max-image-preview:large, max-video-preview:-1\" \/>\n<meta property=\"og:locale\" content=\"pt_PT\" \/>\n<meta property=\"og:type\" content=\"article\" \/>\n<meta property=\"og:title\" content=\"Ex-ministro de S\u00e1nchez enfrenta julgamento por corrup\u00e7\u00e3o - Portal Tela Portugal\" \/>\n<meta property=\"og:description\" content=\"O Supremo Tribunal ordenou o julgamento de Jos\u00e9 Luis Abalos, antigo ministro dos Transportes e aliado de Pedro S\u00e1nchez. Abalos e o ex-conselheiro Koldo Garcia permanecem em pris\u00e3o preventiva, acusados de suborno, tr\u00e1fico de influ\u00eancias, peculato e participa\u00e7\u00e3o numa organiza\u00e7\u00e3o criminosa, relacionados com a adjudica\u00e7\u00e3o de contratos de equipamento sanit\u00e1rio na pandemia. Os procuradores pediram 24 anos de pris\u00e3o para Abalos e 19,5 anos para Garcia. Santos Cerd\u00e1n, outro antigo dirigente socialista, tamb\u00e9m \u00e9 suspeito de irregularidades na adjudica\u00e7\u00e3o de contratos p\u00fablicos e abandonou o cargo de secret\u00e1rio da organiza\u00e7\u00e3o do partido. O caso aumenta a press\u00e3o sobre o Governo minorit\u00e1rio de S\u00e1nchez, que enfrenta controv\u00e9rsia pol\u00edtica e dificuldades na aprova\u00e7\u00e3o de legisla\u00e7\u00e3o.\" \/>\n<meta property=\"og:url\" content=\"https:\/\/portaltela.pt\/noticias\/2025\/12\/10\/ex-ministro-de-sanchez-enfrenta-julgamento-por-corrupcao\/\" \/>\n<meta property=\"og:site_name\" content=\"Portal Tela Portugal\" \/>\n<meta property=\"article:published_time\" content=\"2025-12-11T00:00:00+00:00\" \/>\n<meta name=\"author\" content=\"Telinha\" \/>\n<meta name=\"twitter:card\" content=\"summary_large_image\" \/>\n<meta name=\"twitter:label1\" content=\"Escrito por\" \/>\n\t<meta name=\"twitter:data1\" content=\"Telinha\" \/>\n\t<meta name=\"twitter:label2\" content=\"Tempo estimado de leitura\" \/>\n\t<meta name=\"twitter:data2\" content=\"1 minuto\" \/>\n<script type=\"application\/ld+json\" class=\"yoast-schema-graph\">{\"@context\":\"https:\/\/schema.org\",\"@graph\":[{\"@type\":\"Article\",\"@id\":\"https:\/\/portaltela.pt\/noticias\/2025\/12\/10\/ex-ministro-de-sanchez-enfrenta-julgamento-por-corrupcao\/#article\",\"isPartOf\":{\"@id\":\"https:\/\/portaltela.pt\/noticias\/2025\/12\/10\/ex-ministro-de-sanchez-enfrenta-julgamento-por-corrupcao\/\"},\"author\":{\"name\":\"Telinha\",\"@id\":\"https:\/\/portaltela.pt\/#\/schema\/person\/c4278d4a6028830caff9ee44b42d32ed\"},\"headline\":\"Ex-ministro de S\u00e1nchez enfrenta julgamento por corrup\u00e7\u00e3o\",\"datePublished\":\"2025-12-11T00:00:00+00:00\",\"mainEntityOfPage\":{\"@id\":\"https:\/\/portaltela.pt\/noticias\/2025\/12\/10\/ex-ministro-de-sanchez-enfrenta-julgamento-por-corrupcao\/\"},\"wordCount\":272,\"image\":{\"@id\":\"https:\/\/portaltela.pt\/noticias\/2025\/12\/10\/ex-ministro-de-sanchez-enfrenta-julgamento-por-corrupcao\/#primaryimage\"},\"thumbnailUrl\":\"https:\/\/portaltela.pt\/s.01k8rhncp4jt1\/2025\/12\/image-328.jpg\",\"keywords\":[\"contratos\",\"corrup\u00e7\u00e3o\",\"crime\",\"organiza\u00e7\u00e3o criminosa\",\"peculato\",\"tr\u00e1fico de influ\u00eancias\"],\"articleSection\":[\"Not\u00edcias\",\"Pol\u00edtica\"],\"inLanguage\":\"pt-PT\"},{\"@type\":\"WebPage\",\"@id\":\"https:\/\/portaltela.pt\/noticias\/2025\/12\/10\/ex-ministro-de-sanchez-enfrenta-julgamento-por-corrupcao\/\",\"url\":\"https:\/\/portaltela.pt\/noticias\/2025\/12\/10\/ex-ministro-de-sanchez-enfrenta-julgamento-por-corrupcao\/\",\"name\":\"Ex-ministro de S\u00e1nchez enfrenta julgamento por corrup\u00e7\u00e3o - Portal Tela Portugal\",\"isPartOf\":{\"@id\":\"https:\/\/portaltela.pt\/#website\"},\"primaryImageOfPage\":{\"@id\":\"https:\/\/portaltela.pt\/noticias\/2025\/12\/10\/ex-ministro-de-sanchez-enfrenta-julgamento-por-corrupcao\/#primaryimage\"},\"image\":{\"@id\":\"https:\/\/portaltela.pt\/noticias\/2025\/12\/10\/ex-ministro-de-sanchez-enfrenta-julgamento-por-corrupcao\/#primaryimage\"},\"thumbnailUrl\":\"https:\/\/portaltela.pt\/s.01k8rhncp4jt1\/2025\/12\/image-328.jpg\",\"datePublished\":\"2025-12-11T00:00:00+00:00\",\"author\":{\"@id\":\"https:\/\/portaltela.pt\/#\/schema\/person\/c4278d4a6028830caff9ee44b42d32ed\"},\"breadcrumb\":{\"@id\":\"https:\/\/portaltela.pt\/noticias\/2025\/12\/10\/ex-ministro-de-sanchez-enfrenta-julgamento-por-corrupcao\/#breadcrumb\"},\"inLanguage\":\"pt-PT\",\"potentialAction\":[{\"@type\":\"ReadAction\",\"target\":[\"https:\/\/portaltela.pt\/noticias\/2025\/12\/10\/ex-ministro-de-sanchez-enfrenta-julgamento-por-corrupcao\/\"]}]},{\"@type\":\"ImageObject\",\"inLanguage\":\"pt-PT\",\"@id\":\"https:\/\/portaltela.pt\/noticias\/2025\/12\/10\/ex-ministro-de-sanchez-enfrenta-julgamento-por-corrupcao\/#primaryimage\",\"url\":\"https:\/\/portaltela.pt\/s.01k8rhncp4jt1\/2025\/12\/image-328.jpg\",\"contentUrl\":\"https:\/\/portaltela.pt\/s.01k8rhncp4jt1\/2025\/12\/image-328.jpg\",\"width\":796,\"height\":448,\"caption\":\"Jos\u00e9 Luis Abalos, ex-ministro dos Transportes\"},{\"@type\":\"BreadcrumbList\",\"@id\":\"https:\/\/portaltela.pt\/noticias\/2025\/12\/10\/ex-ministro-de-sanchez-enfrenta-julgamento-por-corrupcao\/#breadcrumb\",\"itemListElement\":[{\"@type\":\"ListItem\",\"position\":1,\"name\":\"In\u00edcio\",\"item\":\"https:\/\/portaltela.pt\/\"},{\"@type\":\"ListItem\",\"position\":2,\"name\":\"Ex-ministro de S\u00e1nchez enfrenta julgamento por corrup\u00e7\u00e3o\"}]},{\"@type\":\"WebSite\",\"@id\":\"https:\/\/portaltela.pt\/#website\",\"url\":\"https:\/\/portaltela.pt\/\",\"name\":\"Portal Tela Portugal\",\"description\":\"\",\"potentialAction\":[{\"@type\":\"SearchAction\",\"target\":{\"@type\":\"EntryPoint\",\"urlTemplate\":\"https:\/\/portaltela.pt\/?s={search_term_string}\"},\"query-input\":{\"@type\":\"PropertyValueSpecification\",\"valueRequired\":true,\"valueName\":\"search_term_string\"}}],\"inLanguage\":\"pt-PT\"},{\"@type\":\"Person\",\"@id\":\"https:\/\/portaltela.pt\/#\/schema\/person\/c4278d4a6028830caff9ee44b42d32ed\",\"name\":\"Telinha\",\"image\":{\"@type\":\"ImageObject\",\"inLanguage\":\"pt-PT\",\"@id\":\"https:\/\/portaltela.pt\/s.01k8rhncp4jt1\/2025\/11\/talking-bot-125x125.png\",\"url\":\"https:\/\/portaltela.pt\/s.01k8rhncp4jt1\/2025\/11\/talking-bot-125x125.png\",\"contentUrl\":\"https:\/\/portaltela.pt\/s.01k8rhncp4jt1\/2025\/11\/talking-bot-125x125.png\",\"caption\":\"Telinha\"},\"sameAs\":[\"https:\/\/portaltela.pt\/\"],\"url\":\"https:\/\/portaltela.pt\/por\/367410592786\/\"}]}<\/script>\n<!-- \/ Yoast SEO plugin. -->","yoast_head_json":{"title":"Ex-ministro de S\u00e1nchez enfrenta julgamento por corrup\u00e7\u00e3o - Portal Tela Portugal","robots":{"index":"index","follow":"follow","max-snippet":"max-snippet:-1","max-image-preview":"max-image-preview:large","max-video-preview":"max-video-preview:-1"},"og_locale":"pt_PT","og_type":"article","og_title":"Ex-ministro de S\u00e1nchez enfrenta julgamento por corrup\u00e7\u00e3o - Portal Tela Portugal","og_description":"O Supremo Tribunal ordenou o julgamento de Jos\u00e9 Luis Abalos, antigo ministro dos Transportes e aliado de Pedro S\u00e1nchez. Abalos e o ex-conselheiro Koldo Garcia permanecem em pris\u00e3o preventiva, acusados de suborno, tr\u00e1fico de influ\u00eancias, peculato e participa\u00e7\u00e3o numa organiza\u00e7\u00e3o criminosa, relacionados com a adjudica\u00e7\u00e3o de contratos de equipamento sanit\u00e1rio na pandemia. Os procuradores pediram 24 anos de pris\u00e3o para Abalos e 19,5 anos para Garcia. Santos Cerd\u00e1n, outro antigo dirigente socialista, tamb\u00e9m \u00e9 suspeito de irregularidades na adjudica\u00e7\u00e3o de contratos p\u00fablicos e abandonou o cargo de secret\u00e1rio da organiza\u00e7\u00e3o do partido. O caso aumenta a press\u00e3o sobre o Governo minorit\u00e1rio de S\u00e1nchez, que enfrenta controv\u00e9rsia pol\u00edtica e dificuldades na aprova\u00e7\u00e3o de legisla\u00e7\u00e3o.","og_url":"https:\/\/portaltela.pt\/noticias\/2025\/12\/10\/ex-ministro-de-sanchez-enfrenta-julgamento-por-corrupcao\/","og_site_name":"Portal Tela Portugal","article_published_time":"2025-12-11T00:00:00+00:00","author":"Telinha","twitter_card":"summary_large_image","twitter_misc":{"Escrito por":"Telinha","Tempo estimado de leitura":"1 minuto"},"schema":{"@context":"https:\/\/schema.org","@graph":[{"@type":"Article","@id":"https:\/\/portaltela.pt\/noticias\/2025\/12\/10\/ex-ministro-de-sanchez-enfrenta-julgamento-por-corrupcao\/#article","isPartOf":{"@id":"https:\/\/portaltela.pt\/noticias\/2025\/12\/10\/ex-ministro-de-sanchez-enfrenta-julgamento-por-corrupcao\/"},"author":{"name":"Telinha","@id":"https:\/\/portaltela.pt\/#\/schema\/person\/c4278d4a6028830caff9ee44b42d32ed"},"headline":"Ex-ministro de S\u00e1nchez enfrenta julgamento por corrup\u00e7\u00e3o","datePublished":"2025-12-11T00:00:00+00:00","mainEntityOfPage":{"@id":"https:\/\/portaltela.pt\/noticias\/2025\/12\/10\/ex-ministro-de-sanchez-enfrenta-julgamento-por-corrupcao\/"},"wordCount":272,"image":{"@id":"https:\/\/portaltela.pt\/noticias\/2025\/12\/10\/ex-ministro-de-sanchez-enfrenta-julgamento-por-corrupcao\/#primaryimage"},"thumbnailUrl":"https:\/\/portaltela.pt\/s.01k8rhncp4jt1\/2025\/12\/image-328.jpg","keywords":["contratos","corrup\u00e7\u00e3o","crime","organiza\u00e7\u00e3o criminosa","peculato","tr\u00e1fico de influ\u00eancias"],"articleSection":["Not\u00edcias","Pol\u00edtica"],"inLanguage":"pt-PT"},{"@type":"WebPage","@id":"https:\/\/portaltela.pt\/noticias\/2025\/12\/10\/ex-ministro-de-sanchez-enfrenta-julgamento-por-corrupcao\/","url":"https:\/\/portaltela.pt\/noticias\/2025\/12\/10\/ex-ministro-de-sanchez-enfrenta-julgamento-por-corrupcao\/","name":"Ex-ministro de S\u00e1nchez enfrenta julgamento por corrup\u00e7\u00e3o - Portal Tela Portugal","isPartOf":{"@id":"https:\/\/portaltela.pt\/#website"},"primaryImageOfPage":{"@id":"https:\/\/portaltela.pt\/noticias\/2025\/12\/10\/ex-ministro-de-sanchez-enfrenta-julgamento-por-corrupcao\/#primaryimage"},"image":{"@id":"https:\/\/portaltela.pt\/noticias\/2025\/12\/10\/ex-ministro-de-sanchez-enfrenta-julgamento-por-corrupcao\/#primaryimage"},"thumbnailUrl":"https:\/\/portaltela.pt\/s.01k8rhncp4jt1\/2025\/12\/image-328.jpg","datePublished":"2025-12-11T00:00:00+00:00","author":{"@id":"https:\/\/portaltela.pt\/#\/schema\/person\/c4278d4a6028830caff9ee44b42d32ed"},"breadcrumb":{"@id":"https:\/\/portaltela.pt\/noticias\/2025\/12\/10\/ex-ministro-de-sanchez-enfrenta-julgamento-por-corrupcao\/#breadcrumb"},"inLanguage":"pt-PT","potentialAction":[{"@type":"ReadAction","target":["https:\/\/portaltela.pt\/noticias\/2025\/12\/10\/ex-ministro-de-sanchez-enfrenta-julgamento-por-corrupcao\/"]}]},{"@type":"ImageObject","inLanguage":"pt-PT","@id":"https:\/\/portaltela.pt\/noticias\/2025\/12\/10\/ex-ministro-de-sanchez-enfrenta-julgamento-por-corrupcao\/#primaryimage","url":"https:\/\/portaltela.pt\/s.01k8rhncp4jt1\/2025\/12\/image-328.jpg","contentUrl":"https:\/\/portaltela.pt\/s.01k8rhncp4jt1\/2025\/12\/image-328.jpg","width":796,"height":448,"caption":"Jos\u00e9 Luis Abalos, ex-ministro dos Transportes"},{"@type":"BreadcrumbList","@id":"https:\/\/portaltela.pt\/noticias\/2025\/12\/10\/ex-ministro-de-sanchez-enfrenta-julgamento-por-corrupcao\/#breadcrumb","itemListElement":[{"@type":"ListItem","position":1,"name":"In\u00edcio","item":"https:\/\/portaltela.pt\/"},{"@type":"ListItem","position":2,"name":"Ex-ministro de S\u00e1nchez enfrenta julgamento por corrup\u00e7\u00e3o"}]},{"@type":"WebSite","@id":"https:\/\/portaltela.pt\/#website","url":"https:\/\/portaltela.pt\/","name":"Portal Tela Portugal","description":"","potentialAction":[{"@type":"SearchAction","target":{"@type":"EntryPoint","urlTemplate":"https:\/\/portaltela.pt\/?s={search_term_string}"},"query-input":{"@type":"PropertyValueSpecification","valueRequired":true,"valueName":"search_term_string"}}],"inLanguage":"pt-PT"},{"@type":"Person","@id":"https:\/\/portaltela.pt\/#\/schema\/person\/c4278d4a6028830caff9ee44b42d32ed","name":"Telinha","image":{"@type":"ImageObject","inLanguage":"pt-PT","@id":"https:\/\/portaltela.pt\/s.01k8rhncp4jt1\/2025\/11\/talking-bot-125x125.png","url":"https:\/\/portaltela.pt\/s.01k8rhncp4jt1\/2025\/11\/talking-bot-125x125.png","contentUrl":"https:\/\/portaltela.pt\/s.01k8rhncp4jt1\/2025\/11\/talking-bot-125x125.png","caption":"Telinha"},"sameAs":["https:\/\/portaltela.pt\/"],"url":"https:\/\/portaltela.pt\/por\/367410592786\/"}]}},"_links":{"self":[{"href":"https:\/\/portaltela.pt\/api\/wp\/v2\/posts\/67380","targetHints":{"allow":["GET"]}}],"collection":[{"href":"https:\/\/portaltela.pt\/api\/wp\/v2\/posts"}],"about":[{"href":"https:\/\/portaltela.pt\/api\/wp\/v2\/types\/post"}],"author":[{"embeddable":true,"href":"https:\/\/portaltela.pt\/api\/wp\/v2\/users\/2"}],"replies":[{"embeddable":true,"href":"https:\/\/portaltela.pt\/api\/wp\/v2\/comments?post=67380"}],"version-history":[{"count":0,"href":"https:\/\/portaltela.pt\/api\/wp\/v2\/posts\/67380\/revisions"}],"wp:featuredmedia":[{"embeddable":true,"href":"https:\/\/portaltela.pt\/api\/wp\/v2\/media\/67382"}],"wp:attachment":[{"href":"https:\/\/portaltela.pt\/api\/wp\/v2\/media?parent=67380"}],"wp:term":[{"taxonomy":"category","embeddable":true,"href":"https:\/\/portaltela.pt\/api\/wp\/v2\/categories?post=67380"},{"taxonomy":"post_tag","embeddable":true,"href":"https:\/\/portaltela.pt\/api\/wp\/v2\/tags?post=67380"}],"curies":[{"name":"wp","href":"https:\/\/api.w.org\/{rel}","templated":true}]}}