{"id":66992,"date":"2025-12-11T08:48:00","date_gmt":"2025-12-11T11:48:00","guid":{"rendered":"https:\/\/portaltela.pt\/noticias\/2025\/12\/11\/greve-geral-servicos-minimos-nos-transportes-da-margem-sul-definidos\/"},"modified":"2025-12-11T08:48:00","modified_gmt":"2025-12-11T11:48:00","slug":"greve-geral-servicos-minimos-nos-transportes-da-margem-sul-definidos","status":"publish","type":"post","link":"https:\/\/portaltela.pt\/noticias\/2025\/12\/11\/greve-geral-servicos-minimos-nos-transportes-da-margem-sul-definidos\/","title":{"rendered":"Greve geral: servi\u00e7os m\u00ednimos nos transportes da Margem Sul definidos"},"content":{"rendered":"<p>A CGTP e a UGT convocaram uma greve geral para sexta-feira, 11 de dezembro, contra o anteprojeto de lei da reforma da legisla\u00e7\u00e3o laboral apresentado pelo Governo PSD\/CDS-PP. A participa\u00e7\u00e3o conjunta marca a maior paralisa\u00e7\u00e3o desde 2013, quando Portugal enfrentava a interven\u00e7\u00e3o da Troika.<\/p>\n<p>A greve afeta significativamente o setor dos transportes urbanos. As altera\u00e7\u00f5es previstas respondem \u00e0 contesta\u00e7\u00e3o de diversas \u00e1reas laborais e repercutem-se na mobilidade de passageiros na Margem Sul. O objetivo dos sindicatos \u00e9 pressionar o Governo para recuar no projeto.<\/p>\n<p>Fertagus: a liga\u00e7\u00e3o entre Set\u00fabal e Lisboa, conhecida como o comboio da ponte 25 de Abril, ter\u00e1 servi\u00e7os m\u00ednimos de 25%, para assegurar as obriga\u00e7\u00f5es legais de servi\u00e7o essencial. A medida visa manter a continuidade de atividades cr\u00edticas durante a greve.<\/p>\n<p>Transtejo\/Soflusa: a travessia do Tejo entre Lisboa e o distrito de Set\u00fabal funcionar\u00e1 com 25% das carreiras, das 18h30 \u00e0s 20h. Os trabalhadores e sindicatos garantem manuten\u00e7\u00e3o do equipamento, com foco em seguran\u00e7a, socorro e opera\u00e7\u00f5es de terminal.<\/p>\n<p>Carris Metropolitana: apesar de n\u00e3o ter sido emitido comunicado espec\u00edfico, o site da operadora indica servi\u00e7os suspensos para v\u00e1rias liga\u00e7\u00f5es com os c\u00f3digos 4602, 4600, 4705, 4708, 4730, 4715 e 4701. A Carris Metropolitana gere liga\u00e7\u00f5es interurbanas na regi\u00e3o de Lisboa, sob a gest\u00e3o da AML.<\/p>\n","protected":false},"excerpt":{"rendered":"<ul>\n<li>CGTP e UGT convocam greve geral para 11 de dezembro, contra o anteprojeto de lei da reforma laboral do Governo PSD\/CDS-PP, a maior desde 2013.<\/li>\n<li>O setor dos transportes urbanos \u00e9 dos mais afetados; algumas empresas mant\u00eam servi\u00e7os m\u00ednimos para assegurar fun\u00e7\u00f5es essenciais.<\/li>\n<li>Fertagus (Set\u00fabal\u2013Lisboa) decretou 25% de servi\u00e7os m\u00ednimos, visando a continuidade de atividades essenciais.<\/li>\n<li>Transtejo\/Soflusa (Tejo) opera com 25% das carreiras entre as 18h30 e as 20h, garantindo servi\u00e7os m\u00ednimos de seguran\u00e7a e emerg\u00eancia.<\/li>\n<li>Carris Metropolitana indica, no site, servi\u00e7os suspensos com os c\u00f3digos 4602, 4600, 4705, 4708, 4730, 4715 e 4701, embora n\u00e3o tenha comunicado formal sobre m\u00ednimos.<\/li>\n<\/ul>\n","protected":false},"author":2,"featured_media":66994,"comment_status":"closed","ping_status":"closed","sticky":false,"template":"","format":"standard","meta":{"footnotes":""},"categories":[1],"tags":[798,1164,981,202,994,363],"class_list":["post-66992","post","type-post","status-publish","format-standard","has-post-thumbnail","hentry","category-noticias","tag-carris-metropolitana","tag-greve","tag-lisboa","tag-mobilidade-urbana-e-cidades-inteligentes","tag-setubal","tag-transportes"],"yoast_head":"<!-- This site is optimized with the Yoast SEO plugin v27.2 - https:\/\/yoast.com\/product\/yoast-seo-wordpress\/ -->\n<title>Greve geral: servi\u00e7os m\u00ednimos nos transportes da Margem Sul definidos - Portal Tela Portugal<\/title>\n<meta name=\"robots\" content=\"index, follow, max-snippet:-1, max-image-preview:large, max-video-preview:-1\" \/>\n<meta property=\"og:locale\" content=\"pt_PT\" \/>\n<meta property=\"og:type\" content=\"article\" \/>\n<meta property=\"og:title\" content=\"Greve geral: servi\u00e7os m\u00ednimos nos transportes da Margem Sul definidos - Portal Tela Portugal\" \/>\n<meta property=\"og:description\" content=\"CGTP e UGT convocam greve geral para 11 de dezembro, contra o anteprojeto de lei da reforma laboral do Governo PSD\/CDS-PP, a maior desde 2013. O setor dos transportes urbanos \u00e9 dos mais afetados; algumas empresas mant\u00eam servi\u00e7os m\u00ednimos para assegurar fun\u00e7\u00f5es essenciais. Fertagus (Set\u00fabal\u2013Lisboa) decretou 25% de servi\u00e7os m\u00ednimos, visando a continuidade de atividades essenciais. Transtejo\/Soflusa (Tejo) opera com 25% das carreiras entre as 18h30 e as 20h, garantindo servi\u00e7os m\u00ednimos de seguran\u00e7a e emerg\u00eancia. Carris Metropolitana indica, no site, servi\u00e7os suspensos com os c\u00f3digos 4602, 4600, 4705, 4708, 4730, 4715 e 4701, embora n\u00e3o tenha comunicado formal sobre m\u00ednimos.\" \/>\n<meta property=\"og:url\" content=\"https:\/\/portaltela.pt\/noticias\/2025\/12\/11\/greve-geral-servicos-minimos-nos-transportes-da-margem-sul-definidos\/\" \/>\n<meta property=\"og:site_name\" content=\"Portal Tela Portugal\" \/>\n<meta property=\"article:published_time\" content=\"2025-12-11T11:48:00+00:00\" \/>\n<meta name=\"author\" content=\"Telinha\" \/>\n<meta name=\"twitter:card\" content=\"summary_large_image\" \/>\n<meta name=\"twitter:label1\" content=\"Escrito por\" \/>\n\t<meta name=\"twitter:data1\" content=\"Telinha\" \/>\n\t<meta name=\"twitter:label2\" content=\"Tempo estimado de leitura\" \/>\n\t<meta name=\"twitter:data2\" content=\"1 minuto\" \/>\n<script type=\"application\/ld+json\" class=\"yoast-schema-graph\">{\"@context\":\"https:\/\/schema.org\",\"@graph\":[{\"@type\":\"Article\",\"@id\":\"https:\/\/portaltela.pt\/noticias\/2025\/12\/11\/greve-geral-servicos-minimos-nos-transportes-da-margem-sul-definidos\/#article\",\"isPartOf\":{\"@id\":\"https:\/\/portaltela.pt\/noticias\/2025\/12\/11\/greve-geral-servicos-minimos-nos-transportes-da-margem-sul-definidos\/\"},\"author\":{\"name\":\"Telinha\",\"@id\":\"https:\/\/portaltela.pt\/#\/schema\/person\/c4278d4a6028830caff9ee44b42d32ed\"},\"headline\":\"Greve geral: servi\u00e7os m\u00ednimos nos transportes da Margem Sul definidos\",\"datePublished\":\"2025-12-11T11:48:00+00:00\",\"mainEntityOfPage\":{\"@id\":\"https:\/\/portaltela.pt\/noticias\/2025\/12\/11\/greve-geral-servicos-minimos-nos-transportes-da-margem-sul-definidos\/\"},\"wordCount\":235,\"image\":{\"@id\":\"https:\/\/portaltela.pt\/noticias\/2025\/12\/11\/greve-geral-servicos-minimos-nos-transportes-da-margem-sul-definidos\/#primaryimage\"},\"thumbnailUrl\":\"https:\/\/portaltela.pt\/s.01k8rhncp4jt1\/2025\/12\/greve-geral.jpg\",\"keywords\":[\"Carris Metropolitana\",\"greve\",\"Lisboa\",\"Mobilidade Urbana e Cidades Inteligentes\",\"Set\u00fabal\",\"transportes\"],\"articleSection\":[\"Not\u00edcias\"],\"inLanguage\":\"pt-PT\"},{\"@type\":\"WebPage\",\"@id\":\"https:\/\/portaltela.pt\/noticias\/2025\/12\/11\/greve-geral-servicos-minimos-nos-transportes-da-margem-sul-definidos\/\",\"url\":\"https:\/\/portaltela.pt\/noticias\/2025\/12\/11\/greve-geral-servicos-minimos-nos-transportes-da-margem-sul-definidos\/\",\"name\":\"Greve geral: servi\u00e7os m\u00ednimos nos transportes da Margem Sul definidos - Portal Tela Portugal\",\"isPartOf\":{\"@id\":\"https:\/\/portaltela.pt\/#website\"},\"primaryImageOfPage\":{\"@id\":\"https:\/\/portaltela.pt\/noticias\/2025\/12\/11\/greve-geral-servicos-minimos-nos-transportes-da-margem-sul-definidos\/#primaryimage\"},\"image\":{\"@id\":\"https:\/\/portaltela.pt\/noticias\/2025\/12\/11\/greve-geral-servicos-minimos-nos-transportes-da-margem-sul-definidos\/#primaryimage\"},\"thumbnailUrl\":\"https:\/\/portaltela.pt\/s.01k8rhncp4jt1\/2025\/12\/greve-geral.jpg\",\"datePublished\":\"2025-12-11T11:48:00+00:00\",\"author\":{\"@id\":\"https:\/\/portaltela.pt\/#\/schema\/person\/c4278d4a6028830caff9ee44b42d32ed\"},\"breadcrumb\":{\"@id\":\"https:\/\/portaltela.pt\/noticias\/2025\/12\/11\/greve-geral-servicos-minimos-nos-transportes-da-margem-sul-definidos\/#breadcrumb\"},\"inLanguage\":\"pt-PT\",\"potentialAction\":[{\"@type\":\"ReadAction\",\"target\":[\"https:\/\/portaltela.pt\/noticias\/2025\/12\/11\/greve-geral-servicos-minimos-nos-transportes-da-margem-sul-definidos\/\"]}]},{\"@type\":\"ImageObject\",\"inLanguage\":\"pt-PT\",\"@id\":\"https:\/\/portaltela.pt\/noticias\/2025\/12\/11\/greve-geral-servicos-minimos-nos-transportes-da-margem-sul-definidos\/#primaryimage\",\"url\":\"https:\/\/portaltela.pt\/s.01k8rhncp4jt1\/2025\/12\/greve-geral.jpg\",\"contentUrl\":\"https:\/\/portaltela.pt\/s.01k8rhncp4jt1\/2025\/12\/greve-geral.jpg\",\"width\":796,\"height\":448,\"caption\":\"Margem Sul\"},{\"@type\":\"BreadcrumbList\",\"@id\":\"https:\/\/portaltela.pt\/noticias\/2025\/12\/11\/greve-geral-servicos-minimos-nos-transportes-da-margem-sul-definidos\/#breadcrumb\",\"itemListElement\":[{\"@type\":\"ListItem\",\"position\":1,\"name\":\"In\u00edcio\",\"item\":\"https:\/\/portaltela.pt\/\"},{\"@type\":\"ListItem\",\"position\":2,\"name\":\"Greve geral: servi\u00e7os m\u00ednimos nos transportes da Margem Sul definidos\"}]},{\"@type\":\"WebSite\",\"@id\":\"https:\/\/portaltela.pt\/#website\",\"url\":\"https:\/\/portaltela.pt\/\",\"name\":\"Portal Tela Portugal\",\"description\":\"\",\"potentialAction\":[{\"@type\":\"SearchAction\",\"target\":{\"@type\":\"EntryPoint\",\"urlTemplate\":\"https:\/\/portaltela.pt\/?s={search_term_string}\"},\"query-input\":{\"@type\":\"PropertyValueSpecification\",\"valueRequired\":true,\"valueName\":\"search_term_string\"}}],\"inLanguage\":\"pt-PT\"},{\"@type\":\"Person\",\"@id\":\"https:\/\/portaltela.pt\/#\/schema\/person\/c4278d4a6028830caff9ee44b42d32ed\",\"name\":\"Telinha\",\"image\":{\"@type\":\"ImageObject\",\"inLanguage\":\"pt-PT\",\"@id\":\"https:\/\/portaltela.pt\/s.01k8rhncp4jt1\/2025\/11\/talking-bot-125x125.png\",\"url\":\"https:\/\/portaltela.pt\/s.01k8rhncp4jt1\/2025\/11\/talking-bot-125x125.png\",\"contentUrl\":\"https:\/\/portaltela.pt\/s.01k8rhncp4jt1\/2025\/11\/talking-bot-125x125.png\",\"caption\":\"Telinha\"},\"sameAs\":[\"https:\/\/portaltela.pt\/\"],\"url\":\"https:\/\/portaltela.pt\/por\/367410592786\/\"}]}<\/script>\n<!-- \/ Yoast SEO plugin. -->","yoast_head_json":{"title":"Greve geral: servi\u00e7os m\u00ednimos nos transportes da Margem Sul definidos - Portal Tela Portugal","robots":{"index":"index","follow":"follow","max-snippet":"max-snippet:-1","max-image-preview":"max-image-preview:large","max-video-preview":"max-video-preview:-1"},"og_locale":"pt_PT","og_type":"article","og_title":"Greve geral: servi\u00e7os m\u00ednimos nos transportes da Margem Sul definidos - Portal Tela Portugal","og_description":"CGTP e UGT convocam greve geral para 11 de dezembro, contra o anteprojeto de lei da reforma laboral do Governo PSD\/CDS-PP, a maior desde 2013. O setor dos transportes urbanos \u00e9 dos mais afetados; algumas empresas mant\u00eam servi\u00e7os m\u00ednimos para assegurar fun\u00e7\u00f5es essenciais. Fertagus (Set\u00fabal\u2013Lisboa) decretou 25% de servi\u00e7os m\u00ednimos, visando a continuidade de atividades essenciais. Transtejo\/Soflusa (Tejo) opera com 25% das carreiras entre as 18h30 e as 20h, garantindo servi\u00e7os m\u00ednimos de seguran\u00e7a e emerg\u00eancia. Carris Metropolitana indica, no site, servi\u00e7os suspensos com os c\u00f3digos 4602, 4600, 4705, 4708, 4730, 4715 e 4701, embora n\u00e3o tenha comunicado formal sobre m\u00ednimos.","og_url":"https:\/\/portaltela.pt\/noticias\/2025\/12\/11\/greve-geral-servicos-minimos-nos-transportes-da-margem-sul-definidos\/","og_site_name":"Portal Tela Portugal","article_published_time":"2025-12-11T11:48:00+00:00","author":"Telinha","twitter_card":"summary_large_image","twitter_misc":{"Escrito por":"Telinha","Tempo estimado de leitura":"1 minuto"},"schema":{"@context":"https:\/\/schema.org","@graph":[{"@type":"Article","@id":"https:\/\/portaltela.pt\/noticias\/2025\/12\/11\/greve-geral-servicos-minimos-nos-transportes-da-margem-sul-definidos\/#article","isPartOf":{"@id":"https:\/\/portaltela.pt\/noticias\/2025\/12\/11\/greve-geral-servicos-minimos-nos-transportes-da-margem-sul-definidos\/"},"author":{"name":"Telinha","@id":"https:\/\/portaltela.pt\/#\/schema\/person\/c4278d4a6028830caff9ee44b42d32ed"},"headline":"Greve geral: servi\u00e7os m\u00ednimos nos transportes da Margem Sul definidos","datePublished":"2025-12-11T11:48:00+00:00","mainEntityOfPage":{"@id":"https:\/\/portaltela.pt\/noticias\/2025\/12\/11\/greve-geral-servicos-minimos-nos-transportes-da-margem-sul-definidos\/"},"wordCount":235,"image":{"@id":"https:\/\/portaltela.pt\/noticias\/2025\/12\/11\/greve-geral-servicos-minimos-nos-transportes-da-margem-sul-definidos\/#primaryimage"},"thumbnailUrl":"https:\/\/portaltela.pt\/s.01k8rhncp4jt1\/2025\/12\/greve-geral.jpg","keywords":["Carris Metropolitana","greve","Lisboa","Mobilidade Urbana e Cidades Inteligentes","Set\u00fabal","transportes"],"articleSection":["Not\u00edcias"],"inLanguage":"pt-PT"},{"@type":"WebPage","@id":"https:\/\/portaltela.pt\/noticias\/2025\/12\/11\/greve-geral-servicos-minimos-nos-transportes-da-margem-sul-definidos\/","url":"https:\/\/portaltela.pt\/noticias\/2025\/12\/11\/greve-geral-servicos-minimos-nos-transportes-da-margem-sul-definidos\/","name":"Greve geral: servi\u00e7os m\u00ednimos nos transportes da Margem Sul definidos - Portal Tela Portugal","isPartOf":{"@id":"https:\/\/portaltela.pt\/#website"},"primaryImageOfPage":{"@id":"https:\/\/portaltela.pt\/noticias\/2025\/12\/11\/greve-geral-servicos-minimos-nos-transportes-da-margem-sul-definidos\/#primaryimage"},"image":{"@id":"https:\/\/portaltela.pt\/noticias\/2025\/12\/11\/greve-geral-servicos-minimos-nos-transportes-da-margem-sul-definidos\/#primaryimage"},"thumbnailUrl":"https:\/\/portaltela.pt\/s.01k8rhncp4jt1\/2025\/12\/greve-geral.jpg","datePublished":"2025-12-11T11:48:00+00:00","author":{"@id":"https:\/\/portaltela.pt\/#\/schema\/person\/c4278d4a6028830caff9ee44b42d32ed"},"breadcrumb":{"@id":"https:\/\/portaltela.pt\/noticias\/2025\/12\/11\/greve-geral-servicos-minimos-nos-transportes-da-margem-sul-definidos\/#breadcrumb"},"inLanguage":"pt-PT","potentialAction":[{"@type":"ReadAction","target":["https:\/\/portaltela.pt\/noticias\/2025\/12\/11\/greve-geral-servicos-minimos-nos-transportes-da-margem-sul-definidos\/"]}]},{"@type":"ImageObject","inLanguage":"pt-PT","@id":"https:\/\/portaltela.pt\/noticias\/2025\/12\/11\/greve-geral-servicos-minimos-nos-transportes-da-margem-sul-definidos\/#primaryimage","url":"https:\/\/portaltela.pt\/s.01k8rhncp4jt1\/2025\/12\/greve-geral.jpg","contentUrl":"https:\/\/portaltela.pt\/s.01k8rhncp4jt1\/2025\/12\/greve-geral.jpg","width":796,"height":448,"caption":"Margem Sul"},{"@type":"BreadcrumbList","@id":"https:\/\/portaltela.pt\/noticias\/2025\/12\/11\/greve-geral-servicos-minimos-nos-transportes-da-margem-sul-definidos\/#breadcrumb","itemListElement":[{"@type":"ListItem","position":1,"name":"In\u00edcio","item":"https:\/\/portaltela.pt\/"},{"@type":"ListItem","position":2,"name":"Greve geral: servi\u00e7os m\u00ednimos nos transportes da Margem Sul definidos"}]},{"@type":"WebSite","@id":"https:\/\/portaltela.pt\/#website","url":"https:\/\/portaltela.pt\/","name":"Portal Tela Portugal","description":"","potentialAction":[{"@type":"SearchAction","target":{"@type":"EntryPoint","urlTemplate":"https:\/\/portaltela.pt\/?s={search_term_string}"},"query-input":{"@type":"PropertyValueSpecification","valueRequired":true,"valueName":"search_term_string"}}],"inLanguage":"pt-PT"},{"@type":"Person","@id":"https:\/\/portaltela.pt\/#\/schema\/person\/c4278d4a6028830caff9ee44b42d32ed","name":"Telinha","image":{"@type":"ImageObject","inLanguage":"pt-PT","@id":"https:\/\/portaltela.pt\/s.01k8rhncp4jt1\/2025\/11\/talking-bot-125x125.png","url":"https:\/\/portaltela.pt\/s.01k8rhncp4jt1\/2025\/11\/talking-bot-125x125.png","contentUrl":"https:\/\/portaltela.pt\/s.01k8rhncp4jt1\/2025\/11\/talking-bot-125x125.png","caption":"Telinha"},"sameAs":["https:\/\/portaltela.pt\/"],"url":"https:\/\/portaltela.pt\/por\/367410592786\/"}]}},"_links":{"self":[{"href":"https:\/\/portaltela.pt\/api\/wp\/v2\/posts\/66992","targetHints":{"allow":["GET"]}}],"collection":[{"href":"https:\/\/portaltela.pt\/api\/wp\/v2\/posts"}],"about":[{"href":"https:\/\/portaltela.pt\/api\/wp\/v2\/types\/post"}],"author":[{"embeddable":true,"href":"https:\/\/portaltela.pt\/api\/wp\/v2\/users\/2"}],"replies":[{"embeddable":true,"href":"https:\/\/portaltela.pt\/api\/wp\/v2\/comments?post=66992"}],"version-history":[{"count":0,"href":"https:\/\/portaltela.pt\/api\/wp\/v2\/posts\/66992\/revisions"}],"wp:featuredmedia":[{"embeddable":true,"href":"https:\/\/portaltela.pt\/api\/wp\/v2\/media\/66994"}],"wp:attachment":[{"href":"https:\/\/portaltela.pt\/api\/wp\/v2\/media?parent=66992"}],"wp:term":[{"taxonomy":"category","embeddable":true,"href":"https:\/\/portaltela.pt\/api\/wp\/v2\/categories?post=66992"},{"taxonomy":"post_tag","embeddable":true,"href":"https:\/\/portaltela.pt\/api\/wp\/v2\/tags?post=66992"}],"curies":[{"name":"wp","href":"https:\/\/api.w.org\/{rel}","templated":true}]}}