{"id":66646,"date":"2025-12-11T06:01:00","date_gmt":"2025-12-11T09:01:00","guid":{"rendered":"https:\/\/portaltela.pt\/noticias\/2025\/12\/11\/desmantelada-rede-transnacional-de-branqueamento-e-evasao-fiscal\/"},"modified":"2025-12-11T06:01:00","modified_gmt":"2025-12-11T09:01:00","slug":"desmantelada-rede-transnacional-de-branqueamento-e-evasao-fiscal","status":"publish","type":"post","link":"https:\/\/portaltela.pt\/noticias\/2025\/12\/11\/desmantelada-rede-transnacional-de-branqueamento-e-evasao-fiscal\/","title":{"rendered":"Desmantelada rede transnacional de branqueamento e evas\u00e3o fiscal"},"content":{"rendered":"<p>A Pol\u00edcia Judici\u00e1ria, atrav\u00e9s da Diretoria do Norte, desencadeou no dia 10 de dezembro uma opera\u00e7\u00e3o com 67 mandados de busca, dirigidos \u00e0 presum\u00edvel pr\u00e1tica de crimes de associa\u00e7\u00e3o criminosa, branqueamento, fraude fiscal e falsifica\u00e7\u00e3o de documentos. A a\u00e7\u00e3o envolve uma organiza\u00e7\u00e3o de car\u00e1ter transnacional, liderada por cidad\u00e3os nacionais e estrangeiros.<\/p>\n<p>As buscas decorreram em Espinho, Paredes, P\u00f3voa de Varzim, Porto, Valongo, Vila do Conde, Vila Franca de Xira e Vila Nova de Gaia. No total, foram constitu\u00eddos 45 arguidos e detidos sete suspeitos. As dilig\u00eancias abrangem im\u00f3veis, viaturas, contas banc\u00e1rias e documenta\u00e7\u00e3o relacionada com o alegado esquema.<\/p>\n<h3>Contexto e opera\u00e7\u00f5es financeiras<\/h3>\n<p>A investiga\u00e7\u00e3o aponta para a utiliza\u00e7\u00e3o do sistema banc\u00e1rio nacional para sustentar o branqueamento, com a cria\u00e7\u00e3o sucessiva de sociedades e contas em nome das mesmas entidades, permitindo o fluxo de valores decorrentes de atividades il\u00edcitas via Trade Based Money Laundering. Parte dos lucros, origin\u00e1rios de atividades criminosas, era transferida para contas em pa\u00edses europeus terceiros.<\/p>\n<p>Entre os n\u00fameros apurados nos \u00faltimos 24 meses, a investiga\u00e7\u00e3o identifica dep\u00f3sitos em numer\u00e1rio superiores a 141 milh\u00f5es de euros, com um total movimentado atrav\u00e9s de contas ve\u00edculo de 209 milh\u00f5es. Al\u00e9m dos ativos financeiros, foram apreendidos seis im\u00f3veis urbanos, nove viaturas de alta margem, 74 contas banc\u00e1rias nacionais e saldo de contas em 11 pa\u00edses europeus, num total de 67 contas.<\/p>\n<h3>Apreens\u00f5es e andamento processual<\/h3>\n<p>A opera\u00e7\u00e3o permitiu ainda a apreens\u00e3o de cerca de 300 mil euros em numer\u00e1rio, bem como documenta\u00e7\u00e3o, material inform\u00e1tico, cart\u00f5es banc\u00e1rios e de telecomunica\u00e7\u00f5es, documenta\u00e7\u00e3o falsa e armas de fogo. O Gabinete de Recupera\u00e7\u00e3o de Ativos da PJ\/Norte supervisionou as medidas de arresto, com coopera\u00e7\u00e3o de elementos das unidades de Braga e de Vila Real, e apoio da Autoridade de Seguran\u00e7a Alimentar e Econ\u00f3mica.<\/p>\n<p>A atua\u00e7\u00e3o envolveu cerca de 170 agentes, sob supervis\u00e3o de duas magistradas do Minist\u00e9rio P\u00fablico do DIAP Regional do Porto. Os detidos ser\u00e3o presentes ao Tribunal de Instru\u00e7\u00e3o Criminal do Porto para primeiro interrogat\u00f3rio judicial e aplica\u00e7\u00e3o de medidas de coa\u00e7\u00e3o. O inqu\u00e9rito est\u00e1 a cargo do DIAP Regional do Porto.<\/p>\n","protected":false},"excerpt":{"rendered":"<ul>\n<li>Em dezoito de dezembro, a Pol\u00edcia Judici\u00e1ria realizou uma opera\u00e7\u00e3o com sessenta e sete mandados de busca, relativos a crimes de associa\u00e7\u00e3o criminosa, branqueamento, fraude fiscal e falsifica\u00e7\u00e3o de documentos, liderada por uma organiza\u00e7\u00e3o transnacional.<\/li>\n<li>Foram constitu\u00eddos quarenta e cinco arguidos e sete suspeitos foram detidos, ap\u00f3s a\u00e7\u00f5es em v\u00e1rios concelhos, incluindo Espinho, Paredes, P\u00f3voa de Varzim, Porto, Valongo, Vila do Conde, Vila Franca de Xira e Vila Nova de Gaia.<\/li>\n<li>A organiza\u00e7\u00e3o utilizava o sistema banc\u00e1rio nacional para sustentar o branqueamento, criando sucessivas sociedades e contas sob gest\u00e3o de v\u00e1rios indiv\u00edduos, com opera\u00e7\u00f5es de com\u00e9rcio internacional para ocultar lucros il\u00edcitos (Trade Based Money Laundering).<\/li>\n<li>Entre os montantes apurados, destacam-se dep\u00f3sitos em numer\u00e1rio superiores a cento e quarenta e um milh\u00f5es de euros, com movimento total de duzentos e nove milh\u00f5es de euros atrav\u00e9s de contas ve\u00edculo.<\/li>\n<li>Foi efetuada a apreens\u00e3o de seis im\u00f3veis urbanos, nove viaturas de alta gama, setenta e quatro contas banc\u00e1rias nacionais e saldos em contas domiciliadas em onze pa\u00edses europeus, al\u00e9m de cerca de trezentos mil euros em numer\u00e1rio; o processo \u00e9 dirigido pelo DIAP Regional do Porto.<\/li>\n<\/ul>\n","protected":false},"author":2,"featured_media":66653,"comment_status":"closed","ping_status":"closed","sticky":false,"template":"","format":"standard","meta":{"footnotes":""},"categories":[1],"tags":[868,191,95,215,217,352],"class_list":["post-66646","post","type-post","status-publish","format-standard","has-post-thumbnail","hentry","category-noticias","tag-atividades-bancarias-ilicitas","tag-branqueamento-de-capitais","tag-fraude-fiscal","tag-investigacao","tag-investigacao-criminal","tag-organizacao-criminosa"],"yoast_head":"<!-- This site is optimized with the Yoast SEO plugin v27.2 - https:\/\/yoast.com\/product\/yoast-seo-wordpress\/ -->\n<title>Desmantelada rede transnacional de branqueamento e evas\u00e3o fiscal - Portal Tela Portugal<\/title>\n<meta name=\"robots\" content=\"index, follow, max-snippet:-1, max-image-preview:large, max-video-preview:-1\" \/>\n<meta property=\"og:locale\" content=\"pt_PT\" \/>\n<meta property=\"og:type\" content=\"article\" \/>\n<meta property=\"og:title\" content=\"Desmantelada rede transnacional de branqueamento e evas\u00e3o fiscal - Portal Tela Portugal\" \/>\n<meta property=\"og:description\" content=\"Em dezoito de dezembro, a Pol\u00edcia Judici\u00e1ria realizou uma opera\u00e7\u00e3o com sessenta e sete mandados de busca, relativos a crimes de associa\u00e7\u00e3o criminosa, branqueamento, fraude fiscal e falsifica\u00e7\u00e3o de documentos, liderada por uma organiza\u00e7\u00e3o transnacional. Foram constitu\u00eddos quarenta e cinco arguidos e sete suspeitos foram detidos, ap\u00f3s a\u00e7\u00f5es em v\u00e1rios concelhos, incluindo Espinho, Paredes, P\u00f3voa de Varzim, Porto, Valongo, Vila do Conde, Vila Franca de Xira e Vila Nova de Gaia. A organiza\u00e7\u00e3o utilizava o sistema banc\u00e1rio nacional para sustentar o branqueamento, criando sucessivas sociedades e contas sob gest\u00e3o de v\u00e1rios indiv\u00edduos, com opera\u00e7\u00f5es de com\u00e9rcio internacional para ocultar lucros il\u00edcitos (Trade Based Money Laundering). Entre os montantes apurados, destacam-se dep\u00f3sitos em numer\u00e1rio superiores a cento e quarenta e um milh\u00f5es de euros, com movimento total de duzentos e nove milh\u00f5es de euros atrav\u00e9s de contas ve\u00edculo. Foi efetuada a apreens\u00e3o de seis im\u00f3veis urbanos, nove viaturas de alta gama, setenta e quatro contas banc\u00e1rias nacionais e saldos em contas domiciliadas em onze pa\u00edses europeus, al\u00e9m de cerca de trezentos mil euros em numer\u00e1rio; o processo \u00e9 dirigido pelo DIAP Regional do Porto.\" \/>\n<meta property=\"og:url\" content=\"https:\/\/portaltela.pt\/noticias\/2025\/12\/11\/desmantelada-rede-transnacional-de-branqueamento-e-evasao-fiscal\/\" \/>\n<meta property=\"og:site_name\" content=\"Portal Tela Portugal\" \/>\n<meta property=\"article:published_time\" content=\"2025-12-11T09:01:00+00:00\" \/>\n<meta name=\"author\" content=\"Telinha\" \/>\n<meta name=\"twitter:card\" content=\"summary_large_image\" \/>\n<meta name=\"twitter:label1\" content=\"Escrito por\" \/>\n\t<meta name=\"twitter:data1\" content=\"Telinha\" \/>\n\t<meta name=\"twitter:label2\" content=\"Tempo estimado de leitura\" \/>\n\t<meta name=\"twitter:data2\" content=\"2 minutos\" \/>\n<script type=\"application\/ld+json\" class=\"yoast-schema-graph\">{\"@context\":\"https:\/\/schema.org\",\"@graph\":[{\"@type\":\"Article\",\"@id\":\"https:\/\/portaltela.pt\/noticias\/2025\/12\/11\/desmantelada-rede-transnacional-de-branqueamento-e-evasao-fiscal\/#article\",\"isPartOf\":{\"@id\":\"https:\/\/portaltela.pt\/noticias\/2025\/12\/11\/desmantelada-rede-transnacional-de-branqueamento-e-evasao-fiscal\/\"},\"author\":{\"name\":\"Telinha\",\"@id\":\"https:\/\/portaltela.pt\/#\/schema\/person\/c4278d4a6028830caff9ee44b42d32ed\"},\"headline\":\"Desmantelada rede transnacional de branqueamento e evas\u00e3o fiscal\",\"datePublished\":\"2025-12-11T09:01:00+00:00\",\"mainEntityOfPage\":{\"@id\":\"https:\/\/portaltela.pt\/noticias\/2025\/12\/11\/desmantelada-rede-transnacional-de-branqueamento-e-evasao-fiscal\/\"},\"wordCount\":399,\"image\":{\"@id\":\"https:\/\/portaltela.pt\/noticias\/2025\/12\/11\/desmantelada-rede-transnacional-de-branqueamento-e-evasao-fiscal\/#primaryimage\"},\"thumbnailUrl\":\"https:\/\/portaltela.pt\/s.01k8rhncp4jt1\/2025\/12\/diap1-1.jpg\",\"keywords\":[\"atividades banc\u00e1rias il\u00edcitas\",\"branqueamento de capitais\",\"fraude fiscal\",\"investiga\u00e7\u00e3o\",\"investiga\u00e7\u00e3o criminal\",\"organiza\u00e7\u00e3o criminosa\"],\"articleSection\":[\"Not\u00edcias\"],\"inLanguage\":\"pt-PT\"},{\"@type\":\"WebPage\",\"@id\":\"https:\/\/portaltela.pt\/noticias\/2025\/12\/11\/desmantelada-rede-transnacional-de-branqueamento-e-evasao-fiscal\/\",\"url\":\"https:\/\/portaltela.pt\/noticias\/2025\/12\/11\/desmantelada-rede-transnacional-de-branqueamento-e-evasao-fiscal\/\",\"name\":\"Desmantelada rede transnacional de branqueamento e evas\u00e3o fiscal - Portal Tela Portugal\",\"isPartOf\":{\"@id\":\"https:\/\/portaltela.pt\/#website\"},\"primaryImageOfPage\":{\"@id\":\"https:\/\/portaltela.pt\/noticias\/2025\/12\/11\/desmantelada-rede-transnacional-de-branqueamento-e-evasao-fiscal\/#primaryimage\"},\"image\":{\"@id\":\"https:\/\/portaltela.pt\/noticias\/2025\/12\/11\/desmantelada-rede-transnacional-de-branqueamento-e-evasao-fiscal\/#primaryimage\"},\"thumbnailUrl\":\"https:\/\/portaltela.pt\/s.01k8rhncp4jt1\/2025\/12\/diap1-1.jpg\",\"datePublished\":\"2025-12-11T09:01:00+00:00\",\"author\":{\"@id\":\"https:\/\/portaltela.pt\/#\/schema\/person\/c4278d4a6028830caff9ee44b42d32ed\"},\"breadcrumb\":{\"@id\":\"https:\/\/portaltela.pt\/noticias\/2025\/12\/11\/desmantelada-rede-transnacional-de-branqueamento-e-evasao-fiscal\/#breadcrumb\"},\"inLanguage\":\"pt-PT\",\"potentialAction\":[{\"@type\":\"ReadAction\",\"target\":[\"https:\/\/portaltela.pt\/noticias\/2025\/12\/11\/desmantelada-rede-transnacional-de-branqueamento-e-evasao-fiscal\/\"]}]},{\"@type\":\"ImageObject\",\"inLanguage\":\"pt-PT\",\"@id\":\"https:\/\/portaltela.pt\/noticias\/2025\/12\/11\/desmantelada-rede-transnacional-de-branqueamento-e-evasao-fiscal\/#primaryimage\",\"url\":\"https:\/\/portaltela.pt\/s.01k8rhncp4jt1\/2025\/12\/diap1-1.jpg\",\"contentUrl\":\"https:\/\/portaltela.pt\/s.01k8rhncp4jt1\/2025\/12\/diap1-1.jpg\",\"width\":796,\"height\":448,\"caption\":\"O Primeiro de Janeiro\"},{\"@type\":\"BreadcrumbList\",\"@id\":\"https:\/\/portaltela.pt\/noticias\/2025\/12\/11\/desmantelada-rede-transnacional-de-branqueamento-e-evasao-fiscal\/#breadcrumb\",\"itemListElement\":[{\"@type\":\"ListItem\",\"position\":1,\"name\":\"In\u00edcio\",\"item\":\"https:\/\/portaltela.pt\/\"},{\"@type\":\"ListItem\",\"position\":2,\"name\":\"Desmantelada rede transnacional de branqueamento e evas\u00e3o fiscal\"}]},{\"@type\":\"WebSite\",\"@id\":\"https:\/\/portaltela.pt\/#website\",\"url\":\"https:\/\/portaltela.pt\/\",\"name\":\"Portal Tela Portugal\",\"description\":\"\",\"potentialAction\":[{\"@type\":\"SearchAction\",\"target\":{\"@type\":\"EntryPoint\",\"urlTemplate\":\"https:\/\/portaltela.pt\/?s={search_term_string}\"},\"query-input\":{\"@type\":\"PropertyValueSpecification\",\"valueRequired\":true,\"valueName\":\"search_term_string\"}}],\"inLanguage\":\"pt-PT\"},{\"@type\":\"Person\",\"@id\":\"https:\/\/portaltela.pt\/#\/schema\/person\/c4278d4a6028830caff9ee44b42d32ed\",\"name\":\"Telinha\",\"image\":{\"@type\":\"ImageObject\",\"inLanguage\":\"pt-PT\",\"@id\":\"https:\/\/portaltela.pt\/s.01k8rhncp4jt1\/2025\/11\/talking-bot-125x125.png\",\"url\":\"https:\/\/portaltela.pt\/s.01k8rhncp4jt1\/2025\/11\/talking-bot-125x125.png\",\"contentUrl\":\"https:\/\/portaltela.pt\/s.01k8rhncp4jt1\/2025\/11\/talking-bot-125x125.png\",\"caption\":\"Telinha\"},\"sameAs\":[\"https:\/\/portaltela.pt\/\"],\"url\":\"https:\/\/portaltela.pt\/por\/367410592786\/\"}]}<\/script>\n<!-- \/ Yoast SEO plugin. -->","yoast_head_json":{"title":"Desmantelada rede transnacional de branqueamento e evas\u00e3o fiscal - Portal Tela Portugal","robots":{"index":"index","follow":"follow","max-snippet":"max-snippet:-1","max-image-preview":"max-image-preview:large","max-video-preview":"max-video-preview:-1"},"og_locale":"pt_PT","og_type":"article","og_title":"Desmantelada rede transnacional de branqueamento e evas\u00e3o fiscal - Portal Tela Portugal","og_description":"Em dezoito de dezembro, a Pol\u00edcia Judici\u00e1ria realizou uma opera\u00e7\u00e3o com sessenta e sete mandados de busca, relativos a crimes de associa\u00e7\u00e3o criminosa, branqueamento, fraude fiscal e falsifica\u00e7\u00e3o de documentos, liderada por uma organiza\u00e7\u00e3o transnacional. Foram constitu\u00eddos quarenta e cinco arguidos e sete suspeitos foram detidos, ap\u00f3s a\u00e7\u00f5es em v\u00e1rios concelhos, incluindo Espinho, Paredes, P\u00f3voa de Varzim, Porto, Valongo, Vila do Conde, Vila Franca de Xira e Vila Nova de Gaia. A organiza\u00e7\u00e3o utilizava o sistema banc\u00e1rio nacional para sustentar o branqueamento, criando sucessivas sociedades e contas sob gest\u00e3o de v\u00e1rios indiv\u00edduos, com opera\u00e7\u00f5es de com\u00e9rcio internacional para ocultar lucros il\u00edcitos (Trade Based Money Laundering). Entre os montantes apurados, destacam-se dep\u00f3sitos em numer\u00e1rio superiores a cento e quarenta e um milh\u00f5es de euros, com movimento total de duzentos e nove milh\u00f5es de euros atrav\u00e9s de contas ve\u00edculo. Foi efetuada a apreens\u00e3o de seis im\u00f3veis urbanos, nove viaturas de alta gama, setenta e quatro contas banc\u00e1rias nacionais e saldos em contas domiciliadas em onze pa\u00edses europeus, al\u00e9m de cerca de trezentos mil euros em numer\u00e1rio; o processo \u00e9 dirigido pelo DIAP Regional do Porto.","og_url":"https:\/\/portaltela.pt\/noticias\/2025\/12\/11\/desmantelada-rede-transnacional-de-branqueamento-e-evasao-fiscal\/","og_site_name":"Portal Tela Portugal","article_published_time":"2025-12-11T09:01:00+00:00","author":"Telinha","twitter_card":"summary_large_image","twitter_misc":{"Escrito por":"Telinha","Tempo estimado de leitura":"2 minutos"},"schema":{"@context":"https:\/\/schema.org","@graph":[{"@type":"Article","@id":"https:\/\/portaltela.pt\/noticias\/2025\/12\/11\/desmantelada-rede-transnacional-de-branqueamento-e-evasao-fiscal\/#article","isPartOf":{"@id":"https:\/\/portaltela.pt\/noticias\/2025\/12\/11\/desmantelada-rede-transnacional-de-branqueamento-e-evasao-fiscal\/"},"author":{"name":"Telinha","@id":"https:\/\/portaltela.pt\/#\/schema\/person\/c4278d4a6028830caff9ee44b42d32ed"},"headline":"Desmantelada rede transnacional de branqueamento e evas\u00e3o fiscal","datePublished":"2025-12-11T09:01:00+00:00","mainEntityOfPage":{"@id":"https:\/\/portaltela.pt\/noticias\/2025\/12\/11\/desmantelada-rede-transnacional-de-branqueamento-e-evasao-fiscal\/"},"wordCount":399,"image":{"@id":"https:\/\/portaltela.pt\/noticias\/2025\/12\/11\/desmantelada-rede-transnacional-de-branqueamento-e-evasao-fiscal\/#primaryimage"},"thumbnailUrl":"https:\/\/portaltela.pt\/s.01k8rhncp4jt1\/2025\/12\/diap1-1.jpg","keywords":["atividades banc\u00e1rias il\u00edcitas","branqueamento de capitais","fraude fiscal","investiga\u00e7\u00e3o","investiga\u00e7\u00e3o criminal","organiza\u00e7\u00e3o criminosa"],"articleSection":["Not\u00edcias"],"inLanguage":"pt-PT"},{"@type":"WebPage","@id":"https:\/\/portaltela.pt\/noticias\/2025\/12\/11\/desmantelada-rede-transnacional-de-branqueamento-e-evasao-fiscal\/","url":"https:\/\/portaltela.pt\/noticias\/2025\/12\/11\/desmantelada-rede-transnacional-de-branqueamento-e-evasao-fiscal\/","name":"Desmantelada rede transnacional de branqueamento e evas\u00e3o fiscal - Portal Tela Portugal","isPartOf":{"@id":"https:\/\/portaltela.pt\/#website"},"primaryImageOfPage":{"@id":"https:\/\/portaltela.pt\/noticias\/2025\/12\/11\/desmantelada-rede-transnacional-de-branqueamento-e-evasao-fiscal\/#primaryimage"},"image":{"@id":"https:\/\/portaltela.pt\/noticias\/2025\/12\/11\/desmantelada-rede-transnacional-de-branqueamento-e-evasao-fiscal\/#primaryimage"},"thumbnailUrl":"https:\/\/portaltela.pt\/s.01k8rhncp4jt1\/2025\/12\/diap1-1.jpg","datePublished":"2025-12-11T09:01:00+00:00","author":{"@id":"https:\/\/portaltela.pt\/#\/schema\/person\/c4278d4a6028830caff9ee44b42d32ed"},"breadcrumb":{"@id":"https:\/\/portaltela.pt\/noticias\/2025\/12\/11\/desmantelada-rede-transnacional-de-branqueamento-e-evasao-fiscal\/#breadcrumb"},"inLanguage":"pt-PT","potentialAction":[{"@type":"ReadAction","target":["https:\/\/portaltela.pt\/noticias\/2025\/12\/11\/desmantelada-rede-transnacional-de-branqueamento-e-evasao-fiscal\/"]}]},{"@type":"ImageObject","inLanguage":"pt-PT","@id":"https:\/\/portaltela.pt\/noticias\/2025\/12\/11\/desmantelada-rede-transnacional-de-branqueamento-e-evasao-fiscal\/#primaryimage","url":"https:\/\/portaltela.pt\/s.01k8rhncp4jt1\/2025\/12\/diap1-1.jpg","contentUrl":"https:\/\/portaltela.pt\/s.01k8rhncp4jt1\/2025\/12\/diap1-1.jpg","width":796,"height":448,"caption":"O Primeiro de Janeiro"},{"@type":"BreadcrumbList","@id":"https:\/\/portaltela.pt\/noticias\/2025\/12\/11\/desmantelada-rede-transnacional-de-branqueamento-e-evasao-fiscal\/#breadcrumb","itemListElement":[{"@type":"ListItem","position":1,"name":"In\u00edcio","item":"https:\/\/portaltela.pt\/"},{"@type":"ListItem","position":2,"name":"Desmantelada rede transnacional de branqueamento e evas\u00e3o fiscal"}]},{"@type":"WebSite","@id":"https:\/\/portaltela.pt\/#website","url":"https:\/\/portaltela.pt\/","name":"Portal Tela Portugal","description":"","potentialAction":[{"@type":"SearchAction","target":{"@type":"EntryPoint","urlTemplate":"https:\/\/portaltela.pt\/?s={search_term_string}"},"query-input":{"@type":"PropertyValueSpecification","valueRequired":true,"valueName":"search_term_string"}}],"inLanguage":"pt-PT"},{"@type":"Person","@id":"https:\/\/portaltela.pt\/#\/schema\/person\/c4278d4a6028830caff9ee44b42d32ed","name":"Telinha","image":{"@type":"ImageObject","inLanguage":"pt-PT","@id":"https:\/\/portaltela.pt\/s.01k8rhncp4jt1\/2025\/11\/talking-bot-125x125.png","url":"https:\/\/portaltela.pt\/s.01k8rhncp4jt1\/2025\/11\/talking-bot-125x125.png","contentUrl":"https:\/\/portaltela.pt\/s.01k8rhncp4jt1\/2025\/11\/talking-bot-125x125.png","caption":"Telinha"},"sameAs":["https:\/\/portaltela.pt\/"],"url":"https:\/\/portaltela.pt\/por\/367410592786\/"}]}},"_links":{"self":[{"href":"https:\/\/portaltela.pt\/api\/wp\/v2\/posts\/66646","targetHints":{"allow":["GET"]}}],"collection":[{"href":"https:\/\/portaltela.pt\/api\/wp\/v2\/posts"}],"about":[{"href":"https:\/\/portaltela.pt\/api\/wp\/v2\/types\/post"}],"author":[{"embeddable":true,"href":"https:\/\/portaltela.pt\/api\/wp\/v2\/users\/2"}],"replies":[{"embeddable":true,"href":"https:\/\/portaltela.pt\/api\/wp\/v2\/comments?post=66646"}],"version-history":[{"count":0,"href":"https:\/\/portaltela.pt\/api\/wp\/v2\/posts\/66646\/revisions"}],"wp:featuredmedia":[{"embeddable":true,"href":"https:\/\/portaltela.pt\/api\/wp\/v2\/media\/66653"}],"wp:attachment":[{"href":"https:\/\/portaltela.pt\/api\/wp\/v2\/media?parent=66646"}],"wp:term":[{"taxonomy":"category","embeddable":true,"href":"https:\/\/portaltela.pt\/api\/wp\/v2\/categories?post=66646"},{"taxonomy":"post_tag","embeddable":true,"href":"https:\/\/portaltela.pt\/api\/wp\/v2\/tags?post=66646"}],"curies":[{"name":"wp","href":"https:\/\/api.w.org\/{rel}","templated":true}]}}