{"id":65331,"date":"2025-12-10T15:11:00","date_gmt":"2025-12-10T18:11:00","guid":{"rendered":"https:\/\/portaltela.pt\/noticias\/2025\/12\/10\/camara-de-lisboa-aprova-rui-lopo-para-presidir-carris-com-criticas-da-oposicao\/"},"modified":"2025-12-10T15:11:00","modified_gmt":"2025-12-10T18:11:00","slug":"camara-de-lisboa-aprova-rui-lopo-para-presidir-carris-com-criticas-da-oposicao","status":"publish","type":"post","link":"https:\/\/portaltela.pt\/noticias\/2025\/12\/10\/camara-de-lisboa-aprova-rui-lopo-para-presidir-carris-com-criticas-da-oposicao\/","title":{"rendered":"C\u00e2mara de Lisboa aprova Rui Lopo para presidir Carris, com cr\u00edticas da oposi\u00e7\u00e3o"},"content":{"rendered":"<p>A C\u00e2mara de Lisboa aprovou a nova administra\u00e7\u00e3o da Carris, ap\u00f3s o acidente do Elevador da Gl\u00f3ria em 3 de setembro. Rui Lopo foi escolhido para presidir a empresa, com o presidente da c\u00e2mara a representar a autarquia na assembleia-geral. Ana Paula Carioca e Francisco Pinto Machado ficam como vice-presidentes.<\/p>\n<p>A equipa inclui Mariana de Sousa Costa como vogal executiva e Teresa Passo de Sousa como vogal n\u00e3o executiva. A vota\u00e7\u00e3o fechou com 11 votos a favor e 3 absten\u00e7\u00f5es. Moedas justificou a escolha de Lopo pela experi\u00eancia no setor da mobilidade.<\/p>\n<p>Diversas for\u00e7as pol\u00edticas reagiram, pedindo esclarecimentos sobre o acidente e a sua gest\u00e3o. PS, Chega, PCP, Livre e BE destacaram a necessidade de explica\u00e7\u00f5es adicionais e responsabiliza\u00e7\u00e3o pol\u00edtico-institucional onde for relevante.<\/p>\n<h3>Reac\u00e7\u00f5es e contexto<\/h3>\n<p>O PS esclareceu que a aus\u00eancia na vota\u00e7\u00e3o n\u00e3o visa as pessoas indicadas, mas o modo como se geriu o processo. O Chega afirmou que h\u00e1 mudan\u00e7as necess\u00e1rias na Carris, mantendo a linha de que inqu\u00e9ritos n\u00e3o devem ser comprometidos. O PCP sinalizou cr\u00edticas \u00e0 gest\u00e3o p\u00fablica da Carris.<\/p>\n<p>O Livre votou a favor de Rui Lopo, referindo a necessidade de lideran\u00e7a firme e apoio pol\u00edtico para reformas. O BE criticou a nomea\u00e7\u00e3o sem esclarecer erros identificados pelo GPIAAF e exigiu respostas sobre falhas que possam ter contribu\u00eddo para a trag\u00e9dia.<\/p>\n","protected":false},"excerpt":{"rendered":"<ul>\n<li>A C\u00e2mara de Lisboa aprovou a nova administra\u00e7\u00e3o da Carris, com Rui Lopo a presidir a empresa.<\/li>\n<li>A c\u00e2mara designou o presidente da autarquia como representante na assembleia-geral e nomeou Ana Paula Carioca (vice-presidente) e Francisco Pinto Machado (vice-presidente) da Carris.<\/li>\n<li>A equipa inclui Mariana de Sousa Costa (vogal executiva) e Teresa Passo de Sousa (vogal n\u00e3o executiva); a Mesa da assembleia-geral fica com Helena Pires Coelho (presidente), Pedro Brito Dinis (vice-presidente) e Jos\u00e9 Miguel Bibe (secret\u00e1rio).<\/li>\n<li>A vota\u00e7\u00e3o foi de 11 votos a favor e 3 absten\u00e7\u00f5es; o presidente Moedas explicou a escolha de Rui Lopo como gestor com experi\u00eancia no setor de mobilidade.<\/li>\n<li>Reac\u00e7\u00f5es diversas (PS, Chega, PCP, Livre, BE) destacaram a necessidade de esclarecer o acidente do Elevador da Gl\u00f3ria, que causou 16 mortos e mais de 20 feridos em 3 de setembro.<\/li>\n<\/ul>\n","protected":false},"author":2,"featured_media":65336,"comment_status":"closed","ping_status":"closed","sticky":false,"template":"","format":"standard","meta":{"footnotes":""},"categories":[1],"tags":[168,798,215,981,202,192],"class_list":["post-65331","post","type-post","status-publish","format-standard","has-post-thumbnail","hentry","category-noticias","tag-administracao-publica","tag-carris-metropolitana","tag-investigacao","tag-lisboa","tag-mobilidade-urbana-e-cidades-inteligentes","tag-transporte"],"yoast_head":"<!-- This site is optimized with the Yoast SEO plugin v27.2 - https:\/\/yoast.com\/product\/yoast-seo-wordpress\/ -->\n<title>C\u00e2mara de Lisboa aprova Rui Lopo para presidir Carris, com cr\u00edticas da oposi\u00e7\u00e3o - Portal Tela Portugal<\/title>\n<meta name=\"robots\" content=\"index, follow, max-snippet:-1, max-image-preview:large, max-video-preview:-1\" \/>\n<meta property=\"og:locale\" content=\"pt_PT\" \/>\n<meta property=\"og:type\" content=\"article\" \/>\n<meta property=\"og:title\" content=\"C\u00e2mara de Lisboa aprova Rui Lopo para presidir Carris, com cr\u00edticas da oposi\u00e7\u00e3o - Portal Tela Portugal\" \/>\n<meta property=\"og:description\" content=\"A C\u00e2mara de Lisboa aprovou a nova administra\u00e7\u00e3o da Carris, com Rui Lopo a presidir a empresa. A c\u00e2mara designou o presidente da autarquia como representante na assembleia-geral e nomeou Ana Paula Carioca (vice-presidente) e Francisco Pinto Machado (vice-presidente) da Carris. A equipa inclui Mariana de Sousa Costa (vogal executiva) e Teresa Passo de Sousa (vogal n\u00e3o executiva); a Mesa da assembleia-geral fica com Helena Pires Coelho (presidente), Pedro Brito Dinis (vice-presidente) e Jos\u00e9 Miguel Bibe (secret\u00e1rio). A vota\u00e7\u00e3o foi de 11 votos a favor e 3 absten\u00e7\u00f5es; o presidente Moedas explicou a escolha de Rui Lopo como gestor com experi\u00eancia no setor de mobilidade. Reac\u00e7\u00f5es diversas (PS, Chega, PCP, Livre, BE) destacaram a necessidade de esclarecer o acidente do Elevador da Gl\u00f3ria, que causou 16 mortos e mais de 20 feridos em 3 de setembro.\" \/>\n<meta property=\"og:url\" content=\"https:\/\/portaltela.pt\/noticias\/2025\/12\/10\/camara-de-lisboa-aprova-rui-lopo-para-presidir-carris-com-criticas-da-oposicao\/\" \/>\n<meta property=\"og:site_name\" content=\"Portal Tela Portugal\" \/>\n<meta property=\"article:published_time\" content=\"2025-12-10T18:11:00+00:00\" \/>\n<meta name=\"author\" content=\"Telinha\" \/>\n<meta name=\"twitter:card\" content=\"summary_large_image\" \/>\n<meta name=\"twitter:label1\" content=\"Escrito por\" \/>\n\t<meta name=\"twitter:data1\" content=\"Telinha\" \/>\n\t<meta name=\"twitter:label2\" content=\"Tempo estimado de leitura\" \/>\n\t<meta name=\"twitter:data2\" content=\"1 minuto\" \/>\n<script type=\"application\/ld+json\" class=\"yoast-schema-graph\">{\"@context\":\"https:\/\/schema.org\",\"@graph\":[{\"@type\":\"Article\",\"@id\":\"https:\/\/portaltela.pt\/noticias\/2025\/12\/10\/camara-de-lisboa-aprova-rui-lopo-para-presidir-carris-com-criticas-da-oposicao\/#article\",\"isPartOf\":{\"@id\":\"https:\/\/portaltela.pt\/noticias\/2025\/12\/10\/camara-de-lisboa-aprova-rui-lopo-para-presidir-carris-com-criticas-da-oposicao\/\"},\"author\":{\"name\":\"Telinha\",\"@id\":\"https:\/\/portaltela.pt\/#\/schema\/person\/c4278d4a6028830caff9ee44b42d32ed\"},\"headline\":\"C\u00e2mara de Lisboa aprova Rui Lopo para presidir Carris, com cr\u00edticas da oposi\u00e7\u00e3o\",\"datePublished\":\"2025-12-10T18:11:00+00:00\",\"mainEntityOfPage\":{\"@id\":\"https:\/\/portaltela.pt\/noticias\/2025\/12\/10\/camara-de-lisboa-aprova-rui-lopo-para-presidir-carris-com-criticas-da-oposicao\/\"},\"wordCount\":260,\"image\":{\"@id\":\"https:\/\/portaltela.pt\/noticias\/2025\/12\/10\/camara-de-lisboa-aprova-rui-lopo-para-presidir-carris-com-criticas-da-oposicao\/#primaryimage\"},\"thumbnailUrl\":\"https:\/\/portaltela.pt\/s.01k8rhncp4jt1\/2025\/12\/img_1280x721uu2025-06-04-09-30-40-2213881.jpg\",\"keywords\":[\"administra\u00e7\u00e3o p\u00fablica\",\"Carris Metropolitana\",\"investiga\u00e7\u00e3o\",\"Lisboa\",\"Mobilidade Urbana e Cidades Inteligentes\",\"transporte\"],\"articleSection\":[\"Not\u00edcias\"],\"inLanguage\":\"pt-PT\"},{\"@type\":\"WebPage\",\"@id\":\"https:\/\/portaltela.pt\/noticias\/2025\/12\/10\/camara-de-lisboa-aprova-rui-lopo-para-presidir-carris-com-criticas-da-oposicao\/\",\"url\":\"https:\/\/portaltela.pt\/noticias\/2025\/12\/10\/camara-de-lisboa-aprova-rui-lopo-para-presidir-carris-com-criticas-da-oposicao\/\",\"name\":\"C\u00e2mara de Lisboa aprova Rui Lopo para presidir Carris, com cr\u00edticas da oposi\u00e7\u00e3o - Portal Tela Portugal\",\"isPartOf\":{\"@id\":\"https:\/\/portaltela.pt\/#website\"},\"primaryImageOfPage\":{\"@id\":\"https:\/\/portaltela.pt\/noticias\/2025\/12\/10\/camara-de-lisboa-aprova-rui-lopo-para-presidir-carris-com-criticas-da-oposicao\/#primaryimage\"},\"image\":{\"@id\":\"https:\/\/portaltela.pt\/noticias\/2025\/12\/10\/camara-de-lisboa-aprova-rui-lopo-para-presidir-carris-com-criticas-da-oposicao\/#primaryimage\"},\"thumbnailUrl\":\"https:\/\/portaltela.pt\/s.01k8rhncp4jt1\/2025\/12\/img_1280x721uu2025-06-04-09-30-40-2213881.jpg\",\"datePublished\":\"2025-12-10T18:11:00+00:00\",\"author\":{\"@id\":\"https:\/\/portaltela.pt\/#\/schema\/person\/c4278d4a6028830caff9ee44b42d32ed\"},\"breadcrumb\":{\"@id\":\"https:\/\/portaltela.pt\/noticias\/2025\/12\/10\/camara-de-lisboa-aprova-rui-lopo-para-presidir-carris-com-criticas-da-oposicao\/#breadcrumb\"},\"inLanguage\":\"pt-PT\",\"potentialAction\":[{\"@type\":\"ReadAction\",\"target\":[\"https:\/\/portaltela.pt\/noticias\/2025\/12\/10\/camara-de-lisboa-aprova-rui-lopo-para-presidir-carris-com-criticas-da-oposicao\/\"]}]},{\"@type\":\"ImageObject\",\"inLanguage\":\"pt-PT\",\"@id\":\"https:\/\/portaltela.pt\/noticias\/2025\/12\/10\/camara-de-lisboa-aprova-rui-lopo-para-presidir-carris-com-criticas-da-oposicao\/#primaryimage\",\"url\":\"https:\/\/portaltela.pt\/s.01k8rhncp4jt1\/2025\/12\/img_1280x721uu2025-06-04-09-30-40-2213881.jpg\",\"contentUrl\":\"https:\/\/portaltela.pt\/s.01k8rhncp4jt1\/2025\/12\/img_1280x721uu2025-06-04-09-30-40-2213881.jpg\",\"width\":796,\"height\":448,\"caption\":\"CARRIS FOTO: S\u00e9rgio Lemos\"},{\"@type\":\"BreadcrumbList\",\"@id\":\"https:\/\/portaltela.pt\/noticias\/2025\/12\/10\/camara-de-lisboa-aprova-rui-lopo-para-presidir-carris-com-criticas-da-oposicao\/#breadcrumb\",\"itemListElement\":[{\"@type\":\"ListItem\",\"position\":1,\"name\":\"In\u00edcio\",\"item\":\"https:\/\/portaltela.pt\/\"},{\"@type\":\"ListItem\",\"position\":2,\"name\":\"C\u00e2mara de Lisboa aprova Rui Lopo para presidir Carris, com cr\u00edticas da oposi\u00e7\u00e3o\"}]},{\"@type\":\"WebSite\",\"@id\":\"https:\/\/portaltela.pt\/#website\",\"url\":\"https:\/\/portaltela.pt\/\",\"name\":\"Portal Tela Portugal\",\"description\":\"\",\"potentialAction\":[{\"@type\":\"SearchAction\",\"target\":{\"@type\":\"EntryPoint\",\"urlTemplate\":\"https:\/\/portaltela.pt\/?s={search_term_string}\"},\"query-input\":{\"@type\":\"PropertyValueSpecification\",\"valueRequired\":true,\"valueName\":\"search_term_string\"}}],\"inLanguage\":\"pt-PT\"},{\"@type\":\"Person\",\"@id\":\"https:\/\/portaltela.pt\/#\/schema\/person\/c4278d4a6028830caff9ee44b42d32ed\",\"name\":\"Telinha\",\"image\":{\"@type\":\"ImageObject\",\"inLanguage\":\"pt-PT\",\"@id\":\"https:\/\/portaltela.pt\/s.01k8rhncp4jt1\/2025\/11\/talking-bot-125x125.png\",\"url\":\"https:\/\/portaltela.pt\/s.01k8rhncp4jt1\/2025\/11\/talking-bot-125x125.png\",\"contentUrl\":\"https:\/\/portaltela.pt\/s.01k8rhncp4jt1\/2025\/11\/talking-bot-125x125.png\",\"caption\":\"Telinha\"},\"sameAs\":[\"https:\/\/portaltela.pt\/\"],\"url\":\"https:\/\/portaltela.pt\/por\/367410592786\/\"}]}<\/script>\n<!-- \/ Yoast SEO plugin. -->","yoast_head_json":{"title":"C\u00e2mara de Lisboa aprova Rui Lopo para presidir Carris, com cr\u00edticas da oposi\u00e7\u00e3o - Portal Tela Portugal","robots":{"index":"index","follow":"follow","max-snippet":"max-snippet:-1","max-image-preview":"max-image-preview:large","max-video-preview":"max-video-preview:-1"},"og_locale":"pt_PT","og_type":"article","og_title":"C\u00e2mara de Lisboa aprova Rui Lopo para presidir Carris, com cr\u00edticas da oposi\u00e7\u00e3o - Portal Tela Portugal","og_description":"A C\u00e2mara de Lisboa aprovou a nova administra\u00e7\u00e3o da Carris, com Rui Lopo a presidir a empresa. A c\u00e2mara designou o presidente da autarquia como representante na assembleia-geral e nomeou Ana Paula Carioca (vice-presidente) e Francisco Pinto Machado (vice-presidente) da Carris. A equipa inclui Mariana de Sousa Costa (vogal executiva) e Teresa Passo de Sousa (vogal n\u00e3o executiva); a Mesa da assembleia-geral fica com Helena Pires Coelho (presidente), Pedro Brito Dinis (vice-presidente) e Jos\u00e9 Miguel Bibe (secret\u00e1rio). A vota\u00e7\u00e3o foi de 11 votos a favor e 3 absten\u00e7\u00f5es; o presidente Moedas explicou a escolha de Rui Lopo como gestor com experi\u00eancia no setor de mobilidade. Reac\u00e7\u00f5es diversas (PS, Chega, PCP, Livre, BE) destacaram a necessidade de esclarecer o acidente do Elevador da Gl\u00f3ria, que causou 16 mortos e mais de 20 feridos em 3 de setembro.","og_url":"https:\/\/portaltela.pt\/noticias\/2025\/12\/10\/camara-de-lisboa-aprova-rui-lopo-para-presidir-carris-com-criticas-da-oposicao\/","og_site_name":"Portal Tela Portugal","article_published_time":"2025-12-10T18:11:00+00:00","author":"Telinha","twitter_card":"summary_large_image","twitter_misc":{"Escrito por":"Telinha","Tempo estimado de leitura":"1 minuto"},"schema":{"@context":"https:\/\/schema.org","@graph":[{"@type":"Article","@id":"https:\/\/portaltela.pt\/noticias\/2025\/12\/10\/camara-de-lisboa-aprova-rui-lopo-para-presidir-carris-com-criticas-da-oposicao\/#article","isPartOf":{"@id":"https:\/\/portaltela.pt\/noticias\/2025\/12\/10\/camara-de-lisboa-aprova-rui-lopo-para-presidir-carris-com-criticas-da-oposicao\/"},"author":{"name":"Telinha","@id":"https:\/\/portaltela.pt\/#\/schema\/person\/c4278d4a6028830caff9ee44b42d32ed"},"headline":"C\u00e2mara de Lisboa aprova Rui Lopo para presidir Carris, com cr\u00edticas da oposi\u00e7\u00e3o","datePublished":"2025-12-10T18:11:00+00:00","mainEntityOfPage":{"@id":"https:\/\/portaltela.pt\/noticias\/2025\/12\/10\/camara-de-lisboa-aprova-rui-lopo-para-presidir-carris-com-criticas-da-oposicao\/"},"wordCount":260,"image":{"@id":"https:\/\/portaltela.pt\/noticias\/2025\/12\/10\/camara-de-lisboa-aprova-rui-lopo-para-presidir-carris-com-criticas-da-oposicao\/#primaryimage"},"thumbnailUrl":"https:\/\/portaltela.pt\/s.01k8rhncp4jt1\/2025\/12\/img_1280x721uu2025-06-04-09-30-40-2213881.jpg","keywords":["administra\u00e7\u00e3o p\u00fablica","Carris Metropolitana","investiga\u00e7\u00e3o","Lisboa","Mobilidade Urbana e Cidades Inteligentes","transporte"],"articleSection":["Not\u00edcias"],"inLanguage":"pt-PT"},{"@type":"WebPage","@id":"https:\/\/portaltela.pt\/noticias\/2025\/12\/10\/camara-de-lisboa-aprova-rui-lopo-para-presidir-carris-com-criticas-da-oposicao\/","url":"https:\/\/portaltela.pt\/noticias\/2025\/12\/10\/camara-de-lisboa-aprova-rui-lopo-para-presidir-carris-com-criticas-da-oposicao\/","name":"C\u00e2mara de Lisboa aprova Rui Lopo para presidir Carris, com cr\u00edticas da oposi\u00e7\u00e3o - Portal Tela Portugal","isPartOf":{"@id":"https:\/\/portaltela.pt\/#website"},"primaryImageOfPage":{"@id":"https:\/\/portaltela.pt\/noticias\/2025\/12\/10\/camara-de-lisboa-aprova-rui-lopo-para-presidir-carris-com-criticas-da-oposicao\/#primaryimage"},"image":{"@id":"https:\/\/portaltela.pt\/noticias\/2025\/12\/10\/camara-de-lisboa-aprova-rui-lopo-para-presidir-carris-com-criticas-da-oposicao\/#primaryimage"},"thumbnailUrl":"https:\/\/portaltela.pt\/s.01k8rhncp4jt1\/2025\/12\/img_1280x721uu2025-06-04-09-30-40-2213881.jpg","datePublished":"2025-12-10T18:11:00+00:00","author":{"@id":"https:\/\/portaltela.pt\/#\/schema\/person\/c4278d4a6028830caff9ee44b42d32ed"},"breadcrumb":{"@id":"https:\/\/portaltela.pt\/noticias\/2025\/12\/10\/camara-de-lisboa-aprova-rui-lopo-para-presidir-carris-com-criticas-da-oposicao\/#breadcrumb"},"inLanguage":"pt-PT","potentialAction":[{"@type":"ReadAction","target":["https:\/\/portaltela.pt\/noticias\/2025\/12\/10\/camara-de-lisboa-aprova-rui-lopo-para-presidir-carris-com-criticas-da-oposicao\/"]}]},{"@type":"ImageObject","inLanguage":"pt-PT","@id":"https:\/\/portaltela.pt\/noticias\/2025\/12\/10\/camara-de-lisboa-aprova-rui-lopo-para-presidir-carris-com-criticas-da-oposicao\/#primaryimage","url":"https:\/\/portaltela.pt\/s.01k8rhncp4jt1\/2025\/12\/img_1280x721uu2025-06-04-09-30-40-2213881.jpg","contentUrl":"https:\/\/portaltela.pt\/s.01k8rhncp4jt1\/2025\/12\/img_1280x721uu2025-06-04-09-30-40-2213881.jpg","width":796,"height":448,"caption":"CARRIS FOTO: S\u00e9rgio Lemos"},{"@type":"BreadcrumbList","@id":"https:\/\/portaltela.pt\/noticias\/2025\/12\/10\/camara-de-lisboa-aprova-rui-lopo-para-presidir-carris-com-criticas-da-oposicao\/#breadcrumb","itemListElement":[{"@type":"ListItem","position":1,"name":"In\u00edcio","item":"https:\/\/portaltela.pt\/"},{"@type":"ListItem","position":2,"name":"C\u00e2mara de Lisboa aprova Rui Lopo para presidir Carris, com cr\u00edticas da oposi\u00e7\u00e3o"}]},{"@type":"WebSite","@id":"https:\/\/portaltela.pt\/#website","url":"https:\/\/portaltela.pt\/","name":"Portal Tela Portugal","description":"","potentialAction":[{"@type":"SearchAction","target":{"@type":"EntryPoint","urlTemplate":"https:\/\/portaltela.pt\/?s={search_term_string}"},"query-input":{"@type":"PropertyValueSpecification","valueRequired":true,"valueName":"search_term_string"}}],"inLanguage":"pt-PT"},{"@type":"Person","@id":"https:\/\/portaltela.pt\/#\/schema\/person\/c4278d4a6028830caff9ee44b42d32ed","name":"Telinha","image":{"@type":"ImageObject","inLanguage":"pt-PT","@id":"https:\/\/portaltela.pt\/s.01k8rhncp4jt1\/2025\/11\/talking-bot-125x125.png","url":"https:\/\/portaltela.pt\/s.01k8rhncp4jt1\/2025\/11\/talking-bot-125x125.png","contentUrl":"https:\/\/portaltela.pt\/s.01k8rhncp4jt1\/2025\/11\/talking-bot-125x125.png","caption":"Telinha"},"sameAs":["https:\/\/portaltela.pt\/"],"url":"https:\/\/portaltela.pt\/por\/367410592786\/"}]}},"_links":{"self":[{"href":"https:\/\/portaltela.pt\/api\/wp\/v2\/posts\/65331","targetHints":{"allow":["GET"]}}],"collection":[{"href":"https:\/\/portaltela.pt\/api\/wp\/v2\/posts"}],"about":[{"href":"https:\/\/portaltela.pt\/api\/wp\/v2\/types\/post"}],"author":[{"embeddable":true,"href":"https:\/\/portaltela.pt\/api\/wp\/v2\/users\/2"}],"replies":[{"embeddable":true,"href":"https:\/\/portaltela.pt\/api\/wp\/v2\/comments?post=65331"}],"version-history":[{"count":0,"href":"https:\/\/portaltela.pt\/api\/wp\/v2\/posts\/65331\/revisions"}],"wp:featuredmedia":[{"embeddable":true,"href":"https:\/\/portaltela.pt\/api\/wp\/v2\/media\/65336"}],"wp:attachment":[{"href":"https:\/\/portaltela.pt\/api\/wp\/v2\/media?parent=65331"}],"wp:term":[{"taxonomy":"category","embeddable":true,"href":"https:\/\/portaltela.pt\/api\/wp\/v2\/categories?post=65331"},{"taxonomy":"post_tag","embeddable":true,"href":"https:\/\/portaltela.pt\/api\/wp\/v2\/tags?post=65331"}],"curies":[{"name":"wp","href":"https:\/\/api.w.org\/{rel}","templated":true}]}}