{"id":65264,"date":"2025-12-09T21:00:00","date_gmt":"2025-12-10T00:00:00","guid":{"rendered":"https:\/\/portaltela.pt\/noticias\/2025\/12\/09\/campanha-procura-dadores-de-medula-ossea-para-crianca-de-12-anos\/"},"modified":"2025-12-09T21:00:00","modified_gmt":"2025-12-10T00:00:00","slug":"campanha-procura-dadores-de-medula-ossea-para-crianca-de-12-anos","status":"publish","type":"post","link":"https:\/\/portaltela.pt\/noticias\/2025\/12\/09\/campanha-procura-dadores-de-medula-ossea-para-crianca-de-12-anos\/","title":{"rendered":"Campanha procura dadores de medula \u00f3ssea para crian\u00e7a de 12 anos"},"content":{"rendered":"<p>A fam\u00edlia de Afonso, um menino de 12 anos diagnosticado com aplasia medular, est\u00e1 a intensificar a responsabiliza\u00e7\u00e3o do pa\u00eds na procura de um dador de medula \u00f3ssea compat\u00edvel. O objetivo \u00e9 encontrar uma compatibilidade fora do c\u00edrculo familiar, atrav\u00e9s do Registo Nacional.<\/p>\n<p>O adolescente encontra-se internado no Centro Materno e Infantil do Norte, no Porto, ap\u00f3s o diagn\u00f3stico confirmado na sexta-feira, 31 de outubro. A campanha visa aumentar o n\u00famero de potenciais dadores registados, reduzindo o tempo de espera por um transplante.<\/p>\n<p>A mobiliza\u00e7\u00e3o \u00e9 apoiada pelo IPST (Instituto Portugu\u00eas do Sangue e da Transplanta\u00e7\u00e3o) e j\u00e1 est\u00e1 a ganhar divulga\u00e7\u00e3o medi\u00e1tica nacional. A ideia \u00e9 ampliar o registro de potenciais dadores para j\u00e1 n\u00e3o depender apenas de compatibilidade familiar.<\/p>\n<h3>Recolha de amostras a 14 de dezembro<\/h3>\n<p>No dia 14 de dezembro, equipas do IPST v\u00e3o recolher amostras em quatro concelhos: Oliveira do Bairro, Ovar, Santa Maria da Feira e Vale de Cambra. Os interessados devem ter entre 18 e 35 anos, estar saud\u00e1veis e n\u00e3o ter hist\u00f3rico de transfus\u00e3o de sangue.<\/p>\n<p>A lista de pontos nacionais de recolha est\u00e1 dispon\u00edvel online para facilitar o acesso. A campanha pretende mobilizar a comunidade e aumentar as possibilidades de encontrar um dador compat\u00edvel para Afonso e para outros doentes que aguardam transplante.<\/p>\n<p>A hist\u00f3ria tem sensibilizado v\u00e1rias entidades e meios de comunica\u00e7\u00e3o, com o apelo a ser partilhado de forma alargada. O cartaz da fam\u00edlia incentiva a participa\u00e7\u00e3o com a mensagem: hoje o Afonso, amanh\u00e3 pode ser algu\u00e9m de todos n\u00f3s.<\/p>\n","protected":false},"excerpt":{"rendered":"<ul>\n<li>O menino Afonso, 12 anos, foi diagnosticado com aplasia medular e a fam\u00edlia est\u00e1 a mobilizar o pa\u00eds para encontrar um dador compat\u00edvel de medula \u00f3ssea.<\/li>\n<li>Sem compatibilidade familiar, a procura recai sobre o Registo Nacional, com o Afonso internado no Centro Materno e Infantil do Norte, no Porto.<\/li>\n<li>O caso motivou uma campanha nacional de recolha de potenciais dadores, em parceria com o Instituto Portugu\u00eas do Sangue e da Transplanta\u00e7\u00e3o (IPST).<\/li>\n<li>No dia 14 de dezembro, equipas do IPST recolhem amostras em Oliveira do Bairro, Ovar, Santa Maria da Feira e Vale de Cambra; para integrar o registo \u00e9 necess\u00e1rio ter entre 18 e 35 anos, ser saud\u00e1vel e n\u00e3o ter tido transfus\u00e3o de sangue.<\/li>\n<li>A hist\u00f3ria ganhou divulga\u00e7\u00e3o medi\u00e1tica, e a fam\u00edlia pede a partilha massiva da informa\u00e7\u00e3o, com a mensagem \u201cHoje o Afonso\u2026 amanh\u00e3 um de n\u00f3s\u201d.<\/li>\n<\/ul>\n","protected":false},"author":2,"featured_media":65269,"comment_status":"closed","ping_status":"closed","sticky":false,"template":"","format":"standard","meta":{"footnotes":""},"categories":[1],"tags":[823,620,989,982,1014,172],"class_list":["post-65264","post","type-post","status-publish","format-standard","has-post-thumbnail","hentry","category-noticias","tag-campanha","tag-doacao","tag-hematologia","tag-porto","tag-portugal","tag-saude"],"yoast_head":"<!-- This site is optimized with the Yoast SEO plugin v27.2 - https:\/\/yoast.com\/product\/yoast-seo-wordpress\/ -->\n<title>Campanha procura dadores de medula \u00f3ssea para crian\u00e7a de 12 anos - Portal Tela Portugal<\/title>\n<meta name=\"robots\" content=\"index, follow, max-snippet:-1, max-image-preview:large, max-video-preview:-1\" \/>\n<meta property=\"og:locale\" content=\"pt_PT\" \/>\n<meta property=\"og:type\" content=\"article\" \/>\n<meta property=\"og:title\" content=\"Campanha procura dadores de medula \u00f3ssea para crian\u00e7a de 12 anos - Portal Tela Portugal\" \/>\n<meta property=\"og:description\" content=\"O menino Afonso, 12 anos, foi diagnosticado com aplasia medular e a fam\u00edlia est\u00e1 a mobilizar o pa\u00eds para encontrar um dador compat\u00edvel de medula \u00f3ssea. Sem compatibilidade familiar, a procura recai sobre o Registo Nacional, com o Afonso internado no Centro Materno e Infantil do Norte, no Porto. O caso motivou uma campanha nacional de recolha de potenciais dadores, em parceria com o Instituto Portugu\u00eas do Sangue e da Transplanta\u00e7\u00e3o (IPST). No dia 14 de dezembro, equipas do IPST recolhem amostras em Oliveira do Bairro, Ovar, Santa Maria da Feira e Vale de Cambra; para integrar o registo \u00e9 necess\u00e1rio ter entre 18 e 35 anos, ser saud\u00e1vel e n\u00e3o ter tido transfus\u00e3o de sangue. A hist\u00f3ria ganhou divulga\u00e7\u00e3o medi\u00e1tica, e a fam\u00edlia pede a partilha massiva da informa\u00e7\u00e3o, com a mensagem \u201cHoje o Afonso\u2026 amanh\u00e3 um de n\u00f3s\u201d.\" \/>\n<meta property=\"og:url\" content=\"https:\/\/portaltela.pt\/noticias\/2025\/12\/09\/campanha-procura-dadores-de-medula-ossea-para-crianca-de-12-anos\/\" \/>\n<meta property=\"og:site_name\" content=\"Portal Tela Portugal\" \/>\n<meta property=\"article:published_time\" content=\"2025-12-10T00:00:00+00:00\" \/>\n<meta name=\"author\" content=\"Telinha\" \/>\n<meta name=\"twitter:card\" content=\"summary_large_image\" \/>\n<meta name=\"twitter:label1\" content=\"Escrito por\" \/>\n\t<meta name=\"twitter:data1\" content=\"Telinha\" \/>\n\t<meta name=\"twitter:label2\" content=\"Tempo estimado de leitura\" \/>\n\t<meta name=\"twitter:data2\" content=\"1 minuto\" \/>\n<script type=\"application\/ld+json\" class=\"yoast-schema-graph\">{\"@context\":\"https:\/\/schema.org\",\"@graph\":[{\"@type\":\"Article\",\"@id\":\"https:\/\/portaltela.pt\/noticias\/2025\/12\/09\/campanha-procura-dadores-de-medula-ossea-para-crianca-de-12-anos\/#article\",\"isPartOf\":{\"@id\":\"https:\/\/portaltela.pt\/noticias\/2025\/12\/09\/campanha-procura-dadores-de-medula-ossea-para-crianca-de-12-anos\/\"},\"author\":{\"name\":\"Telinha\",\"@id\":\"https:\/\/portaltela.pt\/#\/schema\/person\/c4278d4a6028830caff9ee44b42d32ed\"},\"headline\":\"Campanha procura dadores de medula \u00f3ssea para crian\u00e7a de 12 anos\",\"datePublished\":\"2025-12-10T00:00:00+00:00\",\"mainEntityOfPage\":{\"@id\":\"https:\/\/portaltela.pt\/noticias\/2025\/12\/09\/campanha-procura-dadores-de-medula-ossea-para-crianca-de-12-anos\/\"},\"wordCount\":281,\"image\":{\"@id\":\"https:\/\/portaltela.pt\/noticias\/2025\/12\/09\/campanha-procura-dadores-de-medula-ossea-para-crianca-de-12-anos\/#primaryimage\"},\"thumbnailUrl\":\"https:\/\/portaltela.pt\/s.01k8rhncp4jt1\/2025\/12\/WhatsApp-Image-2025-12-10-at-17.32.31.jpg\",\"keywords\":[\"campanha\",\"doa\u00e7\u00e3o\",\"hematologia\",\"Porto\",\"Portugal\",\"sa\u00fade\"],\"articleSection\":[\"Not\u00edcias\"],\"inLanguage\":\"pt-PT\"},{\"@type\":\"WebPage\",\"@id\":\"https:\/\/portaltela.pt\/noticias\/2025\/12\/09\/campanha-procura-dadores-de-medula-ossea-para-crianca-de-12-anos\/\",\"url\":\"https:\/\/portaltela.pt\/noticias\/2025\/12\/09\/campanha-procura-dadores-de-medula-ossea-para-crianca-de-12-anos\/\",\"name\":\"Campanha procura dadores de medula \u00f3ssea para crian\u00e7a de 12 anos - Portal Tela Portugal\",\"isPartOf\":{\"@id\":\"https:\/\/portaltela.pt\/#website\"},\"primaryImageOfPage\":{\"@id\":\"https:\/\/portaltela.pt\/noticias\/2025\/12\/09\/campanha-procura-dadores-de-medula-ossea-para-crianca-de-12-anos\/#primaryimage\"},\"image\":{\"@id\":\"https:\/\/portaltela.pt\/noticias\/2025\/12\/09\/campanha-procura-dadores-de-medula-ossea-para-crianca-de-12-anos\/#primaryimage\"},\"thumbnailUrl\":\"https:\/\/portaltela.pt\/s.01k8rhncp4jt1\/2025\/12\/WhatsApp-Image-2025-12-10-at-17.32.31.jpg\",\"datePublished\":\"2025-12-10T00:00:00+00:00\",\"author\":{\"@id\":\"https:\/\/portaltela.pt\/#\/schema\/person\/c4278d4a6028830caff9ee44b42d32ed\"},\"breadcrumb\":{\"@id\":\"https:\/\/portaltela.pt\/noticias\/2025\/12\/09\/campanha-procura-dadores-de-medula-ossea-para-crianca-de-12-anos\/#breadcrumb\"},\"inLanguage\":\"pt-PT\",\"potentialAction\":[{\"@type\":\"ReadAction\",\"target\":[\"https:\/\/portaltela.pt\/noticias\/2025\/12\/09\/campanha-procura-dadores-de-medula-ossea-para-crianca-de-12-anos\/\"]}]},{\"@type\":\"ImageObject\",\"inLanguage\":\"pt-PT\",\"@id\":\"https:\/\/portaltela.pt\/noticias\/2025\/12\/09\/campanha-procura-dadores-de-medula-ossea-para-crianca-de-12-anos\/#primaryimage\",\"url\":\"https:\/\/portaltela.pt\/s.01k8rhncp4jt1\/2025\/12\/WhatsApp-Image-2025-12-10-at-17.32.31.jpg\",\"contentUrl\":\"https:\/\/portaltela.pt\/s.01k8rhncp4jt1\/2025\/12\/WhatsApp-Image-2025-12-10-at-17.32.31.jpg\",\"width\":796,\"height\":448,\"caption\":\"Photo\"},{\"@type\":\"BreadcrumbList\",\"@id\":\"https:\/\/portaltela.pt\/noticias\/2025\/12\/09\/campanha-procura-dadores-de-medula-ossea-para-crianca-de-12-anos\/#breadcrumb\",\"itemListElement\":[{\"@type\":\"ListItem\",\"position\":1,\"name\":\"In\u00edcio\",\"item\":\"https:\/\/portaltela.pt\/\"},{\"@type\":\"ListItem\",\"position\":2,\"name\":\"Campanha procura dadores de medula \u00f3ssea para crian\u00e7a de 12 anos\"}]},{\"@type\":\"WebSite\",\"@id\":\"https:\/\/portaltela.pt\/#website\",\"url\":\"https:\/\/portaltela.pt\/\",\"name\":\"Portal Tela Portugal\",\"description\":\"\",\"potentialAction\":[{\"@type\":\"SearchAction\",\"target\":{\"@type\":\"EntryPoint\",\"urlTemplate\":\"https:\/\/portaltela.pt\/?s={search_term_string}\"},\"query-input\":{\"@type\":\"PropertyValueSpecification\",\"valueRequired\":true,\"valueName\":\"search_term_string\"}}],\"inLanguage\":\"pt-PT\"},{\"@type\":\"Person\",\"@id\":\"https:\/\/portaltela.pt\/#\/schema\/person\/c4278d4a6028830caff9ee44b42d32ed\",\"name\":\"Telinha\",\"image\":{\"@type\":\"ImageObject\",\"inLanguage\":\"pt-PT\",\"@id\":\"https:\/\/portaltela.pt\/s.01k8rhncp4jt1\/2025\/11\/talking-bot-125x125.png\",\"url\":\"https:\/\/portaltela.pt\/s.01k8rhncp4jt1\/2025\/11\/talking-bot-125x125.png\",\"contentUrl\":\"https:\/\/portaltela.pt\/s.01k8rhncp4jt1\/2025\/11\/talking-bot-125x125.png\",\"caption\":\"Telinha\"},\"sameAs\":[\"https:\/\/portaltela.pt\/\"],\"url\":\"https:\/\/portaltela.pt\/por\/367410592786\/\"}]}<\/script>\n<!-- \/ Yoast SEO plugin. -->","yoast_head_json":{"title":"Campanha procura dadores de medula \u00f3ssea para crian\u00e7a de 12 anos - Portal Tela Portugal","robots":{"index":"index","follow":"follow","max-snippet":"max-snippet:-1","max-image-preview":"max-image-preview:large","max-video-preview":"max-video-preview:-1"},"og_locale":"pt_PT","og_type":"article","og_title":"Campanha procura dadores de medula \u00f3ssea para crian\u00e7a de 12 anos - Portal Tela Portugal","og_description":"O menino Afonso, 12 anos, foi diagnosticado com aplasia medular e a fam\u00edlia est\u00e1 a mobilizar o pa\u00eds para encontrar um dador compat\u00edvel de medula \u00f3ssea. Sem compatibilidade familiar, a procura recai sobre o Registo Nacional, com o Afonso internado no Centro Materno e Infantil do Norte, no Porto. O caso motivou uma campanha nacional de recolha de potenciais dadores, em parceria com o Instituto Portugu\u00eas do Sangue e da Transplanta\u00e7\u00e3o (IPST). No dia 14 de dezembro, equipas do IPST recolhem amostras em Oliveira do Bairro, Ovar, Santa Maria da Feira e Vale de Cambra; para integrar o registo \u00e9 necess\u00e1rio ter entre 18 e 35 anos, ser saud\u00e1vel e n\u00e3o ter tido transfus\u00e3o de sangue. A hist\u00f3ria ganhou divulga\u00e7\u00e3o medi\u00e1tica, e a fam\u00edlia pede a partilha massiva da informa\u00e7\u00e3o, com a mensagem \u201cHoje o Afonso\u2026 amanh\u00e3 um de n\u00f3s\u201d.","og_url":"https:\/\/portaltela.pt\/noticias\/2025\/12\/09\/campanha-procura-dadores-de-medula-ossea-para-crianca-de-12-anos\/","og_site_name":"Portal Tela Portugal","article_published_time":"2025-12-10T00:00:00+00:00","author":"Telinha","twitter_card":"summary_large_image","twitter_misc":{"Escrito por":"Telinha","Tempo estimado de leitura":"1 minuto"},"schema":{"@context":"https:\/\/schema.org","@graph":[{"@type":"Article","@id":"https:\/\/portaltela.pt\/noticias\/2025\/12\/09\/campanha-procura-dadores-de-medula-ossea-para-crianca-de-12-anos\/#article","isPartOf":{"@id":"https:\/\/portaltela.pt\/noticias\/2025\/12\/09\/campanha-procura-dadores-de-medula-ossea-para-crianca-de-12-anos\/"},"author":{"name":"Telinha","@id":"https:\/\/portaltela.pt\/#\/schema\/person\/c4278d4a6028830caff9ee44b42d32ed"},"headline":"Campanha procura dadores de medula \u00f3ssea para crian\u00e7a de 12 anos","datePublished":"2025-12-10T00:00:00+00:00","mainEntityOfPage":{"@id":"https:\/\/portaltela.pt\/noticias\/2025\/12\/09\/campanha-procura-dadores-de-medula-ossea-para-crianca-de-12-anos\/"},"wordCount":281,"image":{"@id":"https:\/\/portaltela.pt\/noticias\/2025\/12\/09\/campanha-procura-dadores-de-medula-ossea-para-crianca-de-12-anos\/#primaryimage"},"thumbnailUrl":"https:\/\/portaltela.pt\/s.01k8rhncp4jt1\/2025\/12\/WhatsApp-Image-2025-12-10-at-17.32.31.jpg","keywords":["campanha","doa\u00e7\u00e3o","hematologia","Porto","Portugal","sa\u00fade"],"articleSection":["Not\u00edcias"],"inLanguage":"pt-PT"},{"@type":"WebPage","@id":"https:\/\/portaltela.pt\/noticias\/2025\/12\/09\/campanha-procura-dadores-de-medula-ossea-para-crianca-de-12-anos\/","url":"https:\/\/portaltela.pt\/noticias\/2025\/12\/09\/campanha-procura-dadores-de-medula-ossea-para-crianca-de-12-anos\/","name":"Campanha procura dadores de medula \u00f3ssea para crian\u00e7a de 12 anos - Portal Tela Portugal","isPartOf":{"@id":"https:\/\/portaltela.pt\/#website"},"primaryImageOfPage":{"@id":"https:\/\/portaltela.pt\/noticias\/2025\/12\/09\/campanha-procura-dadores-de-medula-ossea-para-crianca-de-12-anos\/#primaryimage"},"image":{"@id":"https:\/\/portaltela.pt\/noticias\/2025\/12\/09\/campanha-procura-dadores-de-medula-ossea-para-crianca-de-12-anos\/#primaryimage"},"thumbnailUrl":"https:\/\/portaltela.pt\/s.01k8rhncp4jt1\/2025\/12\/WhatsApp-Image-2025-12-10-at-17.32.31.jpg","datePublished":"2025-12-10T00:00:00+00:00","author":{"@id":"https:\/\/portaltela.pt\/#\/schema\/person\/c4278d4a6028830caff9ee44b42d32ed"},"breadcrumb":{"@id":"https:\/\/portaltela.pt\/noticias\/2025\/12\/09\/campanha-procura-dadores-de-medula-ossea-para-crianca-de-12-anos\/#breadcrumb"},"inLanguage":"pt-PT","potentialAction":[{"@type":"ReadAction","target":["https:\/\/portaltela.pt\/noticias\/2025\/12\/09\/campanha-procura-dadores-de-medula-ossea-para-crianca-de-12-anos\/"]}]},{"@type":"ImageObject","inLanguage":"pt-PT","@id":"https:\/\/portaltela.pt\/noticias\/2025\/12\/09\/campanha-procura-dadores-de-medula-ossea-para-crianca-de-12-anos\/#primaryimage","url":"https:\/\/portaltela.pt\/s.01k8rhncp4jt1\/2025\/12\/WhatsApp-Image-2025-12-10-at-17.32.31.jpg","contentUrl":"https:\/\/portaltela.pt\/s.01k8rhncp4jt1\/2025\/12\/WhatsApp-Image-2025-12-10-at-17.32.31.jpg","width":796,"height":448,"caption":"Photo"},{"@type":"BreadcrumbList","@id":"https:\/\/portaltela.pt\/noticias\/2025\/12\/09\/campanha-procura-dadores-de-medula-ossea-para-crianca-de-12-anos\/#breadcrumb","itemListElement":[{"@type":"ListItem","position":1,"name":"In\u00edcio","item":"https:\/\/portaltela.pt\/"},{"@type":"ListItem","position":2,"name":"Campanha procura dadores de medula \u00f3ssea para crian\u00e7a de 12 anos"}]},{"@type":"WebSite","@id":"https:\/\/portaltela.pt\/#website","url":"https:\/\/portaltela.pt\/","name":"Portal Tela Portugal","description":"","potentialAction":[{"@type":"SearchAction","target":{"@type":"EntryPoint","urlTemplate":"https:\/\/portaltela.pt\/?s={search_term_string}"},"query-input":{"@type":"PropertyValueSpecification","valueRequired":true,"valueName":"search_term_string"}}],"inLanguage":"pt-PT"},{"@type":"Person","@id":"https:\/\/portaltela.pt\/#\/schema\/person\/c4278d4a6028830caff9ee44b42d32ed","name":"Telinha","image":{"@type":"ImageObject","inLanguage":"pt-PT","@id":"https:\/\/portaltela.pt\/s.01k8rhncp4jt1\/2025\/11\/talking-bot-125x125.png","url":"https:\/\/portaltela.pt\/s.01k8rhncp4jt1\/2025\/11\/talking-bot-125x125.png","contentUrl":"https:\/\/portaltela.pt\/s.01k8rhncp4jt1\/2025\/11\/talking-bot-125x125.png","caption":"Telinha"},"sameAs":["https:\/\/portaltela.pt\/"],"url":"https:\/\/portaltela.pt\/por\/367410592786\/"}]}},"_links":{"self":[{"href":"https:\/\/portaltela.pt\/api\/wp\/v2\/posts\/65264","targetHints":{"allow":["GET"]}}],"collection":[{"href":"https:\/\/portaltela.pt\/api\/wp\/v2\/posts"}],"about":[{"href":"https:\/\/portaltela.pt\/api\/wp\/v2\/types\/post"}],"author":[{"embeddable":true,"href":"https:\/\/portaltela.pt\/api\/wp\/v2\/users\/2"}],"replies":[{"embeddable":true,"href":"https:\/\/portaltela.pt\/api\/wp\/v2\/comments?post=65264"}],"version-history":[{"count":0,"href":"https:\/\/portaltela.pt\/api\/wp\/v2\/posts\/65264\/revisions"}],"wp:featuredmedia":[{"embeddable":true,"href":"https:\/\/portaltela.pt\/api\/wp\/v2\/media\/65269"}],"wp:attachment":[{"href":"https:\/\/portaltela.pt\/api\/wp\/v2\/media?parent=65264"}],"wp:term":[{"taxonomy":"category","embeddable":true,"href":"https:\/\/portaltela.pt\/api\/wp\/v2\/categories?post=65264"},{"taxonomy":"post_tag","embeddable":true,"href":"https:\/\/portaltela.pt\/api\/wp\/v2\/tags?post=65264"}],"curies":[{"name":"wp","href":"https:\/\/api.w.org\/{rel}","templated":true}]}}