{"id":64852,"date":"2025-12-10T12:05:00","date_gmt":"2025-12-10T15:05:00","guid":{"rendered":"https:\/\/portaltela.pt\/noticias\/2025\/12\/10\/parte-de-bairro-mineiro-em-viana-do-castelo-legalizada-com-17-escrituras\/"},"modified":"2025-12-10T12:05:00","modified_gmt":"2025-12-10T15:05:00","slug":"parte-de-bairro-mineiro-em-viana-do-castelo-legalizada-com-17-escrituras","status":"publish","type":"post","link":"https:\/\/portaltela.pt\/noticias\/2025\/12\/10\/parte-de-bairro-mineiro-em-viana-do-castelo-legalizada-com-17-escrituras\/","title":{"rendered":"Parte de bairro mineiro em Viana do Castelo legalizada com 17 escrituras"},"content":{"rendered":"<p>Uma parte de um bairro mineiro anterior \u00e0 d\u00e9cada de 50, em Alvar\u00e3es, Viana do Castelo, foi regularizada com a entrega das primeiras 17 escrituras. O processo envolve 35 lotes e 100 casas que estavam em AUGI, no Lugar da Costeira.<\/p>\n<p>A autarquia revelou que o momento representa a resolu\u00e7\u00e3o de um impasse de mais de 50 anos para as fam\u00edlias de Alvar\u00e3es. Os custos do processo foram assumidos integralmente pela C\u00e2mara Municipal.<\/p>\n<p>Em 2023 ocorreu a transmiss\u00e3o gratuita de 35 lotes da AUGI para o munic\u00edpio. Em 2022 foi aprovada a transfer\u00eancia para constru\u00e7\u00e3o de mais 10 fogos de habita\u00e7\u00e3o social.<\/p>\n<h3>Regulariza\u00e7\u00e3o conclui impasse de meio s\u00e9culo<\/h3>\n<p>A proposta AUGI de Alvar\u00e3es \u2014 Bairros de Habita\u00e7\u00e3o Social foi desencadeada pela Junta de Freguesia de Alvar\u00e3es junto da C\u00e2mara, com foco na situa\u00e7\u00e3o de 100 casas sem projeto aprovado ou licen\u00e7a.<\/p>\n<p>Dentro da AUGI est\u00e3o os bairros da Costeira e Nossa Senhora de F\u00e1tima (24 fogos) e de S. Jos\u00e9 (10 fogos), j\u00e1 requalificados pelo munic\u00edpio.<\/p>\n<p>As AUGI correspondem a aglomerados surgidos antes ou depois de 1965, sem licenciamento ou sem loteamento, conforme a defini\u00e7\u00e3o municipal, para fins de regulariza\u00e7\u00e3o urbana.<\/p>\n","protected":false},"excerpt":{"rendered":"<ul>\n<li>Foram entregues as primeiras 17 escrituras de um conjunto de 35 lotes e 100 casas na \u00c1rea Urbana de G\u00e9nese Ilegal (AUGI) do Lugar da Costeira, em Alvar\u00e3es, Viana do Castelo.<\/li>\n<li>O processo encerra um impasse de mais de 50 anos e os custos foram integralmente assegurados pela autarquia.<\/li>\n<li>Em janeiro de 2023 houve a transmiss\u00e3o gratuita de 35 lotes da Junta de Freguesia para a c\u00e2mara municipal.<\/li>\n<li>Em dezembro de 2022 a Assembleia de Freguesia de Alvar\u00e3es aprovou a transfer\u00eancia gratuita para o munic\u00edpio dos 35 lotes e de um lote para a constru\u00e7\u00e3o de mais 10 fogos de habita\u00e7\u00e3o social.<\/li>\n<li>As AUGI correspondem a aglomerados de constru\u00e7\u00f5es sem licen\u00e7a ou sem processo de loteamento, situados sobretudo ao longo de cerca de sessenta anos, com os per\u00edmetros definidos pela c\u00e2mara municipal.<\/li>\n<\/ul>\n","protected":false},"author":2,"featured_media":64856,"comment_status":"closed","ping_status":"closed","sticky":false,"template":"","format":"standard","meta":{"footnotes":""},"categories":[1],"tags":[830,150,1010,1167,619,189],"class_list":["post-64852","post","type-post","status-publish","format-standard","has-post-thumbnail","hentry","category-noticias","tag-coesao-territorial","tag-habitacao","tag-habitacao-publica","tag-habitacao-social","tag-propriedade-horizontal","tag-urbanismo"],"yoast_head":"<!-- This site is optimized with the Yoast SEO plugin v27.2 - https:\/\/yoast.com\/product\/yoast-seo-wordpress\/ -->\n<title>Parte de bairro mineiro em Viana do Castelo legalizada com 17 escrituras - Portal Tela Portugal<\/title>\n<meta name=\"robots\" content=\"index, follow, max-snippet:-1, max-image-preview:large, max-video-preview:-1\" \/>\n<meta property=\"og:locale\" content=\"pt_PT\" \/>\n<meta property=\"og:type\" content=\"article\" \/>\n<meta property=\"og:title\" content=\"Parte de bairro mineiro em Viana do Castelo legalizada com 17 escrituras - Portal Tela Portugal\" \/>\n<meta property=\"og:description\" content=\"Foram entregues as primeiras 17 escrituras de um conjunto de 35 lotes e 100 casas na \u00c1rea Urbana de G\u00e9nese Ilegal (AUGI) do Lugar da Costeira, em Alvar\u00e3es, Viana do Castelo. O processo encerra um impasse de mais de 50 anos e os custos foram integralmente assegurados pela autarquia. Em janeiro de 2023 houve a transmiss\u00e3o gratuita de 35 lotes da Junta de Freguesia para a c\u00e2mara municipal. Em dezembro de 2022 a Assembleia de Freguesia de Alvar\u00e3es aprovou a transfer\u00eancia gratuita para o munic\u00edpio dos 35 lotes e de um lote para a constru\u00e7\u00e3o de mais 10 fogos de habita\u00e7\u00e3o social. As AUGI correspondem a aglomerados de constru\u00e7\u00f5es sem licen\u00e7a ou sem processo de loteamento, situados sobretudo ao longo de cerca de sessenta anos, com os per\u00edmetros definidos pela c\u00e2mara municipal.\" \/>\n<meta property=\"og:url\" content=\"https:\/\/portaltela.pt\/noticias\/2025\/12\/10\/parte-de-bairro-mineiro-em-viana-do-castelo-legalizada-com-17-escrituras\/\" \/>\n<meta property=\"og:site_name\" content=\"Portal Tela Portugal\" \/>\n<meta property=\"article:published_time\" content=\"2025-12-10T15:05:00+00:00\" \/>\n<meta name=\"author\" content=\"Telinha\" \/>\n<meta name=\"twitter:card\" content=\"summary_large_image\" \/>\n<meta name=\"twitter:label1\" content=\"Escrito por\" \/>\n\t<meta name=\"twitter:data1\" content=\"Telinha\" \/>\n\t<meta name=\"twitter:label2\" content=\"Tempo estimado de leitura\" \/>\n\t<meta name=\"twitter:data2\" content=\"1 minuto\" \/>\n<script type=\"application\/ld+json\" class=\"yoast-schema-graph\">{\"@context\":\"https:\/\/schema.org\",\"@graph\":[{\"@type\":\"Article\",\"@id\":\"https:\/\/portaltela.pt\/noticias\/2025\/12\/10\/parte-de-bairro-mineiro-em-viana-do-castelo-legalizada-com-17-escrituras\/#article\",\"isPartOf\":{\"@id\":\"https:\/\/portaltela.pt\/noticias\/2025\/12\/10\/parte-de-bairro-mineiro-em-viana-do-castelo-legalizada-com-17-escrituras\/\"},\"author\":{\"name\":\"Telinha\",\"@id\":\"https:\/\/portaltela.pt\/#\/schema\/person\/c4278d4a6028830caff9ee44b42d32ed\"},\"headline\":\"Parte de bairro mineiro em Viana do Castelo legalizada com 17 escrituras\",\"datePublished\":\"2025-12-10T15:05:00+00:00\",\"mainEntityOfPage\":{\"@id\":\"https:\/\/portaltela.pt\/noticias\/2025\/12\/10\/parte-de-bairro-mineiro-em-viana-do-castelo-legalizada-com-17-escrituras\/\"},\"wordCount\":211,\"image\":{\"@id\":\"https:\/\/portaltela.pt\/noticias\/2025\/12\/10\/parte-de-bairro-mineiro-em-viana-do-castelo-legalizada-com-17-escrituras\/#primaryimage\"},\"thumbnailUrl\":\"https:\/\/portaltela.pt\/s.01k8rhncp4jt1\/2025\/12\/img_1280x721uu2024-02-06-10-58-46-1563781-1.jpg\",\"keywords\":[\"Coes\u00e3o Territorial\",\"habita\u00e7\u00e3o\",\"habita\u00e7\u00e3o p\u00fablica\",\"habita\u00e7\u00e3o social\",\"propriedade horizontal\",\"urbanismo\"],\"articleSection\":[\"Not\u00edcias\"],\"inLanguage\":\"pt-PT\"},{\"@type\":\"WebPage\",\"@id\":\"https:\/\/portaltela.pt\/noticias\/2025\/12\/10\/parte-de-bairro-mineiro-em-viana-do-castelo-legalizada-com-17-escrituras\/\",\"url\":\"https:\/\/portaltela.pt\/noticias\/2025\/12\/10\/parte-de-bairro-mineiro-em-viana-do-castelo-legalizada-com-17-escrituras\/\",\"name\":\"Parte de bairro mineiro em Viana do Castelo legalizada com 17 escrituras - Portal Tela Portugal\",\"isPartOf\":{\"@id\":\"https:\/\/portaltela.pt\/#website\"},\"primaryImageOfPage\":{\"@id\":\"https:\/\/portaltela.pt\/noticias\/2025\/12\/10\/parte-de-bairro-mineiro-em-viana-do-castelo-legalizada-com-17-escrituras\/#primaryimage\"},\"image\":{\"@id\":\"https:\/\/portaltela.pt\/noticias\/2025\/12\/10\/parte-de-bairro-mineiro-em-viana-do-castelo-legalizada-com-17-escrituras\/#primaryimage\"},\"thumbnailUrl\":\"https:\/\/portaltela.pt\/s.01k8rhncp4jt1\/2025\/12\/img_1280x721uu2024-02-06-10-58-46-1563781-1.jpg\",\"datePublished\":\"2025-12-10T15:05:00+00:00\",\"author\":{\"@id\":\"https:\/\/portaltela.pt\/#\/schema\/person\/c4278d4a6028830caff9ee44b42d32ed\"},\"breadcrumb\":{\"@id\":\"https:\/\/portaltela.pt\/noticias\/2025\/12\/10\/parte-de-bairro-mineiro-em-viana-do-castelo-legalizada-com-17-escrituras\/#breadcrumb\"},\"inLanguage\":\"pt-PT\",\"potentialAction\":[{\"@type\":\"ReadAction\",\"target\":[\"https:\/\/portaltela.pt\/noticias\/2025\/12\/10\/parte-de-bairro-mineiro-em-viana-do-castelo-legalizada-com-17-escrituras\/\"]}]},{\"@type\":\"ImageObject\",\"inLanguage\":\"pt-PT\",\"@id\":\"https:\/\/portaltela.pt\/noticias\/2025\/12\/10\/parte-de-bairro-mineiro-em-viana-do-castelo-legalizada-com-17-escrituras\/#primaryimage\",\"url\":\"https:\/\/portaltela.pt\/s.01k8rhncp4jt1\/2025\/12\/img_1280x721uu2024-02-06-10-58-46-1563781-1.jpg\",\"contentUrl\":\"https:\/\/portaltela.pt\/s.01k8rhncp4jt1\/2025\/12\/img_1280x721uu2024-02-06-10-58-46-1563781-1.jpg\",\"width\":796,\"height\":448,\"caption\":\"C\u00e2mara de Viana do Castelo; FOTO: Paulo Duarte\/Jornal de Neg\u00f3cios\"},{\"@type\":\"BreadcrumbList\",\"@id\":\"https:\/\/portaltela.pt\/noticias\/2025\/12\/10\/parte-de-bairro-mineiro-em-viana-do-castelo-legalizada-com-17-escrituras\/#breadcrumb\",\"itemListElement\":[{\"@type\":\"ListItem\",\"position\":1,\"name\":\"In\u00edcio\",\"item\":\"https:\/\/portaltela.pt\/\"},{\"@type\":\"ListItem\",\"position\":2,\"name\":\"Parte de bairro mineiro em Viana do Castelo legalizada com 17 escrituras\"}]},{\"@type\":\"WebSite\",\"@id\":\"https:\/\/portaltela.pt\/#website\",\"url\":\"https:\/\/portaltela.pt\/\",\"name\":\"Portal Tela Portugal\",\"description\":\"\",\"potentialAction\":[{\"@type\":\"SearchAction\",\"target\":{\"@type\":\"EntryPoint\",\"urlTemplate\":\"https:\/\/portaltela.pt\/?s={search_term_string}\"},\"query-input\":{\"@type\":\"PropertyValueSpecification\",\"valueRequired\":true,\"valueName\":\"search_term_string\"}}],\"inLanguage\":\"pt-PT\"},{\"@type\":\"Person\",\"@id\":\"https:\/\/portaltela.pt\/#\/schema\/person\/c4278d4a6028830caff9ee44b42d32ed\",\"name\":\"Telinha\",\"image\":{\"@type\":\"ImageObject\",\"inLanguage\":\"pt-PT\",\"@id\":\"https:\/\/portaltela.pt\/s.01k8rhncp4jt1\/2025\/11\/talking-bot-125x125.png\",\"url\":\"https:\/\/portaltela.pt\/s.01k8rhncp4jt1\/2025\/11\/talking-bot-125x125.png\",\"contentUrl\":\"https:\/\/portaltela.pt\/s.01k8rhncp4jt1\/2025\/11\/talking-bot-125x125.png\",\"caption\":\"Telinha\"},\"sameAs\":[\"https:\/\/portaltela.pt\/\"],\"url\":\"https:\/\/portaltela.pt\/por\/367410592786\/\"}]}<\/script>\n<!-- \/ Yoast SEO plugin. -->","yoast_head_json":{"title":"Parte de bairro mineiro em Viana do Castelo legalizada com 17 escrituras - Portal Tela Portugal","robots":{"index":"index","follow":"follow","max-snippet":"max-snippet:-1","max-image-preview":"max-image-preview:large","max-video-preview":"max-video-preview:-1"},"og_locale":"pt_PT","og_type":"article","og_title":"Parte de bairro mineiro em Viana do Castelo legalizada com 17 escrituras - Portal Tela Portugal","og_description":"Foram entregues as primeiras 17 escrituras de um conjunto de 35 lotes e 100 casas na \u00c1rea Urbana de G\u00e9nese Ilegal (AUGI) do Lugar da Costeira, em Alvar\u00e3es, Viana do Castelo. O processo encerra um impasse de mais de 50 anos e os custos foram integralmente assegurados pela autarquia. Em janeiro de 2023 houve a transmiss\u00e3o gratuita de 35 lotes da Junta de Freguesia para a c\u00e2mara municipal. Em dezembro de 2022 a Assembleia de Freguesia de Alvar\u00e3es aprovou a transfer\u00eancia gratuita para o munic\u00edpio dos 35 lotes e de um lote para a constru\u00e7\u00e3o de mais 10 fogos de habita\u00e7\u00e3o social. As AUGI correspondem a aglomerados de constru\u00e7\u00f5es sem licen\u00e7a ou sem processo de loteamento, situados sobretudo ao longo de cerca de sessenta anos, com os per\u00edmetros definidos pela c\u00e2mara municipal.","og_url":"https:\/\/portaltela.pt\/noticias\/2025\/12\/10\/parte-de-bairro-mineiro-em-viana-do-castelo-legalizada-com-17-escrituras\/","og_site_name":"Portal Tela Portugal","article_published_time":"2025-12-10T15:05:00+00:00","author":"Telinha","twitter_card":"summary_large_image","twitter_misc":{"Escrito por":"Telinha","Tempo estimado de leitura":"1 minuto"},"schema":{"@context":"https:\/\/schema.org","@graph":[{"@type":"Article","@id":"https:\/\/portaltela.pt\/noticias\/2025\/12\/10\/parte-de-bairro-mineiro-em-viana-do-castelo-legalizada-com-17-escrituras\/#article","isPartOf":{"@id":"https:\/\/portaltela.pt\/noticias\/2025\/12\/10\/parte-de-bairro-mineiro-em-viana-do-castelo-legalizada-com-17-escrituras\/"},"author":{"name":"Telinha","@id":"https:\/\/portaltela.pt\/#\/schema\/person\/c4278d4a6028830caff9ee44b42d32ed"},"headline":"Parte de bairro mineiro em Viana do Castelo legalizada com 17 escrituras","datePublished":"2025-12-10T15:05:00+00:00","mainEntityOfPage":{"@id":"https:\/\/portaltela.pt\/noticias\/2025\/12\/10\/parte-de-bairro-mineiro-em-viana-do-castelo-legalizada-com-17-escrituras\/"},"wordCount":211,"image":{"@id":"https:\/\/portaltela.pt\/noticias\/2025\/12\/10\/parte-de-bairro-mineiro-em-viana-do-castelo-legalizada-com-17-escrituras\/#primaryimage"},"thumbnailUrl":"https:\/\/portaltela.pt\/s.01k8rhncp4jt1\/2025\/12\/img_1280x721uu2024-02-06-10-58-46-1563781-1.jpg","keywords":["Coes\u00e3o Territorial","habita\u00e7\u00e3o","habita\u00e7\u00e3o p\u00fablica","habita\u00e7\u00e3o social","propriedade horizontal","urbanismo"],"articleSection":["Not\u00edcias"],"inLanguage":"pt-PT"},{"@type":"WebPage","@id":"https:\/\/portaltela.pt\/noticias\/2025\/12\/10\/parte-de-bairro-mineiro-em-viana-do-castelo-legalizada-com-17-escrituras\/","url":"https:\/\/portaltela.pt\/noticias\/2025\/12\/10\/parte-de-bairro-mineiro-em-viana-do-castelo-legalizada-com-17-escrituras\/","name":"Parte de bairro mineiro em Viana do Castelo legalizada com 17 escrituras - Portal Tela Portugal","isPartOf":{"@id":"https:\/\/portaltela.pt\/#website"},"primaryImageOfPage":{"@id":"https:\/\/portaltela.pt\/noticias\/2025\/12\/10\/parte-de-bairro-mineiro-em-viana-do-castelo-legalizada-com-17-escrituras\/#primaryimage"},"image":{"@id":"https:\/\/portaltela.pt\/noticias\/2025\/12\/10\/parte-de-bairro-mineiro-em-viana-do-castelo-legalizada-com-17-escrituras\/#primaryimage"},"thumbnailUrl":"https:\/\/portaltela.pt\/s.01k8rhncp4jt1\/2025\/12\/img_1280x721uu2024-02-06-10-58-46-1563781-1.jpg","datePublished":"2025-12-10T15:05:00+00:00","author":{"@id":"https:\/\/portaltela.pt\/#\/schema\/person\/c4278d4a6028830caff9ee44b42d32ed"},"breadcrumb":{"@id":"https:\/\/portaltela.pt\/noticias\/2025\/12\/10\/parte-de-bairro-mineiro-em-viana-do-castelo-legalizada-com-17-escrituras\/#breadcrumb"},"inLanguage":"pt-PT","potentialAction":[{"@type":"ReadAction","target":["https:\/\/portaltela.pt\/noticias\/2025\/12\/10\/parte-de-bairro-mineiro-em-viana-do-castelo-legalizada-com-17-escrituras\/"]}]},{"@type":"ImageObject","inLanguage":"pt-PT","@id":"https:\/\/portaltela.pt\/noticias\/2025\/12\/10\/parte-de-bairro-mineiro-em-viana-do-castelo-legalizada-com-17-escrituras\/#primaryimage","url":"https:\/\/portaltela.pt\/s.01k8rhncp4jt1\/2025\/12\/img_1280x721uu2024-02-06-10-58-46-1563781-1.jpg","contentUrl":"https:\/\/portaltela.pt\/s.01k8rhncp4jt1\/2025\/12\/img_1280x721uu2024-02-06-10-58-46-1563781-1.jpg","width":796,"height":448,"caption":"C\u00e2mara de Viana do Castelo; FOTO: Paulo Duarte\/Jornal de Neg\u00f3cios"},{"@type":"BreadcrumbList","@id":"https:\/\/portaltela.pt\/noticias\/2025\/12\/10\/parte-de-bairro-mineiro-em-viana-do-castelo-legalizada-com-17-escrituras\/#breadcrumb","itemListElement":[{"@type":"ListItem","position":1,"name":"In\u00edcio","item":"https:\/\/portaltela.pt\/"},{"@type":"ListItem","position":2,"name":"Parte de bairro mineiro em Viana do Castelo legalizada com 17 escrituras"}]},{"@type":"WebSite","@id":"https:\/\/portaltela.pt\/#website","url":"https:\/\/portaltela.pt\/","name":"Portal Tela Portugal","description":"","potentialAction":[{"@type":"SearchAction","target":{"@type":"EntryPoint","urlTemplate":"https:\/\/portaltela.pt\/?s={search_term_string}"},"query-input":{"@type":"PropertyValueSpecification","valueRequired":true,"valueName":"search_term_string"}}],"inLanguage":"pt-PT"},{"@type":"Person","@id":"https:\/\/portaltela.pt\/#\/schema\/person\/c4278d4a6028830caff9ee44b42d32ed","name":"Telinha","image":{"@type":"ImageObject","inLanguage":"pt-PT","@id":"https:\/\/portaltela.pt\/s.01k8rhncp4jt1\/2025\/11\/talking-bot-125x125.png","url":"https:\/\/portaltela.pt\/s.01k8rhncp4jt1\/2025\/11\/talking-bot-125x125.png","contentUrl":"https:\/\/portaltela.pt\/s.01k8rhncp4jt1\/2025\/11\/talking-bot-125x125.png","caption":"Telinha"},"sameAs":["https:\/\/portaltela.pt\/"],"url":"https:\/\/portaltela.pt\/por\/367410592786\/"}]}},"_links":{"self":[{"href":"https:\/\/portaltela.pt\/api\/wp\/v2\/posts\/64852","targetHints":{"allow":["GET"]}}],"collection":[{"href":"https:\/\/portaltela.pt\/api\/wp\/v2\/posts"}],"about":[{"href":"https:\/\/portaltela.pt\/api\/wp\/v2\/types\/post"}],"author":[{"embeddable":true,"href":"https:\/\/portaltela.pt\/api\/wp\/v2\/users\/2"}],"replies":[{"embeddable":true,"href":"https:\/\/portaltela.pt\/api\/wp\/v2\/comments?post=64852"}],"version-history":[{"count":0,"href":"https:\/\/portaltela.pt\/api\/wp\/v2\/posts\/64852\/revisions"}],"wp:featuredmedia":[{"embeddable":true,"href":"https:\/\/portaltela.pt\/api\/wp\/v2\/media\/64856"}],"wp:attachment":[{"href":"https:\/\/portaltela.pt\/api\/wp\/v2\/media?parent=64852"}],"wp:term":[{"taxonomy":"category","embeddable":true,"href":"https:\/\/portaltela.pt\/api\/wp\/v2\/categories?post=64852"},{"taxonomy":"post_tag","embeddable":true,"href":"https:\/\/portaltela.pt\/api\/wp\/v2\/tags?post=64852"}],"curies":[{"name":"wp","href":"https:\/\/api.w.org\/{rel}","templated":true}]}}