{"id":64640,"date":"2025-12-09T21:00:00","date_gmt":"2025-12-10T00:00:00","guid":{"rendered":"https:\/\/portaltela.pt\/noticias\/2025\/12\/09\/medico-explica-aspergilose-que-levou-jovem-com-cancer-a-fazer-apelo\/"},"modified":"2025-12-09T21:00:00","modified_gmt":"2025-12-10T00:00:00","slug":"medico-explica-aspergilose-que-levou-jovem-com-cancer-a-fazer-apelo","status":"publish","type":"post","link":"https:\/\/portaltela.pt\/noticias\/2025\/12\/09\/medico-explica-aspergilose-que-levou-jovem-com-cancer-a-fazer-apelo\/","title":{"rendered":"M\u00e9dico explica aspergilose que levou jovem com c\u00e2ncer a fazer apelo"},"content":{"rendered":"<p>Angela Pereira, 23 anos, enfrenta um cancro com mau progn\u00f3stico. J\u00e1 foi submetida a transplante de medula \u00f3ssea e desenvolveu aspergilose invasiva, que ataca sobretudo os pulm\u00f5es. O caso \u00e9 apresentado como uma prioridade cl\u00ednica e social.<\/p>\n<p>M\u00e9dicos n\u00e3o indicam perspetiva de cura para o cancro, segundo informa\u00e7\u00f5es dispon\u00edveis. O quadro atual de sa\u00fade de Angela mant\u00e9m-se complexo, com o historial de transplante a influenciar a gest\u00e3o cl\u00ednica e os riscos associados.<\/p>\n<p>O infecciologista H\u00e9lder Pinheiro explica do que se trata a aspergilose invasiva, destacando que \u00e9 uma infe\u00e7\u00e3o f\u00fangica grave. O especialista descreve os pulm\u00f5es como principal alvo, especialmente em pacientes com sistema imunit\u00e1rio comprometido.<\/p>\n<h3>O que \u00e9 a aspergilose invasiva<\/h3>\n<p>H\u00e9lder Pinheiro acrescenta que a aspergilose invasiva pode exigir diagn\u00f3stico c\u00e9lere e terap\u00eautica antif\u00fangida espec\u00edfica. O acompanhamento m\u00e9dico \u00e9 essencial para avaliar evolu\u00e7\u00e3o, resposta ao tratamento e potenciais complica\u00e7\u00f5es respirat\u00f3rias.<\/p>\n","protected":false},"excerpt":{"rendered":"<ul>\n<li>\u00c2ngela Pereira, 23 anos, tem c\u00e2ncer com m\u00e1-prognose e j\u00e1 passou por transplante de medula \u00f3ssea.<\/li>\n<li>Ela desenvolveu aspergilose invasiva, doen\u00e7a que est\u00e1 a afetar os pulm\u00f5es.<\/li>\n<li>Os m\u00e9dicos n\u00e3o t\u00eam esperan\u00e7as de cura para o cancro, pois nenhum tratamento tem mostrado efic\u00e1cia.<\/li>\n<li>O infectologista H\u00e9lder Pinheiro explica do que se trata a aspergilose invasiva.<\/li>\n<li>\u00c2ngela apenas quer uma nova hip\u00f3tese para continuar a viver.<\/li>\n<\/ul>\n","protected":false},"author":2,"featured_media":64647,"comment_status":"closed","ping_status":"closed","sticky":false,"template":"","format":"standard","meta":{"footnotes":""},"categories":[1],"tags":[841,988,215,172],"class_list":["post-64640","post","type-post","status-publish","format-standard","has-post-thumbnail","hentry","category-noticias","tag-infecao-respiratoria-aguda","tag-infecoes-oportunistas","tag-investigacao","tag-saude"],"yoast_head":"<!-- This site is optimized with the Yoast SEO plugin v27.2 - https:\/\/yoast.com\/product\/yoast-seo-wordpress\/ -->\n<title>M\u00e9dico explica aspergilose que levou jovem com c\u00e2ncer a fazer apelo - Portal Tela Portugal<\/title>\n<meta name=\"robots\" content=\"index, follow, max-snippet:-1, max-image-preview:large, max-video-preview:-1\" \/>\n<meta property=\"og:locale\" content=\"pt_PT\" \/>\n<meta property=\"og:type\" content=\"article\" \/>\n<meta property=\"og:title\" content=\"M\u00e9dico explica aspergilose que levou jovem com c\u00e2ncer a fazer apelo - Portal Tela Portugal\" \/>\n<meta property=\"og:description\" content=\"\u00c2ngela Pereira, 23 anos, tem c\u00e2ncer com m\u00e1-prognose e j\u00e1 passou por transplante de medula \u00f3ssea. Ela desenvolveu aspergilose invasiva, doen\u00e7a que est\u00e1 a afetar os pulm\u00f5es. Os m\u00e9dicos n\u00e3o t\u00eam esperan\u00e7as de cura para o cancro, pois nenhum tratamento tem mostrado efic\u00e1cia. O infectologista H\u00e9lder Pinheiro explica do que se trata a aspergilose invasiva. \u00c2ngela apenas quer uma nova hip\u00f3tese para continuar a viver.\" \/>\n<meta property=\"og:url\" content=\"https:\/\/portaltela.pt\/noticias\/2025\/12\/09\/medico-explica-aspergilose-que-levou-jovem-com-cancer-a-fazer-apelo\/\" \/>\n<meta property=\"og:site_name\" content=\"Portal Tela Portugal\" \/>\n<meta property=\"article:published_time\" content=\"2025-12-10T00:00:00+00:00\" \/>\n<meta name=\"author\" content=\"Telinha\" \/>\n<meta name=\"twitter:card\" content=\"summary_large_image\" \/>\n<meta name=\"twitter:label1\" content=\"Escrito por\" \/>\n\t<meta name=\"twitter:data1\" content=\"Telinha\" \/>\n\t<meta name=\"twitter:label2\" content=\"Tempo estimado de leitura\" \/>\n\t<meta name=\"twitter:data2\" content=\"1 minuto\" \/>\n<script type=\"application\/ld+json\" class=\"yoast-schema-graph\">{\"@context\":\"https:\/\/schema.org\",\"@graph\":[{\"@type\":\"Article\",\"@id\":\"https:\/\/portaltela.pt\/noticias\/2025\/12\/09\/medico-explica-aspergilose-que-levou-jovem-com-cancer-a-fazer-apelo\/#article\",\"isPartOf\":{\"@id\":\"https:\/\/portaltela.pt\/noticias\/2025\/12\/09\/medico-explica-aspergilose-que-levou-jovem-com-cancer-a-fazer-apelo\/\"},\"author\":{\"name\":\"Telinha\",\"@id\":\"https:\/\/portaltela.pt\/#\/schema\/person\/c4278d4a6028830caff9ee44b42d32ed\"},\"headline\":\"M\u00e9dico explica aspergilose que levou jovem com c\u00e2ncer a fazer apelo\",\"datePublished\":\"2025-12-10T00:00:00+00:00\",\"mainEntityOfPage\":{\"@id\":\"https:\/\/portaltela.pt\/noticias\/2025\/12\/09\/medico-explica-aspergilose-que-levou-jovem-com-cancer-a-fazer-apelo\/\"},\"wordCount\":176,\"image\":{\"@id\":\"https:\/\/portaltela.pt\/noticias\/2025\/12\/09\/medico-explica-aspergilose-que-levou-jovem-com-cancer-a-fazer-apelo\/#primaryimage\"},\"thumbnailUrl\":\"https:\/\/portaltela.pt\/s.01k8rhncp4jt1\/2025\/12\/img_1200x721uu2025-12-10-09-34-53-2408250-im-639009563881171886-3.jpg\",\"keywords\":[\"infe\u00e7\u00e3o respirat\u00f3ria aguda\",\"infe\u00e7\u00f5es oportunistas\",\"investiga\u00e7\u00e3o\",\"sa\u00fade\"],\"articleSection\":[\"Not\u00edcias\"],\"inLanguage\":\"pt-PT\"},{\"@type\":\"WebPage\",\"@id\":\"https:\/\/portaltela.pt\/noticias\/2025\/12\/09\/medico-explica-aspergilose-que-levou-jovem-com-cancer-a-fazer-apelo\/\",\"url\":\"https:\/\/portaltela.pt\/noticias\/2025\/12\/09\/medico-explica-aspergilose-que-levou-jovem-com-cancer-a-fazer-apelo\/\",\"name\":\"M\u00e9dico explica aspergilose que levou jovem com c\u00e2ncer a fazer apelo - Portal Tela Portugal\",\"isPartOf\":{\"@id\":\"https:\/\/portaltela.pt\/#website\"},\"primaryImageOfPage\":{\"@id\":\"https:\/\/portaltela.pt\/noticias\/2025\/12\/09\/medico-explica-aspergilose-que-levou-jovem-com-cancer-a-fazer-apelo\/#primaryimage\"},\"image\":{\"@id\":\"https:\/\/portaltela.pt\/noticias\/2025\/12\/09\/medico-explica-aspergilose-que-levou-jovem-com-cancer-a-fazer-apelo\/#primaryimage\"},\"thumbnailUrl\":\"https:\/\/portaltela.pt\/s.01k8rhncp4jt1\/2025\/12\/img_1200x721uu2025-12-10-09-34-53-2408250-im-639009563881171886-3.jpg\",\"datePublished\":\"2025-12-10T00:00:00+00:00\",\"author\":{\"@id\":\"https:\/\/portaltela.pt\/#\/schema\/person\/c4278d4a6028830caff9ee44b42d32ed\"},\"breadcrumb\":{\"@id\":\"https:\/\/portaltela.pt\/noticias\/2025\/12\/09\/medico-explica-aspergilose-que-levou-jovem-com-cancer-a-fazer-apelo\/#breadcrumb\"},\"inLanguage\":\"pt-PT\",\"potentialAction\":[{\"@type\":\"ReadAction\",\"target\":[\"https:\/\/portaltela.pt\/noticias\/2025\/12\/09\/medico-explica-aspergilose-que-levou-jovem-com-cancer-a-fazer-apelo\/\"]}]},{\"@type\":\"ImageObject\",\"inLanguage\":\"pt-PT\",\"@id\":\"https:\/\/portaltela.pt\/noticias\/2025\/12\/09\/medico-explica-aspergilose-que-levou-jovem-com-cancer-a-fazer-apelo\/#primaryimage\",\"url\":\"https:\/\/portaltela.pt\/s.01k8rhncp4jt1\/2025\/12\/img_1200x721uu2025-12-10-09-34-53-2408250-im-639009563881171886-3.jpg\",\"contentUrl\":\"https:\/\/portaltela.pt\/s.01k8rhncp4jt1\/2025\/12\/img_1200x721uu2025-12-10-09-34-53-2408250-im-639009563881171886-3.jpg\",\"width\":796,\"height\":448,\"caption\":\"Infecciologista diz que casos s\u00e3o mais graves em situa\u00e7\u00f5es de transplantes de medula, como ocorreu com \u00c2ngela Pereira\"},{\"@type\":\"BreadcrumbList\",\"@id\":\"https:\/\/portaltela.pt\/noticias\/2025\/12\/09\/medico-explica-aspergilose-que-levou-jovem-com-cancer-a-fazer-apelo\/#breadcrumb\",\"itemListElement\":[{\"@type\":\"ListItem\",\"position\":1,\"name\":\"In\u00edcio\",\"item\":\"https:\/\/portaltela.pt\/\"},{\"@type\":\"ListItem\",\"position\":2,\"name\":\"M\u00e9dico explica aspergilose que levou jovem com c\u00e2ncer a fazer apelo\"}]},{\"@type\":\"WebSite\",\"@id\":\"https:\/\/portaltela.pt\/#website\",\"url\":\"https:\/\/portaltela.pt\/\",\"name\":\"Portal Tela Portugal\",\"description\":\"\",\"potentialAction\":[{\"@type\":\"SearchAction\",\"target\":{\"@type\":\"EntryPoint\",\"urlTemplate\":\"https:\/\/portaltela.pt\/?s={search_term_string}\"},\"query-input\":{\"@type\":\"PropertyValueSpecification\",\"valueRequired\":true,\"valueName\":\"search_term_string\"}}],\"inLanguage\":\"pt-PT\"},{\"@type\":\"Person\",\"@id\":\"https:\/\/portaltela.pt\/#\/schema\/person\/c4278d4a6028830caff9ee44b42d32ed\",\"name\":\"Telinha\",\"image\":{\"@type\":\"ImageObject\",\"inLanguage\":\"pt-PT\",\"@id\":\"https:\/\/portaltela.pt\/s.01k8rhncp4jt1\/2025\/11\/talking-bot-125x125.png\",\"url\":\"https:\/\/portaltela.pt\/s.01k8rhncp4jt1\/2025\/11\/talking-bot-125x125.png\",\"contentUrl\":\"https:\/\/portaltela.pt\/s.01k8rhncp4jt1\/2025\/11\/talking-bot-125x125.png\",\"caption\":\"Telinha\"},\"sameAs\":[\"https:\/\/portaltela.pt\/\"],\"url\":\"https:\/\/portaltela.pt\/por\/367410592786\/\"}]}<\/script>\n<!-- \/ Yoast SEO plugin. -->","yoast_head_json":{"title":"M\u00e9dico explica aspergilose que levou jovem com c\u00e2ncer a fazer apelo - Portal Tela Portugal","robots":{"index":"index","follow":"follow","max-snippet":"max-snippet:-1","max-image-preview":"max-image-preview:large","max-video-preview":"max-video-preview:-1"},"og_locale":"pt_PT","og_type":"article","og_title":"M\u00e9dico explica aspergilose que levou jovem com c\u00e2ncer a fazer apelo - Portal Tela Portugal","og_description":"\u00c2ngela Pereira, 23 anos, tem c\u00e2ncer com m\u00e1-prognose e j\u00e1 passou por transplante de medula \u00f3ssea. Ela desenvolveu aspergilose invasiva, doen\u00e7a que est\u00e1 a afetar os pulm\u00f5es. Os m\u00e9dicos n\u00e3o t\u00eam esperan\u00e7as de cura para o cancro, pois nenhum tratamento tem mostrado efic\u00e1cia. O infectologista H\u00e9lder Pinheiro explica do que se trata a aspergilose invasiva. \u00c2ngela apenas quer uma nova hip\u00f3tese para continuar a viver.","og_url":"https:\/\/portaltela.pt\/noticias\/2025\/12\/09\/medico-explica-aspergilose-que-levou-jovem-com-cancer-a-fazer-apelo\/","og_site_name":"Portal Tela Portugal","article_published_time":"2025-12-10T00:00:00+00:00","author":"Telinha","twitter_card":"summary_large_image","twitter_misc":{"Escrito por":"Telinha","Tempo estimado de leitura":"1 minuto"},"schema":{"@context":"https:\/\/schema.org","@graph":[{"@type":"Article","@id":"https:\/\/portaltela.pt\/noticias\/2025\/12\/09\/medico-explica-aspergilose-que-levou-jovem-com-cancer-a-fazer-apelo\/#article","isPartOf":{"@id":"https:\/\/portaltela.pt\/noticias\/2025\/12\/09\/medico-explica-aspergilose-que-levou-jovem-com-cancer-a-fazer-apelo\/"},"author":{"name":"Telinha","@id":"https:\/\/portaltela.pt\/#\/schema\/person\/c4278d4a6028830caff9ee44b42d32ed"},"headline":"M\u00e9dico explica aspergilose que levou jovem com c\u00e2ncer a fazer apelo","datePublished":"2025-12-10T00:00:00+00:00","mainEntityOfPage":{"@id":"https:\/\/portaltela.pt\/noticias\/2025\/12\/09\/medico-explica-aspergilose-que-levou-jovem-com-cancer-a-fazer-apelo\/"},"wordCount":176,"image":{"@id":"https:\/\/portaltela.pt\/noticias\/2025\/12\/09\/medico-explica-aspergilose-que-levou-jovem-com-cancer-a-fazer-apelo\/#primaryimage"},"thumbnailUrl":"https:\/\/portaltela.pt\/s.01k8rhncp4jt1\/2025\/12\/img_1200x721uu2025-12-10-09-34-53-2408250-im-639009563881171886-3.jpg","keywords":["infe\u00e7\u00e3o respirat\u00f3ria aguda","infe\u00e7\u00f5es oportunistas","investiga\u00e7\u00e3o","sa\u00fade"],"articleSection":["Not\u00edcias"],"inLanguage":"pt-PT"},{"@type":"WebPage","@id":"https:\/\/portaltela.pt\/noticias\/2025\/12\/09\/medico-explica-aspergilose-que-levou-jovem-com-cancer-a-fazer-apelo\/","url":"https:\/\/portaltela.pt\/noticias\/2025\/12\/09\/medico-explica-aspergilose-que-levou-jovem-com-cancer-a-fazer-apelo\/","name":"M\u00e9dico explica aspergilose que levou jovem com c\u00e2ncer a fazer apelo - Portal Tela Portugal","isPartOf":{"@id":"https:\/\/portaltela.pt\/#website"},"primaryImageOfPage":{"@id":"https:\/\/portaltela.pt\/noticias\/2025\/12\/09\/medico-explica-aspergilose-que-levou-jovem-com-cancer-a-fazer-apelo\/#primaryimage"},"image":{"@id":"https:\/\/portaltela.pt\/noticias\/2025\/12\/09\/medico-explica-aspergilose-que-levou-jovem-com-cancer-a-fazer-apelo\/#primaryimage"},"thumbnailUrl":"https:\/\/portaltela.pt\/s.01k8rhncp4jt1\/2025\/12\/img_1200x721uu2025-12-10-09-34-53-2408250-im-639009563881171886-3.jpg","datePublished":"2025-12-10T00:00:00+00:00","author":{"@id":"https:\/\/portaltela.pt\/#\/schema\/person\/c4278d4a6028830caff9ee44b42d32ed"},"breadcrumb":{"@id":"https:\/\/portaltela.pt\/noticias\/2025\/12\/09\/medico-explica-aspergilose-que-levou-jovem-com-cancer-a-fazer-apelo\/#breadcrumb"},"inLanguage":"pt-PT","potentialAction":[{"@type":"ReadAction","target":["https:\/\/portaltela.pt\/noticias\/2025\/12\/09\/medico-explica-aspergilose-que-levou-jovem-com-cancer-a-fazer-apelo\/"]}]},{"@type":"ImageObject","inLanguage":"pt-PT","@id":"https:\/\/portaltela.pt\/noticias\/2025\/12\/09\/medico-explica-aspergilose-que-levou-jovem-com-cancer-a-fazer-apelo\/#primaryimage","url":"https:\/\/portaltela.pt\/s.01k8rhncp4jt1\/2025\/12\/img_1200x721uu2025-12-10-09-34-53-2408250-im-639009563881171886-3.jpg","contentUrl":"https:\/\/portaltela.pt\/s.01k8rhncp4jt1\/2025\/12\/img_1200x721uu2025-12-10-09-34-53-2408250-im-639009563881171886-3.jpg","width":796,"height":448,"caption":"Infecciologista diz que casos s\u00e3o mais graves em situa\u00e7\u00f5es de transplantes de medula, como ocorreu com \u00c2ngela Pereira"},{"@type":"BreadcrumbList","@id":"https:\/\/portaltela.pt\/noticias\/2025\/12\/09\/medico-explica-aspergilose-que-levou-jovem-com-cancer-a-fazer-apelo\/#breadcrumb","itemListElement":[{"@type":"ListItem","position":1,"name":"In\u00edcio","item":"https:\/\/portaltela.pt\/"},{"@type":"ListItem","position":2,"name":"M\u00e9dico explica aspergilose que levou jovem com c\u00e2ncer a fazer apelo"}]},{"@type":"WebSite","@id":"https:\/\/portaltela.pt\/#website","url":"https:\/\/portaltela.pt\/","name":"Portal Tela Portugal","description":"","potentialAction":[{"@type":"SearchAction","target":{"@type":"EntryPoint","urlTemplate":"https:\/\/portaltela.pt\/?s={search_term_string}"},"query-input":{"@type":"PropertyValueSpecification","valueRequired":true,"valueName":"search_term_string"}}],"inLanguage":"pt-PT"},{"@type":"Person","@id":"https:\/\/portaltela.pt\/#\/schema\/person\/c4278d4a6028830caff9ee44b42d32ed","name":"Telinha","image":{"@type":"ImageObject","inLanguage":"pt-PT","@id":"https:\/\/portaltela.pt\/s.01k8rhncp4jt1\/2025\/11\/talking-bot-125x125.png","url":"https:\/\/portaltela.pt\/s.01k8rhncp4jt1\/2025\/11\/talking-bot-125x125.png","contentUrl":"https:\/\/portaltela.pt\/s.01k8rhncp4jt1\/2025\/11\/talking-bot-125x125.png","caption":"Telinha"},"sameAs":["https:\/\/portaltela.pt\/"],"url":"https:\/\/portaltela.pt\/por\/367410592786\/"}]}},"_links":{"self":[{"href":"https:\/\/portaltela.pt\/api\/wp\/v2\/posts\/64640","targetHints":{"allow":["GET"]}}],"collection":[{"href":"https:\/\/portaltela.pt\/api\/wp\/v2\/posts"}],"about":[{"href":"https:\/\/portaltela.pt\/api\/wp\/v2\/types\/post"}],"author":[{"embeddable":true,"href":"https:\/\/portaltela.pt\/api\/wp\/v2\/users\/2"}],"replies":[{"embeddable":true,"href":"https:\/\/portaltela.pt\/api\/wp\/v2\/comments?post=64640"}],"version-history":[{"count":0,"href":"https:\/\/portaltela.pt\/api\/wp\/v2\/posts\/64640\/revisions"}],"wp:featuredmedia":[{"embeddable":true,"href":"https:\/\/portaltela.pt\/api\/wp\/v2\/media\/64647"}],"wp:attachment":[{"href":"https:\/\/portaltela.pt\/api\/wp\/v2\/media?parent=64640"}],"wp:term":[{"taxonomy":"category","embeddable":true,"href":"https:\/\/portaltela.pt\/api\/wp\/v2\/categories?post=64640"},{"taxonomy":"post_tag","embeddable":true,"href":"https:\/\/portaltela.pt\/api\/wp\/v2\/tags?post=64640"}],"curies":[{"name":"wp","href":"https:\/\/api.w.org\/{rel}","templated":true}]}}