{"id":63853,"date":"2025-12-10T06:28:00","date_gmt":"2025-12-10T09:28:00","guid":{"rendered":"https:\/\/portaltela.pt\/noticias\/2025\/12\/10\/medico-explica-aspergilose-fungo-ambiental-afeta-jovem-com-cancro\/"},"modified":"2025-12-10T06:28:00","modified_gmt":"2025-12-10T09:28:00","slug":"medico-explica-aspergilose-fungo-ambiental-afeta-jovem-com-cancro","status":"publish","type":"post","link":"https:\/\/portaltela.pt\/noticias\/2025\/12\/10\/medico-explica-aspergilose-fungo-ambiental-afeta-jovem-com-cancro\/","title":{"rendered":"M\u00e9dico explica aspergilose: fungo ambiental afeta jovem com cancro"},"content":{"rendered":"<p>Uma jovem de 23 anos, com diagn\u00f3stico de c\u00e2ncer, encontra-se internada no IPO do Porto. A condi\u00e7\u00e3o cl\u00ednica deteriorou\u2011se devido a uma aspergilose, infec\u00e7\u00e3o f\u00fangica que pode complicar o tratamento oncol\u00f3gico.<\/p>\n<p>Especialistas explicam que o fungo Aspergillus \u00e9 comum em ambientes hospitalares. A aspergilose pode surgir durante tratamentos que comprometem o sistema imunit\u00e1rio, como quimioterapia ou transplante de medula \u00f3ssea.<\/p>\n<p>Segundo infecciologistas, estes casos tendem a ser mais graves quando h\u00e1 transplante de medula \u00f3ssea em curso. A doen\u00e7a pode exigir terapias antif\u00fangicas agressivas e vigil\u00e2ncia estreita.<\/p>\n<p>O que se sabe at\u00e9 ao momento \u00e9 que a jovem permanece sob cuidados intensivos no IPO do Porto. N\u00e3o foram divulgados detalhes adicionais sobre o estado de sa\u00fade ou progn\u00f3stico.<\/p>\n<p>Institui\u00e7\u00f5es de sa\u00fade refor\u00e7am a necessidade de preven\u00e7\u00e3o adicional de infec\u00e7\u00f5es f\u00fangicas em pacientes com imunossupress\u00e3o. Medidas de higiene, monitoriza\u00e7\u00e3o ambiental e resposta r\u00e1pida a sintomas s\u00e3o decisivas para reduzir o risco.<\/p>\n","protected":false},"excerpt":{"rendered":"<ul>\n<li>A aspergilose \u00e9 uma infec\u00e7\u00e3o f\u00fangica comum em ambientes m\u00e9dicos e pode ser grave em pacientes immunocomprometidos.<\/li>\n<li>Um caso envolve uma jovem de 23 anos com c\u00e2ncer internada no IPO do Porto, cuja condi\u00e7\u00e3o piorou devido \u00e0 aspergilose.<\/li>\n<li>O infectologista nota que infec\u00e7\u00f5es f\u00fangicas s\u00e3o mais graves em situa\u00e7\u00f5es de transplante de medula \u00f3ssea.<\/li>\n<li>A fam\u00edlia e os profissionais de sa\u00fade ressaltam a necessidade de vigil\u00e2ncia cont\u00ednua de pacientes com maior risco nessas situa\u00e7\u00f5es.<\/li>\n<\/ul>\n","protected":false},"author":2,"featured_media":63857,"comment_status":"closed","ping_status":"closed","sticky":false,"template":"","format":"standard","meta":{"footnotes":""},"categories":[1],"tags":[860,841,988,982,172,271],"class_list":["post-63853","post","type-post","status-publish","format-standard","has-post-thumbnail","hentry","category-noticias","tag-entidades-publicas","tag-infecao-respiratoria-aguda","tag-infecoes-oportunistas","tag-porto","tag-saude","tag-saude-publica"],"yoast_head":"<!-- This site is optimized with the Yoast SEO plugin v27.2 - https:\/\/yoast.com\/product\/yoast-seo-wordpress\/ -->\n<title>M\u00e9dico explica aspergilose: fungo ambiental afeta jovem com cancro - Portal Tela Portugal<\/title>\n<meta name=\"robots\" content=\"index, follow, max-snippet:-1, max-image-preview:large, max-video-preview:-1\" \/>\n<meta property=\"og:locale\" content=\"pt_PT\" \/>\n<meta property=\"og:type\" content=\"article\" \/>\n<meta property=\"og:title\" content=\"M\u00e9dico explica aspergilose: fungo ambiental afeta jovem com cancro - Portal Tela Portugal\" \/>\n<meta property=\"og:description\" content=\"A aspergilose \u00e9 uma infec\u00e7\u00e3o f\u00fangica comum em ambientes m\u00e9dicos e pode ser grave em pacientes immunocomprometidos. Um caso envolve uma jovem de 23 anos com c\u00e2ncer internada no IPO do Porto, cuja condi\u00e7\u00e3o piorou devido \u00e0 aspergilose. O infectologista nota que infec\u00e7\u00f5es f\u00fangicas s\u00e3o mais graves em situa\u00e7\u00f5es de transplante de medula \u00f3ssea. A fam\u00edlia e os profissionais de sa\u00fade ressaltam a necessidade de vigil\u00e2ncia cont\u00ednua de pacientes com maior risco nessas situa\u00e7\u00f5es.\" \/>\n<meta property=\"og:url\" content=\"https:\/\/portaltela.pt\/noticias\/2025\/12\/10\/medico-explica-aspergilose-fungo-ambiental-afeta-jovem-com-cancro\/\" \/>\n<meta property=\"og:site_name\" content=\"Portal Tela Portugal\" \/>\n<meta property=\"article:published_time\" content=\"2025-12-10T09:28:00+00:00\" \/>\n<meta name=\"author\" content=\"Telinha\" \/>\n<meta name=\"twitter:card\" content=\"summary_large_image\" \/>\n<meta name=\"twitter:label1\" content=\"Escrito por\" \/>\n\t<meta name=\"twitter:data1\" content=\"Telinha\" \/>\n\t<meta name=\"twitter:label2\" content=\"Tempo estimado de leitura\" \/>\n\t<meta name=\"twitter:data2\" content=\"1 minuto\" \/>\n<script type=\"application\/ld+json\" class=\"yoast-schema-graph\">{\"@context\":\"https:\/\/schema.org\",\"@graph\":[{\"@type\":\"Article\",\"@id\":\"https:\/\/portaltela.pt\/noticias\/2025\/12\/10\/medico-explica-aspergilose-fungo-ambiental-afeta-jovem-com-cancro\/#article\",\"isPartOf\":{\"@id\":\"https:\/\/portaltela.pt\/noticias\/2025\/12\/10\/medico-explica-aspergilose-fungo-ambiental-afeta-jovem-com-cancro\/\"},\"author\":{\"name\":\"Telinha\",\"@id\":\"https:\/\/portaltela.pt\/#\/schema\/person\/c4278d4a6028830caff9ee44b42d32ed\"},\"headline\":\"M\u00e9dico explica aspergilose: fungo ambiental afeta jovem com cancro\",\"datePublished\":\"2025-12-10T09:28:00+00:00\",\"mainEntityOfPage\":{\"@id\":\"https:\/\/portaltela.pt\/noticias\/2025\/12\/10\/medico-explica-aspergilose-fungo-ambiental-afeta-jovem-com-cancro\/\"},\"wordCount\":182,\"image\":{\"@id\":\"https:\/\/portaltela.pt\/noticias\/2025\/12\/10\/medico-explica-aspergilose-fungo-ambiental-afeta-jovem-com-cancro\/#primaryimage\"},\"thumbnailUrl\":\"https:\/\/portaltela.pt\/s.01k8rhncp4jt1\/2025\/12\/img_1280x722uu2025-12-08-16-50-00-2253253.jpg\",\"keywords\":[\"entidades p\u00fablicas\",\"infe\u00e7\u00e3o respirat\u00f3ria aguda\",\"infe\u00e7\u00f5es oportunistas\",\"Porto\",\"sa\u00fade\",\"sa\u00fade p\u00fablica\"],\"articleSection\":[\"Not\u00edcias\"],\"inLanguage\":\"pt-PT\"},{\"@type\":\"WebPage\",\"@id\":\"https:\/\/portaltela.pt\/noticias\/2025\/12\/10\/medico-explica-aspergilose-fungo-ambiental-afeta-jovem-com-cancro\/\",\"url\":\"https:\/\/portaltela.pt\/noticias\/2025\/12\/10\/medico-explica-aspergilose-fungo-ambiental-afeta-jovem-com-cancro\/\",\"name\":\"M\u00e9dico explica aspergilose: fungo ambiental afeta jovem com cancro - Portal Tela Portugal\",\"isPartOf\":{\"@id\":\"https:\/\/portaltela.pt\/#website\"},\"primaryImageOfPage\":{\"@id\":\"https:\/\/portaltela.pt\/noticias\/2025\/12\/10\/medico-explica-aspergilose-fungo-ambiental-afeta-jovem-com-cancro\/#primaryimage\"},\"image\":{\"@id\":\"https:\/\/portaltela.pt\/noticias\/2025\/12\/10\/medico-explica-aspergilose-fungo-ambiental-afeta-jovem-com-cancro\/#primaryimage\"},\"thumbnailUrl\":\"https:\/\/portaltela.pt\/s.01k8rhncp4jt1\/2025\/12\/img_1280x722uu2025-12-08-16-50-00-2253253.jpg\",\"datePublished\":\"2025-12-10T09:28:00+00:00\",\"author\":{\"@id\":\"https:\/\/portaltela.pt\/#\/schema\/person\/c4278d4a6028830caff9ee44b42d32ed\"},\"breadcrumb\":{\"@id\":\"https:\/\/portaltela.pt\/noticias\/2025\/12\/10\/medico-explica-aspergilose-fungo-ambiental-afeta-jovem-com-cancro\/#breadcrumb\"},\"inLanguage\":\"pt-PT\",\"potentialAction\":[{\"@type\":\"ReadAction\",\"target\":[\"https:\/\/portaltela.pt\/noticias\/2025\/12\/10\/medico-explica-aspergilose-fungo-ambiental-afeta-jovem-com-cancro\/\"]}]},{\"@type\":\"ImageObject\",\"inLanguage\":\"pt-PT\",\"@id\":\"https:\/\/portaltela.pt\/noticias\/2025\/12\/10\/medico-explica-aspergilose-fungo-ambiental-afeta-jovem-com-cancro\/#primaryimage\",\"url\":\"https:\/\/portaltela.pt\/s.01k8rhncp4jt1\/2025\/12\/img_1280x722uu2025-12-08-16-50-00-2253253.jpg\",\"contentUrl\":\"https:\/\/portaltela.pt\/s.01k8rhncp4jt1\/2025\/12\/img_1280x722uu2025-12-08-16-50-00-2253253.jpg\",\"width\":796,\"height\":448,\"caption\":\"Photo\"},{\"@type\":\"BreadcrumbList\",\"@id\":\"https:\/\/portaltela.pt\/noticias\/2025\/12\/10\/medico-explica-aspergilose-fungo-ambiental-afeta-jovem-com-cancro\/#breadcrumb\",\"itemListElement\":[{\"@type\":\"ListItem\",\"position\":1,\"name\":\"In\u00edcio\",\"item\":\"https:\/\/portaltela.pt\/\"},{\"@type\":\"ListItem\",\"position\":2,\"name\":\"M\u00e9dico explica aspergilose: fungo ambiental afeta jovem com cancro\"}]},{\"@type\":\"WebSite\",\"@id\":\"https:\/\/portaltela.pt\/#website\",\"url\":\"https:\/\/portaltela.pt\/\",\"name\":\"Portal Tela Portugal\",\"description\":\"\",\"potentialAction\":[{\"@type\":\"SearchAction\",\"target\":{\"@type\":\"EntryPoint\",\"urlTemplate\":\"https:\/\/portaltela.pt\/?s={search_term_string}\"},\"query-input\":{\"@type\":\"PropertyValueSpecification\",\"valueRequired\":true,\"valueName\":\"search_term_string\"}}],\"inLanguage\":\"pt-PT\"},{\"@type\":\"Person\",\"@id\":\"https:\/\/portaltela.pt\/#\/schema\/person\/c4278d4a6028830caff9ee44b42d32ed\",\"name\":\"Telinha\",\"image\":{\"@type\":\"ImageObject\",\"inLanguage\":\"pt-PT\",\"@id\":\"https:\/\/portaltela.pt\/s.01k8rhncp4jt1\/2025\/11\/talking-bot-125x125.png\",\"url\":\"https:\/\/portaltela.pt\/s.01k8rhncp4jt1\/2025\/11\/talking-bot-125x125.png\",\"contentUrl\":\"https:\/\/portaltela.pt\/s.01k8rhncp4jt1\/2025\/11\/talking-bot-125x125.png\",\"caption\":\"Telinha\"},\"sameAs\":[\"https:\/\/portaltela.pt\/\"],\"url\":\"https:\/\/portaltela.pt\/por\/367410592786\/\"}]}<\/script>\n<!-- \/ Yoast SEO plugin. -->","yoast_head_json":{"title":"M\u00e9dico explica aspergilose: fungo ambiental afeta jovem com cancro - Portal Tela Portugal","robots":{"index":"index","follow":"follow","max-snippet":"max-snippet:-1","max-image-preview":"max-image-preview:large","max-video-preview":"max-video-preview:-1"},"og_locale":"pt_PT","og_type":"article","og_title":"M\u00e9dico explica aspergilose: fungo ambiental afeta jovem com cancro - Portal Tela Portugal","og_description":"A aspergilose \u00e9 uma infec\u00e7\u00e3o f\u00fangica comum em ambientes m\u00e9dicos e pode ser grave em pacientes immunocomprometidos. Um caso envolve uma jovem de 23 anos com c\u00e2ncer internada no IPO do Porto, cuja condi\u00e7\u00e3o piorou devido \u00e0 aspergilose. O infectologista nota que infec\u00e7\u00f5es f\u00fangicas s\u00e3o mais graves em situa\u00e7\u00f5es de transplante de medula \u00f3ssea. A fam\u00edlia e os profissionais de sa\u00fade ressaltam a necessidade de vigil\u00e2ncia cont\u00ednua de pacientes com maior risco nessas situa\u00e7\u00f5es.","og_url":"https:\/\/portaltela.pt\/noticias\/2025\/12\/10\/medico-explica-aspergilose-fungo-ambiental-afeta-jovem-com-cancro\/","og_site_name":"Portal Tela Portugal","article_published_time":"2025-12-10T09:28:00+00:00","author":"Telinha","twitter_card":"summary_large_image","twitter_misc":{"Escrito por":"Telinha","Tempo estimado de leitura":"1 minuto"},"schema":{"@context":"https:\/\/schema.org","@graph":[{"@type":"Article","@id":"https:\/\/portaltela.pt\/noticias\/2025\/12\/10\/medico-explica-aspergilose-fungo-ambiental-afeta-jovem-com-cancro\/#article","isPartOf":{"@id":"https:\/\/portaltela.pt\/noticias\/2025\/12\/10\/medico-explica-aspergilose-fungo-ambiental-afeta-jovem-com-cancro\/"},"author":{"name":"Telinha","@id":"https:\/\/portaltela.pt\/#\/schema\/person\/c4278d4a6028830caff9ee44b42d32ed"},"headline":"M\u00e9dico explica aspergilose: fungo ambiental afeta jovem com cancro","datePublished":"2025-12-10T09:28:00+00:00","mainEntityOfPage":{"@id":"https:\/\/portaltela.pt\/noticias\/2025\/12\/10\/medico-explica-aspergilose-fungo-ambiental-afeta-jovem-com-cancro\/"},"wordCount":182,"image":{"@id":"https:\/\/portaltela.pt\/noticias\/2025\/12\/10\/medico-explica-aspergilose-fungo-ambiental-afeta-jovem-com-cancro\/#primaryimage"},"thumbnailUrl":"https:\/\/portaltela.pt\/s.01k8rhncp4jt1\/2025\/12\/img_1280x722uu2025-12-08-16-50-00-2253253.jpg","keywords":["entidades p\u00fablicas","infe\u00e7\u00e3o respirat\u00f3ria aguda","infe\u00e7\u00f5es oportunistas","Porto","sa\u00fade","sa\u00fade p\u00fablica"],"articleSection":["Not\u00edcias"],"inLanguage":"pt-PT"},{"@type":"WebPage","@id":"https:\/\/portaltela.pt\/noticias\/2025\/12\/10\/medico-explica-aspergilose-fungo-ambiental-afeta-jovem-com-cancro\/","url":"https:\/\/portaltela.pt\/noticias\/2025\/12\/10\/medico-explica-aspergilose-fungo-ambiental-afeta-jovem-com-cancro\/","name":"M\u00e9dico explica aspergilose: fungo ambiental afeta jovem com cancro - Portal Tela Portugal","isPartOf":{"@id":"https:\/\/portaltela.pt\/#website"},"primaryImageOfPage":{"@id":"https:\/\/portaltela.pt\/noticias\/2025\/12\/10\/medico-explica-aspergilose-fungo-ambiental-afeta-jovem-com-cancro\/#primaryimage"},"image":{"@id":"https:\/\/portaltela.pt\/noticias\/2025\/12\/10\/medico-explica-aspergilose-fungo-ambiental-afeta-jovem-com-cancro\/#primaryimage"},"thumbnailUrl":"https:\/\/portaltela.pt\/s.01k8rhncp4jt1\/2025\/12\/img_1280x722uu2025-12-08-16-50-00-2253253.jpg","datePublished":"2025-12-10T09:28:00+00:00","author":{"@id":"https:\/\/portaltela.pt\/#\/schema\/person\/c4278d4a6028830caff9ee44b42d32ed"},"breadcrumb":{"@id":"https:\/\/portaltela.pt\/noticias\/2025\/12\/10\/medico-explica-aspergilose-fungo-ambiental-afeta-jovem-com-cancro\/#breadcrumb"},"inLanguage":"pt-PT","potentialAction":[{"@type":"ReadAction","target":["https:\/\/portaltela.pt\/noticias\/2025\/12\/10\/medico-explica-aspergilose-fungo-ambiental-afeta-jovem-com-cancro\/"]}]},{"@type":"ImageObject","inLanguage":"pt-PT","@id":"https:\/\/portaltela.pt\/noticias\/2025\/12\/10\/medico-explica-aspergilose-fungo-ambiental-afeta-jovem-com-cancro\/#primaryimage","url":"https:\/\/portaltela.pt\/s.01k8rhncp4jt1\/2025\/12\/img_1280x722uu2025-12-08-16-50-00-2253253.jpg","contentUrl":"https:\/\/portaltela.pt\/s.01k8rhncp4jt1\/2025\/12\/img_1280x722uu2025-12-08-16-50-00-2253253.jpg","width":796,"height":448,"caption":"Photo"},{"@type":"BreadcrumbList","@id":"https:\/\/portaltela.pt\/noticias\/2025\/12\/10\/medico-explica-aspergilose-fungo-ambiental-afeta-jovem-com-cancro\/#breadcrumb","itemListElement":[{"@type":"ListItem","position":1,"name":"In\u00edcio","item":"https:\/\/portaltela.pt\/"},{"@type":"ListItem","position":2,"name":"M\u00e9dico explica aspergilose: fungo ambiental afeta jovem com cancro"}]},{"@type":"WebSite","@id":"https:\/\/portaltela.pt\/#website","url":"https:\/\/portaltela.pt\/","name":"Portal Tela Portugal","description":"","potentialAction":[{"@type":"SearchAction","target":{"@type":"EntryPoint","urlTemplate":"https:\/\/portaltela.pt\/?s={search_term_string}"},"query-input":{"@type":"PropertyValueSpecification","valueRequired":true,"valueName":"search_term_string"}}],"inLanguage":"pt-PT"},{"@type":"Person","@id":"https:\/\/portaltela.pt\/#\/schema\/person\/c4278d4a6028830caff9ee44b42d32ed","name":"Telinha","image":{"@type":"ImageObject","inLanguage":"pt-PT","@id":"https:\/\/portaltela.pt\/s.01k8rhncp4jt1\/2025\/11\/talking-bot-125x125.png","url":"https:\/\/portaltela.pt\/s.01k8rhncp4jt1\/2025\/11\/talking-bot-125x125.png","contentUrl":"https:\/\/portaltela.pt\/s.01k8rhncp4jt1\/2025\/11\/talking-bot-125x125.png","caption":"Telinha"},"sameAs":["https:\/\/portaltela.pt\/"],"url":"https:\/\/portaltela.pt\/por\/367410592786\/"}]}},"_links":{"self":[{"href":"https:\/\/portaltela.pt\/api\/wp\/v2\/posts\/63853","targetHints":{"allow":["GET"]}}],"collection":[{"href":"https:\/\/portaltela.pt\/api\/wp\/v2\/posts"}],"about":[{"href":"https:\/\/portaltela.pt\/api\/wp\/v2\/types\/post"}],"author":[{"embeddable":true,"href":"https:\/\/portaltela.pt\/api\/wp\/v2\/users\/2"}],"replies":[{"embeddable":true,"href":"https:\/\/portaltela.pt\/api\/wp\/v2\/comments?post=63853"}],"version-history":[{"count":0,"href":"https:\/\/portaltela.pt\/api\/wp\/v2\/posts\/63853\/revisions"}],"wp:featuredmedia":[{"embeddable":true,"href":"https:\/\/portaltela.pt\/api\/wp\/v2\/media\/63857"}],"wp:attachment":[{"href":"https:\/\/portaltela.pt\/api\/wp\/v2\/media?parent=63853"}],"wp:term":[{"taxonomy":"category","embeddable":true,"href":"https:\/\/portaltela.pt\/api\/wp\/v2\/categories?post=63853"},{"taxonomy":"post_tag","embeddable":true,"href":"https:\/\/portaltela.pt\/api\/wp\/v2\/tags?post=63853"}],"curies":[{"name":"wp","href":"https:\/\/api.w.org\/{rel}","templated":true}]}}