{"id":63416,"date":"2025-12-09T22:30:00","date_gmt":"2025-12-10T01:30:00","guid":{"rendered":"https:\/\/portaltela.pt\/noticias\/2025\/12\/09\/medico-explica-aspergilose-que-afeta-angela\/"},"modified":"2025-12-09T22:30:00","modified_gmt":"2025-12-10T01:30:00","slug":"medico-explica-aspergilose-que-afeta-angela","status":"publish","type":"post","link":"https:\/\/portaltela.pt\/noticias\/2025\/12\/09\/medico-explica-aspergilose-que-afeta-angela\/","title":{"rendered":"M\u00e9dico explica aspergilose que afeta \u00c2ngela"},"content":{"rendered":"<p>O v\u00eddeo de \u00c2ngela Pereira, uma jovem de 23 anos de Viana do Castelo, tornou-se viral: ela pede uma segunda opini\u00e3o m\u00e9dica e a transfer\u00eancia para outro hospital, visando realizar mais exames e manter a esperan\u00e7a de continuar a viver. O caso envolve uma paciente com diagn\u00f3stico de cancro avan\u00e7ado e hist\u00f3rico de transplante de medula \u00f3ssea.<\/p>\n<p>\u00c2ngela est\u00e1 internada no IPO do Porto, onde enfrenta uma aspergilose invasiva que afeta os pulm\u00f5es. Segundo o infectologista H\u00e9lder Pinheiro, a infec\u00e7\u00e3o por Aspergillus pode ser fatal em pacientes imunodeprimidos, e as op\u00e7\u00f5es de tratamento j\u00e1 passaram por v\u00e1rias tentativas, sem sucesso at\u00e9 o momento.<\/p>\n<h3>Situa\u00e7\u00e3o cl\u00ednica e perspetivas<\/h3>\n<p>O IPO do Porto afirma que nenhuma das abordagens m\u00e9dicas ou cir\u00fargicas tem apresentado efic\u00e1cia, e o progn\u00f3stico \u00e9 muito reservado. A jovem j\u00e1 realizou seis linhas de quimioterapia, e a equipa m\u00e9dica aponta que um transplante de pulm\u00e3o n\u00e3o est\u00e1 ao alcance de muitos pacientes devido a condi\u00e7\u00f5es cl\u00ednicas.<\/p>\n","protected":false},"excerpt":{"rendered":"<ul>\n<li>\u00c2ngela Pereira, 23 anos, com cancro avan\u00e7ado, j\u00e1 submetida a transplante de medula \u00f3ssea, desenvolveu aspergilose invasiva que ataca os pulm\u00f5es.<\/li>\n<li>O fungo Aspergillus pode ser fatal em doentes imunodeprimidos; v\u00e1rias linhas de quimioterapia j\u00e1 foram usadas sem sucesso.<\/li>\n<li>M\u00e9dicos disseram que o transplante de pulm\u00e3o pode ser solu\u00e7\u00e3o, mas a maioria dos pacientes n\u00e3o re\u00fane condi\u00e7\u00f5es cl\u00ednicas para o procedimento.<\/li>\n<li>Em v\u00eddeo viral, a jovem pede uma segunda opini\u00e3o e transfer\u00eancia hospitalar, desejando mais exames e manter os seus sonhos.<\/li>\n<li>O Instituto Portugu\u00eas de Oncologia do Porto afirma que nenhuma abordagem m\u00e9dica ou cir\u00fargica teve efic\u00e1cia at\u00e9 ao momento, mantendo progn\u00f3stico muito reservado.<\/li>\n<\/ul>\n","protected":false},"author":2,"featured_media":63418,"comment_status":"closed","ping_status":"closed","sticky":false,"template":"","format":"standard","meta":{"footnotes":""},"categories":[1],"tags":[633,841,988,982,172,271],"class_list":["post-63416","post","type-post","status-publish","format-standard","has-post-thumbnail","hentry","category-noticias","tag-hospital","tag-infecao-respiratoria-aguda","tag-infecoes-oportunistas","tag-porto","tag-saude","tag-saude-publica"],"yoast_head":"<!-- This site is optimized with the Yoast SEO plugin v27.2 - https:\/\/yoast.com\/product\/yoast-seo-wordpress\/ -->\n<title>M\u00e9dico explica aspergilose que afeta \u00c2ngela - Portal Tela Portugal<\/title>\n<meta name=\"robots\" content=\"index, follow, max-snippet:-1, max-image-preview:large, max-video-preview:-1\" \/>\n<meta property=\"og:locale\" content=\"pt_PT\" \/>\n<meta property=\"og:type\" content=\"article\" \/>\n<meta property=\"og:title\" content=\"M\u00e9dico explica aspergilose que afeta \u00c2ngela - Portal Tela Portugal\" \/>\n<meta property=\"og:description\" content=\"\u00c2ngela Pereira, 23 anos, com cancro avan\u00e7ado, j\u00e1 submetida a transplante de medula \u00f3ssea, desenvolveu aspergilose invasiva que ataca os pulm\u00f5es. O fungo Aspergillus pode ser fatal em doentes imunodeprimidos; v\u00e1rias linhas de quimioterapia j\u00e1 foram usadas sem sucesso. M\u00e9dicos disseram que o transplante de pulm\u00e3o pode ser solu\u00e7\u00e3o, mas a maioria dos pacientes n\u00e3o re\u00fane condi\u00e7\u00f5es cl\u00ednicas para o procedimento. Em v\u00eddeo viral, a jovem pede uma segunda opini\u00e3o e transfer\u00eancia hospitalar, desejando mais exames e manter os seus sonhos. O Instituto Portugu\u00eas de Oncologia do Porto afirma que nenhuma abordagem m\u00e9dica ou cir\u00fargica teve efic\u00e1cia at\u00e9 ao momento, mantendo progn\u00f3stico muito reservado.\" \/>\n<meta property=\"og:url\" content=\"https:\/\/portaltela.pt\/noticias\/2025\/12\/09\/medico-explica-aspergilose-que-afeta-angela\/\" \/>\n<meta property=\"og:site_name\" content=\"Portal Tela Portugal\" \/>\n<meta property=\"article:published_time\" content=\"2025-12-10T01:30:00+00:00\" \/>\n<meta name=\"author\" content=\"Telinha\" \/>\n<meta name=\"twitter:card\" content=\"summary_large_image\" \/>\n<meta name=\"twitter:label1\" content=\"Escrito por\" \/>\n\t<meta name=\"twitter:data1\" content=\"Telinha\" \/>\n\t<meta name=\"twitter:label2\" content=\"Tempo estimado de leitura\" \/>\n\t<meta name=\"twitter:data2\" content=\"1 minuto\" \/>\n<script type=\"application\/ld+json\" class=\"yoast-schema-graph\">{\"@context\":\"https:\/\/schema.org\",\"@graph\":[{\"@type\":\"Article\",\"@id\":\"https:\/\/portaltela.pt\/noticias\/2025\/12\/09\/medico-explica-aspergilose-que-afeta-angela\/#article\",\"isPartOf\":{\"@id\":\"https:\/\/portaltela.pt\/noticias\/2025\/12\/09\/medico-explica-aspergilose-que-afeta-angela\/\"},\"author\":{\"name\":\"Telinha\",\"@id\":\"https:\/\/portaltela.pt\/#\/schema\/person\/c4278d4a6028830caff9ee44b42d32ed\"},\"headline\":\"M\u00e9dico explica aspergilose que afeta \u00c2ngela\",\"datePublished\":\"2025-12-10T01:30:00+00:00\",\"mainEntityOfPage\":{\"@id\":\"https:\/\/portaltela.pt\/noticias\/2025\/12\/09\/medico-explica-aspergilose-que-afeta-angela\/\"},\"wordCount\":186,\"image\":{\"@id\":\"https:\/\/portaltela.pt\/noticias\/2025\/12\/09\/medico-explica-aspergilose-que-afeta-angela\/#primaryimage\"},\"thumbnailUrl\":\"https:\/\/portaltela.pt\/s.01k8rhncp4jt1\/2025\/12\/img_1280x721uu2025-12-08-16-50-46-2253253-im-639008666434756996.jpg\",\"keywords\":[\"hospital\",\"infe\u00e7\u00e3o respirat\u00f3ria aguda\",\"infe\u00e7\u00f5es oportunistas\",\"Porto\",\"sa\u00fade\",\"sa\u00fade p\u00fablica\"],\"articleSection\":[\"Not\u00edcias\"],\"inLanguage\":\"pt-PT\"},{\"@type\":\"WebPage\",\"@id\":\"https:\/\/portaltela.pt\/noticias\/2025\/12\/09\/medico-explica-aspergilose-que-afeta-angela\/\",\"url\":\"https:\/\/portaltela.pt\/noticias\/2025\/12\/09\/medico-explica-aspergilose-que-afeta-angela\/\",\"name\":\"M\u00e9dico explica aspergilose que afeta \u00c2ngela - Portal Tela Portugal\",\"isPartOf\":{\"@id\":\"https:\/\/portaltela.pt\/#website\"},\"primaryImageOfPage\":{\"@id\":\"https:\/\/portaltela.pt\/noticias\/2025\/12\/09\/medico-explica-aspergilose-que-afeta-angela\/#primaryimage\"},\"image\":{\"@id\":\"https:\/\/portaltela.pt\/noticias\/2025\/12\/09\/medico-explica-aspergilose-que-afeta-angela\/#primaryimage\"},\"thumbnailUrl\":\"https:\/\/portaltela.pt\/s.01k8rhncp4jt1\/2025\/12\/img_1280x721uu2025-12-08-16-50-46-2253253-im-639008666434756996.jpg\",\"datePublished\":\"2025-12-10T01:30:00+00:00\",\"author\":{\"@id\":\"https:\/\/portaltela.pt\/#\/schema\/person\/c4278d4a6028830caff9ee44b42d32ed\"},\"breadcrumb\":{\"@id\":\"https:\/\/portaltela.pt\/noticias\/2025\/12\/09\/medico-explica-aspergilose-que-afeta-angela\/#breadcrumb\"},\"inLanguage\":\"pt-PT\",\"potentialAction\":[{\"@type\":\"ReadAction\",\"target\":[\"https:\/\/portaltela.pt\/noticias\/2025\/12\/09\/medico-explica-aspergilose-que-afeta-angela\/\"]}]},{\"@type\":\"ImageObject\",\"inLanguage\":\"pt-PT\",\"@id\":\"https:\/\/portaltela.pt\/noticias\/2025\/12\/09\/medico-explica-aspergilose-que-afeta-angela\/#primaryimage\",\"url\":\"https:\/\/portaltela.pt\/s.01k8rhncp4jt1\/2025\/12\/img_1280x721uu2025-12-08-16-50-46-2253253-im-639008666434756996.jpg\",\"contentUrl\":\"https:\/\/portaltela.pt\/s.01k8rhncp4jt1\/2025\/12\/img_1280x721uu2025-12-08-16-50-46-2253253-im-639008666434756996.jpg\",\"width\":796,\"height\":448,\"caption\":\"\u00c2ngela Pereira est\u00e1 internada no IPO do Porto\"},{\"@type\":\"BreadcrumbList\",\"@id\":\"https:\/\/portaltela.pt\/noticias\/2025\/12\/09\/medico-explica-aspergilose-que-afeta-angela\/#breadcrumb\",\"itemListElement\":[{\"@type\":\"ListItem\",\"position\":1,\"name\":\"In\u00edcio\",\"item\":\"https:\/\/portaltela.pt\/\"},{\"@type\":\"ListItem\",\"position\":2,\"name\":\"M\u00e9dico explica aspergilose que afeta \u00c2ngela\"}]},{\"@type\":\"WebSite\",\"@id\":\"https:\/\/portaltela.pt\/#website\",\"url\":\"https:\/\/portaltela.pt\/\",\"name\":\"Portal Tela Portugal\",\"description\":\"\",\"potentialAction\":[{\"@type\":\"SearchAction\",\"target\":{\"@type\":\"EntryPoint\",\"urlTemplate\":\"https:\/\/portaltela.pt\/?s={search_term_string}\"},\"query-input\":{\"@type\":\"PropertyValueSpecification\",\"valueRequired\":true,\"valueName\":\"search_term_string\"}}],\"inLanguage\":\"pt-PT\"},{\"@type\":\"Person\",\"@id\":\"https:\/\/portaltela.pt\/#\/schema\/person\/c4278d4a6028830caff9ee44b42d32ed\",\"name\":\"Telinha\",\"image\":{\"@type\":\"ImageObject\",\"inLanguage\":\"pt-PT\",\"@id\":\"https:\/\/portaltela.pt\/s.01k8rhncp4jt1\/2025\/11\/talking-bot-125x125.png\",\"url\":\"https:\/\/portaltela.pt\/s.01k8rhncp4jt1\/2025\/11\/talking-bot-125x125.png\",\"contentUrl\":\"https:\/\/portaltela.pt\/s.01k8rhncp4jt1\/2025\/11\/talking-bot-125x125.png\",\"caption\":\"Telinha\"},\"sameAs\":[\"https:\/\/portaltela.pt\/\"],\"url\":\"https:\/\/portaltela.pt\/por\/367410592786\/\"}]}<\/script>\n<!-- \/ Yoast SEO plugin. -->","yoast_head_json":{"title":"M\u00e9dico explica aspergilose que afeta \u00c2ngela - Portal Tela Portugal","robots":{"index":"index","follow":"follow","max-snippet":"max-snippet:-1","max-image-preview":"max-image-preview:large","max-video-preview":"max-video-preview:-1"},"og_locale":"pt_PT","og_type":"article","og_title":"M\u00e9dico explica aspergilose que afeta \u00c2ngela - Portal Tela Portugal","og_description":"\u00c2ngela Pereira, 23 anos, com cancro avan\u00e7ado, j\u00e1 submetida a transplante de medula \u00f3ssea, desenvolveu aspergilose invasiva que ataca os pulm\u00f5es. O fungo Aspergillus pode ser fatal em doentes imunodeprimidos; v\u00e1rias linhas de quimioterapia j\u00e1 foram usadas sem sucesso. M\u00e9dicos disseram que o transplante de pulm\u00e3o pode ser solu\u00e7\u00e3o, mas a maioria dos pacientes n\u00e3o re\u00fane condi\u00e7\u00f5es cl\u00ednicas para o procedimento. Em v\u00eddeo viral, a jovem pede uma segunda opini\u00e3o e transfer\u00eancia hospitalar, desejando mais exames e manter os seus sonhos. O Instituto Portugu\u00eas de Oncologia do Porto afirma que nenhuma abordagem m\u00e9dica ou cir\u00fargica teve efic\u00e1cia at\u00e9 ao momento, mantendo progn\u00f3stico muito reservado.","og_url":"https:\/\/portaltela.pt\/noticias\/2025\/12\/09\/medico-explica-aspergilose-que-afeta-angela\/","og_site_name":"Portal Tela Portugal","article_published_time":"2025-12-10T01:30:00+00:00","author":"Telinha","twitter_card":"summary_large_image","twitter_misc":{"Escrito por":"Telinha","Tempo estimado de leitura":"1 minuto"},"schema":{"@context":"https:\/\/schema.org","@graph":[{"@type":"Article","@id":"https:\/\/portaltela.pt\/noticias\/2025\/12\/09\/medico-explica-aspergilose-que-afeta-angela\/#article","isPartOf":{"@id":"https:\/\/portaltela.pt\/noticias\/2025\/12\/09\/medico-explica-aspergilose-que-afeta-angela\/"},"author":{"name":"Telinha","@id":"https:\/\/portaltela.pt\/#\/schema\/person\/c4278d4a6028830caff9ee44b42d32ed"},"headline":"M\u00e9dico explica aspergilose que afeta \u00c2ngela","datePublished":"2025-12-10T01:30:00+00:00","mainEntityOfPage":{"@id":"https:\/\/portaltela.pt\/noticias\/2025\/12\/09\/medico-explica-aspergilose-que-afeta-angela\/"},"wordCount":186,"image":{"@id":"https:\/\/portaltela.pt\/noticias\/2025\/12\/09\/medico-explica-aspergilose-que-afeta-angela\/#primaryimage"},"thumbnailUrl":"https:\/\/portaltela.pt\/s.01k8rhncp4jt1\/2025\/12\/img_1280x721uu2025-12-08-16-50-46-2253253-im-639008666434756996.jpg","keywords":["hospital","infe\u00e7\u00e3o respirat\u00f3ria aguda","infe\u00e7\u00f5es oportunistas","Porto","sa\u00fade","sa\u00fade p\u00fablica"],"articleSection":["Not\u00edcias"],"inLanguage":"pt-PT"},{"@type":"WebPage","@id":"https:\/\/portaltela.pt\/noticias\/2025\/12\/09\/medico-explica-aspergilose-que-afeta-angela\/","url":"https:\/\/portaltela.pt\/noticias\/2025\/12\/09\/medico-explica-aspergilose-que-afeta-angela\/","name":"M\u00e9dico explica aspergilose que afeta \u00c2ngela - Portal Tela Portugal","isPartOf":{"@id":"https:\/\/portaltela.pt\/#website"},"primaryImageOfPage":{"@id":"https:\/\/portaltela.pt\/noticias\/2025\/12\/09\/medico-explica-aspergilose-que-afeta-angela\/#primaryimage"},"image":{"@id":"https:\/\/portaltela.pt\/noticias\/2025\/12\/09\/medico-explica-aspergilose-que-afeta-angela\/#primaryimage"},"thumbnailUrl":"https:\/\/portaltela.pt\/s.01k8rhncp4jt1\/2025\/12\/img_1280x721uu2025-12-08-16-50-46-2253253-im-639008666434756996.jpg","datePublished":"2025-12-10T01:30:00+00:00","author":{"@id":"https:\/\/portaltela.pt\/#\/schema\/person\/c4278d4a6028830caff9ee44b42d32ed"},"breadcrumb":{"@id":"https:\/\/portaltela.pt\/noticias\/2025\/12\/09\/medico-explica-aspergilose-que-afeta-angela\/#breadcrumb"},"inLanguage":"pt-PT","potentialAction":[{"@type":"ReadAction","target":["https:\/\/portaltela.pt\/noticias\/2025\/12\/09\/medico-explica-aspergilose-que-afeta-angela\/"]}]},{"@type":"ImageObject","inLanguage":"pt-PT","@id":"https:\/\/portaltela.pt\/noticias\/2025\/12\/09\/medico-explica-aspergilose-que-afeta-angela\/#primaryimage","url":"https:\/\/portaltela.pt\/s.01k8rhncp4jt1\/2025\/12\/img_1280x721uu2025-12-08-16-50-46-2253253-im-639008666434756996.jpg","contentUrl":"https:\/\/portaltela.pt\/s.01k8rhncp4jt1\/2025\/12\/img_1280x721uu2025-12-08-16-50-46-2253253-im-639008666434756996.jpg","width":796,"height":448,"caption":"\u00c2ngela Pereira est\u00e1 internada no IPO do Porto"},{"@type":"BreadcrumbList","@id":"https:\/\/portaltela.pt\/noticias\/2025\/12\/09\/medico-explica-aspergilose-que-afeta-angela\/#breadcrumb","itemListElement":[{"@type":"ListItem","position":1,"name":"In\u00edcio","item":"https:\/\/portaltela.pt\/"},{"@type":"ListItem","position":2,"name":"M\u00e9dico explica aspergilose que afeta \u00c2ngela"}]},{"@type":"WebSite","@id":"https:\/\/portaltela.pt\/#website","url":"https:\/\/portaltela.pt\/","name":"Portal Tela Portugal","description":"","potentialAction":[{"@type":"SearchAction","target":{"@type":"EntryPoint","urlTemplate":"https:\/\/portaltela.pt\/?s={search_term_string}"},"query-input":{"@type":"PropertyValueSpecification","valueRequired":true,"valueName":"search_term_string"}}],"inLanguage":"pt-PT"},{"@type":"Person","@id":"https:\/\/portaltela.pt\/#\/schema\/person\/c4278d4a6028830caff9ee44b42d32ed","name":"Telinha","image":{"@type":"ImageObject","inLanguage":"pt-PT","@id":"https:\/\/portaltela.pt\/s.01k8rhncp4jt1\/2025\/11\/talking-bot-125x125.png","url":"https:\/\/portaltela.pt\/s.01k8rhncp4jt1\/2025\/11\/talking-bot-125x125.png","contentUrl":"https:\/\/portaltela.pt\/s.01k8rhncp4jt1\/2025\/11\/talking-bot-125x125.png","caption":"Telinha"},"sameAs":["https:\/\/portaltela.pt\/"],"url":"https:\/\/portaltela.pt\/por\/367410592786\/"}]}},"_links":{"self":[{"href":"https:\/\/portaltela.pt\/api\/wp\/v2\/posts\/63416","targetHints":{"allow":["GET"]}}],"collection":[{"href":"https:\/\/portaltela.pt\/api\/wp\/v2\/posts"}],"about":[{"href":"https:\/\/portaltela.pt\/api\/wp\/v2\/types\/post"}],"author":[{"embeddable":true,"href":"https:\/\/portaltela.pt\/api\/wp\/v2\/users\/2"}],"replies":[{"embeddable":true,"href":"https:\/\/portaltela.pt\/api\/wp\/v2\/comments?post=63416"}],"version-history":[{"count":0,"href":"https:\/\/portaltela.pt\/api\/wp\/v2\/posts\/63416\/revisions"}],"wp:featuredmedia":[{"embeddable":true,"href":"https:\/\/portaltela.pt\/api\/wp\/v2\/media\/63418"}],"wp:attachment":[{"href":"https:\/\/portaltela.pt\/api\/wp\/v2\/media?parent=63416"}],"wp:term":[{"taxonomy":"category","embeddable":true,"href":"https:\/\/portaltela.pt\/api\/wp\/v2\/categories?post=63416"},{"taxonomy":"post_tag","embeddable":true,"href":"https:\/\/portaltela.pt\/api\/wp\/v2\/tags?post=63416"}],"curies":[{"name":"wp","href":"https:\/\/api.w.org\/{rel}","templated":true}]}}