{"id":63195,"date":"2025-12-09T20:07:00","date_gmt":"2025-12-09T23:07:00","guid":{"rendered":"https:\/\/portaltela.pt\/noticias\/2025\/12\/09\/son-regressa-ao-tottenham-e-diz-esperar-nao-ter-sido-esquecido\/"},"modified":"2025-12-09T20:07:00","modified_gmt":"2025-12-09T23:07:00","slug":"son-regressa-ao-tottenham-e-diz-esperar-nao-ter-sido-esquecido","status":"publish","type":"post","link":"https:\/\/portaltela.pt\/desporto\/futebol\/2025\/12\/09\/son-regressa-ao-tottenham-e-diz-esperar-nao-ter-sido-esquecido\/","title":{"rendered":"Son regressa ao Tottenham e diz esperar n\u00e3o ter sido esquecido"},"content":{"rendered":"<p>Son Heung-min regressou a Londres, em tom simb\u00f3lico, antes do duelo entre Tottenham e SlaviaPraga. O sul-coreano recebeu um trof\u00e9u de agradecimento da dire\u00e7\u00e3o dos Spurs, entregue por Ledley King, \u00edcone do clube.<\/p>\n<p>Em discurso (parafraseado) aos adeptos, o avan\u00e7ado refor\u00e7ou que o Tottenham sempre ser\u00e1 a sua casa e agradeceu o apoio dos f\u00e3s ao longo de uma d\u00e9cada no Norte de Londres.<\/p>\n<p>O jogador deixou claro o desejo de manter la\u00e7os com a fam\u00edlia Spurs e convidou os f\u00e3s a visitar Los Angeles, onde atua desde o ver\u00e3o, ao servi\u00e7o do Los Angeles FC.<\/p>\n<p>Son atuou pelo Tottenham entre 2015 e 2025, marcando 173 golos em 454 partidas. Nesta temporada transferiu-se para Los Angeles FC, fechando um cap\u00edtulo de dez anos no clube londrino.<\/p>\n<h3>Retorno a Londres e homenagem<\/h3>\n<p>Antes do encontro com o Slavia Praga, o jogador foi homenageado pela dire\u00e7\u00e3o do Tottenham, numa cerim\u00f3nia de car\u00e1ter simb\u00f3lico que refor\u00e7ou a liga\u00e7\u00e3o entre o atleta e o clube.<\/p>\n","protected":false},"excerpt":{"rendered":"<ul>\n<li>Son Heung-min retornou a Londres, antes do jogo Tottenham vs Slavia Praga.<\/li>\n<li>Recebeu uma lembran\u00e7a das m\u00e3os de Ledley King durante a cerim\u00f3nia no clube.<\/li>\n<li>Em discurso emocionante, afirmou que o Tottenham ser\u00e1 sempre a sua casa.<\/li>\n<li>Convidou os f\u00e3s a visit\u00e1-lo em Los Angeles, onde atua pelo Los Angeles FC.<\/li>\n<li>Teve a passagem pelo Tottenham entre 2015 e 2025, com 173 golos em 454 jogos, antes de assinar pelo LAFC.<\/li>\n<\/ul>\n","protected":false},"author":2,"featured_media":63197,"comment_status":"closed","ping_status":"closed","sticky":false,"template":"","format":"standard","meta":{"footnotes":""},"categories":[21,24],"tags":[650,123,152,32,1021,399],"class_list":["post-63195","post","type-post","status-publish","format-standard","has-post-thumbnail","hentry","category-desporto","category-futebol","tag-cidadania-desportiva","tag-desportivos","tag-desporto","tag-futebol","tag-futebolistas","tag-organizacao-desportiva"],"yoast_head":"<!-- This site is optimized with the Yoast SEO plugin v27.2 - https:\/\/yoast.com\/product\/yoast-seo-wordpress\/ -->\n<title>Son regressa ao Tottenham e diz esperar n\u00e3o ter sido esquecido - Portal Tela Portugal<\/title>\n<meta name=\"robots\" content=\"index, follow, max-snippet:-1, max-image-preview:large, max-video-preview:-1\" \/>\n<meta property=\"og:locale\" content=\"pt_PT\" \/>\n<meta property=\"og:type\" content=\"article\" \/>\n<meta property=\"og:title\" content=\"Son regressa ao Tottenham e diz esperar n\u00e3o ter sido esquecido - Portal Tela Portugal\" \/>\n<meta property=\"og:description\" content=\"Son Heung-min retornou a Londres, antes do jogo Tottenham vs Slavia Praga. Recebeu uma lembran\u00e7a das m\u00e3os de Ledley King durante a cerim\u00f3nia no clube. Em discurso emocionante, afirmou que o Tottenham ser\u00e1 sempre a sua casa. Convidou os f\u00e3s a visit\u00e1-lo em Los Angeles, onde atua pelo Los Angeles FC. Teve a passagem pelo Tottenham entre 2015 e 2025, com 173 golos em 454 jogos, antes de assinar pelo LAFC.\" \/>\n<meta property=\"og:url\" content=\"https:\/\/portaltela.pt\/noticias\/2025\/12\/09\/son-regressa-ao-tottenham-e-diz-esperar-nao-ter-sido-esquecido\/\" \/>\n<meta property=\"og:site_name\" content=\"Portal Tela Portugal\" \/>\n<meta property=\"article:published_time\" content=\"2025-12-09T23:07:00+00:00\" \/>\n<meta name=\"author\" content=\"Telinha\" \/>\n<meta name=\"twitter:card\" content=\"summary_large_image\" \/>\n<meta name=\"twitter:label1\" content=\"Escrito por\" \/>\n\t<meta name=\"twitter:data1\" content=\"Telinha\" \/>\n\t<meta name=\"twitter:label2\" content=\"Tempo estimado de leitura\" \/>\n\t<meta name=\"twitter:data2\" content=\"1 minuto\" \/>\n<script type=\"application\/ld+json\" class=\"yoast-schema-graph\">{\"@context\":\"https:\/\/schema.org\",\"@graph\":[{\"@type\":\"Article\",\"@id\":\"https:\/\/portaltela.pt\/noticias\/2025\/12\/09\/son-regressa-ao-tottenham-e-diz-esperar-nao-ter-sido-esquecido\/#article\",\"isPartOf\":{\"@id\":\"https:\/\/portaltela.pt\/noticias\/2025\/12\/09\/son-regressa-ao-tottenham-e-diz-esperar-nao-ter-sido-esquecido\/\"},\"author\":{\"name\":\"Telinha\",\"@id\":\"https:\/\/portaltela.pt\/#\/schema\/person\/c4278d4a6028830caff9ee44b42d32ed\"},\"headline\":\"Son regressa ao Tottenham e diz esperar n\u00e3o ter sido esquecido\",\"datePublished\":\"2025-12-09T23:07:00+00:00\",\"mainEntityOfPage\":{\"@id\":\"https:\/\/portaltela.pt\/noticias\/2025\/12\/09\/son-regressa-ao-tottenham-e-diz-esperar-nao-ter-sido-esquecido\/\"},\"wordCount\":188,\"image\":{\"@id\":\"https:\/\/portaltela.pt\/noticias\/2025\/12\/09\/son-regressa-ao-tottenham-e-diz-esperar-nao-ter-sido-esquecido\/#primaryimage\"},\"thumbnailUrl\":\"https:\/\/portaltela.pt\/s.01k8rhncp4jt1\/2025\/12\/img_920x518uu2025-12-09-23-02-21-2408214.jpg\",\"keywords\":[\"cidadania desportiva\",\"desportivos\",\"desporto\",\"futebol\",\"futebolistas\",\"organiza\u00e7\u00e3o desportiva\"],\"articleSection\":[\"Desporto\",\"Futebol\"],\"inLanguage\":\"pt-PT\"},{\"@type\":\"WebPage\",\"@id\":\"https:\/\/portaltela.pt\/noticias\/2025\/12\/09\/son-regressa-ao-tottenham-e-diz-esperar-nao-ter-sido-esquecido\/\",\"url\":\"https:\/\/portaltela.pt\/noticias\/2025\/12\/09\/son-regressa-ao-tottenham-e-diz-esperar-nao-ter-sido-esquecido\/\",\"name\":\"Son regressa ao Tottenham e diz esperar n\u00e3o ter sido esquecido - Portal Tela Portugal\",\"isPartOf\":{\"@id\":\"https:\/\/portaltela.pt\/#website\"},\"primaryImageOfPage\":{\"@id\":\"https:\/\/portaltela.pt\/noticias\/2025\/12\/09\/son-regressa-ao-tottenham-e-diz-esperar-nao-ter-sido-esquecido\/#primaryimage\"},\"image\":{\"@id\":\"https:\/\/portaltela.pt\/noticias\/2025\/12\/09\/son-regressa-ao-tottenham-e-diz-esperar-nao-ter-sido-esquecido\/#primaryimage\"},\"thumbnailUrl\":\"https:\/\/portaltela.pt\/s.01k8rhncp4jt1\/2025\/12\/img_920x518uu2025-12-09-23-02-21-2408214.jpg\",\"datePublished\":\"2025-12-09T23:07:00+00:00\",\"author\":{\"@id\":\"https:\/\/portaltela.pt\/#\/schema\/person\/c4278d4a6028830caff9ee44b42d32ed\"},\"breadcrumb\":{\"@id\":\"https:\/\/portaltela.pt\/noticias\/2025\/12\/09\/son-regressa-ao-tottenham-e-diz-esperar-nao-ter-sido-esquecido\/#breadcrumb\"},\"inLanguage\":\"pt-PT\",\"potentialAction\":[{\"@type\":\"ReadAction\",\"target\":[\"https:\/\/portaltela.pt\/noticias\/2025\/12\/09\/son-regressa-ao-tottenham-e-diz-esperar-nao-ter-sido-esquecido\/\"]}]},{\"@type\":\"ImageObject\",\"inLanguage\":\"pt-PT\",\"@id\":\"https:\/\/portaltela.pt\/noticias\/2025\/12\/09\/son-regressa-ao-tottenham-e-diz-esperar-nao-ter-sido-esquecido\/#primaryimage\",\"url\":\"https:\/\/portaltela.pt\/s.01k8rhncp4jt1\/2025\/12\/img_920x518uu2025-12-09-23-02-21-2408214.jpg\",\"contentUrl\":\"https:\/\/portaltela.pt\/s.01k8rhncp4jt1\/2025\/12\/img_920x518uu2025-12-09-23-02-21-2408214.jpg\",\"width\":796,\"height\":448,\"caption\":\"Heung-Min Son cumprimenta adeptos em regresso ao reduto do Tottenham\"},{\"@type\":\"BreadcrumbList\",\"@id\":\"https:\/\/portaltela.pt\/noticias\/2025\/12\/09\/son-regressa-ao-tottenham-e-diz-esperar-nao-ter-sido-esquecido\/#breadcrumb\",\"itemListElement\":[{\"@type\":\"ListItem\",\"position\":1,\"name\":\"In\u00edcio\",\"item\":\"https:\/\/portaltela.pt\/\"},{\"@type\":\"ListItem\",\"position\":2,\"name\":\"Son regressa ao Tottenham e diz esperar n\u00e3o ter sido esquecido\"}]},{\"@type\":\"WebSite\",\"@id\":\"https:\/\/portaltela.pt\/#website\",\"url\":\"https:\/\/portaltela.pt\/\",\"name\":\"Portal Tela Portugal\",\"description\":\"\",\"potentialAction\":[{\"@type\":\"SearchAction\",\"target\":{\"@type\":\"EntryPoint\",\"urlTemplate\":\"https:\/\/portaltela.pt\/?s={search_term_string}\"},\"query-input\":{\"@type\":\"PropertyValueSpecification\",\"valueRequired\":true,\"valueName\":\"search_term_string\"}}],\"inLanguage\":\"pt-PT\"},{\"@type\":\"Person\",\"@id\":\"https:\/\/portaltela.pt\/#\/schema\/person\/c4278d4a6028830caff9ee44b42d32ed\",\"name\":\"Telinha\",\"image\":{\"@type\":\"ImageObject\",\"inLanguage\":\"pt-PT\",\"@id\":\"https:\/\/portaltela.pt\/s.01k8rhncp4jt1\/2025\/11\/talking-bot-125x125.png\",\"url\":\"https:\/\/portaltela.pt\/s.01k8rhncp4jt1\/2025\/11\/talking-bot-125x125.png\",\"contentUrl\":\"https:\/\/portaltela.pt\/s.01k8rhncp4jt1\/2025\/11\/talking-bot-125x125.png\",\"caption\":\"Telinha\"},\"sameAs\":[\"https:\/\/portaltela.pt\/\"],\"url\":\"https:\/\/portaltela.pt\/por\/367410592786\/\"}]}<\/script>\n<!-- \/ Yoast SEO plugin. -->","yoast_head_json":{"title":"Son regressa ao Tottenham e diz esperar n\u00e3o ter sido esquecido - Portal Tela Portugal","robots":{"index":"index","follow":"follow","max-snippet":"max-snippet:-1","max-image-preview":"max-image-preview:large","max-video-preview":"max-video-preview:-1"},"og_locale":"pt_PT","og_type":"article","og_title":"Son regressa ao Tottenham e diz esperar n\u00e3o ter sido esquecido - Portal Tela Portugal","og_description":"Son Heung-min retornou a Londres, antes do jogo Tottenham vs Slavia Praga. Recebeu uma lembran\u00e7a das m\u00e3os de Ledley King durante a cerim\u00f3nia no clube. Em discurso emocionante, afirmou que o Tottenham ser\u00e1 sempre a sua casa. Convidou os f\u00e3s a visit\u00e1-lo em Los Angeles, onde atua pelo Los Angeles FC. Teve a passagem pelo Tottenham entre 2015 e 2025, com 173 golos em 454 jogos, antes de assinar pelo LAFC.","og_url":"https:\/\/portaltela.pt\/noticias\/2025\/12\/09\/son-regressa-ao-tottenham-e-diz-esperar-nao-ter-sido-esquecido\/","og_site_name":"Portal Tela Portugal","article_published_time":"2025-12-09T23:07:00+00:00","author":"Telinha","twitter_card":"summary_large_image","twitter_misc":{"Escrito por":"Telinha","Tempo estimado de leitura":"1 minuto"},"schema":{"@context":"https:\/\/schema.org","@graph":[{"@type":"Article","@id":"https:\/\/portaltela.pt\/noticias\/2025\/12\/09\/son-regressa-ao-tottenham-e-diz-esperar-nao-ter-sido-esquecido\/#article","isPartOf":{"@id":"https:\/\/portaltela.pt\/noticias\/2025\/12\/09\/son-regressa-ao-tottenham-e-diz-esperar-nao-ter-sido-esquecido\/"},"author":{"name":"Telinha","@id":"https:\/\/portaltela.pt\/#\/schema\/person\/c4278d4a6028830caff9ee44b42d32ed"},"headline":"Son regressa ao Tottenham e diz esperar n\u00e3o ter sido esquecido","datePublished":"2025-12-09T23:07:00+00:00","mainEntityOfPage":{"@id":"https:\/\/portaltela.pt\/noticias\/2025\/12\/09\/son-regressa-ao-tottenham-e-diz-esperar-nao-ter-sido-esquecido\/"},"wordCount":188,"image":{"@id":"https:\/\/portaltela.pt\/noticias\/2025\/12\/09\/son-regressa-ao-tottenham-e-diz-esperar-nao-ter-sido-esquecido\/#primaryimage"},"thumbnailUrl":"https:\/\/portaltela.pt\/s.01k8rhncp4jt1\/2025\/12\/img_920x518uu2025-12-09-23-02-21-2408214.jpg","keywords":["cidadania desportiva","desportivos","desporto","futebol","futebolistas","organiza\u00e7\u00e3o desportiva"],"articleSection":["Desporto","Futebol"],"inLanguage":"pt-PT"},{"@type":"WebPage","@id":"https:\/\/portaltela.pt\/noticias\/2025\/12\/09\/son-regressa-ao-tottenham-e-diz-esperar-nao-ter-sido-esquecido\/","url":"https:\/\/portaltela.pt\/noticias\/2025\/12\/09\/son-regressa-ao-tottenham-e-diz-esperar-nao-ter-sido-esquecido\/","name":"Son regressa ao Tottenham e diz esperar n\u00e3o ter sido esquecido - Portal Tela Portugal","isPartOf":{"@id":"https:\/\/portaltela.pt\/#website"},"primaryImageOfPage":{"@id":"https:\/\/portaltela.pt\/noticias\/2025\/12\/09\/son-regressa-ao-tottenham-e-diz-esperar-nao-ter-sido-esquecido\/#primaryimage"},"image":{"@id":"https:\/\/portaltela.pt\/noticias\/2025\/12\/09\/son-regressa-ao-tottenham-e-diz-esperar-nao-ter-sido-esquecido\/#primaryimage"},"thumbnailUrl":"https:\/\/portaltela.pt\/s.01k8rhncp4jt1\/2025\/12\/img_920x518uu2025-12-09-23-02-21-2408214.jpg","datePublished":"2025-12-09T23:07:00+00:00","author":{"@id":"https:\/\/portaltela.pt\/#\/schema\/person\/c4278d4a6028830caff9ee44b42d32ed"},"breadcrumb":{"@id":"https:\/\/portaltela.pt\/noticias\/2025\/12\/09\/son-regressa-ao-tottenham-e-diz-esperar-nao-ter-sido-esquecido\/#breadcrumb"},"inLanguage":"pt-PT","potentialAction":[{"@type":"ReadAction","target":["https:\/\/portaltela.pt\/noticias\/2025\/12\/09\/son-regressa-ao-tottenham-e-diz-esperar-nao-ter-sido-esquecido\/"]}]},{"@type":"ImageObject","inLanguage":"pt-PT","@id":"https:\/\/portaltela.pt\/noticias\/2025\/12\/09\/son-regressa-ao-tottenham-e-diz-esperar-nao-ter-sido-esquecido\/#primaryimage","url":"https:\/\/portaltela.pt\/s.01k8rhncp4jt1\/2025\/12\/img_920x518uu2025-12-09-23-02-21-2408214.jpg","contentUrl":"https:\/\/portaltela.pt\/s.01k8rhncp4jt1\/2025\/12\/img_920x518uu2025-12-09-23-02-21-2408214.jpg","width":796,"height":448,"caption":"Heung-Min Son cumprimenta adeptos em regresso ao reduto do Tottenham"},{"@type":"BreadcrumbList","@id":"https:\/\/portaltela.pt\/noticias\/2025\/12\/09\/son-regressa-ao-tottenham-e-diz-esperar-nao-ter-sido-esquecido\/#breadcrumb","itemListElement":[{"@type":"ListItem","position":1,"name":"In\u00edcio","item":"https:\/\/portaltela.pt\/"},{"@type":"ListItem","position":2,"name":"Son regressa ao Tottenham e diz esperar n\u00e3o ter sido esquecido"}]},{"@type":"WebSite","@id":"https:\/\/portaltela.pt\/#website","url":"https:\/\/portaltela.pt\/","name":"Portal Tela Portugal","description":"","potentialAction":[{"@type":"SearchAction","target":{"@type":"EntryPoint","urlTemplate":"https:\/\/portaltela.pt\/?s={search_term_string}"},"query-input":{"@type":"PropertyValueSpecification","valueRequired":true,"valueName":"search_term_string"}}],"inLanguage":"pt-PT"},{"@type":"Person","@id":"https:\/\/portaltela.pt\/#\/schema\/person\/c4278d4a6028830caff9ee44b42d32ed","name":"Telinha","image":{"@type":"ImageObject","inLanguage":"pt-PT","@id":"https:\/\/portaltela.pt\/s.01k8rhncp4jt1\/2025\/11\/talking-bot-125x125.png","url":"https:\/\/portaltela.pt\/s.01k8rhncp4jt1\/2025\/11\/talking-bot-125x125.png","contentUrl":"https:\/\/portaltela.pt\/s.01k8rhncp4jt1\/2025\/11\/talking-bot-125x125.png","caption":"Telinha"},"sameAs":["https:\/\/portaltela.pt\/"],"url":"https:\/\/portaltela.pt\/por\/367410592786\/"}]}},"_links":{"self":[{"href":"https:\/\/portaltela.pt\/api\/wp\/v2\/posts\/63195","targetHints":{"allow":["GET"]}}],"collection":[{"href":"https:\/\/portaltela.pt\/api\/wp\/v2\/posts"}],"about":[{"href":"https:\/\/portaltela.pt\/api\/wp\/v2\/types\/post"}],"author":[{"embeddable":true,"href":"https:\/\/portaltela.pt\/api\/wp\/v2\/users\/2"}],"replies":[{"embeddable":true,"href":"https:\/\/portaltela.pt\/api\/wp\/v2\/comments?post=63195"}],"version-history":[{"count":0,"href":"https:\/\/portaltela.pt\/api\/wp\/v2\/posts\/63195\/revisions"}],"wp:featuredmedia":[{"embeddable":true,"href":"https:\/\/portaltela.pt\/api\/wp\/v2\/media\/63197"}],"wp:attachment":[{"href":"https:\/\/portaltela.pt\/api\/wp\/v2\/media?parent=63195"}],"wp:term":[{"taxonomy":"category","embeddable":true,"href":"https:\/\/portaltela.pt\/api\/wp\/v2\/categories?post=63195"},{"taxonomy":"post_tag","embeddable":true,"href":"https:\/\/portaltela.pt\/api\/wp\/v2\/tags?post=63195"}],"curies":[{"name":"wp","href":"https:\/\/api.w.org\/{rel}","templated":true}]}}