{"id":63053,"date":"2025-12-09T18:44:00","date_gmt":"2025-12-09T21:44:00","guid":{"rendered":"https:\/\/portaltela.pt\/noticias\/2025\/12\/09\/af-guarda-organiza-o-seu-jantar-de-natal\/"},"modified":"2025-12-09T18:44:00","modified_gmt":"2025-12-09T21:44:00","slug":"af-guarda-organiza-o-seu-jantar-de-natal","status":"publish","type":"post","link":"https:\/\/portaltela.pt\/desporto\/futebol\/2025\/12\/09\/af-guarda-organiza-o-seu-jantar-de-natal\/","title":{"rendered":"AF Guarda organiza o seu Jantar de Natal"},"content":{"rendered":"<p>O Jantar de Natal da Associa\u00e7\u00e3o de Futebol da Guarda realizou-se no Hotel Quinta do Cedros, reunindo \u00f3rg\u00e3os sociais, funcion\u00e1rios, colaboradores e patrocinadores para um conv\u00edvio e celebra\u00e7\u00e3o.<\/p>\n<p>O encontro destacou o esp\u00edrito de uni\u00e3o e o trabalho desenvolvido ao longo do ano, fortalecendo la\u00e7os entre os presentes e refor\u00e7ando o alinhamento com os objetivos da associa\u00e7\u00e3o.<\/p>\n<p>A sess\u00e3o serviu para renovar a motiva\u00e7\u00e3o dos participantes face aos desafios futuros, segundo a organiza\u00e7\u00e3o, que enfatizou a continuidade do empenho coletivo.<\/p>\n","protected":false},"excerpt":{"rendered":"<ul>\n<li>Teve lugar no Hotel Quinta do Cedros o Jantar de Natal da Associa\u00e7\u00e3o de Futebol da Guarda.<\/li>\n<li>Reuniu \u00f3rg\u00e3os sociais, funcion\u00e1rios, colaboradores e patrocinadores para conv\u00edvio e celebra\u00e7\u00e3o.<\/li>\n<li>O encontro destacou o esp\u00edrito de uni\u00e3o e o trabalho desenvolvido ao longo do ano.<\/li>\n<li>Fortaleceu os la\u00e7os entre os participantes.<\/li>\n<li>Renovou a motiva\u00e7\u00e3o para enfrentar os desafios futuros.<\/li>\n<\/ul>\n","protected":false},"author":2,"featured_media":63054,"comment_status":"closed","ping_status":"closed","sticky":false,"template":"","format":"standard","meta":{"footnotes":""},"categories":[21,24],"tags":[278,679,152,32,399],"class_list":["post-63053","post","type-post","status-publish","format-standard","has-post-thumbnail","hentry","category-desporto","category-futebol","tag-associacao-desportiva-do-ano","tag-associacoes","tag-desporto","tag-futebol","tag-organizacao-desportiva"],"yoast_head":"<!-- This site is optimized with the Yoast SEO plugin v27.2 - https:\/\/yoast.com\/product\/yoast-seo-wordpress\/ -->\n<title>AF Guarda organiza o seu Jantar de Natal - Portal Tela Portugal<\/title>\n<meta name=\"robots\" content=\"index, follow, max-snippet:-1, max-image-preview:large, max-video-preview:-1\" \/>\n<meta property=\"og:locale\" content=\"pt_PT\" \/>\n<meta property=\"og:type\" content=\"article\" \/>\n<meta property=\"og:title\" content=\"AF Guarda organiza o seu Jantar de Natal - Portal Tela Portugal\" \/>\n<meta property=\"og:description\" content=\"Teve lugar no Hotel Quinta do Cedros o Jantar de Natal da Associa\u00e7\u00e3o de Futebol da Guarda. Reuniu \u00f3rg\u00e3os sociais, funcion\u00e1rios, colaboradores e patrocinadores para conv\u00edvio e celebra\u00e7\u00e3o. O encontro destacou o esp\u00edrito de uni\u00e3o e o trabalho desenvolvido ao longo do ano. Fortaleceu os la\u00e7os entre os participantes. Renovou a motiva\u00e7\u00e3o para enfrentar os desafios futuros.\" \/>\n<meta property=\"og:url\" content=\"https:\/\/portaltela.pt\/noticias\/2025\/12\/09\/af-guarda-organiza-o-seu-jantar-de-natal\/\" \/>\n<meta property=\"og:site_name\" content=\"Portal Tela Portugal\" \/>\n<meta property=\"article:published_time\" content=\"2025-12-09T21:44:00+00:00\" \/>\n<meta name=\"author\" content=\"Telinha\" \/>\n<meta name=\"twitter:card\" content=\"summary_large_image\" \/>\n<meta name=\"twitter:label1\" content=\"Escrito por\" \/>\n\t<meta name=\"twitter:data1\" content=\"Telinha\" \/>\n<script type=\"application\/ld+json\" class=\"yoast-schema-graph\">{\"@context\":\"https:\/\/schema.org\",\"@graph\":[{\"@type\":\"Article\",\"@id\":\"https:\/\/portaltela.pt\/noticias\/2025\/12\/09\/af-guarda-organiza-o-seu-jantar-de-natal\/#article\",\"isPartOf\":{\"@id\":\"https:\/\/portaltela.pt\/noticias\/2025\/12\/09\/af-guarda-organiza-o-seu-jantar-de-natal\/\"},\"author\":{\"name\":\"Telinha\",\"@id\":\"https:\/\/portaltela.pt\/#\/schema\/person\/c4278d4a6028830caff9ee44b42d32ed\"},\"headline\":\"AF Guarda organiza o seu Jantar de Natal\",\"datePublished\":\"2025-12-09T21:44:00+00:00\",\"mainEntityOfPage\":{\"@id\":\"https:\/\/portaltela.pt\/noticias\/2025\/12\/09\/af-guarda-organiza-o-seu-jantar-de-natal\/\"},\"wordCount\":101,\"image\":{\"@id\":\"https:\/\/portaltela.pt\/noticias\/2025\/12\/09\/af-guarda-organiza-o-seu-jantar-de-natal\/#primaryimage\"},\"thumbnailUrl\":\"https:\/\/portaltela.pt\/s.01k8rhncp4jt1\/2025\/12\/596803605_1460094956125970_5439550042487362994_n.jpg\",\"keywords\":[\"Associa\u00e7\u00e3o Desportiva do Ano\",\"associa\u00e7\u00f5es\",\"desporto\",\"futebol\",\"organiza\u00e7\u00e3o desportiva\"],\"articleSection\":[\"Desporto\",\"Futebol\"],\"inLanguage\":\"pt-PT\"},{\"@type\":\"WebPage\",\"@id\":\"https:\/\/portaltela.pt\/noticias\/2025\/12\/09\/af-guarda-organiza-o-seu-jantar-de-natal\/\",\"url\":\"https:\/\/portaltela.pt\/noticias\/2025\/12\/09\/af-guarda-organiza-o-seu-jantar-de-natal\/\",\"name\":\"AF Guarda organiza o seu Jantar de Natal - Portal Tela Portugal\",\"isPartOf\":{\"@id\":\"https:\/\/portaltela.pt\/#website\"},\"primaryImageOfPage\":{\"@id\":\"https:\/\/portaltela.pt\/noticias\/2025\/12\/09\/af-guarda-organiza-o-seu-jantar-de-natal\/#primaryimage\"},\"image\":{\"@id\":\"https:\/\/portaltela.pt\/noticias\/2025\/12\/09\/af-guarda-organiza-o-seu-jantar-de-natal\/#primaryimage\"},\"thumbnailUrl\":\"https:\/\/portaltela.pt\/s.01k8rhncp4jt1\/2025\/12\/596803605_1460094956125970_5439550042487362994_n.jpg\",\"datePublished\":\"2025-12-09T21:44:00+00:00\",\"author\":{\"@id\":\"https:\/\/portaltela.pt\/#\/schema\/person\/c4278d4a6028830caff9ee44b42d32ed\"},\"breadcrumb\":{\"@id\":\"https:\/\/portaltela.pt\/noticias\/2025\/12\/09\/af-guarda-organiza-o-seu-jantar-de-natal\/#breadcrumb\"},\"inLanguage\":\"pt-PT\",\"potentialAction\":[{\"@type\":\"ReadAction\",\"target\":[\"https:\/\/portaltela.pt\/noticias\/2025\/12\/09\/af-guarda-organiza-o-seu-jantar-de-natal\/\"]}]},{\"@type\":\"ImageObject\",\"inLanguage\":\"pt-PT\",\"@id\":\"https:\/\/portaltela.pt\/noticias\/2025\/12\/09\/af-guarda-organiza-o-seu-jantar-de-natal\/#primaryimage\",\"url\":\"https:\/\/portaltela.pt\/s.01k8rhncp4jt1\/2025\/12\/596803605_1460094956125970_5439550042487362994_n.jpg\",\"contentUrl\":\"https:\/\/portaltela.pt\/s.01k8rhncp4jt1\/2025\/12\/596803605_1460094956125970_5439550042487362994_n.jpg\",\"width\":796,\"height\":448,\"caption\":\"MaisBeiras\"},{\"@type\":\"BreadcrumbList\",\"@id\":\"https:\/\/portaltela.pt\/noticias\/2025\/12\/09\/af-guarda-organiza-o-seu-jantar-de-natal\/#breadcrumb\",\"itemListElement\":[{\"@type\":\"ListItem\",\"position\":1,\"name\":\"In\u00edcio\",\"item\":\"https:\/\/portaltela.pt\/\"},{\"@type\":\"ListItem\",\"position\":2,\"name\":\"AF Guarda organiza o seu Jantar de Natal\"}]},{\"@type\":\"WebSite\",\"@id\":\"https:\/\/portaltela.pt\/#website\",\"url\":\"https:\/\/portaltela.pt\/\",\"name\":\"Portal Tela Portugal\",\"description\":\"\",\"potentialAction\":[{\"@type\":\"SearchAction\",\"target\":{\"@type\":\"EntryPoint\",\"urlTemplate\":\"https:\/\/portaltela.pt\/?s={search_term_string}\"},\"query-input\":{\"@type\":\"PropertyValueSpecification\",\"valueRequired\":true,\"valueName\":\"search_term_string\"}}],\"inLanguage\":\"pt-PT\"},{\"@type\":\"Person\",\"@id\":\"https:\/\/portaltela.pt\/#\/schema\/person\/c4278d4a6028830caff9ee44b42d32ed\",\"name\":\"Telinha\",\"image\":{\"@type\":\"ImageObject\",\"inLanguage\":\"pt-PT\",\"@id\":\"https:\/\/portaltela.pt\/s.01k8rhncp4jt1\/2025\/11\/talking-bot-125x125.png\",\"url\":\"https:\/\/portaltela.pt\/s.01k8rhncp4jt1\/2025\/11\/talking-bot-125x125.png\",\"contentUrl\":\"https:\/\/portaltela.pt\/s.01k8rhncp4jt1\/2025\/11\/talking-bot-125x125.png\",\"caption\":\"Telinha\"},\"sameAs\":[\"https:\/\/portaltela.pt\/\"],\"url\":\"https:\/\/portaltela.pt\/por\/367410592786\/\"}]}<\/script>\n<!-- \/ Yoast SEO plugin. -->","yoast_head_json":{"title":"AF Guarda organiza o seu Jantar de Natal - Portal Tela Portugal","robots":{"index":"index","follow":"follow","max-snippet":"max-snippet:-1","max-image-preview":"max-image-preview:large","max-video-preview":"max-video-preview:-1"},"og_locale":"pt_PT","og_type":"article","og_title":"AF Guarda organiza o seu Jantar de Natal - Portal Tela Portugal","og_description":"Teve lugar no Hotel Quinta do Cedros o Jantar de Natal da Associa\u00e7\u00e3o de Futebol da Guarda. Reuniu \u00f3rg\u00e3os sociais, funcion\u00e1rios, colaboradores e patrocinadores para conv\u00edvio e celebra\u00e7\u00e3o. O encontro destacou o esp\u00edrito de uni\u00e3o e o trabalho desenvolvido ao longo do ano. Fortaleceu os la\u00e7os entre os participantes. Renovou a motiva\u00e7\u00e3o para enfrentar os desafios futuros.","og_url":"https:\/\/portaltela.pt\/noticias\/2025\/12\/09\/af-guarda-organiza-o-seu-jantar-de-natal\/","og_site_name":"Portal Tela Portugal","article_published_time":"2025-12-09T21:44:00+00:00","author":"Telinha","twitter_card":"summary_large_image","twitter_misc":{"Escrito por":"Telinha"},"schema":{"@context":"https:\/\/schema.org","@graph":[{"@type":"Article","@id":"https:\/\/portaltela.pt\/noticias\/2025\/12\/09\/af-guarda-organiza-o-seu-jantar-de-natal\/#article","isPartOf":{"@id":"https:\/\/portaltela.pt\/noticias\/2025\/12\/09\/af-guarda-organiza-o-seu-jantar-de-natal\/"},"author":{"name":"Telinha","@id":"https:\/\/portaltela.pt\/#\/schema\/person\/c4278d4a6028830caff9ee44b42d32ed"},"headline":"AF Guarda organiza o seu Jantar de Natal","datePublished":"2025-12-09T21:44:00+00:00","mainEntityOfPage":{"@id":"https:\/\/portaltela.pt\/noticias\/2025\/12\/09\/af-guarda-organiza-o-seu-jantar-de-natal\/"},"wordCount":101,"image":{"@id":"https:\/\/portaltela.pt\/noticias\/2025\/12\/09\/af-guarda-organiza-o-seu-jantar-de-natal\/#primaryimage"},"thumbnailUrl":"https:\/\/portaltela.pt\/s.01k8rhncp4jt1\/2025\/12\/596803605_1460094956125970_5439550042487362994_n.jpg","keywords":["Associa\u00e7\u00e3o Desportiva do Ano","associa\u00e7\u00f5es","desporto","futebol","organiza\u00e7\u00e3o desportiva"],"articleSection":["Desporto","Futebol"],"inLanguage":"pt-PT"},{"@type":"WebPage","@id":"https:\/\/portaltela.pt\/noticias\/2025\/12\/09\/af-guarda-organiza-o-seu-jantar-de-natal\/","url":"https:\/\/portaltela.pt\/noticias\/2025\/12\/09\/af-guarda-organiza-o-seu-jantar-de-natal\/","name":"AF Guarda organiza o seu Jantar de Natal - Portal Tela Portugal","isPartOf":{"@id":"https:\/\/portaltela.pt\/#website"},"primaryImageOfPage":{"@id":"https:\/\/portaltela.pt\/noticias\/2025\/12\/09\/af-guarda-organiza-o-seu-jantar-de-natal\/#primaryimage"},"image":{"@id":"https:\/\/portaltela.pt\/noticias\/2025\/12\/09\/af-guarda-organiza-o-seu-jantar-de-natal\/#primaryimage"},"thumbnailUrl":"https:\/\/portaltela.pt\/s.01k8rhncp4jt1\/2025\/12\/596803605_1460094956125970_5439550042487362994_n.jpg","datePublished":"2025-12-09T21:44:00+00:00","author":{"@id":"https:\/\/portaltela.pt\/#\/schema\/person\/c4278d4a6028830caff9ee44b42d32ed"},"breadcrumb":{"@id":"https:\/\/portaltela.pt\/noticias\/2025\/12\/09\/af-guarda-organiza-o-seu-jantar-de-natal\/#breadcrumb"},"inLanguage":"pt-PT","potentialAction":[{"@type":"ReadAction","target":["https:\/\/portaltela.pt\/noticias\/2025\/12\/09\/af-guarda-organiza-o-seu-jantar-de-natal\/"]}]},{"@type":"ImageObject","inLanguage":"pt-PT","@id":"https:\/\/portaltela.pt\/noticias\/2025\/12\/09\/af-guarda-organiza-o-seu-jantar-de-natal\/#primaryimage","url":"https:\/\/portaltela.pt\/s.01k8rhncp4jt1\/2025\/12\/596803605_1460094956125970_5439550042487362994_n.jpg","contentUrl":"https:\/\/portaltela.pt\/s.01k8rhncp4jt1\/2025\/12\/596803605_1460094956125970_5439550042487362994_n.jpg","width":796,"height":448,"caption":"MaisBeiras"},{"@type":"BreadcrumbList","@id":"https:\/\/portaltela.pt\/noticias\/2025\/12\/09\/af-guarda-organiza-o-seu-jantar-de-natal\/#breadcrumb","itemListElement":[{"@type":"ListItem","position":1,"name":"In\u00edcio","item":"https:\/\/portaltela.pt\/"},{"@type":"ListItem","position":2,"name":"AF Guarda organiza o seu Jantar de Natal"}]},{"@type":"WebSite","@id":"https:\/\/portaltela.pt\/#website","url":"https:\/\/portaltela.pt\/","name":"Portal Tela Portugal","description":"","potentialAction":[{"@type":"SearchAction","target":{"@type":"EntryPoint","urlTemplate":"https:\/\/portaltela.pt\/?s={search_term_string}"},"query-input":{"@type":"PropertyValueSpecification","valueRequired":true,"valueName":"search_term_string"}}],"inLanguage":"pt-PT"},{"@type":"Person","@id":"https:\/\/portaltela.pt\/#\/schema\/person\/c4278d4a6028830caff9ee44b42d32ed","name":"Telinha","image":{"@type":"ImageObject","inLanguage":"pt-PT","@id":"https:\/\/portaltela.pt\/s.01k8rhncp4jt1\/2025\/11\/talking-bot-125x125.png","url":"https:\/\/portaltela.pt\/s.01k8rhncp4jt1\/2025\/11\/talking-bot-125x125.png","contentUrl":"https:\/\/portaltela.pt\/s.01k8rhncp4jt1\/2025\/11\/talking-bot-125x125.png","caption":"Telinha"},"sameAs":["https:\/\/portaltela.pt\/"],"url":"https:\/\/portaltela.pt\/por\/367410592786\/"}]}},"_links":{"self":[{"href":"https:\/\/portaltela.pt\/api\/wp\/v2\/posts\/63053","targetHints":{"allow":["GET"]}}],"collection":[{"href":"https:\/\/portaltela.pt\/api\/wp\/v2\/posts"}],"about":[{"href":"https:\/\/portaltela.pt\/api\/wp\/v2\/types\/post"}],"author":[{"embeddable":true,"href":"https:\/\/portaltela.pt\/api\/wp\/v2\/users\/2"}],"replies":[{"embeddable":true,"href":"https:\/\/portaltela.pt\/api\/wp\/v2\/comments?post=63053"}],"version-history":[{"count":0,"href":"https:\/\/portaltela.pt\/api\/wp\/v2\/posts\/63053\/revisions"}],"wp:featuredmedia":[{"embeddable":true,"href":"https:\/\/portaltela.pt\/api\/wp\/v2\/media\/63054"}],"wp:attachment":[{"href":"https:\/\/portaltela.pt\/api\/wp\/v2\/media?parent=63053"}],"wp:term":[{"taxonomy":"category","embeddable":true,"href":"https:\/\/portaltela.pt\/api\/wp\/v2\/categories?post=63053"},{"taxonomy":"post_tag","embeddable":true,"href":"https:\/\/portaltela.pt\/api\/wp\/v2\/tags?post=63053"}],"curies":[{"name":"wp","href":"https:\/\/api.w.org\/{rel}","templated":true}]}}