{"id":62911,"date":"2025-12-09T17:20:00","date_gmt":"2025-12-09T20:20:00","guid":{"rendered":"https:\/\/portaltela.pt\/noticias\/2025\/12\/09\/tribunal-de-aveiro-condena-homem-a-seis-anos-por-violar-adolescente-em-agueda\/"},"modified":"2025-12-09T17:20:00","modified_gmt":"2025-12-09T20:20:00","slug":"tribunal-de-aveiro-condena-homem-a-seis-anos-por-violar-adolescente-em-agueda","status":"publish","type":"post","link":"https:\/\/portaltela.pt\/noticias\/2025\/12\/09\/tribunal-de-aveiro-condena-homem-a-seis-anos-por-violar-adolescente-em-agueda\/","title":{"rendered":"Tribunal de Aveiro condena homem a seis anos por violar adolescente em \u00c1gueda"},"content":{"rendered":"<p>O Tribunal de Aveiro condenou, nesta ter\u00e7a-feira, um homem de 41 anos a seis anos de pris\u00e3o efetiva por viola\u00e7\u00e3o agravada e coa\u00e7\u00e3o na forma tentada, ocorridas em 2020 contra uma adolescente de 15 anos em \u00c1gueda. A pena resulta do c\u00famulo jur\u00eddico das penas parcelares aplicadas aos crimes.<\/p>\n<p>A leitura do ac\u00f3rd\u00e3o determinou ainda uma indemniza\u00e7\u00e3o de 10 mil euros \u00e0 v\u00edtima, por danos n\u00e3o patrimoniais. O julgamento decorreu com exclus\u00e3o de publicidade, impedindo a presen\u00e7a de p\u00fablico e de comunica\u00e7\u00e3o social.<\/p>\n<p>Segundo a acusa\u00e7\u00e3o, o crime ocorreu numa casa em Macinhata do Vouga, na casa da sogra do arguido, com apenas a v\u00edtima, o arguido e cinco menores nos quartos. O arguido arrastou a jovem para a casa de banho e, ap\u00f3s a agress\u00e3o, obrigou-a a manter os atos sexuais, sob amea\u00e7as.<\/p>\n<p>A decis\u00e3o indica que o arguido n\u00e3o esteve presente nas sess\u00f5es e n\u00e3o se fez representar na leitura da senten\u00e7a. O tribunal informou ainda que, caso n\u00e3o haja recurso no prazo de 30 dias, ser\u00e1 emitido mandado de deten\u00e7\u00e3o para condu\u00e7\u00e3o imediata ao estabelecimento prisional.<\/p>\n<h3>Consequ\u00eancias processuais e prazo<\/h3>\n<p>Caso haja recurso, mant\u00e9m-se o debate sobre a eventual manuten\u00e7\u00e3o da pena at\u00e9 \u00e0 decis\u00e3o final. O arguido permanece em liberdade enquanto n\u00e3o for cumprido o prazo para interposi\u00e7\u00e3o de recurso. A medida visa assegurar a aplica\u00e7\u00e3o da senten\u00e7a e a eventual deten\u00e7\u00e3o, se o recurso n\u00e3o for apresentado.<\/p>\n","protected":false},"excerpt":{"rendered":"<ul>\n<li>Em fevereiro de 2020, um homem de 41 anos violou uma adolescente de 15 anos em Macinhata do Vouga, \u00c1gueda.<\/li>\n<li>O Tribunal de Aveiro condenou o arguido a seis anos de pris\u00e3o efetiva e a indemnizar a v\u00edtima com 10 mil euros.<\/li>\n<li>A pena resulta do c\u00famulo jur\u00eddico das penas parcelares aplicadas aos crimes de viola\u00e7\u00e3o agravada e coa\u00e7\u00e3o na forma tentada.<\/li>\n<li>O crime ocorreu numa habita\u00e7\u00e3o onde estavam apenas o arguido, a v\u00edtima e cinco menores; o homem arrastou-a para a casa de banho, manteve-a sob viol\u00eancia e fez amea\u00e7as de morte para silenciar a den\u00fancia.<\/li>\n<li>Se n\u00e3o houver recurso no prazo de 30 dias, ser\u00e1 emitido mandado de deten\u00e7\u00e3o para condu\u00e7\u00e3o imediata ao estabelecimento prisional.<\/li>\n<\/ul>\n","protected":false},"author":2,"featured_media":62915,"comment_status":"closed","ping_status":"closed","sticky":false,"template":"","format":"standard","meta":{"footnotes":""},"categories":[1],"tags":[817,1062,1059,803,52,696],"class_list":["post-62911","post","type-post","status-publish","format-standard","has-post-thumbnail","hentry","category-noticias","tag-abuso-de-menor-dependente-ou-em-situacao-vulneravel","tag-agueda","tag-aveiro","tag-justica","tag-tribunal","tag-violencia-agravada"],"yoast_head":"<!-- This site is optimized with the Yoast SEO plugin v27.2 - https:\/\/yoast.com\/product\/yoast-seo-wordpress\/ -->\n<title>Tribunal de Aveiro condena homem a seis anos por violar adolescente em \u00c1gueda - Portal Tela Portugal<\/title>\n<meta name=\"robots\" content=\"index, follow, max-snippet:-1, max-image-preview:large, max-video-preview:-1\" \/>\n<meta property=\"og:locale\" content=\"pt_PT\" \/>\n<meta property=\"og:type\" content=\"article\" \/>\n<meta property=\"og:title\" content=\"Tribunal de Aveiro condena homem a seis anos por violar adolescente em \u00c1gueda - Portal Tela Portugal\" \/>\n<meta property=\"og:description\" content=\"Em fevereiro de 2020, um homem de 41 anos violou uma adolescente de 15 anos em Macinhata do Vouga, \u00c1gueda. O Tribunal de Aveiro condenou o arguido a seis anos de pris\u00e3o efetiva e a indemnizar a v\u00edtima com 10 mil euros. A pena resulta do c\u00famulo jur\u00eddico das penas parcelares aplicadas aos crimes de viola\u00e7\u00e3o agravada e coa\u00e7\u00e3o na forma tentada. O crime ocorreu numa habita\u00e7\u00e3o onde estavam apenas o arguido, a v\u00edtima e cinco menores; o homem arrastou-a para a casa de banho, manteve-a sob viol\u00eancia e fez amea\u00e7as de morte para silenciar a den\u00fancia. Se n\u00e3o houver recurso no prazo de 30 dias, ser\u00e1 emitido mandado de deten\u00e7\u00e3o para condu\u00e7\u00e3o imediata ao estabelecimento prisional.\" \/>\n<meta property=\"og:url\" content=\"https:\/\/portaltela.pt\/noticias\/2025\/12\/09\/tribunal-de-aveiro-condena-homem-a-seis-anos-por-violar-adolescente-em-agueda\/\" \/>\n<meta property=\"og:site_name\" content=\"Portal Tela Portugal\" \/>\n<meta property=\"article:published_time\" content=\"2025-12-09T20:20:00+00:00\" \/>\n<meta name=\"author\" content=\"Telinha\" \/>\n<meta name=\"twitter:card\" content=\"summary_large_image\" \/>\n<meta name=\"twitter:label1\" content=\"Escrito por\" \/>\n\t<meta name=\"twitter:data1\" content=\"Telinha\" \/>\n\t<meta name=\"twitter:label2\" content=\"Tempo estimado de leitura\" \/>\n\t<meta name=\"twitter:data2\" content=\"1 minuto\" \/>\n<script type=\"application\/ld+json\" class=\"yoast-schema-graph\">{\"@context\":\"https:\/\/schema.org\",\"@graph\":[{\"@type\":\"Article\",\"@id\":\"https:\/\/portaltela.pt\/noticias\/2025\/12\/09\/tribunal-de-aveiro-condena-homem-a-seis-anos-por-violar-adolescente-em-agueda\/#article\",\"isPartOf\":{\"@id\":\"https:\/\/portaltela.pt\/noticias\/2025\/12\/09\/tribunal-de-aveiro-condena-homem-a-seis-anos-por-violar-adolescente-em-agueda\/\"},\"author\":{\"name\":\"Telinha\",\"@id\":\"https:\/\/portaltela.pt\/#\/schema\/person\/c4278d4a6028830caff9ee44b42d32ed\"},\"headline\":\"Tribunal de Aveiro condena homem a seis anos por violar adolescente em \u00c1gueda\",\"datePublished\":\"2025-12-09T20:20:00+00:00\",\"mainEntityOfPage\":{\"@id\":\"https:\/\/portaltela.pt\/noticias\/2025\/12\/09\/tribunal-de-aveiro-condena-homem-a-seis-anos-por-violar-adolescente-em-agueda\/\"},\"wordCount\":276,\"image\":{\"@id\":\"https:\/\/portaltela.pt\/noticias\/2025\/12\/09\/tribunal-de-aveiro-condena-homem-a-seis-anos-por-violar-adolescente-em-agueda\/#primaryimage\"},\"thumbnailUrl\":\"https:\/\/portaltela.pt\/s.01k8rhncp4jt1\/2025\/12\/detido-05.jpg\",\"keywords\":[\"abuso de menor dependente ou em situa\u00e7\u00e3o vulner\u00e1vel\",\"\u00c1gueda\",\"Aveiro\",\"justi\u00e7a\",\"tribunal\",\"viol\u00eancia agravada\"],\"articleSection\":[\"Not\u00edcias\"],\"inLanguage\":\"pt-PT\"},{\"@type\":\"WebPage\",\"@id\":\"https:\/\/portaltela.pt\/noticias\/2025\/12\/09\/tribunal-de-aveiro-condena-homem-a-seis-anos-por-violar-adolescente-em-agueda\/\",\"url\":\"https:\/\/portaltela.pt\/noticias\/2025\/12\/09\/tribunal-de-aveiro-condena-homem-a-seis-anos-por-violar-adolescente-em-agueda\/\",\"name\":\"Tribunal de Aveiro condena homem a seis anos por violar adolescente em \u00c1gueda - Portal Tela Portugal\",\"isPartOf\":{\"@id\":\"https:\/\/portaltela.pt\/#website\"},\"primaryImageOfPage\":{\"@id\":\"https:\/\/portaltela.pt\/noticias\/2025\/12\/09\/tribunal-de-aveiro-condena-homem-a-seis-anos-por-violar-adolescente-em-agueda\/#primaryimage\"},\"image\":{\"@id\":\"https:\/\/portaltela.pt\/noticias\/2025\/12\/09\/tribunal-de-aveiro-condena-homem-a-seis-anos-por-violar-adolescente-em-agueda\/#primaryimage\"},\"thumbnailUrl\":\"https:\/\/portaltela.pt\/s.01k8rhncp4jt1\/2025\/12\/detido-05.jpg\",\"datePublished\":\"2025-12-09T20:20:00+00:00\",\"author\":{\"@id\":\"https:\/\/portaltela.pt\/#\/schema\/person\/c4278d4a6028830caff9ee44b42d32ed\"},\"breadcrumb\":{\"@id\":\"https:\/\/portaltela.pt\/noticias\/2025\/12\/09\/tribunal-de-aveiro-condena-homem-a-seis-anos-por-violar-adolescente-em-agueda\/#breadcrumb\"},\"inLanguage\":\"pt-PT\",\"potentialAction\":[{\"@type\":\"ReadAction\",\"target\":[\"https:\/\/portaltela.pt\/noticias\/2025\/12\/09\/tribunal-de-aveiro-condena-homem-a-seis-anos-por-violar-adolescente-em-agueda\/\"]}]},{\"@type\":\"ImageObject\",\"inLanguage\":\"pt-PT\",\"@id\":\"https:\/\/portaltela.pt\/noticias\/2025\/12\/09\/tribunal-de-aveiro-condena-homem-a-seis-anos-por-violar-adolescente-em-agueda\/#primaryimage\",\"url\":\"https:\/\/portaltela.pt\/s.01k8rhncp4jt1\/2025\/12\/detido-05.jpg\",\"contentUrl\":\"https:\/\/portaltela.pt\/s.01k8rhncp4jt1\/2025\/12\/detido-05.jpg\",\"width\":796,\"height\":448,\"caption\":\"Di\u00e1rio da Bairrada\"},{\"@type\":\"BreadcrumbList\",\"@id\":\"https:\/\/portaltela.pt\/noticias\/2025\/12\/09\/tribunal-de-aveiro-condena-homem-a-seis-anos-por-violar-adolescente-em-agueda\/#breadcrumb\",\"itemListElement\":[{\"@type\":\"ListItem\",\"position\":1,\"name\":\"In\u00edcio\",\"item\":\"https:\/\/portaltela.pt\/\"},{\"@type\":\"ListItem\",\"position\":2,\"name\":\"Tribunal de Aveiro condena homem a seis anos por violar adolescente em \u00c1gueda\"}]},{\"@type\":\"WebSite\",\"@id\":\"https:\/\/portaltela.pt\/#website\",\"url\":\"https:\/\/portaltela.pt\/\",\"name\":\"Portal Tela Portugal\",\"description\":\"\",\"potentialAction\":[{\"@type\":\"SearchAction\",\"target\":{\"@type\":\"EntryPoint\",\"urlTemplate\":\"https:\/\/portaltela.pt\/?s={search_term_string}\"},\"query-input\":{\"@type\":\"PropertyValueSpecification\",\"valueRequired\":true,\"valueName\":\"search_term_string\"}}],\"inLanguage\":\"pt-PT\"},{\"@type\":\"Person\",\"@id\":\"https:\/\/portaltela.pt\/#\/schema\/person\/c4278d4a6028830caff9ee44b42d32ed\",\"name\":\"Telinha\",\"image\":{\"@type\":\"ImageObject\",\"inLanguage\":\"pt-PT\",\"@id\":\"https:\/\/portaltela.pt\/s.01k8rhncp4jt1\/2025\/11\/talking-bot-125x125.png\",\"url\":\"https:\/\/portaltela.pt\/s.01k8rhncp4jt1\/2025\/11\/talking-bot-125x125.png\",\"contentUrl\":\"https:\/\/portaltela.pt\/s.01k8rhncp4jt1\/2025\/11\/talking-bot-125x125.png\",\"caption\":\"Telinha\"},\"sameAs\":[\"https:\/\/portaltela.pt\/\"],\"url\":\"https:\/\/portaltela.pt\/por\/367410592786\/\"}]}<\/script>\n<!-- \/ Yoast SEO plugin. -->","yoast_head_json":{"title":"Tribunal de Aveiro condena homem a seis anos por violar adolescente em \u00c1gueda - Portal Tela Portugal","robots":{"index":"index","follow":"follow","max-snippet":"max-snippet:-1","max-image-preview":"max-image-preview:large","max-video-preview":"max-video-preview:-1"},"og_locale":"pt_PT","og_type":"article","og_title":"Tribunal de Aveiro condena homem a seis anos por violar adolescente em \u00c1gueda - Portal Tela Portugal","og_description":"Em fevereiro de 2020, um homem de 41 anos violou uma adolescente de 15 anos em Macinhata do Vouga, \u00c1gueda. O Tribunal de Aveiro condenou o arguido a seis anos de pris\u00e3o efetiva e a indemnizar a v\u00edtima com 10 mil euros. A pena resulta do c\u00famulo jur\u00eddico das penas parcelares aplicadas aos crimes de viola\u00e7\u00e3o agravada e coa\u00e7\u00e3o na forma tentada. O crime ocorreu numa habita\u00e7\u00e3o onde estavam apenas o arguido, a v\u00edtima e cinco menores; o homem arrastou-a para a casa de banho, manteve-a sob viol\u00eancia e fez amea\u00e7as de morte para silenciar a den\u00fancia. Se n\u00e3o houver recurso no prazo de 30 dias, ser\u00e1 emitido mandado de deten\u00e7\u00e3o para condu\u00e7\u00e3o imediata ao estabelecimento prisional.","og_url":"https:\/\/portaltela.pt\/noticias\/2025\/12\/09\/tribunal-de-aveiro-condena-homem-a-seis-anos-por-violar-adolescente-em-agueda\/","og_site_name":"Portal Tela Portugal","article_published_time":"2025-12-09T20:20:00+00:00","author":"Telinha","twitter_card":"summary_large_image","twitter_misc":{"Escrito por":"Telinha","Tempo estimado de leitura":"1 minuto"},"schema":{"@context":"https:\/\/schema.org","@graph":[{"@type":"Article","@id":"https:\/\/portaltela.pt\/noticias\/2025\/12\/09\/tribunal-de-aveiro-condena-homem-a-seis-anos-por-violar-adolescente-em-agueda\/#article","isPartOf":{"@id":"https:\/\/portaltela.pt\/noticias\/2025\/12\/09\/tribunal-de-aveiro-condena-homem-a-seis-anos-por-violar-adolescente-em-agueda\/"},"author":{"name":"Telinha","@id":"https:\/\/portaltela.pt\/#\/schema\/person\/c4278d4a6028830caff9ee44b42d32ed"},"headline":"Tribunal de Aveiro condena homem a seis anos por violar adolescente em \u00c1gueda","datePublished":"2025-12-09T20:20:00+00:00","mainEntityOfPage":{"@id":"https:\/\/portaltela.pt\/noticias\/2025\/12\/09\/tribunal-de-aveiro-condena-homem-a-seis-anos-por-violar-adolescente-em-agueda\/"},"wordCount":276,"image":{"@id":"https:\/\/portaltela.pt\/noticias\/2025\/12\/09\/tribunal-de-aveiro-condena-homem-a-seis-anos-por-violar-adolescente-em-agueda\/#primaryimage"},"thumbnailUrl":"https:\/\/portaltela.pt\/s.01k8rhncp4jt1\/2025\/12\/detido-05.jpg","keywords":["abuso de menor dependente ou em situa\u00e7\u00e3o vulner\u00e1vel","\u00c1gueda","Aveiro","justi\u00e7a","tribunal","viol\u00eancia agravada"],"articleSection":["Not\u00edcias"],"inLanguage":"pt-PT"},{"@type":"WebPage","@id":"https:\/\/portaltela.pt\/noticias\/2025\/12\/09\/tribunal-de-aveiro-condena-homem-a-seis-anos-por-violar-adolescente-em-agueda\/","url":"https:\/\/portaltela.pt\/noticias\/2025\/12\/09\/tribunal-de-aveiro-condena-homem-a-seis-anos-por-violar-adolescente-em-agueda\/","name":"Tribunal de Aveiro condena homem a seis anos por violar adolescente em \u00c1gueda - Portal Tela Portugal","isPartOf":{"@id":"https:\/\/portaltela.pt\/#website"},"primaryImageOfPage":{"@id":"https:\/\/portaltela.pt\/noticias\/2025\/12\/09\/tribunal-de-aveiro-condena-homem-a-seis-anos-por-violar-adolescente-em-agueda\/#primaryimage"},"image":{"@id":"https:\/\/portaltela.pt\/noticias\/2025\/12\/09\/tribunal-de-aveiro-condena-homem-a-seis-anos-por-violar-adolescente-em-agueda\/#primaryimage"},"thumbnailUrl":"https:\/\/portaltela.pt\/s.01k8rhncp4jt1\/2025\/12\/detido-05.jpg","datePublished":"2025-12-09T20:20:00+00:00","author":{"@id":"https:\/\/portaltela.pt\/#\/schema\/person\/c4278d4a6028830caff9ee44b42d32ed"},"breadcrumb":{"@id":"https:\/\/portaltela.pt\/noticias\/2025\/12\/09\/tribunal-de-aveiro-condena-homem-a-seis-anos-por-violar-adolescente-em-agueda\/#breadcrumb"},"inLanguage":"pt-PT","potentialAction":[{"@type":"ReadAction","target":["https:\/\/portaltela.pt\/noticias\/2025\/12\/09\/tribunal-de-aveiro-condena-homem-a-seis-anos-por-violar-adolescente-em-agueda\/"]}]},{"@type":"ImageObject","inLanguage":"pt-PT","@id":"https:\/\/portaltela.pt\/noticias\/2025\/12\/09\/tribunal-de-aveiro-condena-homem-a-seis-anos-por-violar-adolescente-em-agueda\/#primaryimage","url":"https:\/\/portaltela.pt\/s.01k8rhncp4jt1\/2025\/12\/detido-05.jpg","contentUrl":"https:\/\/portaltela.pt\/s.01k8rhncp4jt1\/2025\/12\/detido-05.jpg","width":796,"height":448,"caption":"Di\u00e1rio da Bairrada"},{"@type":"BreadcrumbList","@id":"https:\/\/portaltela.pt\/noticias\/2025\/12\/09\/tribunal-de-aveiro-condena-homem-a-seis-anos-por-violar-adolescente-em-agueda\/#breadcrumb","itemListElement":[{"@type":"ListItem","position":1,"name":"In\u00edcio","item":"https:\/\/portaltela.pt\/"},{"@type":"ListItem","position":2,"name":"Tribunal de Aveiro condena homem a seis anos por violar adolescente em \u00c1gueda"}]},{"@type":"WebSite","@id":"https:\/\/portaltela.pt\/#website","url":"https:\/\/portaltela.pt\/","name":"Portal Tela Portugal","description":"","potentialAction":[{"@type":"SearchAction","target":{"@type":"EntryPoint","urlTemplate":"https:\/\/portaltela.pt\/?s={search_term_string}"},"query-input":{"@type":"PropertyValueSpecification","valueRequired":true,"valueName":"search_term_string"}}],"inLanguage":"pt-PT"},{"@type":"Person","@id":"https:\/\/portaltela.pt\/#\/schema\/person\/c4278d4a6028830caff9ee44b42d32ed","name":"Telinha","image":{"@type":"ImageObject","inLanguage":"pt-PT","@id":"https:\/\/portaltela.pt\/s.01k8rhncp4jt1\/2025\/11\/talking-bot-125x125.png","url":"https:\/\/portaltela.pt\/s.01k8rhncp4jt1\/2025\/11\/talking-bot-125x125.png","contentUrl":"https:\/\/portaltela.pt\/s.01k8rhncp4jt1\/2025\/11\/talking-bot-125x125.png","caption":"Telinha"},"sameAs":["https:\/\/portaltela.pt\/"],"url":"https:\/\/portaltela.pt\/por\/367410592786\/"}]}},"_links":{"self":[{"href":"https:\/\/portaltela.pt\/api\/wp\/v2\/posts\/62911","targetHints":{"allow":["GET"]}}],"collection":[{"href":"https:\/\/portaltela.pt\/api\/wp\/v2\/posts"}],"about":[{"href":"https:\/\/portaltela.pt\/api\/wp\/v2\/types\/post"}],"author":[{"embeddable":true,"href":"https:\/\/portaltela.pt\/api\/wp\/v2\/users\/2"}],"replies":[{"embeddable":true,"href":"https:\/\/portaltela.pt\/api\/wp\/v2\/comments?post=62911"}],"version-history":[{"count":0,"href":"https:\/\/portaltela.pt\/api\/wp\/v2\/posts\/62911\/revisions"}],"wp:featuredmedia":[{"embeddable":true,"href":"https:\/\/portaltela.pt\/api\/wp\/v2\/media\/62915"}],"wp:attachment":[{"href":"https:\/\/portaltela.pt\/api\/wp\/v2\/media?parent=62911"}],"wp:term":[{"taxonomy":"category","embeddable":true,"href":"https:\/\/portaltela.pt\/api\/wp\/v2\/categories?post=62911"},{"taxonomy":"post_tag","embeddable":true,"href":"https:\/\/portaltela.pt\/api\/wp\/v2\/tags?post=62911"}],"curies":[{"name":"wp","href":"https:\/\/api.w.org\/{rel}","templated":true}]}}