{"id":62471,"date":"2025-12-09T15:05:00","date_gmt":"2025-12-09T18:05:00","guid":{"rendered":"https:\/\/portaltela.pt\/noticias\/2025\/12\/09\/professor-acusado-de-abuso-de-menores-tera-julgamento-em-janeiro\/"},"modified":"2025-12-09T15:05:00","modified_gmt":"2025-12-09T18:05:00","slug":"professor-acusado-de-abuso-de-menores-tera-julgamento-em-janeiro","status":"publish","type":"post","link":"https:\/\/portaltela.pt\/noticias\/2025\/12\/09\/professor-acusado-de-abuso-de-menores-tera-julgamento-em-janeiro\/","title":{"rendered":"Professor acusado de abuso de menores ter\u00e1 julgamento em janeiro"},"content":{"rendered":"<p>O maestro de 34 anos, de Torres Vedras, ter\u00e1 o julgamento iniciado a 27 de janeiro de 2026, \u00e0s 9h15, no Tribunal Central Criminal de Loures. O caso envolve 28 crimes sexuais, na maioria praticados contra alunos, segundo a acusa\u00e7\u00e3o do Minist\u00e9rio P\u00fablico. A segunda sess\u00e3o est\u00e1 marcada para 3 de fevereiro.<\/p>\n<p>O arguido permanece em pris\u00e3o preventiva desde fevereiro de 2025, no Estabelecimento Prisional de Lisboa. Entre os crimes imputados contam-se aliciamento de menor para fins sexuais, pornografia de menores agravada, importuna\u00e7\u00e3o sexual e abuso de menores, bem como atos sexuais com adolescente.<\/p>\n<p>A acusa\u00e7\u00e3o sustenta que o maestro escolhia alunos e mostrava interesse pelo seu quotidiano, incentivando contactos por redes sociais e solicitando fotografias e v\u00eddeos sexuais. Os alegados abusos teriam ocorrido dentro do autom\u00f3vel do suspeito e numa resid\u00eancia, envolvendo v\u00edtimas com idades de 13, 14 e 16 anos.<\/p>\n<h3>Detalhes do julgamento<\/h3>\n<p>O tribunal dever\u00e1 apurar as acusa\u00e7\u00f5es de pornografia de menores agravada (seis crimes), importuna\u00e7\u00e3o sexual agravada (14) e outros crimes relacionados. Al\u00e9m da condena\u00e7\u00e3o poss\u00edvel, pode ser impostas proibi\u00e7\u00f5es de contactos com menores no exerc\u00edcio de atividades profissionais e de adotar ou acolher menores entre cinco e 20 anos.<\/p>\n","protected":false},"excerpt":{"rendered":"<ul>\n<li>O julgamento do maestro e professor de m\u00fasica de Torres Vedras come\u00e7a a 27 de janeiro de 2026, \u00e0s 9h15, no Tribunal Central Criminal de Loures, com uma segunda sess\u00e3o marcada para 3 de fevereiro.<\/li>\n<li>O arguido, de 34 anos, permanece em pris\u00e3o preventiva desde fevereiro de 2025, no Estabelecimento Prisional de Lisboa.<\/li>\n<li>\u00c9 acusado de v\u00e1rios crimes sexuais envolvendo alunos, incluindo aliciamento de menor para fins sexuais (um) e pornografia de menores agravada (seis), entre outros.<\/li>\n<li>O Minist\u00e9rio P\u00fablico aponta crimes contra v\u00edtimas de 13, 14 e 16 anos; s\u00e3o ainda registados 14 casos de importuna\u00e7\u00e3o sexual agravada, tr\u00eas de recurso \u00e0 prostitui\u00e7\u00e3o de menores agravados, tr\u00eas de abuso de crian\u00e7as e um de atos sexuais com adolescente.<\/li>\n<li>O arguido desempenhou fun\u00e7\u00f5es em v\u00e1rios n\u00facleos musicais, incluindo um coro, a Escola Jo\u00e3o das Regras, a Academia de M\u00fasica de \u00d3bidos e o Conservat\u00f3rio de M\u00fasica de Torres Vedras; pode ficar proibido de contactar menores no exerc\u00edcio de atividades profissionais e de adotar ou acolher menores entre cinco e 20 anos.<\/li>\n<\/ul>\n","protected":false},"author":2,"featured_media":62472,"comment_status":"closed","ping_status":"closed","sticky":false,"template":"","format":"standard","meta":{"footnotes":""},"categories":[1],"tags":[208,199,177,1092,217,1091],"class_list":["post-62471","post","type-post","status-publish","format-standard","has-post-thumbnail","hentry","category-noticias","tag-abuso-de-menores-dependentes","tag-abuso-sexual-de-menor-dependente-ou-em-situacao-vulneravel","tag-crimes","tag-importunacao-sexual-agravada","tag-investigacao-criminal","tag-pornografia-de-menores-agravada"],"yoast_head":"<!-- This site is optimized with the Yoast SEO plugin v27.2 - https:\/\/yoast.com\/product\/yoast-seo-wordpress\/ -->\n<title>Professor acusado de abuso de menores ter\u00e1 julgamento em janeiro - Portal Tela Portugal<\/title>\n<meta name=\"robots\" content=\"index, follow, max-snippet:-1, max-image-preview:large, max-video-preview:-1\" \/>\n<meta property=\"og:locale\" content=\"pt_PT\" \/>\n<meta property=\"og:type\" content=\"article\" \/>\n<meta property=\"og:title\" content=\"Professor acusado de abuso de menores ter\u00e1 julgamento em janeiro - Portal Tela Portugal\" \/>\n<meta property=\"og:description\" content=\"O julgamento do maestro e professor de m\u00fasica de Torres Vedras come\u00e7a a 27 de janeiro de 2026, \u00e0s 9h15, no Tribunal Central Criminal de Loures, com uma segunda sess\u00e3o marcada para 3 de fevereiro. O arguido, de 34 anos, permanece em pris\u00e3o preventiva desde fevereiro de 2025, no Estabelecimento Prisional de Lisboa. \u00c9 acusado de v\u00e1rios crimes sexuais envolvendo alunos, incluindo aliciamento de menor para fins sexuais (um) e pornografia de menores agravada (seis), entre outros. O Minist\u00e9rio P\u00fablico aponta crimes contra v\u00edtimas de 13, 14 e 16 anos; s\u00e3o ainda registados 14 casos de importuna\u00e7\u00e3o sexual agravada, tr\u00eas de recurso \u00e0 prostitui\u00e7\u00e3o de menores agravados, tr\u00eas de abuso de crian\u00e7as e um de atos sexuais com adolescente. O arguido desempenhou fun\u00e7\u00f5es em v\u00e1rios n\u00facleos musicais, incluindo um coro, a Escola Jo\u00e3o das Regras, a Academia de M\u00fasica de \u00d3bidos e o Conservat\u00f3rio de M\u00fasica de Torres Vedras; pode ficar proibido de contactar menores no exerc\u00edcio de atividades profissionais e de adotar ou acolher menores entre cinco e 20 anos.\" \/>\n<meta property=\"og:url\" content=\"https:\/\/portaltela.pt\/noticias\/2025\/12\/09\/professor-acusado-de-abuso-de-menores-tera-julgamento-em-janeiro\/\" \/>\n<meta property=\"og:site_name\" content=\"Portal Tela Portugal\" \/>\n<meta property=\"article:published_time\" content=\"2025-12-09T18:05:00+00:00\" \/>\n<meta name=\"author\" content=\"Telinha\" \/>\n<meta name=\"twitter:card\" content=\"summary_large_image\" \/>\n<meta name=\"twitter:label1\" content=\"Escrito por\" \/>\n\t<meta name=\"twitter:data1\" content=\"Telinha\" \/>\n\t<meta name=\"twitter:label2\" content=\"Tempo estimado de leitura\" \/>\n\t<meta name=\"twitter:data2\" content=\"1 minuto\" \/>\n<script type=\"application\/ld+json\" class=\"yoast-schema-graph\">{\"@context\":\"https:\/\/schema.org\",\"@graph\":[{\"@type\":\"Article\",\"@id\":\"https:\/\/portaltela.pt\/noticias\/2025\/12\/09\/professor-acusado-de-abuso-de-menores-tera-julgamento-em-janeiro\/#article\",\"isPartOf\":{\"@id\":\"https:\/\/portaltela.pt\/noticias\/2025\/12\/09\/professor-acusado-de-abuso-de-menores-tera-julgamento-em-janeiro\/\"},\"author\":{\"name\":\"Telinha\",\"@id\":\"https:\/\/portaltela.pt\/#\/schema\/person\/c4278d4a6028830caff9ee44b42d32ed\"},\"headline\":\"Professor acusado de abuso de menores ter\u00e1 julgamento em janeiro\",\"datePublished\":\"2025-12-09T18:05:00+00:00\",\"mainEntityOfPage\":{\"@id\":\"https:\/\/portaltela.pt\/noticias\/2025\/12\/09\/professor-acusado-de-abuso-de-menores-tera-julgamento-em-janeiro\/\"},\"wordCount\":211,\"image\":{\"@id\":\"https:\/\/portaltela.pt\/noticias\/2025\/12\/09\/professor-acusado-de-abuso-de-menores-tera-julgamento-em-janeiro\/#primaryimage\"},\"thumbnailUrl\":\"https:\/\/portaltela.pt\/s.01k8rhncp4jt1\/2025\/12\/jporfirio-sala-audiencia-bes-ges-processo-23-scaled-1.jpg\",\"keywords\":[\"abuso de menores dependentes\",\"abuso sexual de menor dependente ou em situa\u00e7\u00e3o vulner\u00e1vel\",\"crimes\",\"importuna\u00e7\u00e3o sexual agravada\",\"investiga\u00e7\u00e3o criminal\",\"pornografia de menores agravada\"],\"articleSection\":[\"Not\u00edcias\"],\"inLanguage\":\"pt-PT\"},{\"@type\":\"WebPage\",\"@id\":\"https:\/\/portaltela.pt\/noticias\/2025\/12\/09\/professor-acusado-de-abuso-de-menores-tera-julgamento-em-janeiro\/\",\"url\":\"https:\/\/portaltela.pt\/noticias\/2025\/12\/09\/professor-acusado-de-abuso-de-menores-tera-julgamento-em-janeiro\/\",\"name\":\"Professor acusado de abuso de menores ter\u00e1 julgamento em janeiro - Portal Tela Portugal\",\"isPartOf\":{\"@id\":\"https:\/\/portaltela.pt\/#website\"},\"primaryImageOfPage\":{\"@id\":\"https:\/\/portaltela.pt\/noticias\/2025\/12\/09\/professor-acusado-de-abuso-de-menores-tera-julgamento-em-janeiro\/#primaryimage\"},\"image\":{\"@id\":\"https:\/\/portaltela.pt\/noticias\/2025\/12\/09\/professor-acusado-de-abuso-de-menores-tera-julgamento-em-janeiro\/#primaryimage\"},\"thumbnailUrl\":\"https:\/\/portaltela.pt\/s.01k8rhncp4jt1\/2025\/12\/jporfirio-sala-audiencia-bes-ges-processo-23-scaled-1.jpg\",\"datePublished\":\"2025-12-09T18:05:00+00:00\",\"author\":{\"@id\":\"https:\/\/portaltela.pt\/#\/schema\/person\/c4278d4a6028830caff9ee44b42d32ed\"},\"breadcrumb\":{\"@id\":\"https:\/\/portaltela.pt\/noticias\/2025\/12\/09\/professor-acusado-de-abuso-de-menores-tera-julgamento-em-janeiro\/#breadcrumb\"},\"inLanguage\":\"pt-PT\",\"potentialAction\":[{\"@type\":\"ReadAction\",\"target\":[\"https:\/\/portaltela.pt\/noticias\/2025\/12\/09\/professor-acusado-de-abuso-de-menores-tera-julgamento-em-janeiro\/\"]}]},{\"@type\":\"ImageObject\",\"inLanguage\":\"pt-PT\",\"@id\":\"https:\/\/portaltela.pt\/noticias\/2025\/12\/09\/professor-acusado-de-abuso-de-menores-tera-julgamento-em-janeiro\/#primaryimage\",\"url\":\"https:\/\/portaltela.pt\/s.01k8rhncp4jt1\/2025\/12\/jporfirio-sala-audiencia-bes-ges-processo-23-scaled-1.jpg\",\"contentUrl\":\"https:\/\/portaltela.pt\/s.01k8rhncp4jt1\/2025\/12\/jporfirio-sala-audiencia-bes-ges-processo-23-scaled-1.jpg\",\"width\":796,\"height\":448,\"caption\":\"Observador\"},{\"@type\":\"BreadcrumbList\",\"@id\":\"https:\/\/portaltela.pt\/noticias\/2025\/12\/09\/professor-acusado-de-abuso-de-menores-tera-julgamento-em-janeiro\/#breadcrumb\",\"itemListElement\":[{\"@type\":\"ListItem\",\"position\":1,\"name\":\"In\u00edcio\",\"item\":\"https:\/\/portaltela.pt\/\"},{\"@type\":\"ListItem\",\"position\":2,\"name\":\"Professor acusado de abuso de menores ter\u00e1 julgamento em janeiro\"}]},{\"@type\":\"WebSite\",\"@id\":\"https:\/\/portaltela.pt\/#website\",\"url\":\"https:\/\/portaltela.pt\/\",\"name\":\"Portal Tela Portugal\",\"description\":\"\",\"potentialAction\":[{\"@type\":\"SearchAction\",\"target\":{\"@type\":\"EntryPoint\",\"urlTemplate\":\"https:\/\/portaltela.pt\/?s={search_term_string}\"},\"query-input\":{\"@type\":\"PropertyValueSpecification\",\"valueRequired\":true,\"valueName\":\"search_term_string\"}}],\"inLanguage\":\"pt-PT\"},{\"@type\":\"Person\",\"@id\":\"https:\/\/portaltela.pt\/#\/schema\/person\/c4278d4a6028830caff9ee44b42d32ed\",\"name\":\"Telinha\",\"image\":{\"@type\":\"ImageObject\",\"inLanguage\":\"pt-PT\",\"@id\":\"https:\/\/portaltela.pt\/s.01k8rhncp4jt1\/2025\/11\/talking-bot-125x125.png\",\"url\":\"https:\/\/portaltela.pt\/s.01k8rhncp4jt1\/2025\/11\/talking-bot-125x125.png\",\"contentUrl\":\"https:\/\/portaltela.pt\/s.01k8rhncp4jt1\/2025\/11\/talking-bot-125x125.png\",\"caption\":\"Telinha\"},\"sameAs\":[\"https:\/\/portaltela.pt\/\"],\"url\":\"https:\/\/portaltela.pt\/por\/367410592786\/\"}]}<\/script>\n<!-- \/ Yoast SEO plugin. -->","yoast_head_json":{"title":"Professor acusado de abuso de menores ter\u00e1 julgamento em janeiro - Portal Tela Portugal","robots":{"index":"index","follow":"follow","max-snippet":"max-snippet:-1","max-image-preview":"max-image-preview:large","max-video-preview":"max-video-preview:-1"},"og_locale":"pt_PT","og_type":"article","og_title":"Professor acusado de abuso de menores ter\u00e1 julgamento em janeiro - Portal Tela Portugal","og_description":"O julgamento do maestro e professor de m\u00fasica de Torres Vedras come\u00e7a a 27 de janeiro de 2026, \u00e0s 9h15, no Tribunal Central Criminal de Loures, com uma segunda sess\u00e3o marcada para 3 de fevereiro. O arguido, de 34 anos, permanece em pris\u00e3o preventiva desde fevereiro de 2025, no Estabelecimento Prisional de Lisboa. \u00c9 acusado de v\u00e1rios crimes sexuais envolvendo alunos, incluindo aliciamento de menor para fins sexuais (um) e pornografia de menores agravada (seis), entre outros. O Minist\u00e9rio P\u00fablico aponta crimes contra v\u00edtimas de 13, 14 e 16 anos; s\u00e3o ainda registados 14 casos de importuna\u00e7\u00e3o sexual agravada, tr\u00eas de recurso \u00e0 prostitui\u00e7\u00e3o de menores agravados, tr\u00eas de abuso de crian\u00e7as e um de atos sexuais com adolescente. O arguido desempenhou fun\u00e7\u00f5es em v\u00e1rios n\u00facleos musicais, incluindo um coro, a Escola Jo\u00e3o das Regras, a Academia de M\u00fasica de \u00d3bidos e o Conservat\u00f3rio de M\u00fasica de Torres Vedras; pode ficar proibido de contactar menores no exerc\u00edcio de atividades profissionais e de adotar ou acolher menores entre cinco e 20 anos.","og_url":"https:\/\/portaltela.pt\/noticias\/2025\/12\/09\/professor-acusado-de-abuso-de-menores-tera-julgamento-em-janeiro\/","og_site_name":"Portal Tela Portugal","article_published_time":"2025-12-09T18:05:00+00:00","author":"Telinha","twitter_card":"summary_large_image","twitter_misc":{"Escrito por":"Telinha","Tempo estimado de leitura":"1 minuto"},"schema":{"@context":"https:\/\/schema.org","@graph":[{"@type":"Article","@id":"https:\/\/portaltela.pt\/noticias\/2025\/12\/09\/professor-acusado-de-abuso-de-menores-tera-julgamento-em-janeiro\/#article","isPartOf":{"@id":"https:\/\/portaltela.pt\/noticias\/2025\/12\/09\/professor-acusado-de-abuso-de-menores-tera-julgamento-em-janeiro\/"},"author":{"name":"Telinha","@id":"https:\/\/portaltela.pt\/#\/schema\/person\/c4278d4a6028830caff9ee44b42d32ed"},"headline":"Professor acusado de abuso de menores ter\u00e1 julgamento em janeiro","datePublished":"2025-12-09T18:05:00+00:00","mainEntityOfPage":{"@id":"https:\/\/portaltela.pt\/noticias\/2025\/12\/09\/professor-acusado-de-abuso-de-menores-tera-julgamento-em-janeiro\/"},"wordCount":211,"image":{"@id":"https:\/\/portaltela.pt\/noticias\/2025\/12\/09\/professor-acusado-de-abuso-de-menores-tera-julgamento-em-janeiro\/#primaryimage"},"thumbnailUrl":"https:\/\/portaltela.pt\/s.01k8rhncp4jt1\/2025\/12\/jporfirio-sala-audiencia-bes-ges-processo-23-scaled-1.jpg","keywords":["abuso de menores dependentes","abuso sexual de menor dependente ou em situa\u00e7\u00e3o vulner\u00e1vel","crimes","importuna\u00e7\u00e3o sexual agravada","investiga\u00e7\u00e3o criminal","pornografia de menores agravada"],"articleSection":["Not\u00edcias"],"inLanguage":"pt-PT"},{"@type":"WebPage","@id":"https:\/\/portaltela.pt\/noticias\/2025\/12\/09\/professor-acusado-de-abuso-de-menores-tera-julgamento-em-janeiro\/","url":"https:\/\/portaltela.pt\/noticias\/2025\/12\/09\/professor-acusado-de-abuso-de-menores-tera-julgamento-em-janeiro\/","name":"Professor acusado de abuso de menores ter\u00e1 julgamento em janeiro - Portal Tela Portugal","isPartOf":{"@id":"https:\/\/portaltela.pt\/#website"},"primaryImageOfPage":{"@id":"https:\/\/portaltela.pt\/noticias\/2025\/12\/09\/professor-acusado-de-abuso-de-menores-tera-julgamento-em-janeiro\/#primaryimage"},"image":{"@id":"https:\/\/portaltela.pt\/noticias\/2025\/12\/09\/professor-acusado-de-abuso-de-menores-tera-julgamento-em-janeiro\/#primaryimage"},"thumbnailUrl":"https:\/\/portaltela.pt\/s.01k8rhncp4jt1\/2025\/12\/jporfirio-sala-audiencia-bes-ges-processo-23-scaled-1.jpg","datePublished":"2025-12-09T18:05:00+00:00","author":{"@id":"https:\/\/portaltela.pt\/#\/schema\/person\/c4278d4a6028830caff9ee44b42d32ed"},"breadcrumb":{"@id":"https:\/\/portaltela.pt\/noticias\/2025\/12\/09\/professor-acusado-de-abuso-de-menores-tera-julgamento-em-janeiro\/#breadcrumb"},"inLanguage":"pt-PT","potentialAction":[{"@type":"ReadAction","target":["https:\/\/portaltela.pt\/noticias\/2025\/12\/09\/professor-acusado-de-abuso-de-menores-tera-julgamento-em-janeiro\/"]}]},{"@type":"ImageObject","inLanguage":"pt-PT","@id":"https:\/\/portaltela.pt\/noticias\/2025\/12\/09\/professor-acusado-de-abuso-de-menores-tera-julgamento-em-janeiro\/#primaryimage","url":"https:\/\/portaltela.pt\/s.01k8rhncp4jt1\/2025\/12\/jporfirio-sala-audiencia-bes-ges-processo-23-scaled-1.jpg","contentUrl":"https:\/\/portaltela.pt\/s.01k8rhncp4jt1\/2025\/12\/jporfirio-sala-audiencia-bes-ges-processo-23-scaled-1.jpg","width":796,"height":448,"caption":"Observador"},{"@type":"BreadcrumbList","@id":"https:\/\/portaltela.pt\/noticias\/2025\/12\/09\/professor-acusado-de-abuso-de-menores-tera-julgamento-em-janeiro\/#breadcrumb","itemListElement":[{"@type":"ListItem","position":1,"name":"In\u00edcio","item":"https:\/\/portaltela.pt\/"},{"@type":"ListItem","position":2,"name":"Professor acusado de abuso de menores ter\u00e1 julgamento em janeiro"}]},{"@type":"WebSite","@id":"https:\/\/portaltela.pt\/#website","url":"https:\/\/portaltela.pt\/","name":"Portal Tela Portugal","description":"","potentialAction":[{"@type":"SearchAction","target":{"@type":"EntryPoint","urlTemplate":"https:\/\/portaltela.pt\/?s={search_term_string}"},"query-input":{"@type":"PropertyValueSpecification","valueRequired":true,"valueName":"search_term_string"}}],"inLanguage":"pt-PT"},{"@type":"Person","@id":"https:\/\/portaltela.pt\/#\/schema\/person\/c4278d4a6028830caff9ee44b42d32ed","name":"Telinha","image":{"@type":"ImageObject","inLanguage":"pt-PT","@id":"https:\/\/portaltela.pt\/s.01k8rhncp4jt1\/2025\/11\/talking-bot-125x125.png","url":"https:\/\/portaltela.pt\/s.01k8rhncp4jt1\/2025\/11\/talking-bot-125x125.png","contentUrl":"https:\/\/portaltela.pt\/s.01k8rhncp4jt1\/2025\/11\/talking-bot-125x125.png","caption":"Telinha"},"sameAs":["https:\/\/portaltela.pt\/"],"url":"https:\/\/portaltela.pt\/por\/367410592786\/"}]}},"_links":{"self":[{"href":"https:\/\/portaltela.pt\/api\/wp\/v2\/posts\/62471","targetHints":{"allow":["GET"]}}],"collection":[{"href":"https:\/\/portaltela.pt\/api\/wp\/v2\/posts"}],"about":[{"href":"https:\/\/portaltela.pt\/api\/wp\/v2\/types\/post"}],"author":[{"embeddable":true,"href":"https:\/\/portaltela.pt\/api\/wp\/v2\/users\/2"}],"replies":[{"embeddable":true,"href":"https:\/\/portaltela.pt\/api\/wp\/v2\/comments?post=62471"}],"version-history":[{"count":0,"href":"https:\/\/portaltela.pt\/api\/wp\/v2\/posts\/62471\/revisions"}],"wp:featuredmedia":[{"embeddable":true,"href":"https:\/\/portaltela.pt\/api\/wp\/v2\/media\/62472"}],"wp:attachment":[{"href":"https:\/\/portaltela.pt\/api\/wp\/v2\/media?parent=62471"}],"wp:term":[{"taxonomy":"category","embeddable":true,"href":"https:\/\/portaltela.pt\/api\/wp\/v2\/categories?post=62471"},{"taxonomy":"post_tag","embeddable":true,"href":"https:\/\/portaltela.pt\/api\/wp\/v2\/tags?post=62471"}],"curies":[{"name":"wp","href":"https:\/\/api.w.org\/{rel}","templated":true}]}}