{"id":62284,"date":"2025-12-09T14:31:00","date_gmt":"2025-12-09T17:31:00","guid":{"rendered":"https:\/\/portaltela.pt\/noticias\/2025\/12\/09\/greve-geral-condiciona-servicos-municipais-nesta-quinta\/"},"modified":"2025-12-09T14:31:00","modified_gmt":"2025-12-09T17:31:00","slug":"greve-geral-condiciona-servicos-municipais-nesta-quinta","status":"publish","type":"post","link":"https:\/\/portaltela.pt\/noticias\/2025\/12\/09\/greve-geral-condiciona-servicos-municipais-nesta-quinta\/","title":{"rendered":"Greve geral condiciona servi\u00e7os municipais nesta quinta"},"content":{"rendered":"<p>A Greve Geral da Administra\u00e7\u00e3o P\u00fablica, marcada para 11 de dezembro, poder\u00e1 afetar a C\u00e2mara Municipal de Lisboa. Servi\u00e7os de atendimento ao p\u00fablico, recolha de lixo e outros servi\u00e7os n\u00e3o urgentes podem ficar condicionados ao longo do dia. A Carris funcionar\u00e1 com servi\u00e7os m\u00ednimos.<\/p>\n<p>A medida envolve a C\u00e2mara Municipal de Lisboa e a empresa de transportes Carris, que assegura funcionamento essencial. Os hor\u00e1rios e impactos dependem da ades\u00e3o dos trabalhadores na cidade.<\/p>\n<p>Esta greve, anunciada previamente, l\u00ea-se como uma resposta a reivindica\u00e7\u00f5es do setor p\u00fablico e pode refletir-se na atividade municipal durante o dia 11 de dezembro em Lisboa, com foco em servi\u00e7os n\u00e3o urgentes e gest\u00e3o de res\u00edduos.<\/p>\n","protected":false},"excerpt":{"rendered":"<ul>\n<li>Devido \u00e0 greve geral da Administra\u00e7\u00e3o P\u00fablica convocada para 11 de dezembro, alguns servi\u00e7os da C\u00e2mara Municipal de Lisboa poder\u00e3o estar condicionados ao longo do dia.<\/li>\n<li>Os servi\u00e7os de atendimento, a recolha de lixo e outros servi\u00e7os operacionais n\u00e3o urgentes poder\u00e3o sofrer condicionamentos durante a greve.<\/li>\n<li>Nos transportes, a Carris ir\u00e1 funcionar com servi\u00e7os m\u00ednimos.<\/li>\n<li>O impacto esperado incide nos servi\u00e7os municipais ao longo do dia.<\/li>\n<\/ul>\n","protected":false},"author":2,"featured_media":62290,"comment_status":"closed","ping_status":"closed","sticky":false,"template":"","format":"standard","meta":{"footnotes":""},"categories":[1],"tags":[168,798,981,645,727,192],"class_list":["post-62284","post","type-post","status-publish","format-standard","has-post-thumbnail","hentry","category-noticias","tag-administracao-publica","tag-carris-metropolitana","tag-lisboa","tag-residuos","tag-servicos","tag-transporte"],"yoast_head":"<!-- This site is optimized with the Yoast SEO plugin v27.2 - https:\/\/yoast.com\/product\/yoast-seo-wordpress\/ -->\n<title>Greve geral condiciona servi\u00e7os municipais nesta quinta - Portal Tela Portugal<\/title>\n<meta name=\"robots\" content=\"index, follow, max-snippet:-1, max-image-preview:large, max-video-preview:-1\" \/>\n<meta property=\"og:locale\" content=\"pt_PT\" \/>\n<meta property=\"og:type\" content=\"article\" \/>\n<meta property=\"og:title\" content=\"Greve geral condiciona servi\u00e7os municipais nesta quinta - Portal Tela Portugal\" \/>\n<meta property=\"og:description\" content=\"Devido \u00e0 greve geral da Administra\u00e7\u00e3o P\u00fablica convocada para 11 de dezembro, alguns servi\u00e7os da C\u00e2mara Municipal de Lisboa poder\u00e3o estar condicionados ao longo do dia. Os servi\u00e7os de atendimento, a recolha de lixo e outros servi\u00e7os operacionais n\u00e3o urgentes poder\u00e3o sofrer condicionamentos durante a greve. Nos transportes, a Carris ir\u00e1 funcionar com servi\u00e7os m\u00ednimos. O impacto esperado incide nos servi\u00e7os municipais ao longo do dia.\" \/>\n<meta property=\"og:url\" content=\"https:\/\/portaltela.pt\/noticias\/2025\/12\/09\/greve-geral-condiciona-servicos-municipais-nesta-quinta\/\" \/>\n<meta property=\"og:site_name\" content=\"Portal Tela Portugal\" \/>\n<meta property=\"article:published_time\" content=\"2025-12-09T17:31:00+00:00\" \/>\n<meta name=\"author\" content=\"Telinha\" \/>\n<meta name=\"twitter:card\" content=\"summary_large_image\" \/>\n<meta name=\"twitter:label1\" content=\"Escrito por\" \/>\n\t<meta name=\"twitter:data1\" content=\"Telinha\" \/>\n\t<meta name=\"twitter:label2\" content=\"Tempo estimado de leitura\" \/>\n\t<meta name=\"twitter:data2\" content=\"1 minuto\" \/>\n<script type=\"application\/ld+json\" class=\"yoast-schema-graph\">{\"@context\":\"https:\/\/schema.org\",\"@graph\":[{\"@type\":\"Article\",\"@id\":\"https:\/\/portaltela.pt\/noticias\/2025\/12\/09\/greve-geral-condiciona-servicos-municipais-nesta-quinta\/#article\",\"isPartOf\":{\"@id\":\"https:\/\/portaltela.pt\/noticias\/2025\/12\/09\/greve-geral-condiciona-servicos-municipais-nesta-quinta\/\"},\"author\":{\"name\":\"Telinha\",\"@id\":\"https:\/\/portaltela.pt\/#\/schema\/person\/c4278d4a6028830caff9ee44b42d32ed\"},\"headline\":\"Greve geral condiciona servi\u00e7os municipais nesta quinta\",\"datePublished\":\"2025-12-09T17:31:00+00:00\",\"mainEntityOfPage\":{\"@id\":\"https:\/\/portaltela.pt\/noticias\/2025\/12\/09\/greve-geral-condiciona-servicos-municipais-nesta-quinta\/\"},\"wordCount\":135,\"image\":{\"@id\":\"https:\/\/portaltela.pt\/noticias\/2025\/12\/09\/greve-geral-condiciona-servicos-municipais-nesta-quinta\/#primaryimage\"},\"thumbnailUrl\":\"https:\/\/portaltela.pt\/s.01k8rhncp4jt1\/2025\/12\/greveg.jpg\",\"keywords\":[\"administra\u00e7\u00e3o p\u00fablica\",\"Carris Metropolitana\",\"Lisboa\",\"res\u00edduos\",\"servi\u00e7os\",\"transporte\"],\"articleSection\":[\"Not\u00edcias\"],\"inLanguage\":\"pt-PT\"},{\"@type\":\"WebPage\",\"@id\":\"https:\/\/portaltela.pt\/noticias\/2025\/12\/09\/greve-geral-condiciona-servicos-municipais-nesta-quinta\/\",\"url\":\"https:\/\/portaltela.pt\/noticias\/2025\/12\/09\/greve-geral-condiciona-servicos-municipais-nesta-quinta\/\",\"name\":\"Greve geral condiciona servi\u00e7os municipais nesta quinta - Portal Tela Portugal\",\"isPartOf\":{\"@id\":\"https:\/\/portaltela.pt\/#website\"},\"primaryImageOfPage\":{\"@id\":\"https:\/\/portaltela.pt\/noticias\/2025\/12\/09\/greve-geral-condiciona-servicos-municipais-nesta-quinta\/#primaryimage\"},\"image\":{\"@id\":\"https:\/\/portaltela.pt\/noticias\/2025\/12\/09\/greve-geral-condiciona-servicos-municipais-nesta-quinta\/#primaryimage\"},\"thumbnailUrl\":\"https:\/\/portaltela.pt\/s.01k8rhncp4jt1\/2025\/12\/greveg.jpg\",\"datePublished\":\"2025-12-09T17:31:00+00:00\",\"author\":{\"@id\":\"https:\/\/portaltela.pt\/#\/schema\/person\/c4278d4a6028830caff9ee44b42d32ed\"},\"breadcrumb\":{\"@id\":\"https:\/\/portaltela.pt\/noticias\/2025\/12\/09\/greve-geral-condiciona-servicos-municipais-nesta-quinta\/#breadcrumb\"},\"inLanguage\":\"pt-PT\",\"potentialAction\":[{\"@type\":\"ReadAction\",\"target\":[\"https:\/\/portaltela.pt\/noticias\/2025\/12\/09\/greve-geral-condiciona-servicos-municipais-nesta-quinta\/\"]}]},{\"@type\":\"ImageObject\",\"inLanguage\":\"pt-PT\",\"@id\":\"https:\/\/portaltela.pt\/noticias\/2025\/12\/09\/greve-geral-condiciona-servicos-municipais-nesta-quinta\/#primaryimage\",\"url\":\"https:\/\/portaltela.pt\/s.01k8rhncp4jt1\/2025\/12\/greveg.jpg\",\"contentUrl\":\"https:\/\/portaltela.pt\/s.01k8rhncp4jt1\/2025\/12\/greveg.jpg\",\"width\":796,\"height\":448,\"caption\":\"Regi\u00e3o de Lisboa\"},{\"@type\":\"BreadcrumbList\",\"@id\":\"https:\/\/portaltela.pt\/noticias\/2025\/12\/09\/greve-geral-condiciona-servicos-municipais-nesta-quinta\/#breadcrumb\",\"itemListElement\":[{\"@type\":\"ListItem\",\"position\":1,\"name\":\"In\u00edcio\",\"item\":\"https:\/\/portaltela.pt\/\"},{\"@type\":\"ListItem\",\"position\":2,\"name\":\"Greve geral condiciona servi\u00e7os municipais nesta quinta\"}]},{\"@type\":\"WebSite\",\"@id\":\"https:\/\/portaltela.pt\/#website\",\"url\":\"https:\/\/portaltela.pt\/\",\"name\":\"Portal Tela Portugal\",\"description\":\"\",\"potentialAction\":[{\"@type\":\"SearchAction\",\"target\":{\"@type\":\"EntryPoint\",\"urlTemplate\":\"https:\/\/portaltela.pt\/?s={search_term_string}\"},\"query-input\":{\"@type\":\"PropertyValueSpecification\",\"valueRequired\":true,\"valueName\":\"search_term_string\"}}],\"inLanguage\":\"pt-PT\"},{\"@type\":\"Person\",\"@id\":\"https:\/\/portaltela.pt\/#\/schema\/person\/c4278d4a6028830caff9ee44b42d32ed\",\"name\":\"Telinha\",\"image\":{\"@type\":\"ImageObject\",\"inLanguage\":\"pt-PT\",\"@id\":\"https:\/\/portaltela.pt\/s.01k8rhncp4jt1\/2025\/11\/talking-bot-125x125.png\",\"url\":\"https:\/\/portaltela.pt\/s.01k8rhncp4jt1\/2025\/11\/talking-bot-125x125.png\",\"contentUrl\":\"https:\/\/portaltela.pt\/s.01k8rhncp4jt1\/2025\/11\/talking-bot-125x125.png\",\"caption\":\"Telinha\"},\"sameAs\":[\"https:\/\/portaltela.pt\/\"],\"url\":\"https:\/\/portaltela.pt\/por\/367410592786\/\"}]}<\/script>\n<!-- \/ Yoast SEO plugin. -->","yoast_head_json":{"title":"Greve geral condiciona servi\u00e7os municipais nesta quinta - Portal Tela Portugal","robots":{"index":"index","follow":"follow","max-snippet":"max-snippet:-1","max-image-preview":"max-image-preview:large","max-video-preview":"max-video-preview:-1"},"og_locale":"pt_PT","og_type":"article","og_title":"Greve geral condiciona servi\u00e7os municipais nesta quinta - Portal Tela Portugal","og_description":"Devido \u00e0 greve geral da Administra\u00e7\u00e3o P\u00fablica convocada para 11 de dezembro, alguns servi\u00e7os da C\u00e2mara Municipal de Lisboa poder\u00e3o estar condicionados ao longo do dia. Os servi\u00e7os de atendimento, a recolha de lixo e outros servi\u00e7os operacionais n\u00e3o urgentes poder\u00e3o sofrer condicionamentos durante a greve. Nos transportes, a Carris ir\u00e1 funcionar com servi\u00e7os m\u00ednimos. O impacto esperado incide nos servi\u00e7os municipais ao longo do dia.","og_url":"https:\/\/portaltela.pt\/noticias\/2025\/12\/09\/greve-geral-condiciona-servicos-municipais-nesta-quinta\/","og_site_name":"Portal Tela Portugal","article_published_time":"2025-12-09T17:31:00+00:00","author":"Telinha","twitter_card":"summary_large_image","twitter_misc":{"Escrito por":"Telinha","Tempo estimado de leitura":"1 minuto"},"schema":{"@context":"https:\/\/schema.org","@graph":[{"@type":"Article","@id":"https:\/\/portaltela.pt\/noticias\/2025\/12\/09\/greve-geral-condiciona-servicos-municipais-nesta-quinta\/#article","isPartOf":{"@id":"https:\/\/portaltela.pt\/noticias\/2025\/12\/09\/greve-geral-condiciona-servicos-municipais-nesta-quinta\/"},"author":{"name":"Telinha","@id":"https:\/\/portaltela.pt\/#\/schema\/person\/c4278d4a6028830caff9ee44b42d32ed"},"headline":"Greve geral condiciona servi\u00e7os municipais nesta quinta","datePublished":"2025-12-09T17:31:00+00:00","mainEntityOfPage":{"@id":"https:\/\/portaltela.pt\/noticias\/2025\/12\/09\/greve-geral-condiciona-servicos-municipais-nesta-quinta\/"},"wordCount":135,"image":{"@id":"https:\/\/portaltela.pt\/noticias\/2025\/12\/09\/greve-geral-condiciona-servicos-municipais-nesta-quinta\/#primaryimage"},"thumbnailUrl":"https:\/\/portaltela.pt\/s.01k8rhncp4jt1\/2025\/12\/greveg.jpg","keywords":["administra\u00e7\u00e3o p\u00fablica","Carris Metropolitana","Lisboa","res\u00edduos","servi\u00e7os","transporte"],"articleSection":["Not\u00edcias"],"inLanguage":"pt-PT"},{"@type":"WebPage","@id":"https:\/\/portaltela.pt\/noticias\/2025\/12\/09\/greve-geral-condiciona-servicos-municipais-nesta-quinta\/","url":"https:\/\/portaltela.pt\/noticias\/2025\/12\/09\/greve-geral-condiciona-servicos-municipais-nesta-quinta\/","name":"Greve geral condiciona servi\u00e7os municipais nesta quinta - Portal Tela Portugal","isPartOf":{"@id":"https:\/\/portaltela.pt\/#website"},"primaryImageOfPage":{"@id":"https:\/\/portaltela.pt\/noticias\/2025\/12\/09\/greve-geral-condiciona-servicos-municipais-nesta-quinta\/#primaryimage"},"image":{"@id":"https:\/\/portaltela.pt\/noticias\/2025\/12\/09\/greve-geral-condiciona-servicos-municipais-nesta-quinta\/#primaryimage"},"thumbnailUrl":"https:\/\/portaltela.pt\/s.01k8rhncp4jt1\/2025\/12\/greveg.jpg","datePublished":"2025-12-09T17:31:00+00:00","author":{"@id":"https:\/\/portaltela.pt\/#\/schema\/person\/c4278d4a6028830caff9ee44b42d32ed"},"breadcrumb":{"@id":"https:\/\/portaltela.pt\/noticias\/2025\/12\/09\/greve-geral-condiciona-servicos-municipais-nesta-quinta\/#breadcrumb"},"inLanguage":"pt-PT","potentialAction":[{"@type":"ReadAction","target":["https:\/\/portaltela.pt\/noticias\/2025\/12\/09\/greve-geral-condiciona-servicos-municipais-nesta-quinta\/"]}]},{"@type":"ImageObject","inLanguage":"pt-PT","@id":"https:\/\/portaltela.pt\/noticias\/2025\/12\/09\/greve-geral-condiciona-servicos-municipais-nesta-quinta\/#primaryimage","url":"https:\/\/portaltela.pt\/s.01k8rhncp4jt1\/2025\/12\/greveg.jpg","contentUrl":"https:\/\/portaltela.pt\/s.01k8rhncp4jt1\/2025\/12\/greveg.jpg","width":796,"height":448,"caption":"Regi\u00e3o de Lisboa"},{"@type":"BreadcrumbList","@id":"https:\/\/portaltela.pt\/noticias\/2025\/12\/09\/greve-geral-condiciona-servicos-municipais-nesta-quinta\/#breadcrumb","itemListElement":[{"@type":"ListItem","position":1,"name":"In\u00edcio","item":"https:\/\/portaltela.pt\/"},{"@type":"ListItem","position":2,"name":"Greve geral condiciona servi\u00e7os municipais nesta quinta"}]},{"@type":"WebSite","@id":"https:\/\/portaltela.pt\/#website","url":"https:\/\/portaltela.pt\/","name":"Portal Tela Portugal","description":"","potentialAction":[{"@type":"SearchAction","target":{"@type":"EntryPoint","urlTemplate":"https:\/\/portaltela.pt\/?s={search_term_string}"},"query-input":{"@type":"PropertyValueSpecification","valueRequired":true,"valueName":"search_term_string"}}],"inLanguage":"pt-PT"},{"@type":"Person","@id":"https:\/\/portaltela.pt\/#\/schema\/person\/c4278d4a6028830caff9ee44b42d32ed","name":"Telinha","image":{"@type":"ImageObject","inLanguage":"pt-PT","@id":"https:\/\/portaltela.pt\/s.01k8rhncp4jt1\/2025\/11\/talking-bot-125x125.png","url":"https:\/\/portaltela.pt\/s.01k8rhncp4jt1\/2025\/11\/talking-bot-125x125.png","contentUrl":"https:\/\/portaltela.pt\/s.01k8rhncp4jt1\/2025\/11\/talking-bot-125x125.png","caption":"Telinha"},"sameAs":["https:\/\/portaltela.pt\/"],"url":"https:\/\/portaltela.pt\/por\/367410592786\/"}]}},"_links":{"self":[{"href":"https:\/\/portaltela.pt\/api\/wp\/v2\/posts\/62284","targetHints":{"allow":["GET"]}}],"collection":[{"href":"https:\/\/portaltela.pt\/api\/wp\/v2\/posts"}],"about":[{"href":"https:\/\/portaltela.pt\/api\/wp\/v2\/types\/post"}],"author":[{"embeddable":true,"href":"https:\/\/portaltela.pt\/api\/wp\/v2\/users\/2"}],"replies":[{"embeddable":true,"href":"https:\/\/portaltela.pt\/api\/wp\/v2\/comments?post=62284"}],"version-history":[{"count":0,"href":"https:\/\/portaltela.pt\/api\/wp\/v2\/posts\/62284\/revisions"}],"wp:featuredmedia":[{"embeddable":true,"href":"https:\/\/portaltela.pt\/api\/wp\/v2\/media\/62290"}],"wp:attachment":[{"href":"https:\/\/portaltela.pt\/api\/wp\/v2\/media?parent=62284"}],"wp:term":[{"taxonomy":"category","embeddable":true,"href":"https:\/\/portaltela.pt\/api\/wp\/v2\/categories?post=62284"},{"taxonomy":"post_tag","embeddable":true,"href":"https:\/\/portaltela.pt\/api\/wp\/v2\/tags?post=62284"}],"curies":[{"name":"wp","href":"https:\/\/api.w.org\/{rel}","templated":true}]}}