{"id":62007,"date":"2025-12-08T21:00:00","date_gmt":"2025-12-09T00:00:00","guid":{"rendered":"https:\/\/portaltela.pt\/noticias\/2025\/12\/08\/proenca-destaca-orgulho-na-selecao-feminina-apos-mundial\/"},"modified":"2025-12-08T21:00:00","modified_gmt":"2025-12-09T00:00:00","slug":"proenca-destaca-orgulho-na-selecao-feminina-apos-mundial","status":"publish","type":"post","link":"https:\/\/portaltela.pt\/desporto\/futebol\/2025\/12\/08\/proenca-destaca-orgulho-na-selecao-feminina-apos-mundial\/","title":{"rendered":"Proen\u00e7a destaca orgulho na sele\u00e7\u00e3o feminina ap\u00f3s Mundial"},"content":{"rendered":"<p>A sele\u00e7\u00e3o feminina de futsal de Portugal garantiu o vice-campeonato mundial ao terminar o Mundial nas Filipinas na segunda posi\u00e7\u00e3o. A campanha hist\u00f3rica foi marcada pela rece\u00e7\u00e3o \u00e0 equipa na Cidade do Futebol, com mensagens de orgulho nacional e reconhecimento p\u00fablico de bastidores, treinadores e entidades ligadas ao futsal.<\/p>\n<p>Na cerim\u00f3nia, o presidente da Federa\u00e7\u00e3o Portuguesa de Futebol destacou o orgulho que a equipa transmitiu ao povo, reconhecendo a segunda posi\u00e7\u00e3o no Mundial e agradecendo \u00e0s atletas pelo esfor\u00e7o. O selecionador Lu\u00eds Concei\u00e7\u00e3o real\u00e7ou o papel da equipa t\u00e9cnica, dos clubes e da Federa\u00e7\u00e3o na prepara\u00e7\u00e3o das jogadoras.<\/p>\n<p>Lu\u00eds Concei\u00e7\u00e3o ainda enfatizou que o sucesso tem refor\u00e7ado o estatuto do futsal feminino em Portugal e que o apoio \u00e0s atletas \u00e9 crucial para manter o crescimento da modalidade. Ana Catarina, eleita melhor guarda-redes, destacou o orgulho nacional e a ambi\u00e7\u00e3o de evoluir ainda mais.<\/p>\n<h3>Reconhecimento e impacto<\/h3>\n<p>L\u00eddia Moreira, bola de bronze, sublinhou o desejo de abrir portas para mais meninas praticarem futsal, ressaltando o papel de representar o pa\u00eds com distin\u00e7\u00e3o. Jorge Braz, comandante t\u00e9cnico das sele\u00e7\u00f5es, elogiou o comportamento da equipa e manteve a promessa de conquistar uma ta\u00e7a mundial no futuro.<\/p>\n<p>A ministra da Cultura, Juventude e Desporto, Margarida Balseiro Lopes, elogiou a participa\u00e7\u00e3o global de Portugal e o apoio de 10 milh\u00f5es de pessoas em casa. A governante insistiu que o desempenho j\u00e1 valida o debate sobre o futsal feminino em futuros eventos ol\u00edmpicos.<\/p>\n<p>O Brasil derrotou Portugal por 3-0 na final, concluindo o campeonato como campe\u00e3 mundial. Ainda assim, a comitiva portuguesa foi recebida com reconhecimento p\u00fablico por desempenho, entrega e o legado que deixa para o futsal feminino em Portugal.<\/p>\n","protected":false},"excerpt":{"rendered":"<ul>\n<li>Portugal ficou vice-campe\u00e3o mundial de futsal feminino ao perder a final com o Brasil, 3-0, no primeiro Mundial da modalidade (Filipinas).<\/li>\n<li>Na cerim\u00f3nia na Cidade do Futebol, o Presidente da FPF elogiou a equipa e destacou o papel de Jorge Braz no legado do futsal em Portugal.<\/li>\n<li>O selecionador Lu\u00eds Concei\u00e7\u00e3o agradeceu \u00e0 equipa t\u00e9cnica, aos clubes e \u00e0 FPF, real\u00e7ando que o sucesso decorre dessa colabora\u00e7\u00e3o.<\/li>\n<li>Ana Catarina foi distinguida como melhor guarda-redes do torneio; L\u00eddia Moreira recebeu a bola de bronze, com seis golos.<\/li>\n<li>A ministra da Cultura, Juventude e Desporto afirmou que o resultado inspira mais meninas e pode favorecer a inclus\u00e3o ol\u00edmpica do futsal feminino.<\/li>\n<\/ul>\n","protected":false},"author":2,"featured_media":62008,"comment_status":"closed","ping_status":"closed","sticky":false,"template":"","format":"standard","meta":{"footnotes":""},"categories":[21,24],"tags":[660,650,152,186,161,1014],"class_list":["post-62007","post","type-post","status-publish","format-standard","has-post-thumbnail","hentry","category-desporto","category-futebol","tag-assuntos-desportivos","tag-cidadania-desportiva","tag-desporto","tag-desportos","tag-futsal","tag-portugal"],"yoast_head":"<!-- This site is optimized with the Yoast SEO plugin v27.2 - https:\/\/yoast.com\/product\/yoast-seo-wordpress\/ -->\n<title>Proen\u00e7a destaca orgulho na sele\u00e7\u00e3o feminina ap\u00f3s Mundial - Portal Tela Portugal<\/title>\n<meta name=\"robots\" content=\"index, follow, max-snippet:-1, max-image-preview:large, max-video-preview:-1\" \/>\n<meta property=\"og:locale\" content=\"pt_PT\" \/>\n<meta property=\"og:type\" content=\"article\" \/>\n<meta property=\"og:title\" content=\"Proen\u00e7a destaca orgulho na sele\u00e7\u00e3o feminina ap\u00f3s Mundial - Portal Tela Portugal\" \/>\n<meta property=\"og:description\" content=\"Portugal ficou vice-campe\u00e3o mundial de futsal feminino ao perder a final com o Brasil, 3-0, no primeiro Mundial da modalidade (Filipinas). Na cerim\u00f3nia na Cidade do Futebol, o Presidente da FPF elogiou a equipa e destacou o papel de Jorge Braz no legado do futsal em Portugal. O selecionador Lu\u00eds Concei\u00e7\u00e3o agradeceu \u00e0 equipa t\u00e9cnica, aos clubes e \u00e0 FPF, real\u00e7ando que o sucesso decorre dessa colabora\u00e7\u00e3o. Ana Catarina foi distinguida como melhor guarda-redes do torneio; L\u00eddia Moreira recebeu a bola de bronze, com seis golos. A ministra da Cultura, Juventude e Desporto afirmou que o resultado inspira mais meninas e pode favorecer a inclus\u00e3o ol\u00edmpica do futsal feminino.\" \/>\n<meta property=\"og:url\" content=\"https:\/\/portaltela.pt\/noticias\/2025\/12\/08\/proenca-destaca-orgulho-na-selecao-feminina-apos-mundial\/\" \/>\n<meta property=\"og:site_name\" content=\"Portal Tela Portugal\" \/>\n<meta property=\"article:published_time\" content=\"2025-12-09T00:00:00+00:00\" \/>\n<meta name=\"author\" content=\"Telinha\" \/>\n<meta name=\"twitter:card\" content=\"summary_large_image\" \/>\n<meta name=\"twitter:label1\" content=\"Escrito por\" \/>\n\t<meta name=\"twitter:data1\" content=\"Telinha\" \/>\n\t<meta name=\"twitter:label2\" content=\"Tempo estimado de leitura\" \/>\n\t<meta name=\"twitter:data2\" content=\"2 minutos\" \/>\n<script type=\"application\/ld+json\" class=\"yoast-schema-graph\">{\"@context\":\"https:\/\/schema.org\",\"@graph\":[{\"@type\":\"Article\",\"@id\":\"https:\/\/portaltela.pt\/noticias\/2025\/12\/08\/proenca-destaca-orgulho-na-selecao-feminina-apos-mundial\/#article\",\"isPartOf\":{\"@id\":\"https:\/\/portaltela.pt\/noticias\/2025\/12\/08\/proenca-destaca-orgulho-na-selecao-feminina-apos-mundial\/\"},\"author\":{\"name\":\"Telinha\",\"@id\":\"https:\/\/portaltela.pt\/#\/schema\/person\/c4278d4a6028830caff9ee44b42d32ed\"},\"headline\":\"Proen\u00e7a destaca orgulho na sele\u00e7\u00e3o feminina ap\u00f3s Mundial\",\"datePublished\":\"2025-12-09T00:00:00+00:00\",\"mainEntityOfPage\":{\"@id\":\"https:\/\/portaltela.pt\/noticias\/2025\/12\/08\/proenca-destaca-orgulho-na-selecao-feminina-apos-mundial\/\"},\"wordCount\":313,\"image\":{\"@id\":\"https:\/\/portaltela.pt\/noticias\/2025\/12\/08\/proenca-destaca-orgulho-na-selecao-feminina-apos-mundial\/#primaryimage\"},\"thumbnailUrl\":\"https:\/\/portaltela.pt\/s.01k8rhncp4jt1\/2025\/12\/57a562f1-5fd6-45bc-8132-667cc1474248_1200x675.jpg\",\"keywords\":[\"assuntos desportivos\",\"cidadania desportiva\",\"desporto\",\"desportos\",\"futsal\",\"Portugal\"],\"articleSection\":[\"Desporto\",\"Futebol\"],\"inLanguage\":\"pt-PT\"},{\"@type\":\"WebPage\",\"@id\":\"https:\/\/portaltela.pt\/noticias\/2025\/12\/08\/proenca-destaca-orgulho-na-selecao-feminina-apos-mundial\/\",\"url\":\"https:\/\/portaltela.pt\/noticias\/2025\/12\/08\/proenca-destaca-orgulho-na-selecao-feminina-apos-mundial\/\",\"name\":\"Proen\u00e7a destaca orgulho na sele\u00e7\u00e3o feminina ap\u00f3s Mundial - Portal Tela Portugal\",\"isPartOf\":{\"@id\":\"https:\/\/portaltela.pt\/#website\"},\"primaryImageOfPage\":{\"@id\":\"https:\/\/portaltela.pt\/noticias\/2025\/12\/08\/proenca-destaca-orgulho-na-selecao-feminina-apos-mundial\/#primaryimage\"},\"image\":{\"@id\":\"https:\/\/portaltela.pt\/noticias\/2025\/12\/08\/proenca-destaca-orgulho-na-selecao-feminina-apos-mundial\/#primaryimage\"},\"thumbnailUrl\":\"https:\/\/portaltela.pt\/s.01k8rhncp4jt1\/2025\/12\/57a562f1-5fd6-45bc-8132-667cc1474248_1200x675.jpg\",\"datePublished\":\"2025-12-09T00:00:00+00:00\",\"author\":{\"@id\":\"https:\/\/portaltela.pt\/#\/schema\/person\/c4278d4a6028830caff9ee44b42d32ed\"},\"breadcrumb\":{\"@id\":\"https:\/\/portaltela.pt\/noticias\/2025\/12\/08\/proenca-destaca-orgulho-na-selecao-feminina-apos-mundial\/#breadcrumb\"},\"inLanguage\":\"pt-PT\",\"potentialAction\":[{\"@type\":\"ReadAction\",\"target\":[\"https:\/\/portaltela.pt\/noticias\/2025\/12\/08\/proenca-destaca-orgulho-na-selecao-feminina-apos-mundial\/\"]}]},{\"@type\":\"ImageObject\",\"inLanguage\":\"pt-PT\",\"@id\":\"https:\/\/portaltela.pt\/noticias\/2025\/12\/08\/proenca-destaca-orgulho-na-selecao-feminina-apos-mundial\/#primaryimage\",\"url\":\"https:\/\/portaltela.pt\/s.01k8rhncp4jt1\/2025\/12\/57a562f1-5fd6-45bc-8132-667cc1474248_1200x675.jpg\",\"contentUrl\":\"https:\/\/portaltela.pt\/s.01k8rhncp4jt1\/2025\/12\/57a562f1-5fd6-45bc-8132-667cc1474248_1200x675.jpg\",\"width\":796,\"height\":448,\"caption\":\"Vice-campe\u00e3s mundiais foram homenageadas na Cidade do Futebol. Foto: Tiago Petinga\/Lusa\"},{\"@type\":\"BreadcrumbList\",\"@id\":\"https:\/\/portaltela.pt\/noticias\/2025\/12\/08\/proenca-destaca-orgulho-na-selecao-feminina-apos-mundial\/#breadcrumb\",\"itemListElement\":[{\"@type\":\"ListItem\",\"position\":1,\"name\":\"In\u00edcio\",\"item\":\"https:\/\/portaltela.pt\/\"},{\"@type\":\"ListItem\",\"position\":2,\"name\":\"Proen\u00e7a destaca orgulho na sele\u00e7\u00e3o feminina ap\u00f3s Mundial\"}]},{\"@type\":\"WebSite\",\"@id\":\"https:\/\/portaltela.pt\/#website\",\"url\":\"https:\/\/portaltela.pt\/\",\"name\":\"Portal Tela Portugal\",\"description\":\"\",\"potentialAction\":[{\"@type\":\"SearchAction\",\"target\":{\"@type\":\"EntryPoint\",\"urlTemplate\":\"https:\/\/portaltela.pt\/?s={search_term_string}\"},\"query-input\":{\"@type\":\"PropertyValueSpecification\",\"valueRequired\":true,\"valueName\":\"search_term_string\"}}],\"inLanguage\":\"pt-PT\"},{\"@type\":\"Person\",\"@id\":\"https:\/\/portaltela.pt\/#\/schema\/person\/c4278d4a6028830caff9ee44b42d32ed\",\"name\":\"Telinha\",\"image\":{\"@type\":\"ImageObject\",\"inLanguage\":\"pt-PT\",\"@id\":\"https:\/\/portaltela.pt\/s.01k8rhncp4jt1\/2025\/11\/talking-bot-125x125.png\",\"url\":\"https:\/\/portaltela.pt\/s.01k8rhncp4jt1\/2025\/11\/talking-bot-125x125.png\",\"contentUrl\":\"https:\/\/portaltela.pt\/s.01k8rhncp4jt1\/2025\/11\/talking-bot-125x125.png\",\"caption\":\"Telinha\"},\"sameAs\":[\"https:\/\/portaltela.pt\/\"],\"url\":\"https:\/\/portaltela.pt\/por\/367410592786\/\"}]}<\/script>\n<!-- \/ Yoast SEO plugin. -->","yoast_head_json":{"title":"Proen\u00e7a destaca orgulho na sele\u00e7\u00e3o feminina ap\u00f3s Mundial - Portal Tela Portugal","robots":{"index":"index","follow":"follow","max-snippet":"max-snippet:-1","max-image-preview":"max-image-preview:large","max-video-preview":"max-video-preview:-1"},"og_locale":"pt_PT","og_type":"article","og_title":"Proen\u00e7a destaca orgulho na sele\u00e7\u00e3o feminina ap\u00f3s Mundial - Portal Tela Portugal","og_description":"Portugal ficou vice-campe\u00e3o mundial de futsal feminino ao perder a final com o Brasil, 3-0, no primeiro Mundial da modalidade (Filipinas). Na cerim\u00f3nia na Cidade do Futebol, o Presidente da FPF elogiou a equipa e destacou o papel de Jorge Braz no legado do futsal em Portugal. O selecionador Lu\u00eds Concei\u00e7\u00e3o agradeceu \u00e0 equipa t\u00e9cnica, aos clubes e \u00e0 FPF, real\u00e7ando que o sucesso decorre dessa colabora\u00e7\u00e3o. Ana Catarina foi distinguida como melhor guarda-redes do torneio; L\u00eddia Moreira recebeu a bola de bronze, com seis golos. A ministra da Cultura, Juventude e Desporto afirmou que o resultado inspira mais meninas e pode favorecer a inclus\u00e3o ol\u00edmpica do futsal feminino.","og_url":"https:\/\/portaltela.pt\/noticias\/2025\/12\/08\/proenca-destaca-orgulho-na-selecao-feminina-apos-mundial\/","og_site_name":"Portal Tela Portugal","article_published_time":"2025-12-09T00:00:00+00:00","author":"Telinha","twitter_card":"summary_large_image","twitter_misc":{"Escrito por":"Telinha","Tempo estimado de leitura":"2 minutos"},"schema":{"@context":"https:\/\/schema.org","@graph":[{"@type":"Article","@id":"https:\/\/portaltela.pt\/noticias\/2025\/12\/08\/proenca-destaca-orgulho-na-selecao-feminina-apos-mundial\/#article","isPartOf":{"@id":"https:\/\/portaltela.pt\/noticias\/2025\/12\/08\/proenca-destaca-orgulho-na-selecao-feminina-apos-mundial\/"},"author":{"name":"Telinha","@id":"https:\/\/portaltela.pt\/#\/schema\/person\/c4278d4a6028830caff9ee44b42d32ed"},"headline":"Proen\u00e7a destaca orgulho na sele\u00e7\u00e3o feminina ap\u00f3s Mundial","datePublished":"2025-12-09T00:00:00+00:00","mainEntityOfPage":{"@id":"https:\/\/portaltela.pt\/noticias\/2025\/12\/08\/proenca-destaca-orgulho-na-selecao-feminina-apos-mundial\/"},"wordCount":313,"image":{"@id":"https:\/\/portaltela.pt\/noticias\/2025\/12\/08\/proenca-destaca-orgulho-na-selecao-feminina-apos-mundial\/#primaryimage"},"thumbnailUrl":"https:\/\/portaltela.pt\/s.01k8rhncp4jt1\/2025\/12\/57a562f1-5fd6-45bc-8132-667cc1474248_1200x675.jpg","keywords":["assuntos desportivos","cidadania desportiva","desporto","desportos","futsal","Portugal"],"articleSection":["Desporto","Futebol"],"inLanguage":"pt-PT"},{"@type":"WebPage","@id":"https:\/\/portaltela.pt\/noticias\/2025\/12\/08\/proenca-destaca-orgulho-na-selecao-feminina-apos-mundial\/","url":"https:\/\/portaltela.pt\/noticias\/2025\/12\/08\/proenca-destaca-orgulho-na-selecao-feminina-apos-mundial\/","name":"Proen\u00e7a destaca orgulho na sele\u00e7\u00e3o feminina ap\u00f3s Mundial - Portal Tela Portugal","isPartOf":{"@id":"https:\/\/portaltela.pt\/#website"},"primaryImageOfPage":{"@id":"https:\/\/portaltela.pt\/noticias\/2025\/12\/08\/proenca-destaca-orgulho-na-selecao-feminina-apos-mundial\/#primaryimage"},"image":{"@id":"https:\/\/portaltela.pt\/noticias\/2025\/12\/08\/proenca-destaca-orgulho-na-selecao-feminina-apos-mundial\/#primaryimage"},"thumbnailUrl":"https:\/\/portaltela.pt\/s.01k8rhncp4jt1\/2025\/12\/57a562f1-5fd6-45bc-8132-667cc1474248_1200x675.jpg","datePublished":"2025-12-09T00:00:00+00:00","author":{"@id":"https:\/\/portaltela.pt\/#\/schema\/person\/c4278d4a6028830caff9ee44b42d32ed"},"breadcrumb":{"@id":"https:\/\/portaltela.pt\/noticias\/2025\/12\/08\/proenca-destaca-orgulho-na-selecao-feminina-apos-mundial\/#breadcrumb"},"inLanguage":"pt-PT","potentialAction":[{"@type":"ReadAction","target":["https:\/\/portaltela.pt\/noticias\/2025\/12\/08\/proenca-destaca-orgulho-na-selecao-feminina-apos-mundial\/"]}]},{"@type":"ImageObject","inLanguage":"pt-PT","@id":"https:\/\/portaltela.pt\/noticias\/2025\/12\/08\/proenca-destaca-orgulho-na-selecao-feminina-apos-mundial\/#primaryimage","url":"https:\/\/portaltela.pt\/s.01k8rhncp4jt1\/2025\/12\/57a562f1-5fd6-45bc-8132-667cc1474248_1200x675.jpg","contentUrl":"https:\/\/portaltela.pt\/s.01k8rhncp4jt1\/2025\/12\/57a562f1-5fd6-45bc-8132-667cc1474248_1200x675.jpg","width":796,"height":448,"caption":"Vice-campe\u00e3s mundiais foram homenageadas na Cidade do Futebol. Foto: Tiago Petinga\/Lusa"},{"@type":"BreadcrumbList","@id":"https:\/\/portaltela.pt\/noticias\/2025\/12\/08\/proenca-destaca-orgulho-na-selecao-feminina-apos-mundial\/#breadcrumb","itemListElement":[{"@type":"ListItem","position":1,"name":"In\u00edcio","item":"https:\/\/portaltela.pt\/"},{"@type":"ListItem","position":2,"name":"Proen\u00e7a destaca orgulho na sele\u00e7\u00e3o feminina ap\u00f3s Mundial"}]},{"@type":"WebSite","@id":"https:\/\/portaltela.pt\/#website","url":"https:\/\/portaltela.pt\/","name":"Portal Tela Portugal","description":"","potentialAction":[{"@type":"SearchAction","target":{"@type":"EntryPoint","urlTemplate":"https:\/\/portaltela.pt\/?s={search_term_string}"},"query-input":{"@type":"PropertyValueSpecification","valueRequired":true,"valueName":"search_term_string"}}],"inLanguage":"pt-PT"},{"@type":"Person","@id":"https:\/\/portaltela.pt\/#\/schema\/person\/c4278d4a6028830caff9ee44b42d32ed","name":"Telinha","image":{"@type":"ImageObject","inLanguage":"pt-PT","@id":"https:\/\/portaltela.pt\/s.01k8rhncp4jt1\/2025\/11\/talking-bot-125x125.png","url":"https:\/\/portaltela.pt\/s.01k8rhncp4jt1\/2025\/11\/talking-bot-125x125.png","contentUrl":"https:\/\/portaltela.pt\/s.01k8rhncp4jt1\/2025\/11\/talking-bot-125x125.png","caption":"Telinha"},"sameAs":["https:\/\/portaltela.pt\/"],"url":"https:\/\/portaltela.pt\/por\/367410592786\/"}]}},"_links":{"self":[{"href":"https:\/\/portaltela.pt\/api\/wp\/v2\/posts\/62007","targetHints":{"allow":["GET"]}}],"collection":[{"href":"https:\/\/portaltela.pt\/api\/wp\/v2\/posts"}],"about":[{"href":"https:\/\/portaltela.pt\/api\/wp\/v2\/types\/post"}],"author":[{"embeddable":true,"href":"https:\/\/portaltela.pt\/api\/wp\/v2\/users\/2"}],"replies":[{"embeddable":true,"href":"https:\/\/portaltela.pt\/api\/wp\/v2\/comments?post=62007"}],"version-history":[{"count":0,"href":"https:\/\/portaltela.pt\/api\/wp\/v2\/posts\/62007\/revisions"}],"wp:featuredmedia":[{"embeddable":true,"href":"https:\/\/portaltela.pt\/api\/wp\/v2\/media\/62008"}],"wp:attachment":[{"href":"https:\/\/portaltela.pt\/api\/wp\/v2\/media?parent=62007"}],"wp:term":[{"taxonomy":"category","embeddable":true,"href":"https:\/\/portaltela.pt\/api\/wp\/v2\/categories?post=62007"},{"taxonomy":"post_tag","embeddable":true,"href":"https:\/\/portaltela.pt\/api\/wp\/v2\/tags?post=62007"}],"curies":[{"name":"wp","href":"https:\/\/api.w.org\/{rel}","templated":true}]}}