{"id":61916,"date":"2025-12-08T21:00:00","date_gmt":"2025-12-09T00:00:00","guid":{"rendered":"https:\/\/portaltela.pt\/noticias\/2025\/12\/08\/jorge-braz-diz-que-no-futuro-vira-uma-taca-para-o-museu\/"},"modified":"2025-12-08T21:00:00","modified_gmt":"2025-12-09T00:00:00","slug":"jorge-braz-diz-que-no-futuro-vira-uma-taca-para-o-museu","status":"publish","type":"post","link":"https:\/\/portaltela.pt\/desporto\/futebol\/2025\/12\/08\/jorge-braz-diz-que-no-futuro-vira-uma-taca-para-o-museu\/","title":{"rendered":"Jorge Braz diz que no futuro vir\u00e1 uma ta\u00e7a para o museu"},"content":{"rendered":"<p>A sele\u00e7\u00e3o feminina de futsal de Portugal, vice-campe\u00e3 mundial, prepara j\u00e1 o futuro ap\u00f3s a homenagem aos atletas. O selecionador Jorge Braz afirmou que, a partir de amanh\u00e3, o foco passa a ser as pr\u00f3ximas gera\u00e7\u00f5es, come\u00e7ando pela sub-17 e, depois, pela sub-19.<\/p>\n<p>O objetivo \u00e9 manter o ritmo de vit\u00f3rias e cultivar uma identidade vencedora constante. Braz revelou que a equipa est\u00e1 determinada a evoluir, com vis\u00e3o de longo prazo para conquistar t\u00edtulos mundiais.<\/p>\n<h3>Foco nas camadas jovens<\/h3>\n<p>A partir de amanh\u00e3 chegam as sub-17, seguidas pelas sub-19, para refor\u00e7ar a aposta de desenvolvimento cont\u00ednuo. O treinador refor\u00e7ou a ideia de que o sucesso presente deve privilegiar o treino di\u00e1rio e a afirma\u00e7\u00e3o de uma cultura ganhadora.<\/p>\n<h3>Contexto e ambi\u00e7\u00e3o<\/h3>\n<p>A afirma\u00e7\u00e3o de Braz enquadra-se numa era considerada dourada para o futsal portugu\u00eas, com o sucesso tamb\u00e9m da equipa masculina. O objetivo \u00e9 manter este ciclo vitorioso, assegurando o surgimento de novas refer\u00eancias nacionais no futsal feminino.<\/p>\n","protected":false},"excerpt":{"rendered":"<ul>\n<li>O selecionador Jorge Braz afirmou que, a partir de amanh\u00e3, o foco ser\u00e1 preparar as pr\u00f3ximas gera\u00e7\u00f5es (sub-17, depois sub-19) e manter o h\u00e1bito di\u00e1rio de vencer, com ambi\u00e7\u00e3o de conquistar o t\u00edtulo mundial.<\/li>\n<li>Braz disse que o estatuto de vice-campe\u00e3s mundiais \u00e9 indiciador de algo ainda maior para a sele\u00e7\u00e3o feminina.<\/li>\n<li>A planifica\u00e7\u00e3o passa pela presen\u00e7a, a partir de amanh\u00e3, das sub-17 femininas, seguidas pelas sub-19, para preparar o futuro.<\/li>\n<li>O objetivo \u00e9 consolidar uma identidade vencedora cont\u00ednua, incluindo treino, rela\u00e7\u00f5es e comportamento di\u00e1rio de campe\u00e3o.<\/li>\n<li>O dirigente refor\u00e7ou a ambi\u00e7\u00e3o de vencer mundialmente e integrar a era de ouro do futsal portugu\u00eas, associando o sucesso presente ao futuro da modalidade.<\/li>\n<\/ul>\n","protected":false},"author":2,"featured_media":61919,"comment_status":"closed","ping_status":"closed","sticky":false,"template":"","format":"standard","meta":{"footnotes":""},"categories":[21,24],"tags":[650,152,161,251,399,1014],"class_list":["post-61916","post","type-post","status-publish","format-standard","has-post-thumbnail","hentry","category-desporto","category-futebol","tag-cidadania-desportiva","tag-desporto","tag-futsal","tag-juventude","tag-organizacao-desportiva","tag-portugal"],"yoast_head":"<!-- This site is optimized with the Yoast SEO plugin v27.2 - https:\/\/yoast.com\/product\/yoast-seo-wordpress\/ -->\n<title>Jorge Braz diz que no futuro vir\u00e1 uma ta\u00e7a para o museu - Portal Tela Portugal<\/title>\n<meta name=\"robots\" content=\"index, follow, max-snippet:-1, max-image-preview:large, max-video-preview:-1\" \/>\n<meta property=\"og:locale\" content=\"pt_PT\" \/>\n<meta property=\"og:type\" content=\"article\" \/>\n<meta property=\"og:title\" content=\"Jorge Braz diz que no futuro vir\u00e1 uma ta\u00e7a para o museu - Portal Tela Portugal\" \/>\n<meta property=\"og:description\" content=\"O selecionador Jorge Braz afirmou que, a partir de amanh\u00e3, o foco ser\u00e1 preparar as pr\u00f3ximas gera\u00e7\u00f5es (sub-17, depois sub-19) e manter o h\u00e1bito di\u00e1rio de vencer, com ambi\u00e7\u00e3o de conquistar o t\u00edtulo mundial. Braz disse que o estatuto de vice-campe\u00e3s mundiais \u00e9 indiciador de algo ainda maior para a sele\u00e7\u00e3o feminina. A planifica\u00e7\u00e3o passa pela presen\u00e7a, a partir de amanh\u00e3, das sub-17 femininas, seguidas pelas sub-19, para preparar o futuro. O objetivo \u00e9 consolidar uma identidade vencedora cont\u00ednua, incluindo treino, rela\u00e7\u00f5es e comportamento di\u00e1rio de campe\u00e3o. O dirigente refor\u00e7ou a ambi\u00e7\u00e3o de vencer mundialmente e integrar a era de ouro do futsal portugu\u00eas, associando o sucesso presente ao futuro da modalidade.\" \/>\n<meta property=\"og:url\" content=\"https:\/\/portaltela.pt\/noticias\/2025\/12\/08\/jorge-braz-diz-que-no-futuro-vira-uma-taca-para-o-museu\/\" \/>\n<meta property=\"og:site_name\" content=\"Portal Tela Portugal\" \/>\n<meta property=\"article:published_time\" content=\"2025-12-09T00:00:00+00:00\" \/>\n<meta name=\"author\" content=\"Telinha\" \/>\n<meta name=\"twitter:card\" content=\"summary_large_image\" \/>\n<meta name=\"twitter:label1\" content=\"Escrito por\" \/>\n\t<meta name=\"twitter:data1\" content=\"Telinha\" \/>\n\t<meta name=\"twitter:label2\" content=\"Tempo estimado de leitura\" \/>\n\t<meta name=\"twitter:data2\" content=\"1 minuto\" \/>\n<script type=\"application\/ld+json\" class=\"yoast-schema-graph\">{\"@context\":\"https:\/\/schema.org\",\"@graph\":[{\"@type\":\"Article\",\"@id\":\"https:\/\/portaltela.pt\/noticias\/2025\/12\/08\/jorge-braz-diz-que-no-futuro-vira-uma-taca-para-o-museu\/#article\",\"isPartOf\":{\"@id\":\"https:\/\/portaltela.pt\/noticias\/2025\/12\/08\/jorge-braz-diz-que-no-futuro-vira-uma-taca-para-o-museu\/\"},\"author\":{\"name\":\"Telinha\",\"@id\":\"https:\/\/portaltela.pt\/#\/schema\/person\/c4278d4a6028830caff9ee44b42d32ed\"},\"headline\":\"Jorge Braz diz que no futuro vir\u00e1 uma ta\u00e7a para o museu\",\"datePublished\":\"2025-12-09T00:00:00+00:00\",\"mainEntityOfPage\":{\"@id\":\"https:\/\/portaltela.pt\/noticias\/2025\/12\/08\/jorge-braz-diz-que-no-futuro-vira-uma-taca-para-o-museu\/\"},\"wordCount\":187,\"image\":{\"@id\":\"https:\/\/portaltela.pt\/noticias\/2025\/12\/08\/jorge-braz-diz-que-no-futuro-vira-uma-taca-para-o-museu\/#primaryimage\"},\"thumbnailUrl\":\"https:\/\/portaltela.pt\/s.01k8rhncp4jt1\/2025\/12\/2fccbbe6-d916-4759-b0a4-e6ef6a8259b8.jpg\",\"keywords\":[\"cidadania desportiva\",\"desporto\",\"futsal\",\"juventude\",\"organiza\u00e7\u00e3o desportiva\",\"Portugal\"],\"articleSection\":[\"Desporto\",\"Futebol\"],\"inLanguage\":\"pt-PT\"},{\"@type\":\"WebPage\",\"@id\":\"https:\/\/portaltela.pt\/noticias\/2025\/12\/08\/jorge-braz-diz-que-no-futuro-vira-uma-taca-para-o-museu\/\",\"url\":\"https:\/\/portaltela.pt\/noticias\/2025\/12\/08\/jorge-braz-diz-que-no-futuro-vira-uma-taca-para-o-museu\/\",\"name\":\"Jorge Braz diz que no futuro vir\u00e1 uma ta\u00e7a para o museu - Portal Tela Portugal\",\"isPartOf\":{\"@id\":\"https:\/\/portaltela.pt\/#website\"},\"primaryImageOfPage\":{\"@id\":\"https:\/\/portaltela.pt\/noticias\/2025\/12\/08\/jorge-braz-diz-que-no-futuro-vira-uma-taca-para-o-museu\/#primaryimage\"},\"image\":{\"@id\":\"https:\/\/portaltela.pt\/noticias\/2025\/12\/08\/jorge-braz-diz-que-no-futuro-vira-uma-taca-para-o-museu\/#primaryimage\"},\"thumbnailUrl\":\"https:\/\/portaltela.pt\/s.01k8rhncp4jt1\/2025\/12\/2fccbbe6-d916-4759-b0a4-e6ef6a8259b8.jpg\",\"datePublished\":\"2025-12-09T00:00:00+00:00\",\"author\":{\"@id\":\"https:\/\/portaltela.pt\/#\/schema\/person\/c4278d4a6028830caff9ee44b42d32ed\"},\"breadcrumb\":{\"@id\":\"https:\/\/portaltela.pt\/noticias\/2025\/12\/08\/jorge-braz-diz-que-no-futuro-vira-uma-taca-para-o-museu\/#breadcrumb\"},\"inLanguage\":\"pt-PT\",\"potentialAction\":[{\"@type\":\"ReadAction\",\"target\":[\"https:\/\/portaltela.pt\/noticias\/2025\/12\/08\/jorge-braz-diz-que-no-futuro-vira-uma-taca-para-o-museu\/\"]}]},{\"@type\":\"ImageObject\",\"inLanguage\":\"pt-PT\",\"@id\":\"https:\/\/portaltela.pt\/noticias\/2025\/12\/08\/jorge-braz-diz-que-no-futuro-vira-uma-taca-para-o-museu\/#primaryimage\",\"url\":\"https:\/\/portaltela.pt\/s.01k8rhncp4jt1\/2025\/12\/2fccbbe6-d916-4759-b0a4-e6ef6a8259b8.jpg\",\"contentUrl\":\"https:\/\/portaltela.pt\/s.01k8rhncp4jt1\/2025\/12\/2fccbbe6-d916-4759-b0a4-e6ef6a8259b8.jpg\",\"width\":796,\"height\":448,\"caption\":\"Jorge Braz aponta a Sele\u00e7\u00e3o Nacional feminina a mais \u00eaxitos ap\u00f3s o vice-campeonato mundial alcan\u00e7ado. Foto: Mariana Ten\u00f3rio\"},{\"@type\":\"BreadcrumbList\",\"@id\":\"https:\/\/portaltela.pt\/noticias\/2025\/12\/08\/jorge-braz-diz-que-no-futuro-vira-uma-taca-para-o-museu\/#breadcrumb\",\"itemListElement\":[{\"@type\":\"ListItem\",\"position\":1,\"name\":\"In\u00edcio\",\"item\":\"https:\/\/portaltela.pt\/\"},{\"@type\":\"ListItem\",\"position\":2,\"name\":\"Jorge Braz diz que no futuro vir\u00e1 uma ta\u00e7a para o museu\"}]},{\"@type\":\"WebSite\",\"@id\":\"https:\/\/portaltela.pt\/#website\",\"url\":\"https:\/\/portaltela.pt\/\",\"name\":\"Portal Tela Portugal\",\"description\":\"\",\"potentialAction\":[{\"@type\":\"SearchAction\",\"target\":{\"@type\":\"EntryPoint\",\"urlTemplate\":\"https:\/\/portaltela.pt\/?s={search_term_string}\"},\"query-input\":{\"@type\":\"PropertyValueSpecification\",\"valueRequired\":true,\"valueName\":\"search_term_string\"}}],\"inLanguage\":\"pt-PT\"},{\"@type\":\"Person\",\"@id\":\"https:\/\/portaltela.pt\/#\/schema\/person\/c4278d4a6028830caff9ee44b42d32ed\",\"name\":\"Telinha\",\"image\":{\"@type\":\"ImageObject\",\"inLanguage\":\"pt-PT\",\"@id\":\"https:\/\/portaltela.pt\/s.01k8rhncp4jt1\/2025\/11\/talking-bot-125x125.png\",\"url\":\"https:\/\/portaltela.pt\/s.01k8rhncp4jt1\/2025\/11\/talking-bot-125x125.png\",\"contentUrl\":\"https:\/\/portaltela.pt\/s.01k8rhncp4jt1\/2025\/11\/talking-bot-125x125.png\",\"caption\":\"Telinha\"},\"sameAs\":[\"https:\/\/portaltela.pt\/\"],\"url\":\"https:\/\/portaltela.pt\/por\/367410592786\/\"}]}<\/script>\n<!-- \/ Yoast SEO plugin. -->","yoast_head_json":{"title":"Jorge Braz diz que no futuro vir\u00e1 uma ta\u00e7a para o museu - Portal Tela Portugal","robots":{"index":"index","follow":"follow","max-snippet":"max-snippet:-1","max-image-preview":"max-image-preview:large","max-video-preview":"max-video-preview:-1"},"og_locale":"pt_PT","og_type":"article","og_title":"Jorge Braz diz que no futuro vir\u00e1 uma ta\u00e7a para o museu - Portal Tela Portugal","og_description":"O selecionador Jorge Braz afirmou que, a partir de amanh\u00e3, o foco ser\u00e1 preparar as pr\u00f3ximas gera\u00e7\u00f5es (sub-17, depois sub-19) e manter o h\u00e1bito di\u00e1rio de vencer, com ambi\u00e7\u00e3o de conquistar o t\u00edtulo mundial. Braz disse que o estatuto de vice-campe\u00e3s mundiais \u00e9 indiciador de algo ainda maior para a sele\u00e7\u00e3o feminina. A planifica\u00e7\u00e3o passa pela presen\u00e7a, a partir de amanh\u00e3, das sub-17 femininas, seguidas pelas sub-19, para preparar o futuro. O objetivo \u00e9 consolidar uma identidade vencedora cont\u00ednua, incluindo treino, rela\u00e7\u00f5es e comportamento di\u00e1rio de campe\u00e3o. O dirigente refor\u00e7ou a ambi\u00e7\u00e3o de vencer mundialmente e integrar a era de ouro do futsal portugu\u00eas, associando o sucesso presente ao futuro da modalidade.","og_url":"https:\/\/portaltela.pt\/noticias\/2025\/12\/08\/jorge-braz-diz-que-no-futuro-vira-uma-taca-para-o-museu\/","og_site_name":"Portal Tela Portugal","article_published_time":"2025-12-09T00:00:00+00:00","author":"Telinha","twitter_card":"summary_large_image","twitter_misc":{"Escrito por":"Telinha","Tempo estimado de leitura":"1 minuto"},"schema":{"@context":"https:\/\/schema.org","@graph":[{"@type":"Article","@id":"https:\/\/portaltela.pt\/noticias\/2025\/12\/08\/jorge-braz-diz-que-no-futuro-vira-uma-taca-para-o-museu\/#article","isPartOf":{"@id":"https:\/\/portaltela.pt\/noticias\/2025\/12\/08\/jorge-braz-diz-que-no-futuro-vira-uma-taca-para-o-museu\/"},"author":{"name":"Telinha","@id":"https:\/\/portaltela.pt\/#\/schema\/person\/c4278d4a6028830caff9ee44b42d32ed"},"headline":"Jorge Braz diz que no futuro vir\u00e1 uma ta\u00e7a para o museu","datePublished":"2025-12-09T00:00:00+00:00","mainEntityOfPage":{"@id":"https:\/\/portaltela.pt\/noticias\/2025\/12\/08\/jorge-braz-diz-que-no-futuro-vira-uma-taca-para-o-museu\/"},"wordCount":187,"image":{"@id":"https:\/\/portaltela.pt\/noticias\/2025\/12\/08\/jorge-braz-diz-que-no-futuro-vira-uma-taca-para-o-museu\/#primaryimage"},"thumbnailUrl":"https:\/\/portaltela.pt\/s.01k8rhncp4jt1\/2025\/12\/2fccbbe6-d916-4759-b0a4-e6ef6a8259b8.jpg","keywords":["cidadania desportiva","desporto","futsal","juventude","organiza\u00e7\u00e3o desportiva","Portugal"],"articleSection":["Desporto","Futebol"],"inLanguage":"pt-PT"},{"@type":"WebPage","@id":"https:\/\/portaltela.pt\/noticias\/2025\/12\/08\/jorge-braz-diz-que-no-futuro-vira-uma-taca-para-o-museu\/","url":"https:\/\/portaltela.pt\/noticias\/2025\/12\/08\/jorge-braz-diz-que-no-futuro-vira-uma-taca-para-o-museu\/","name":"Jorge Braz diz que no futuro vir\u00e1 uma ta\u00e7a para o museu - Portal Tela Portugal","isPartOf":{"@id":"https:\/\/portaltela.pt\/#website"},"primaryImageOfPage":{"@id":"https:\/\/portaltela.pt\/noticias\/2025\/12\/08\/jorge-braz-diz-que-no-futuro-vira-uma-taca-para-o-museu\/#primaryimage"},"image":{"@id":"https:\/\/portaltela.pt\/noticias\/2025\/12\/08\/jorge-braz-diz-que-no-futuro-vira-uma-taca-para-o-museu\/#primaryimage"},"thumbnailUrl":"https:\/\/portaltela.pt\/s.01k8rhncp4jt1\/2025\/12\/2fccbbe6-d916-4759-b0a4-e6ef6a8259b8.jpg","datePublished":"2025-12-09T00:00:00+00:00","author":{"@id":"https:\/\/portaltela.pt\/#\/schema\/person\/c4278d4a6028830caff9ee44b42d32ed"},"breadcrumb":{"@id":"https:\/\/portaltela.pt\/noticias\/2025\/12\/08\/jorge-braz-diz-que-no-futuro-vira-uma-taca-para-o-museu\/#breadcrumb"},"inLanguage":"pt-PT","potentialAction":[{"@type":"ReadAction","target":["https:\/\/portaltela.pt\/noticias\/2025\/12\/08\/jorge-braz-diz-que-no-futuro-vira-uma-taca-para-o-museu\/"]}]},{"@type":"ImageObject","inLanguage":"pt-PT","@id":"https:\/\/portaltela.pt\/noticias\/2025\/12\/08\/jorge-braz-diz-que-no-futuro-vira-uma-taca-para-o-museu\/#primaryimage","url":"https:\/\/portaltela.pt\/s.01k8rhncp4jt1\/2025\/12\/2fccbbe6-d916-4759-b0a4-e6ef6a8259b8.jpg","contentUrl":"https:\/\/portaltela.pt\/s.01k8rhncp4jt1\/2025\/12\/2fccbbe6-d916-4759-b0a4-e6ef6a8259b8.jpg","width":796,"height":448,"caption":"Jorge Braz aponta a Sele\u00e7\u00e3o Nacional feminina a mais \u00eaxitos ap\u00f3s o vice-campeonato mundial alcan\u00e7ado. Foto: Mariana Ten\u00f3rio"},{"@type":"BreadcrumbList","@id":"https:\/\/portaltela.pt\/noticias\/2025\/12\/08\/jorge-braz-diz-que-no-futuro-vira-uma-taca-para-o-museu\/#breadcrumb","itemListElement":[{"@type":"ListItem","position":1,"name":"In\u00edcio","item":"https:\/\/portaltela.pt\/"},{"@type":"ListItem","position":2,"name":"Jorge Braz diz que no futuro vir\u00e1 uma ta\u00e7a para o museu"}]},{"@type":"WebSite","@id":"https:\/\/portaltela.pt\/#website","url":"https:\/\/portaltela.pt\/","name":"Portal Tela Portugal","description":"","potentialAction":[{"@type":"SearchAction","target":{"@type":"EntryPoint","urlTemplate":"https:\/\/portaltela.pt\/?s={search_term_string}"},"query-input":{"@type":"PropertyValueSpecification","valueRequired":true,"valueName":"search_term_string"}}],"inLanguage":"pt-PT"},{"@type":"Person","@id":"https:\/\/portaltela.pt\/#\/schema\/person\/c4278d4a6028830caff9ee44b42d32ed","name":"Telinha","image":{"@type":"ImageObject","inLanguage":"pt-PT","@id":"https:\/\/portaltela.pt\/s.01k8rhncp4jt1\/2025\/11\/talking-bot-125x125.png","url":"https:\/\/portaltela.pt\/s.01k8rhncp4jt1\/2025\/11\/talking-bot-125x125.png","contentUrl":"https:\/\/portaltela.pt\/s.01k8rhncp4jt1\/2025\/11\/talking-bot-125x125.png","caption":"Telinha"},"sameAs":["https:\/\/portaltela.pt\/"],"url":"https:\/\/portaltela.pt\/por\/367410592786\/"}]}},"_links":{"self":[{"href":"https:\/\/portaltela.pt\/api\/wp\/v2\/posts\/61916","targetHints":{"allow":["GET"]}}],"collection":[{"href":"https:\/\/portaltela.pt\/api\/wp\/v2\/posts"}],"about":[{"href":"https:\/\/portaltela.pt\/api\/wp\/v2\/types\/post"}],"author":[{"embeddable":true,"href":"https:\/\/portaltela.pt\/api\/wp\/v2\/users\/2"}],"replies":[{"embeddable":true,"href":"https:\/\/portaltela.pt\/api\/wp\/v2\/comments?post=61916"}],"version-history":[{"count":0,"href":"https:\/\/portaltela.pt\/api\/wp\/v2\/posts\/61916\/revisions"}],"wp:featuredmedia":[{"embeddable":true,"href":"https:\/\/portaltela.pt\/api\/wp\/v2\/media\/61919"}],"wp:attachment":[{"href":"https:\/\/portaltela.pt\/api\/wp\/v2\/media?parent=61916"}],"wp:term":[{"taxonomy":"category","embeddable":true,"href":"https:\/\/portaltela.pt\/api\/wp\/v2\/categories?post=61916"},{"taxonomy":"post_tag","embeddable":true,"href":"https:\/\/portaltela.pt\/api\/wp\/v2\/tags?post=61916"}],"curies":[{"name":"wp","href":"https:\/\/api.w.org\/{rel}","templated":true}]}}