{"id":61860,"date":"2025-12-08T21:00:00","date_gmt":"2025-12-09T00:00:00","guid":{"rendered":"https:\/\/portaltela.pt\/noticias\/2025\/12\/08\/mourinho-nao-ha-mercado-mas-agradece-se-surgir-oportunidade\/"},"modified":"2025-12-08T21:00:00","modified_gmt":"2025-12-09T00:00:00","slug":"mourinho-nao-ha-mercado-mas-agradece-se-surgir-oportunidade","status":"publish","type":"post","link":"https:\/\/portaltela.pt\/desporto\/futebol\/2025\/12\/08\/mourinho-nao-ha-mercado-mas-agradece-se-surgir-oportunidade\/","title":{"rendered":"Mourinho: n\u00e3o h\u00e1 mercado, mas agradece se surgir oportunidade"},"content":{"rendered":"<p>Na confer\u00eancia de imprensa de antevis\u00e3o ao encontro com o Napoli, pela 6.\u00aa jornada da Liga dos Campe\u00f5es, o treinador Jos\u00e9 Mourinho afirmou que, neste momento, n\u00e3o est\u00e1 preocupado com o mercado de janeiro. O foco \u00e9 o jogo e o desempenho da equipa.<\/p>\n<p>O encontro est\u00e1 marcado para quarta-feira, \u00e0s 20h, em competi\u00e7\u00e3o europeia, e conta com a participa\u00e7\u00e3o de Mourinho enquanto resposta \u00e0s perguntas sobre a perspetiva do clube para a fase decisiva da prova.<\/p>\n<p>O t\u00e9cnico destacou que a prioridade \u00e9 o planeamento do duelo, sem abrir mensagens sobre poss\u00edveis entradas ou sa\u00eddas no plantel durante o mercado de inverno, mantendo o foco na gest\u00e3o atual dos recursos dispon\u00edveis.<\/p>\n","protected":false},"excerpt":{"rendered":"<ul>\n<li>Jos\u00e9 Mourinho participou numa confer\u00eancia de imprensa de antevis\u00e3o ao jogo contra o Napoli, para a 6.\u00aa jornada da Liga dos Campe\u00f5es, e o encontro \u00e9 nesta quarta-feira \u00e0s 20h.<\/li>\n<li>O advers\u00e1rio \u00e9 o Napoli e o jogo decorre no \u00e2mbito da Liga dos Campe\u00f5es.<\/li>\n<li>Mourinho afirmou que, neste momento, n\u00e3o est\u00e1 preocupado com o mercado de janeiro.<\/li>\n<li>O destaque da confer\u00eancia foi o foco no duelo e na prepara\u00e7\u00e3o para a desloca\u00e7\u00e3o aos italianos.<\/li>\n<\/ul>\n","protected":false},"author":2,"featured_media":61862,"comment_status":"closed","ping_status":"closed","sticky":false,"template":"","format":"standard","meta":{"footnotes":""},"categories":[21,24],"tags":[660,152,32,253,50,598],"class_list":["post-61860","post","type-post","status-publish","format-standard","has-post-thumbnail","hentry","category-desporto","category-futebol","tag-assuntos-desportivos","tag-desporto","tag-futebol","tag-liga-dos-campeoes","tag-mercado-da-bola","tag-mourisca"],"yoast_head":"<!-- This site is optimized with the Yoast SEO plugin v27.2 - https:\/\/yoast.com\/product\/yoast-seo-wordpress\/ -->\n<title>Mourinho: n\u00e3o h\u00e1 mercado, mas agradece se surgir oportunidade - Portal Tela Portugal<\/title>\n<meta name=\"robots\" content=\"index, follow, max-snippet:-1, max-image-preview:large, max-video-preview:-1\" \/>\n<meta property=\"og:locale\" content=\"pt_PT\" \/>\n<meta property=\"og:type\" content=\"article\" \/>\n<meta property=\"og:title\" content=\"Mourinho: n\u00e3o h\u00e1 mercado, mas agradece se surgir oportunidade - Portal Tela Portugal\" \/>\n<meta property=\"og:description\" content=\"Jos\u00e9 Mourinho participou numa confer\u00eancia de imprensa de antevis\u00e3o ao jogo contra o Napoli, para a 6.\u00aa jornada da Liga dos Campe\u00f5es, e o encontro \u00e9 nesta quarta-feira \u00e0s 20h. O advers\u00e1rio \u00e9 o Napoli e o jogo decorre no \u00e2mbito da Liga dos Campe\u00f5es. Mourinho afirmou que, neste momento, n\u00e3o est\u00e1 preocupado com o mercado de janeiro. O destaque da confer\u00eancia foi o foco no duelo e na prepara\u00e7\u00e3o para a desloca\u00e7\u00e3o aos italianos.\" \/>\n<meta property=\"og:url\" content=\"https:\/\/portaltela.pt\/noticias\/2025\/12\/08\/mourinho-nao-ha-mercado-mas-agradece-se-surgir-oportunidade\/\" \/>\n<meta property=\"og:site_name\" content=\"Portal Tela Portugal\" \/>\n<meta property=\"article:published_time\" content=\"2025-12-09T00:00:00+00:00\" \/>\n<meta name=\"author\" content=\"Telinha\" \/>\n<meta name=\"twitter:card\" content=\"summary_large_image\" \/>\n<meta name=\"twitter:label1\" content=\"Escrito por\" \/>\n\t<meta name=\"twitter:data1\" content=\"Telinha\" \/>\n\t<meta name=\"twitter:label2\" content=\"Tempo estimado de leitura\" \/>\n\t<meta name=\"twitter:data2\" content=\"1 minuto\" \/>\n<script type=\"application\/ld+json\" class=\"yoast-schema-graph\">{\"@context\":\"https:\/\/schema.org\",\"@graph\":[{\"@type\":\"Article\",\"@id\":\"https:\/\/portaltela.pt\/noticias\/2025\/12\/08\/mourinho-nao-ha-mercado-mas-agradece-se-surgir-oportunidade\/#article\",\"isPartOf\":{\"@id\":\"https:\/\/portaltela.pt\/noticias\/2025\/12\/08\/mourinho-nao-ha-mercado-mas-agradece-se-surgir-oportunidade\/\"},\"author\":{\"name\":\"Telinha\",\"@id\":\"https:\/\/portaltela.pt\/#\/schema\/person\/c4278d4a6028830caff9ee44b42d32ed\"},\"headline\":\"Mourinho: n\u00e3o h\u00e1 mercado, mas agradece se surgir oportunidade\",\"datePublished\":\"2025-12-09T00:00:00+00:00\",\"mainEntityOfPage\":{\"@id\":\"https:\/\/portaltela.pt\/noticias\/2025\/12\/08\/mourinho-nao-ha-mercado-mas-agradece-se-surgir-oportunidade\/\"},\"wordCount\":130,\"image\":{\"@id\":\"https:\/\/portaltela.pt\/noticias\/2025\/12\/08\/mourinho-nao-ha-mercado-mas-agradece-se-surgir-oportunidade\/#primaryimage\"},\"thumbnailUrl\":\"https:\/\/portaltela.pt\/s.01k8rhncp4jt1\/2025\/12\/img_1200x721uu2025-12-09-15-19-41-2408076.jpg\",\"keywords\":[\"assuntos desportivos\",\"desporto\",\"futebol\",\"Liga dos Campe\u00f5es\",\"mercado da bola\",\"Mourisca\"],\"articleSection\":[\"Desporto\",\"Futebol\"],\"inLanguage\":\"pt-PT\"},{\"@type\":\"WebPage\",\"@id\":\"https:\/\/portaltela.pt\/noticias\/2025\/12\/08\/mourinho-nao-ha-mercado-mas-agradece-se-surgir-oportunidade\/\",\"url\":\"https:\/\/portaltela.pt\/noticias\/2025\/12\/08\/mourinho-nao-ha-mercado-mas-agradece-se-surgir-oportunidade\/\",\"name\":\"Mourinho: n\u00e3o h\u00e1 mercado, mas agradece se surgir oportunidade - Portal Tela Portugal\",\"isPartOf\":{\"@id\":\"https:\/\/portaltela.pt\/#website\"},\"primaryImageOfPage\":{\"@id\":\"https:\/\/portaltela.pt\/noticias\/2025\/12\/08\/mourinho-nao-ha-mercado-mas-agradece-se-surgir-oportunidade\/#primaryimage\"},\"image\":{\"@id\":\"https:\/\/portaltela.pt\/noticias\/2025\/12\/08\/mourinho-nao-ha-mercado-mas-agradece-se-surgir-oportunidade\/#primaryimage\"},\"thumbnailUrl\":\"https:\/\/portaltela.pt\/s.01k8rhncp4jt1\/2025\/12\/img_1200x721uu2025-12-09-15-19-41-2408076.jpg\",\"datePublished\":\"2025-12-09T00:00:00+00:00\",\"author\":{\"@id\":\"https:\/\/portaltela.pt\/#\/schema\/person\/c4278d4a6028830caff9ee44b42d32ed\"},\"breadcrumb\":{\"@id\":\"https:\/\/portaltela.pt\/noticias\/2025\/12\/08\/mourinho-nao-ha-mercado-mas-agradece-se-surgir-oportunidade\/#breadcrumb\"},\"inLanguage\":\"pt-PT\",\"potentialAction\":[{\"@type\":\"ReadAction\",\"target\":[\"https:\/\/portaltela.pt\/noticias\/2025\/12\/08\/mourinho-nao-ha-mercado-mas-agradece-se-surgir-oportunidade\/\"]}]},{\"@type\":\"ImageObject\",\"inLanguage\":\"pt-PT\",\"@id\":\"https:\/\/portaltela.pt\/noticias\/2025\/12\/08\/mourinho-nao-ha-mercado-mas-agradece-se-surgir-oportunidade\/#primaryimage\",\"url\":\"https:\/\/portaltela.pt\/s.01k8rhncp4jt1\/2025\/12\/img_1200x721uu2025-12-09-15-19-41-2408076.jpg\",\"contentUrl\":\"https:\/\/portaltela.pt\/s.01k8rhncp4jt1\/2025\/12\/img_1200x721uu2025-12-09-15-19-41-2408076.jpg\",\"width\":796,\"height\":448,\"caption\":\"Treinador do Benfica n\u00e3o est\u00e1 preocupado com a janela de transfer\u00eancias de janeiro\"},{\"@type\":\"BreadcrumbList\",\"@id\":\"https:\/\/portaltela.pt\/noticias\/2025\/12\/08\/mourinho-nao-ha-mercado-mas-agradece-se-surgir-oportunidade\/#breadcrumb\",\"itemListElement\":[{\"@type\":\"ListItem\",\"position\":1,\"name\":\"In\u00edcio\",\"item\":\"https:\/\/portaltela.pt\/\"},{\"@type\":\"ListItem\",\"position\":2,\"name\":\"Mourinho: n\u00e3o h\u00e1 mercado, mas agradece se surgir oportunidade\"}]},{\"@type\":\"WebSite\",\"@id\":\"https:\/\/portaltela.pt\/#website\",\"url\":\"https:\/\/portaltela.pt\/\",\"name\":\"Portal Tela Portugal\",\"description\":\"\",\"potentialAction\":[{\"@type\":\"SearchAction\",\"target\":{\"@type\":\"EntryPoint\",\"urlTemplate\":\"https:\/\/portaltela.pt\/?s={search_term_string}\"},\"query-input\":{\"@type\":\"PropertyValueSpecification\",\"valueRequired\":true,\"valueName\":\"search_term_string\"}}],\"inLanguage\":\"pt-PT\"},{\"@type\":\"Person\",\"@id\":\"https:\/\/portaltela.pt\/#\/schema\/person\/c4278d4a6028830caff9ee44b42d32ed\",\"name\":\"Telinha\",\"image\":{\"@type\":\"ImageObject\",\"inLanguage\":\"pt-PT\",\"@id\":\"https:\/\/portaltela.pt\/s.01k8rhncp4jt1\/2025\/11\/talking-bot-125x125.png\",\"url\":\"https:\/\/portaltela.pt\/s.01k8rhncp4jt1\/2025\/11\/talking-bot-125x125.png\",\"contentUrl\":\"https:\/\/portaltela.pt\/s.01k8rhncp4jt1\/2025\/11\/talking-bot-125x125.png\",\"caption\":\"Telinha\"},\"sameAs\":[\"https:\/\/portaltela.pt\/\"],\"url\":\"https:\/\/portaltela.pt\/por\/367410592786\/\"}]}<\/script>\n<!-- \/ Yoast SEO plugin. -->","yoast_head_json":{"title":"Mourinho: n\u00e3o h\u00e1 mercado, mas agradece se surgir oportunidade - Portal Tela Portugal","robots":{"index":"index","follow":"follow","max-snippet":"max-snippet:-1","max-image-preview":"max-image-preview:large","max-video-preview":"max-video-preview:-1"},"og_locale":"pt_PT","og_type":"article","og_title":"Mourinho: n\u00e3o h\u00e1 mercado, mas agradece se surgir oportunidade - Portal Tela Portugal","og_description":"Jos\u00e9 Mourinho participou numa confer\u00eancia de imprensa de antevis\u00e3o ao jogo contra o Napoli, para a 6.\u00aa jornada da Liga dos Campe\u00f5es, e o encontro \u00e9 nesta quarta-feira \u00e0s 20h. O advers\u00e1rio \u00e9 o Napoli e o jogo decorre no \u00e2mbito da Liga dos Campe\u00f5es. Mourinho afirmou que, neste momento, n\u00e3o est\u00e1 preocupado com o mercado de janeiro. O destaque da confer\u00eancia foi o foco no duelo e na prepara\u00e7\u00e3o para a desloca\u00e7\u00e3o aos italianos.","og_url":"https:\/\/portaltela.pt\/noticias\/2025\/12\/08\/mourinho-nao-ha-mercado-mas-agradece-se-surgir-oportunidade\/","og_site_name":"Portal Tela Portugal","article_published_time":"2025-12-09T00:00:00+00:00","author":"Telinha","twitter_card":"summary_large_image","twitter_misc":{"Escrito por":"Telinha","Tempo estimado de leitura":"1 minuto"},"schema":{"@context":"https:\/\/schema.org","@graph":[{"@type":"Article","@id":"https:\/\/portaltela.pt\/noticias\/2025\/12\/08\/mourinho-nao-ha-mercado-mas-agradece-se-surgir-oportunidade\/#article","isPartOf":{"@id":"https:\/\/portaltela.pt\/noticias\/2025\/12\/08\/mourinho-nao-ha-mercado-mas-agradece-se-surgir-oportunidade\/"},"author":{"name":"Telinha","@id":"https:\/\/portaltela.pt\/#\/schema\/person\/c4278d4a6028830caff9ee44b42d32ed"},"headline":"Mourinho: n\u00e3o h\u00e1 mercado, mas agradece se surgir oportunidade","datePublished":"2025-12-09T00:00:00+00:00","mainEntityOfPage":{"@id":"https:\/\/portaltela.pt\/noticias\/2025\/12\/08\/mourinho-nao-ha-mercado-mas-agradece-se-surgir-oportunidade\/"},"wordCount":130,"image":{"@id":"https:\/\/portaltela.pt\/noticias\/2025\/12\/08\/mourinho-nao-ha-mercado-mas-agradece-se-surgir-oportunidade\/#primaryimage"},"thumbnailUrl":"https:\/\/portaltela.pt\/s.01k8rhncp4jt1\/2025\/12\/img_1200x721uu2025-12-09-15-19-41-2408076.jpg","keywords":["assuntos desportivos","desporto","futebol","Liga dos Campe\u00f5es","mercado da bola","Mourisca"],"articleSection":["Desporto","Futebol"],"inLanguage":"pt-PT"},{"@type":"WebPage","@id":"https:\/\/portaltela.pt\/noticias\/2025\/12\/08\/mourinho-nao-ha-mercado-mas-agradece-se-surgir-oportunidade\/","url":"https:\/\/portaltela.pt\/noticias\/2025\/12\/08\/mourinho-nao-ha-mercado-mas-agradece-se-surgir-oportunidade\/","name":"Mourinho: n\u00e3o h\u00e1 mercado, mas agradece se surgir oportunidade - Portal Tela Portugal","isPartOf":{"@id":"https:\/\/portaltela.pt\/#website"},"primaryImageOfPage":{"@id":"https:\/\/portaltela.pt\/noticias\/2025\/12\/08\/mourinho-nao-ha-mercado-mas-agradece-se-surgir-oportunidade\/#primaryimage"},"image":{"@id":"https:\/\/portaltela.pt\/noticias\/2025\/12\/08\/mourinho-nao-ha-mercado-mas-agradece-se-surgir-oportunidade\/#primaryimage"},"thumbnailUrl":"https:\/\/portaltela.pt\/s.01k8rhncp4jt1\/2025\/12\/img_1200x721uu2025-12-09-15-19-41-2408076.jpg","datePublished":"2025-12-09T00:00:00+00:00","author":{"@id":"https:\/\/portaltela.pt\/#\/schema\/person\/c4278d4a6028830caff9ee44b42d32ed"},"breadcrumb":{"@id":"https:\/\/portaltela.pt\/noticias\/2025\/12\/08\/mourinho-nao-ha-mercado-mas-agradece-se-surgir-oportunidade\/#breadcrumb"},"inLanguage":"pt-PT","potentialAction":[{"@type":"ReadAction","target":["https:\/\/portaltela.pt\/noticias\/2025\/12\/08\/mourinho-nao-ha-mercado-mas-agradece-se-surgir-oportunidade\/"]}]},{"@type":"ImageObject","inLanguage":"pt-PT","@id":"https:\/\/portaltela.pt\/noticias\/2025\/12\/08\/mourinho-nao-ha-mercado-mas-agradece-se-surgir-oportunidade\/#primaryimage","url":"https:\/\/portaltela.pt\/s.01k8rhncp4jt1\/2025\/12\/img_1200x721uu2025-12-09-15-19-41-2408076.jpg","contentUrl":"https:\/\/portaltela.pt\/s.01k8rhncp4jt1\/2025\/12\/img_1200x721uu2025-12-09-15-19-41-2408076.jpg","width":796,"height":448,"caption":"Treinador do Benfica n\u00e3o est\u00e1 preocupado com a janela de transfer\u00eancias de janeiro"},{"@type":"BreadcrumbList","@id":"https:\/\/portaltela.pt\/noticias\/2025\/12\/08\/mourinho-nao-ha-mercado-mas-agradece-se-surgir-oportunidade\/#breadcrumb","itemListElement":[{"@type":"ListItem","position":1,"name":"In\u00edcio","item":"https:\/\/portaltela.pt\/"},{"@type":"ListItem","position":2,"name":"Mourinho: n\u00e3o h\u00e1 mercado, mas agradece se surgir oportunidade"}]},{"@type":"WebSite","@id":"https:\/\/portaltela.pt\/#website","url":"https:\/\/portaltela.pt\/","name":"Portal Tela Portugal","description":"","potentialAction":[{"@type":"SearchAction","target":{"@type":"EntryPoint","urlTemplate":"https:\/\/portaltela.pt\/?s={search_term_string}"},"query-input":{"@type":"PropertyValueSpecification","valueRequired":true,"valueName":"search_term_string"}}],"inLanguage":"pt-PT"},{"@type":"Person","@id":"https:\/\/portaltela.pt\/#\/schema\/person\/c4278d4a6028830caff9ee44b42d32ed","name":"Telinha","image":{"@type":"ImageObject","inLanguage":"pt-PT","@id":"https:\/\/portaltela.pt\/s.01k8rhncp4jt1\/2025\/11\/talking-bot-125x125.png","url":"https:\/\/portaltela.pt\/s.01k8rhncp4jt1\/2025\/11\/talking-bot-125x125.png","contentUrl":"https:\/\/portaltela.pt\/s.01k8rhncp4jt1\/2025\/11\/talking-bot-125x125.png","caption":"Telinha"},"sameAs":["https:\/\/portaltela.pt\/"],"url":"https:\/\/portaltela.pt\/por\/367410592786\/"}]}},"_links":{"self":[{"href":"https:\/\/portaltela.pt\/api\/wp\/v2\/posts\/61860","targetHints":{"allow":["GET"]}}],"collection":[{"href":"https:\/\/portaltela.pt\/api\/wp\/v2\/posts"}],"about":[{"href":"https:\/\/portaltela.pt\/api\/wp\/v2\/types\/post"}],"author":[{"embeddable":true,"href":"https:\/\/portaltela.pt\/api\/wp\/v2\/users\/2"}],"replies":[{"embeddable":true,"href":"https:\/\/portaltela.pt\/api\/wp\/v2\/comments?post=61860"}],"version-history":[{"count":0,"href":"https:\/\/portaltela.pt\/api\/wp\/v2\/posts\/61860\/revisions"}],"wp:featuredmedia":[{"embeddable":true,"href":"https:\/\/portaltela.pt\/api\/wp\/v2\/media\/61862"}],"wp:attachment":[{"href":"https:\/\/portaltela.pt\/api\/wp\/v2\/media?parent=61860"}],"wp:term":[{"taxonomy":"category","embeddable":true,"href":"https:\/\/portaltela.pt\/api\/wp\/v2\/categories?post=61860"},{"taxonomy":"post_tag","embeddable":true,"href":"https:\/\/portaltela.pt\/api\/wp\/v2\/tags?post=61860"}],"curies":[{"name":"wp","href":"https:\/\/api.w.org\/{rel}","templated":true}]}}