{"id":61723,"date":"2025-12-08T21:00:00","date_gmt":"2025-12-09T00:00:00","guid":{"rendered":"https:\/\/portaltela.pt\/noticias\/2025\/12\/08\/mourinho-admite-possivel-regresso-ao-real-madrid\/"},"modified":"2025-12-08T21:00:00","modified_gmt":"2025-12-09T00:00:00","slug":"mourinho-admite-possivel-regresso-ao-real-madrid","status":"publish","type":"post","link":"https:\/\/portaltela.pt\/desporto\/futebol\/2025\/12\/08\/mourinho-admite-possivel-regresso-ao-real-madrid\/","title":{"rendered":"Mourinho admite poss\u00edvel regresso ao Real Madrid"},"content":{"rendered":"<p>No contexto atual, circulam rumores sobre o futuro de Xabi Alonso no Real Madrid, alimentados pela imprensa espanhola. Muitos adeptos teriam interesse em ver Jos\u00e9 Mourinho de volta ao banco do clube. O tema ganhou for\u00e7a antes de uma poss\u00edvel sequ\u00eancia de jogos da equipa merengue.<\/p>\n<p>Na confer\u00eancia de imprensa de antevis\u00e3o ao encontro com o Napoli, da UEFA Champions League, Mourinho foi questionado sobre a especula\u00e7\u00e3o. O treinador do Benfica repetiu v\u00e1rias vezes que n\u00e3o iria abordar o assunto.<\/p>\n<p>O t\u00e9cnico insistiu que o tema est\u00e1 encerrado e desvia o foco para o duelo com o Napoli. Contou que n\u00e3o recebeu pedidos para comentar o assunto e que manter\u00e1 a sua posi\u00e7\u00e3o durante a entrevista.<\/p>\n<h3>Contexto e rea\u00e7\u00e3o<\/h3>\n<p>A imprensa espanhola tem destacado o interesse de f\u00e3s na poss\u00edvel integra\u00e7\u00e3o de Mourinho no Real Madrid, num momento de instabilidade na lideran\u00e7a desportiva. A situa\u00e7\u00e3o envolve ainda o futuro de Xabi Alonso ao leme da equipa.<\/p>\n<p>Para j\u00e1, Mourinho opta por n\u00e3o abrir o tema, aclarando que o foco est\u00e1 no pr\u00f3ximo jogo. A rea\u00e7\u00e3o envolve elogios \u00e0 sua postura contida, sem confirmar ou negar hip\u00f3teses de mudan\u00e7a no comando t\u00e9cnico.<\/p>\n","protected":false},"excerpt":{"rendered":"<ul>\n<li>No momento, circulam rumores sobre o futuro de Xabi Alonso ao leme do Real Madrid.<\/li>\n<li>A imprensa espanhola aponta o interesse de adeptos em ver Jos\u00e9 Mourinho de volta ao banco do clube.<\/li>\n<li>Mourinho, na confer\u00eancia de imprensa de antevis\u00e3o ao jogo com o N\u00e1poles, foi questionado sobre o tema.<\/li>\n<li>O treinador do Benfica repetiu v\u00e1rias vezes que n\u00e3o iria abordar o assunto, encerrando o tema com respostas firmes e insinuando poss\u00edveis desestabiliza\u00e7\u00f5es.<\/li>\n<li>A mensagem transmitida foi de que o assunto fica encerrado, sublinhando que quem abriu a quest\u00e3o mudou de postura.<\/li>\n<\/ul>\n","protected":false},"author":2,"featured_media":61731,"comment_status":"closed","ping_status":"closed","sticky":false,"template":"","format":"standard","meta":{"footnotes":""},"categories":[21,24],"tags":[555,152,32,253,598,79],"class_list":["post-61723","post","type-post","status-publish","format-standard","has-post-thumbnail","hentry","category-desporto","category-futebol","tag-assuntos-de-futebol","tag-desporto","tag-futebol","tag-liga-dos-campeoes","tag-mourisca","tag-uefa-champions-league"],"yoast_head":"<!-- This site is optimized with the Yoast SEO plugin v27.2 - https:\/\/yoast.com\/product\/yoast-seo-wordpress\/ -->\n<title>Mourinho admite poss\u00edvel regresso ao Real Madrid - Portal Tela Portugal<\/title>\n<meta name=\"robots\" content=\"index, follow, max-snippet:-1, max-image-preview:large, max-video-preview:-1\" \/>\n<meta property=\"og:locale\" content=\"pt_PT\" \/>\n<meta property=\"og:type\" content=\"article\" \/>\n<meta property=\"og:title\" content=\"Mourinho admite poss\u00edvel regresso ao Real Madrid - Portal Tela Portugal\" \/>\n<meta property=\"og:description\" content=\"No momento, circulam rumores sobre o futuro de Xabi Alonso ao leme do Real Madrid. A imprensa espanhola aponta o interesse de adeptos em ver Jos\u00e9 Mourinho de volta ao banco do clube. Mourinho, na confer\u00eancia de imprensa de antevis\u00e3o ao jogo com o N\u00e1poles, foi questionado sobre o tema. O treinador do Benfica repetiu v\u00e1rias vezes que n\u00e3o iria abordar o assunto, encerrando o tema com respostas firmes e insinuando poss\u00edveis desestabiliza\u00e7\u00f5es. A mensagem transmitida foi de que o assunto fica encerrado, sublinhando que quem abriu a quest\u00e3o mudou de postura.\" \/>\n<meta property=\"og:url\" content=\"https:\/\/portaltela.pt\/noticias\/2025\/12\/08\/mourinho-admite-possivel-regresso-ao-real-madrid\/\" \/>\n<meta property=\"og:site_name\" content=\"Portal Tela Portugal\" \/>\n<meta property=\"article:published_time\" content=\"2025-12-09T00:00:00+00:00\" \/>\n<meta name=\"author\" content=\"Telinha\" \/>\n<meta name=\"twitter:card\" content=\"summary_large_image\" \/>\n<meta name=\"twitter:label1\" content=\"Escrito por\" \/>\n\t<meta name=\"twitter:data1\" content=\"Telinha\" \/>\n\t<meta name=\"twitter:label2\" content=\"Tempo estimado de leitura\" \/>\n\t<meta name=\"twitter:data2\" content=\"1 minuto\" \/>\n<script type=\"application\/ld+json\" class=\"yoast-schema-graph\">{\"@context\":\"https:\/\/schema.org\",\"@graph\":[{\"@type\":\"Article\",\"@id\":\"https:\/\/portaltela.pt\/noticias\/2025\/12\/08\/mourinho-admite-possivel-regresso-ao-real-madrid\/#article\",\"isPartOf\":{\"@id\":\"https:\/\/portaltela.pt\/noticias\/2025\/12\/08\/mourinho-admite-possivel-regresso-ao-real-madrid\/\"},\"author\":{\"name\":\"Telinha\",\"@id\":\"https:\/\/portaltela.pt\/#\/schema\/person\/c4278d4a6028830caff9ee44b42d32ed\"},\"headline\":\"Mourinho admite poss\u00edvel regresso ao Real Madrid\",\"datePublished\":\"2025-12-09T00:00:00+00:00\",\"mainEntityOfPage\":{\"@id\":\"https:\/\/portaltela.pt\/noticias\/2025\/12\/08\/mourinho-admite-possivel-regresso-ao-real-madrid\/\"},\"wordCount\":221,\"image\":{\"@id\":\"https:\/\/portaltela.pt\/noticias\/2025\/12\/08\/mourinho-admite-possivel-regresso-ao-real-madrid\/#primaryimage\"},\"thumbnailUrl\":\"https:\/\/portaltela.pt\/s.01k8rhncp4jt1\/2025\/12\/c87c63b4-590d-42f8-beb5-3cb934a27aa3.jpg\",\"keywords\":[\"assuntos de futebol\",\"desporto\",\"futebol\",\"Liga dos Campe\u00f5es\",\"Mourisca\",\"uefa champions league\"],\"articleSection\":[\"Desporto\",\"Futebol\"],\"inLanguage\":\"pt-PT\"},{\"@type\":\"WebPage\",\"@id\":\"https:\/\/portaltela.pt\/noticias\/2025\/12\/08\/mourinho-admite-possivel-regresso-ao-real-madrid\/\",\"url\":\"https:\/\/portaltela.pt\/noticias\/2025\/12\/08\/mourinho-admite-possivel-regresso-ao-real-madrid\/\",\"name\":\"Mourinho admite poss\u00edvel regresso ao Real Madrid - Portal Tela Portugal\",\"isPartOf\":{\"@id\":\"https:\/\/portaltela.pt\/#website\"},\"primaryImageOfPage\":{\"@id\":\"https:\/\/portaltela.pt\/noticias\/2025\/12\/08\/mourinho-admite-possivel-regresso-ao-real-madrid\/#primaryimage\"},\"image\":{\"@id\":\"https:\/\/portaltela.pt\/noticias\/2025\/12\/08\/mourinho-admite-possivel-regresso-ao-real-madrid\/#primaryimage\"},\"thumbnailUrl\":\"https:\/\/portaltela.pt\/s.01k8rhncp4jt1\/2025\/12\/c87c63b4-590d-42f8-beb5-3cb934a27aa3.jpg\",\"datePublished\":\"2025-12-09T00:00:00+00:00\",\"author\":{\"@id\":\"https:\/\/portaltela.pt\/#\/schema\/person\/c4278d4a6028830caff9ee44b42d32ed\"},\"breadcrumb\":{\"@id\":\"https:\/\/portaltela.pt\/noticias\/2025\/12\/08\/mourinho-admite-possivel-regresso-ao-real-madrid\/#breadcrumb\"},\"inLanguage\":\"pt-PT\",\"potentialAction\":[{\"@type\":\"ReadAction\",\"target\":[\"https:\/\/portaltela.pt\/noticias\/2025\/12\/08\/mourinho-admite-possivel-regresso-ao-real-madrid\/\"]}]},{\"@type\":\"ImageObject\",\"inLanguage\":\"pt-PT\",\"@id\":\"https:\/\/portaltela.pt\/noticias\/2025\/12\/08\/mourinho-admite-possivel-regresso-ao-real-madrid\/#primaryimage\",\"url\":\"https:\/\/portaltela.pt\/s.01k8rhncp4jt1\/2025\/12\/c87c63b4-590d-42f8-beb5-3cb934a27aa3.jpg\",\"contentUrl\":\"https:\/\/portaltela.pt\/s.01k8rhncp4jt1\/2025\/12\/c87c63b4-590d-42f8-beb5-3cb934a27aa3.jpg\",\"width\":796,\"height\":448,\"caption\":\"Jos\u00e9 Mourinho. Foto SL Benfica\"},{\"@type\":\"BreadcrumbList\",\"@id\":\"https:\/\/portaltela.pt\/noticias\/2025\/12\/08\/mourinho-admite-possivel-regresso-ao-real-madrid\/#breadcrumb\",\"itemListElement\":[{\"@type\":\"ListItem\",\"position\":1,\"name\":\"In\u00edcio\",\"item\":\"https:\/\/portaltela.pt\/\"},{\"@type\":\"ListItem\",\"position\":2,\"name\":\"Mourinho admite poss\u00edvel regresso ao Real Madrid\"}]},{\"@type\":\"WebSite\",\"@id\":\"https:\/\/portaltela.pt\/#website\",\"url\":\"https:\/\/portaltela.pt\/\",\"name\":\"Portal Tela Portugal\",\"description\":\"\",\"potentialAction\":[{\"@type\":\"SearchAction\",\"target\":{\"@type\":\"EntryPoint\",\"urlTemplate\":\"https:\/\/portaltela.pt\/?s={search_term_string}\"},\"query-input\":{\"@type\":\"PropertyValueSpecification\",\"valueRequired\":true,\"valueName\":\"search_term_string\"}}],\"inLanguage\":\"pt-PT\"},{\"@type\":\"Person\",\"@id\":\"https:\/\/portaltela.pt\/#\/schema\/person\/c4278d4a6028830caff9ee44b42d32ed\",\"name\":\"Telinha\",\"image\":{\"@type\":\"ImageObject\",\"inLanguage\":\"pt-PT\",\"@id\":\"https:\/\/portaltela.pt\/s.01k8rhncp4jt1\/2025\/11\/talking-bot-125x125.png\",\"url\":\"https:\/\/portaltela.pt\/s.01k8rhncp4jt1\/2025\/11\/talking-bot-125x125.png\",\"contentUrl\":\"https:\/\/portaltela.pt\/s.01k8rhncp4jt1\/2025\/11\/talking-bot-125x125.png\",\"caption\":\"Telinha\"},\"sameAs\":[\"https:\/\/portaltela.pt\/\"],\"url\":\"https:\/\/portaltela.pt\/por\/367410592786\/\"}]}<\/script>\n<!-- \/ Yoast SEO plugin. -->","yoast_head_json":{"title":"Mourinho admite poss\u00edvel regresso ao Real Madrid - Portal Tela Portugal","robots":{"index":"index","follow":"follow","max-snippet":"max-snippet:-1","max-image-preview":"max-image-preview:large","max-video-preview":"max-video-preview:-1"},"og_locale":"pt_PT","og_type":"article","og_title":"Mourinho admite poss\u00edvel regresso ao Real Madrid - Portal Tela Portugal","og_description":"No momento, circulam rumores sobre o futuro de Xabi Alonso ao leme do Real Madrid. A imprensa espanhola aponta o interesse de adeptos em ver Jos\u00e9 Mourinho de volta ao banco do clube. Mourinho, na confer\u00eancia de imprensa de antevis\u00e3o ao jogo com o N\u00e1poles, foi questionado sobre o tema. O treinador do Benfica repetiu v\u00e1rias vezes que n\u00e3o iria abordar o assunto, encerrando o tema com respostas firmes e insinuando poss\u00edveis desestabiliza\u00e7\u00f5es. A mensagem transmitida foi de que o assunto fica encerrado, sublinhando que quem abriu a quest\u00e3o mudou de postura.","og_url":"https:\/\/portaltela.pt\/noticias\/2025\/12\/08\/mourinho-admite-possivel-regresso-ao-real-madrid\/","og_site_name":"Portal Tela Portugal","article_published_time":"2025-12-09T00:00:00+00:00","author":"Telinha","twitter_card":"summary_large_image","twitter_misc":{"Escrito por":"Telinha","Tempo estimado de leitura":"1 minuto"},"schema":{"@context":"https:\/\/schema.org","@graph":[{"@type":"Article","@id":"https:\/\/portaltela.pt\/noticias\/2025\/12\/08\/mourinho-admite-possivel-regresso-ao-real-madrid\/#article","isPartOf":{"@id":"https:\/\/portaltela.pt\/noticias\/2025\/12\/08\/mourinho-admite-possivel-regresso-ao-real-madrid\/"},"author":{"name":"Telinha","@id":"https:\/\/portaltela.pt\/#\/schema\/person\/c4278d4a6028830caff9ee44b42d32ed"},"headline":"Mourinho admite poss\u00edvel regresso ao Real Madrid","datePublished":"2025-12-09T00:00:00+00:00","mainEntityOfPage":{"@id":"https:\/\/portaltela.pt\/noticias\/2025\/12\/08\/mourinho-admite-possivel-regresso-ao-real-madrid\/"},"wordCount":221,"image":{"@id":"https:\/\/portaltela.pt\/noticias\/2025\/12\/08\/mourinho-admite-possivel-regresso-ao-real-madrid\/#primaryimage"},"thumbnailUrl":"https:\/\/portaltela.pt\/s.01k8rhncp4jt1\/2025\/12\/c87c63b4-590d-42f8-beb5-3cb934a27aa3.jpg","keywords":["assuntos de futebol","desporto","futebol","Liga dos Campe\u00f5es","Mourisca","uefa champions league"],"articleSection":["Desporto","Futebol"],"inLanguage":"pt-PT"},{"@type":"WebPage","@id":"https:\/\/portaltela.pt\/noticias\/2025\/12\/08\/mourinho-admite-possivel-regresso-ao-real-madrid\/","url":"https:\/\/portaltela.pt\/noticias\/2025\/12\/08\/mourinho-admite-possivel-regresso-ao-real-madrid\/","name":"Mourinho admite poss\u00edvel regresso ao Real Madrid - Portal Tela Portugal","isPartOf":{"@id":"https:\/\/portaltela.pt\/#website"},"primaryImageOfPage":{"@id":"https:\/\/portaltela.pt\/noticias\/2025\/12\/08\/mourinho-admite-possivel-regresso-ao-real-madrid\/#primaryimage"},"image":{"@id":"https:\/\/portaltela.pt\/noticias\/2025\/12\/08\/mourinho-admite-possivel-regresso-ao-real-madrid\/#primaryimage"},"thumbnailUrl":"https:\/\/portaltela.pt\/s.01k8rhncp4jt1\/2025\/12\/c87c63b4-590d-42f8-beb5-3cb934a27aa3.jpg","datePublished":"2025-12-09T00:00:00+00:00","author":{"@id":"https:\/\/portaltela.pt\/#\/schema\/person\/c4278d4a6028830caff9ee44b42d32ed"},"breadcrumb":{"@id":"https:\/\/portaltela.pt\/noticias\/2025\/12\/08\/mourinho-admite-possivel-regresso-ao-real-madrid\/#breadcrumb"},"inLanguage":"pt-PT","potentialAction":[{"@type":"ReadAction","target":["https:\/\/portaltela.pt\/noticias\/2025\/12\/08\/mourinho-admite-possivel-regresso-ao-real-madrid\/"]}]},{"@type":"ImageObject","inLanguage":"pt-PT","@id":"https:\/\/portaltela.pt\/noticias\/2025\/12\/08\/mourinho-admite-possivel-regresso-ao-real-madrid\/#primaryimage","url":"https:\/\/portaltela.pt\/s.01k8rhncp4jt1\/2025\/12\/c87c63b4-590d-42f8-beb5-3cb934a27aa3.jpg","contentUrl":"https:\/\/portaltela.pt\/s.01k8rhncp4jt1\/2025\/12\/c87c63b4-590d-42f8-beb5-3cb934a27aa3.jpg","width":796,"height":448,"caption":"Jos\u00e9 Mourinho. Foto SL Benfica"},{"@type":"BreadcrumbList","@id":"https:\/\/portaltela.pt\/noticias\/2025\/12\/08\/mourinho-admite-possivel-regresso-ao-real-madrid\/#breadcrumb","itemListElement":[{"@type":"ListItem","position":1,"name":"In\u00edcio","item":"https:\/\/portaltela.pt\/"},{"@type":"ListItem","position":2,"name":"Mourinho admite poss\u00edvel regresso ao Real Madrid"}]},{"@type":"WebSite","@id":"https:\/\/portaltela.pt\/#website","url":"https:\/\/portaltela.pt\/","name":"Portal Tela Portugal","description":"","potentialAction":[{"@type":"SearchAction","target":{"@type":"EntryPoint","urlTemplate":"https:\/\/portaltela.pt\/?s={search_term_string}"},"query-input":{"@type":"PropertyValueSpecification","valueRequired":true,"valueName":"search_term_string"}}],"inLanguage":"pt-PT"},{"@type":"Person","@id":"https:\/\/portaltela.pt\/#\/schema\/person\/c4278d4a6028830caff9ee44b42d32ed","name":"Telinha","image":{"@type":"ImageObject","inLanguage":"pt-PT","@id":"https:\/\/portaltela.pt\/s.01k8rhncp4jt1\/2025\/11\/talking-bot-125x125.png","url":"https:\/\/portaltela.pt\/s.01k8rhncp4jt1\/2025\/11\/talking-bot-125x125.png","contentUrl":"https:\/\/portaltela.pt\/s.01k8rhncp4jt1\/2025\/11\/talking-bot-125x125.png","caption":"Telinha"},"sameAs":["https:\/\/portaltela.pt\/"],"url":"https:\/\/portaltela.pt\/por\/367410592786\/"}]}},"_links":{"self":[{"href":"https:\/\/portaltela.pt\/api\/wp\/v2\/posts\/61723","targetHints":{"allow":["GET"]}}],"collection":[{"href":"https:\/\/portaltela.pt\/api\/wp\/v2\/posts"}],"about":[{"href":"https:\/\/portaltela.pt\/api\/wp\/v2\/types\/post"}],"author":[{"embeddable":true,"href":"https:\/\/portaltela.pt\/api\/wp\/v2\/users\/2"}],"replies":[{"embeddable":true,"href":"https:\/\/portaltela.pt\/api\/wp\/v2\/comments?post=61723"}],"version-history":[{"count":0,"href":"https:\/\/portaltela.pt\/api\/wp\/v2\/posts\/61723\/revisions"}],"wp:featuredmedia":[{"embeddable":true,"href":"https:\/\/portaltela.pt\/api\/wp\/v2\/media\/61731"}],"wp:attachment":[{"href":"https:\/\/portaltela.pt\/api\/wp\/v2\/media?parent=61723"}],"wp:term":[{"taxonomy":"category","embeddable":true,"href":"https:\/\/portaltela.pt\/api\/wp\/v2\/categories?post=61723"},{"taxonomy":"post_tag","embeddable":true,"href":"https:\/\/portaltela.pt\/api\/wp\/v2\/tags?post=61723"}],"curies":[{"name":"wp","href":"https:\/\/api.w.org\/{rel}","templated":true}]}}