{"id":61166,"date":"2025-12-09T08:16:00","date_gmt":"2025-12-09T11:16:00","guid":{"rendered":"https:\/\/portaltela.pt\/noticias\/2025\/12\/09\/enxaqueca-em-criancas-de-oito-anos-exige-diagnostico-precoce\/"},"modified":"2025-12-09T08:16:00","modified_gmt":"2025-12-09T11:16:00","slug":"enxaqueca-em-criancas-de-oito-anos-exige-diagnostico-precoce","status":"publish","type":"post","link":"https:\/\/portaltela.pt\/noticias\/2025\/12\/09\/enxaqueca-em-criancas-de-oito-anos-exige-diagnostico-precoce\/","title":{"rendered":"Enxaqueca em crian\u00e7as de oito anos exige diagn\u00f3stico precoce"},"content":{"rendered":"<p>Aos cinco anos, a crian\u00e7a j\u00e1 sofria com dores de barriga sem causa identific\u00e1vel. O pediatra n\u00e3o encontrava explica\u00e7\u00e3o, e a fam\u00edlia pensava em ansiedade ou mimo. O sil\u00eancio sobre o problema foi perdurando, at\u00e9 aos oito, durante um piquenique, nascer a enxaqueca pela primeira vez.<\/p>\n<p>A dor parecia martelar na cabe\u00e7a, acompanhada de n\u00e1useas, sensibilidade \u00e0 luz e ao barulho. Ao longo dos anos, as crises ficaram mais frequentes e intensas, e a jovem passou a relacion\u00e1-las com medo, culpa e isolamento. Procurou respostas sozinha, reunindo informa\u00e7\u00f5es para entender o que sentia.<\/p>\n<p>Somente aos 24 anos, j\u00e1 no mercado de trabalho, procurou a ajuda de um neurologista especialista em cefaleias. O diagn\u00f3stico tornou-se poss\u00edvel depois de chegar preparado, com registo das crises e com a lista de medica\u00e7\u00f5es que j\u00e1 tinham funcionado. Iniciou-se o tratamento preventivo, com fases de ajustes e insucesso.<\/p>\n<p>A partir desse ponto, surgiram dificuldades f\u00edsicas e emocionais associadas \u00e0s crises frequentes. Dormir, trabalhar e cumprir compromissos tornaram-se desafios com impactos na vida familiar. Sentiu-se muitas vezes sozinha, rodeada de mal-entendidos sobre a doen\u00e7a invis\u00edvel.<\/p>\n<p>Foi ent\u00e3o que nasceu a MiGRA Portugal \u2013 Associa\u00e7\u00e3o Portuguesa de Doentes com Enxaqueca e Cefaleias. A organiza\u00e7\u00e3o surgiu da partilha de experi\u00eancia entre pessoas com cefaleias e a vontade de dar voz a quem convive com a condi\u00e7\u00e3o. A miss\u00e3o \u00e9 promover diagn\u00f3stico qualificado e acesso a tratamentos, bem como apoiar quem enfrenta este percurso.<\/p>\n<p>Em 2019 chegou o tratamento que devolveu parte da qualidade de vida. Atualmente, a luta centra-se em tornar os medicamentos mais acess\u00edveis e assegurar consultas com profissionais formados, bem como ampliar o acesso, para al\u00e9m dos grandes centros urbanos. A MiGRA Portugal trabalha para reduzir o caminho sinuoso entre diagn\u00f3stico, tratamento e acompanhamento dos doentes com cefaleias.<\/p>\n","protected":false},"excerpt":{"rendered":"<ul>\n<li>Aos cinco anos, surgiram dores de barriga sem causa definida e o pediatra n\u00e3o encontrava explica\u00e7\u00e3o.<\/li>\n<li>Aos oito, durante um piquenique, apareceu a primeira enxaqueca com dor intensa, n\u00e1useas e sensibilidade \u00e0 luz e ao som.<\/li>\n<li>As crises foram aumentando ao longo do tempo, com sensa\u00e7\u00e3o de culpa, solid\u00e3o e diagn\u00f3stico tardio.<\/li>\n<li>Aos vinte e quatro anos, um neurologista especialista confirmou enxaqueca; come\u00e7ou a medica\u00e7\u00e3o preventiva com ajustes de dosagem.<\/li>\n<li>Em dois mil e dezenove chegou o tratamento que devolveu a vida; criou-se a MiGRA Portugal para apoiar pacientes e exigir diagn\u00f3stico qualificado e medicamentos acess\u00edveis.<\/li>\n<\/ul>\n","protected":false},"author":2,"featured_media":61168,"comment_status":"closed","ping_status":"closed","sticky":false,"template":"","format":"standard","meta":{"footnotes":""},"categories":[1],"tags":[679,136,40,1014,172,140],"class_list":["post-61166","post","type-post","status-publish","format-standard","has-post-thumbnail","hentry","category-noticias","tag-associacoes","tag-organizacoes","tag-pessoas","tag-portugal","tag-saude","tag-tratamentos"],"yoast_head":"<!-- This site is optimized with the Yoast SEO plugin v27.2 - https:\/\/yoast.com\/product\/yoast-seo-wordpress\/ -->\n<title>Enxaqueca em crian\u00e7as de oito anos exige diagn\u00f3stico precoce - Portal Tela Portugal<\/title>\n<meta name=\"robots\" content=\"index, follow, max-snippet:-1, max-image-preview:large, max-video-preview:-1\" \/>\n<meta property=\"og:locale\" content=\"pt_PT\" \/>\n<meta property=\"og:type\" content=\"article\" \/>\n<meta property=\"og:title\" content=\"Enxaqueca em crian\u00e7as de oito anos exige diagn\u00f3stico precoce - Portal Tela Portugal\" \/>\n<meta property=\"og:description\" content=\"Aos cinco anos, surgiram dores de barriga sem causa definida e o pediatra n\u00e3o encontrava explica\u00e7\u00e3o. Aos oito, durante um piquenique, apareceu a primeira enxaqueca com dor intensa, n\u00e1useas e sensibilidade \u00e0 luz e ao som. As crises foram aumentando ao longo do tempo, com sensa\u00e7\u00e3o de culpa, solid\u00e3o e diagn\u00f3stico tardio. Aos vinte e quatro anos, um neurologista especialista confirmou enxaqueca; come\u00e7ou a medica\u00e7\u00e3o preventiva com ajustes de dosagem. Em dois mil e dezenove chegou o tratamento que devolveu a vida; criou-se a MiGRA Portugal para apoiar pacientes e exigir diagn\u00f3stico qualificado e medicamentos acess\u00edveis.\" \/>\n<meta property=\"og:url\" content=\"https:\/\/portaltela.pt\/noticias\/2025\/12\/09\/enxaqueca-em-criancas-de-oito-anos-exige-diagnostico-precoce\/\" \/>\n<meta property=\"og:site_name\" content=\"Portal Tela Portugal\" \/>\n<meta property=\"article:published_time\" content=\"2025-12-09T11:16:00+00:00\" \/>\n<meta name=\"author\" content=\"Telinha\" \/>\n<meta name=\"twitter:card\" content=\"summary_large_image\" \/>\n<meta name=\"twitter:label1\" content=\"Escrito por\" \/>\n\t<meta name=\"twitter:data1\" content=\"Telinha\" \/>\n\t<meta name=\"twitter:label2\" content=\"Tempo estimado de leitura\" \/>\n\t<meta name=\"twitter:data2\" content=\"2 minutos\" \/>\n<script type=\"application\/ld+json\" class=\"yoast-schema-graph\">{\"@context\":\"https:\/\/schema.org\",\"@graph\":[{\"@type\":\"Article\",\"@id\":\"https:\/\/portaltela.pt\/noticias\/2025\/12\/09\/enxaqueca-em-criancas-de-oito-anos-exige-diagnostico-precoce\/#article\",\"isPartOf\":{\"@id\":\"https:\/\/portaltela.pt\/noticias\/2025\/12\/09\/enxaqueca-em-criancas-de-oito-anos-exige-diagnostico-precoce\/\"},\"author\":{\"name\":\"Telinha\",\"@id\":\"https:\/\/portaltela.pt\/#\/schema\/person\/c4278d4a6028830caff9ee44b42d32ed\"},\"headline\":\"Enxaqueca em crian\u00e7as de oito anos exige diagn\u00f3stico precoce\",\"datePublished\":\"2025-12-09T11:16:00+00:00\",\"mainEntityOfPage\":{\"@id\":\"https:\/\/portaltela.pt\/noticias\/2025\/12\/09\/enxaqueca-em-criancas-de-oito-anos-exige-diagnostico-precoce\/\"},\"wordCount\":324,\"image\":{\"@id\":\"https:\/\/portaltela.pt\/noticias\/2025\/12\/09\/enxaqueca-em-criancas-de-oito-anos-exige-diagnostico-precoce\/#primaryimage\"},\"thumbnailUrl\":\"https:\/\/portaltela.pt\/s.01k8rhncp4jt1\/2025\/12\/isabel-pireza-fundobranco-2.jpg\",\"keywords\":[\"associa\u00e7\u00f5es\",\"organiza\u00e7\u00f5es\",\"pessoas\",\"Portugal\",\"sa\u00fade\",\"tratamentos\"],\"articleSection\":[\"Not\u00edcias\"],\"inLanguage\":\"pt-PT\"},{\"@type\":\"WebPage\",\"@id\":\"https:\/\/portaltela.pt\/noticias\/2025\/12\/09\/enxaqueca-em-criancas-de-oito-anos-exige-diagnostico-precoce\/\",\"url\":\"https:\/\/portaltela.pt\/noticias\/2025\/12\/09\/enxaqueca-em-criancas-de-oito-anos-exige-diagnostico-precoce\/\",\"name\":\"Enxaqueca em crian\u00e7as de oito anos exige diagn\u00f3stico precoce - Portal Tela Portugal\",\"isPartOf\":{\"@id\":\"https:\/\/portaltela.pt\/#website\"},\"primaryImageOfPage\":{\"@id\":\"https:\/\/portaltela.pt\/noticias\/2025\/12\/09\/enxaqueca-em-criancas-de-oito-anos-exige-diagnostico-precoce\/#primaryimage\"},\"image\":{\"@id\":\"https:\/\/portaltela.pt\/noticias\/2025\/12\/09\/enxaqueca-em-criancas-de-oito-anos-exige-diagnostico-precoce\/#primaryimage\"},\"thumbnailUrl\":\"https:\/\/portaltela.pt\/s.01k8rhncp4jt1\/2025\/12\/isabel-pireza-fundobranco-2.jpg\",\"datePublished\":\"2025-12-09T11:16:00+00:00\",\"author\":{\"@id\":\"https:\/\/portaltela.pt\/#\/schema\/person\/c4278d4a6028830caff9ee44b42d32ed\"},\"breadcrumb\":{\"@id\":\"https:\/\/portaltela.pt\/noticias\/2025\/12\/09\/enxaqueca-em-criancas-de-oito-anos-exige-diagnostico-precoce\/#breadcrumb\"},\"inLanguage\":\"pt-PT\",\"potentialAction\":[{\"@type\":\"ReadAction\",\"target\":[\"https:\/\/portaltela.pt\/noticias\/2025\/12\/09\/enxaqueca-em-criancas-de-oito-anos-exige-diagnostico-precoce\/\"]}]},{\"@type\":\"ImageObject\",\"inLanguage\":\"pt-PT\",\"@id\":\"https:\/\/portaltela.pt\/noticias\/2025\/12\/09\/enxaqueca-em-criancas-de-oito-anos-exige-diagnostico-precoce\/#primaryimage\",\"url\":\"https:\/\/portaltela.pt\/s.01k8rhncp4jt1\/2025\/12\/isabel-pireza-fundobranco-2.jpg\",\"contentUrl\":\"https:\/\/portaltela.pt\/s.01k8rhncp4jt1\/2025\/12\/isabel-pireza-fundobranco-2.jpg\",\"width\":796,\"height\":448,\"caption\":\"Photo\"},{\"@type\":\"BreadcrumbList\",\"@id\":\"https:\/\/portaltela.pt\/noticias\/2025\/12\/09\/enxaqueca-em-criancas-de-oito-anos-exige-diagnostico-precoce\/#breadcrumb\",\"itemListElement\":[{\"@type\":\"ListItem\",\"position\":1,\"name\":\"In\u00edcio\",\"item\":\"https:\/\/portaltela.pt\/\"},{\"@type\":\"ListItem\",\"position\":2,\"name\":\"Enxaqueca em crian\u00e7as de oito anos exige diagn\u00f3stico precoce\"}]},{\"@type\":\"WebSite\",\"@id\":\"https:\/\/portaltela.pt\/#website\",\"url\":\"https:\/\/portaltela.pt\/\",\"name\":\"Portal Tela Portugal\",\"description\":\"\",\"potentialAction\":[{\"@type\":\"SearchAction\",\"target\":{\"@type\":\"EntryPoint\",\"urlTemplate\":\"https:\/\/portaltela.pt\/?s={search_term_string}\"},\"query-input\":{\"@type\":\"PropertyValueSpecification\",\"valueRequired\":true,\"valueName\":\"search_term_string\"}}],\"inLanguage\":\"pt-PT\"},{\"@type\":\"Person\",\"@id\":\"https:\/\/portaltela.pt\/#\/schema\/person\/c4278d4a6028830caff9ee44b42d32ed\",\"name\":\"Telinha\",\"image\":{\"@type\":\"ImageObject\",\"inLanguage\":\"pt-PT\",\"@id\":\"https:\/\/portaltela.pt\/s.01k8rhncp4jt1\/2025\/11\/talking-bot-125x125.png\",\"url\":\"https:\/\/portaltela.pt\/s.01k8rhncp4jt1\/2025\/11\/talking-bot-125x125.png\",\"contentUrl\":\"https:\/\/portaltela.pt\/s.01k8rhncp4jt1\/2025\/11\/talking-bot-125x125.png\",\"caption\":\"Telinha\"},\"sameAs\":[\"https:\/\/portaltela.pt\/\"],\"url\":\"https:\/\/portaltela.pt\/por\/367410592786\/\"}]}<\/script>\n<!-- \/ Yoast SEO plugin. -->","yoast_head_json":{"title":"Enxaqueca em crian\u00e7as de oito anos exige diagn\u00f3stico precoce - Portal Tela Portugal","robots":{"index":"index","follow":"follow","max-snippet":"max-snippet:-1","max-image-preview":"max-image-preview:large","max-video-preview":"max-video-preview:-1"},"og_locale":"pt_PT","og_type":"article","og_title":"Enxaqueca em crian\u00e7as de oito anos exige diagn\u00f3stico precoce - Portal Tela Portugal","og_description":"Aos cinco anos, surgiram dores de barriga sem causa definida e o pediatra n\u00e3o encontrava explica\u00e7\u00e3o. Aos oito, durante um piquenique, apareceu a primeira enxaqueca com dor intensa, n\u00e1useas e sensibilidade \u00e0 luz e ao som. As crises foram aumentando ao longo do tempo, com sensa\u00e7\u00e3o de culpa, solid\u00e3o e diagn\u00f3stico tardio. Aos vinte e quatro anos, um neurologista especialista confirmou enxaqueca; come\u00e7ou a medica\u00e7\u00e3o preventiva com ajustes de dosagem. Em dois mil e dezenove chegou o tratamento que devolveu a vida; criou-se a MiGRA Portugal para apoiar pacientes e exigir diagn\u00f3stico qualificado e medicamentos acess\u00edveis.","og_url":"https:\/\/portaltela.pt\/noticias\/2025\/12\/09\/enxaqueca-em-criancas-de-oito-anos-exige-diagnostico-precoce\/","og_site_name":"Portal Tela Portugal","article_published_time":"2025-12-09T11:16:00+00:00","author":"Telinha","twitter_card":"summary_large_image","twitter_misc":{"Escrito por":"Telinha","Tempo estimado de leitura":"2 minutos"},"schema":{"@context":"https:\/\/schema.org","@graph":[{"@type":"Article","@id":"https:\/\/portaltela.pt\/noticias\/2025\/12\/09\/enxaqueca-em-criancas-de-oito-anos-exige-diagnostico-precoce\/#article","isPartOf":{"@id":"https:\/\/portaltela.pt\/noticias\/2025\/12\/09\/enxaqueca-em-criancas-de-oito-anos-exige-diagnostico-precoce\/"},"author":{"name":"Telinha","@id":"https:\/\/portaltela.pt\/#\/schema\/person\/c4278d4a6028830caff9ee44b42d32ed"},"headline":"Enxaqueca em crian\u00e7as de oito anos exige diagn\u00f3stico precoce","datePublished":"2025-12-09T11:16:00+00:00","mainEntityOfPage":{"@id":"https:\/\/portaltela.pt\/noticias\/2025\/12\/09\/enxaqueca-em-criancas-de-oito-anos-exige-diagnostico-precoce\/"},"wordCount":324,"image":{"@id":"https:\/\/portaltela.pt\/noticias\/2025\/12\/09\/enxaqueca-em-criancas-de-oito-anos-exige-diagnostico-precoce\/#primaryimage"},"thumbnailUrl":"https:\/\/portaltela.pt\/s.01k8rhncp4jt1\/2025\/12\/isabel-pireza-fundobranco-2.jpg","keywords":["associa\u00e7\u00f5es","organiza\u00e7\u00f5es","pessoas","Portugal","sa\u00fade","tratamentos"],"articleSection":["Not\u00edcias"],"inLanguage":"pt-PT"},{"@type":"WebPage","@id":"https:\/\/portaltela.pt\/noticias\/2025\/12\/09\/enxaqueca-em-criancas-de-oito-anos-exige-diagnostico-precoce\/","url":"https:\/\/portaltela.pt\/noticias\/2025\/12\/09\/enxaqueca-em-criancas-de-oito-anos-exige-diagnostico-precoce\/","name":"Enxaqueca em crian\u00e7as de oito anos exige diagn\u00f3stico precoce - Portal Tela Portugal","isPartOf":{"@id":"https:\/\/portaltela.pt\/#website"},"primaryImageOfPage":{"@id":"https:\/\/portaltela.pt\/noticias\/2025\/12\/09\/enxaqueca-em-criancas-de-oito-anos-exige-diagnostico-precoce\/#primaryimage"},"image":{"@id":"https:\/\/portaltela.pt\/noticias\/2025\/12\/09\/enxaqueca-em-criancas-de-oito-anos-exige-diagnostico-precoce\/#primaryimage"},"thumbnailUrl":"https:\/\/portaltela.pt\/s.01k8rhncp4jt1\/2025\/12\/isabel-pireza-fundobranco-2.jpg","datePublished":"2025-12-09T11:16:00+00:00","author":{"@id":"https:\/\/portaltela.pt\/#\/schema\/person\/c4278d4a6028830caff9ee44b42d32ed"},"breadcrumb":{"@id":"https:\/\/portaltela.pt\/noticias\/2025\/12\/09\/enxaqueca-em-criancas-de-oito-anos-exige-diagnostico-precoce\/#breadcrumb"},"inLanguage":"pt-PT","potentialAction":[{"@type":"ReadAction","target":["https:\/\/portaltela.pt\/noticias\/2025\/12\/09\/enxaqueca-em-criancas-de-oito-anos-exige-diagnostico-precoce\/"]}]},{"@type":"ImageObject","inLanguage":"pt-PT","@id":"https:\/\/portaltela.pt\/noticias\/2025\/12\/09\/enxaqueca-em-criancas-de-oito-anos-exige-diagnostico-precoce\/#primaryimage","url":"https:\/\/portaltela.pt\/s.01k8rhncp4jt1\/2025\/12\/isabel-pireza-fundobranco-2.jpg","contentUrl":"https:\/\/portaltela.pt\/s.01k8rhncp4jt1\/2025\/12\/isabel-pireza-fundobranco-2.jpg","width":796,"height":448,"caption":"Photo"},{"@type":"BreadcrumbList","@id":"https:\/\/portaltela.pt\/noticias\/2025\/12\/09\/enxaqueca-em-criancas-de-oito-anos-exige-diagnostico-precoce\/#breadcrumb","itemListElement":[{"@type":"ListItem","position":1,"name":"In\u00edcio","item":"https:\/\/portaltela.pt\/"},{"@type":"ListItem","position":2,"name":"Enxaqueca em crian\u00e7as de oito anos exige diagn\u00f3stico precoce"}]},{"@type":"WebSite","@id":"https:\/\/portaltela.pt\/#website","url":"https:\/\/portaltela.pt\/","name":"Portal Tela Portugal","description":"","potentialAction":[{"@type":"SearchAction","target":{"@type":"EntryPoint","urlTemplate":"https:\/\/portaltela.pt\/?s={search_term_string}"},"query-input":{"@type":"PropertyValueSpecification","valueRequired":true,"valueName":"search_term_string"}}],"inLanguage":"pt-PT"},{"@type":"Person","@id":"https:\/\/portaltela.pt\/#\/schema\/person\/c4278d4a6028830caff9ee44b42d32ed","name":"Telinha","image":{"@type":"ImageObject","inLanguage":"pt-PT","@id":"https:\/\/portaltela.pt\/s.01k8rhncp4jt1\/2025\/11\/talking-bot-125x125.png","url":"https:\/\/portaltela.pt\/s.01k8rhncp4jt1\/2025\/11\/talking-bot-125x125.png","contentUrl":"https:\/\/portaltela.pt\/s.01k8rhncp4jt1\/2025\/11\/talking-bot-125x125.png","caption":"Telinha"},"sameAs":["https:\/\/portaltela.pt\/"],"url":"https:\/\/portaltela.pt\/por\/367410592786\/"}]}},"_links":{"self":[{"href":"https:\/\/portaltela.pt\/api\/wp\/v2\/posts\/61166","targetHints":{"allow":["GET"]}}],"collection":[{"href":"https:\/\/portaltela.pt\/api\/wp\/v2\/posts"}],"about":[{"href":"https:\/\/portaltela.pt\/api\/wp\/v2\/types\/post"}],"author":[{"embeddable":true,"href":"https:\/\/portaltela.pt\/api\/wp\/v2\/users\/2"}],"replies":[{"embeddable":true,"href":"https:\/\/portaltela.pt\/api\/wp\/v2\/comments?post=61166"}],"version-history":[{"count":0,"href":"https:\/\/portaltela.pt\/api\/wp\/v2\/posts\/61166\/revisions"}],"wp:featuredmedia":[{"embeddable":true,"href":"https:\/\/portaltela.pt\/api\/wp\/v2\/media\/61168"}],"wp:attachment":[{"href":"https:\/\/portaltela.pt\/api\/wp\/v2\/media?parent=61166"}],"wp:term":[{"taxonomy":"category","embeddable":true,"href":"https:\/\/portaltela.pt\/api\/wp\/v2\/categories?post=61166"},{"taxonomy":"post_tag","embeddable":true,"href":"https:\/\/portaltela.pt\/api\/wp\/v2\/tags?post=61166"}],"curies":[{"name":"wp","href":"https:\/\/api.w.org\/{rel}","templated":true}]}}