{"id":60961,"date":"2025-12-09T07:08:00","date_gmt":"2025-12-09T10:08:00","guid":{"rendered":"https:\/\/portaltela.pt\/noticias\/2025\/12\/09\/natal-no-coracao-do-dao-abre-oficialmente-no-cineteatro-municipal-de-nelas\/"},"modified":"2025-12-09T07:08:00","modified_gmt":"2025-12-09T10:08:00","slug":"natal-no-coracao-do-dao-abre-oficialmente-no-cineteatro-municipal-de-nelas","status":"publish","type":"post","link":"https:\/\/portaltela.pt\/noticias\/2025\/12\/09\/natal-no-coracao-do-dao-abre-oficialmente-no-cineteatro-municipal-de-nelas\/","title":{"rendered":"Natal no Cora\u00e7\u00e3o do D\u00e3o abre oficialmente no Cineteatro Municipal de Nelas"},"content":{"rendered":"<p>A Campanha Solid\u00e1ria \u201cPedalar para Ajudar\u201d foi lan\u00e7ada no Cineteatro Municipal de Nelas, com o Presidente da C\u00e2mara Municipal a dar a pedalada de sa\u00edda. Estiveram presentes representantes de empresas aderentes e autarquias, para apoiar a iniciativa que visa converter quil\u00f3metros em bens de primeira necessidade.<\/p>\n<p>O objetivo \u00e9 atingir 1250 km em bicicleta est\u00e1tica, convertendo-os em donativos para fam\u00edlias carenciadas do concelho. A ForLife cedeu a bicicleta est\u00e1tica, permitindo que o p\u00fablico participe at\u00e9 20 de dezembro. A mostra e a campanha de bens essenciais continuam em atividade.<\/p>\n<h3>Programa de Natal no Cineteatro<\/h3>\n<p>At\u00e9 20 de dezembro, a mostra e a Loja Solid\u00e1ria mant\u00eam-se abertas, com v\u00e1rias atividades no Cineteatro Municipal. Exposi\u00e7\u00e3o na Pra\u00e7a do Munic\u00edpio, \u201cAldeia de Natal\u201d com casinhas, moinho, igreja miniatura e outros elementos decorativos comp\u00f5em o cen\u00e1rio.<\/p>\n<p>No plano musical, o grupo docente da Academia Municipal de Artes animou a plateia. Crian\u00e7as desfrutaram de pinturas faciais, desenhos e cartas ao Pai Natal, acompanhadas por um insufl\u00e1vel. Um Workshop de P\u00e3o de L\u00f3 tamb\u00e9m ocorreu, conduzido por Em\u00edlia Rita.<\/p>\n<h3>Atra\u00e7\u00f5es e sess\u00f5es especiais<\/h3>\n<p>A mostra re\u00fane Vinhos do D\u00e3o, Queijo Serra da Estrela, enchidos, azeite, mel, licores, do\u00e7aria, feira do livro e pe\u00e7as de antiguidades. Um espa\u00e7o dedicado \u00e0 Liga Portuguesa Contra o Cancro s\u00f3ichert, enriquecendo a oferta cultural natal\u00edcia.<\/p>\n<p>A iniciativa beneficente \u201cPor um Sorriso Maior\u201d recolhe alimentos essenciais na Loja Solid\u00e1ria, junto ao Cineteatro. A recolha abrange arroz, massas, enlatados, cereais, leite, comida para beb\u00e9 e higiene pessoal.<\/p>\n<h3>Parada e Fogueira de Natal<\/h3>\n<p>No dia 7 de dezembro, a Parada do Pai Natal percorreu as ruas da Vila de Nelas, com in\u00edcio \u00e0s 15h00. O Coro Misto e o Grupo de Cordas da Universidade S\u00e9nior de Nelas apresentaram temas natal\u00edcios, seguidos pela Fogueira de Natal \u00e0s 17h30, junto \u00e0 Federa\u00e7\u00e3o dos Viticultores do D\u00e3o.<\/p>\n<p>O fogo de artif\u00edcio e a cozinha regional foram recriados com a Sopa de Peixe de Z\u00e9 Almeida, encerrando o programa musical com Ricardo Cam\u00f5es. A decorrer at\u00e9 20 de dezembro, o Cineteatro promete manter o encanto do Natal no Cora\u00e7\u00e3o do D\u00e3o.<\/p>\n","protected":false},"excerpt":{"rendered":"<ul>\n<li>A campanha solid\u00e1ria Pedalar para Ajudar arrancou com a pedalada de sa\u00edda do presidente da C\u00e2mara Municipal de Nelas, Joaquim Amaral, visando atingir 1.250 km em bicicleta est\u00e1tica para comprar bens de primeira necessidade para fam\u00edlias carenciadas do concelho.<\/li>\n<li>At\u00e9 ao dia 20 de dezembro, o Cineteatro Municipal alberga a mostra de Natal e a campanha de bens essenciais, incluindo a Aldeia de Natal, exposi\u00e7\u00e3o e Loja Solid\u00e1ria.<\/li>\n<li>No dia 7 de dezembro ocorreu a Parada do Pai Natal, com atua\u00e7\u00f5es do Coro Misto e do Grupo de Cordas da Universidade S\u00e9nior de Nelas, e a festividade terminou com a Fogueira de Natal \u00e0s 17h30.<\/li>\n<li>A programa\u00e7\u00e3o inclui o Workshop de P\u00e3o de L\u00f3, bem como exposi\u00e7\u00f5es de produtos locais, Feira do Livro e espa\u00e7o dedicado \u00e0 Liga Portuguesa Contra o Cancro.<\/li>\n<li>A iniciativa envolve a Causa Solid\u00e1ria \u201cPor um Sorriso Maior\u201d para recolha de alimentos e higiene pessoal, com pontos de entrega na Loja Solid\u00e1ria junto ao Cineteatro Municipal.<\/li>\n<\/ul>\n","protected":false},"author":2,"featured_media":60964,"comment_status":"closed","ping_status":"closed","sticky":false,"template":"","format":"standard","meta":{"footnotes":""},"categories":[1],"tags":[903,145,620,1035,347,779],"class_list":["post-60961","post","type-post","status-publish","format-standard","has-post-thumbnail","hentry","category-noticias","tag-comunidades","tag-cultura","tag-doacao","tag-queijaria","tag-servicos-de-caridade","tag-vinhos"],"yoast_head":"<!-- This site is optimized with the Yoast SEO plugin v27.2 - https:\/\/yoast.com\/product\/yoast-seo-wordpress\/ -->\n<title>Natal no Cora\u00e7\u00e3o do D\u00e3o abre oficialmente no Cineteatro Municipal de Nelas - Portal Tela Portugal<\/title>\n<meta name=\"robots\" content=\"index, follow, max-snippet:-1, max-image-preview:large, max-video-preview:-1\" \/>\n<meta property=\"og:locale\" content=\"pt_PT\" \/>\n<meta property=\"og:type\" content=\"article\" \/>\n<meta property=\"og:title\" content=\"Natal no Cora\u00e7\u00e3o do D\u00e3o abre oficialmente no Cineteatro Municipal de Nelas - Portal Tela Portugal\" \/>\n<meta property=\"og:description\" content=\"A campanha solid\u00e1ria Pedalar para Ajudar arrancou com a pedalada de sa\u00edda do presidente da C\u00e2mara Municipal de Nelas, Joaquim Amaral, visando atingir 1.250 km em bicicleta est\u00e1tica para comprar bens de primeira necessidade para fam\u00edlias carenciadas do concelho. At\u00e9 ao dia 20 de dezembro, o Cineteatro Municipal alberga a mostra de Natal e a campanha de bens essenciais, incluindo a Aldeia de Natal, exposi\u00e7\u00e3o e Loja Solid\u00e1ria. No dia 7 de dezembro ocorreu a Parada do Pai Natal, com atua\u00e7\u00f5es do Coro Misto e do Grupo de Cordas da Universidade S\u00e9nior de Nelas, e a festividade terminou com a Fogueira de Natal \u00e0s 17h30. A programa\u00e7\u00e3o inclui o Workshop de P\u00e3o de L\u00f3, bem como exposi\u00e7\u00f5es de produtos locais, Feira do Livro e espa\u00e7o dedicado \u00e0 Liga Portuguesa Contra o Cancro. A iniciativa envolve a Causa Solid\u00e1ria \u201cPor um Sorriso Maior\u201d para recolha de alimentos e higiene pessoal, com pontos de entrega na Loja Solid\u00e1ria junto ao Cineteatro Municipal.\" \/>\n<meta property=\"og:url\" content=\"https:\/\/portaltela.pt\/noticias\/2025\/12\/09\/natal-no-coracao-do-dao-abre-oficialmente-no-cineteatro-municipal-de-nelas\/\" \/>\n<meta property=\"og:site_name\" content=\"Portal Tela Portugal\" \/>\n<meta property=\"article:published_time\" content=\"2025-12-09T10:08:00+00:00\" \/>\n<meta name=\"author\" content=\"Telinha\" \/>\n<meta name=\"twitter:card\" content=\"summary_large_image\" \/>\n<meta name=\"twitter:label1\" content=\"Escrito por\" \/>\n\t<meta name=\"twitter:data1\" content=\"Telinha\" \/>\n\t<meta name=\"twitter:label2\" content=\"Tempo estimado de leitura\" \/>\n\t<meta name=\"twitter:data2\" content=\"2 minutos\" \/>\n<script type=\"application\/ld+json\" class=\"yoast-schema-graph\">{\"@context\":\"https:\/\/schema.org\",\"@graph\":[{\"@type\":\"Article\",\"@id\":\"https:\/\/portaltela.pt\/noticias\/2025\/12\/09\/natal-no-coracao-do-dao-abre-oficialmente-no-cineteatro-municipal-de-nelas\/#article\",\"isPartOf\":{\"@id\":\"https:\/\/portaltela.pt\/noticias\/2025\/12\/09\/natal-no-coracao-do-dao-abre-oficialmente-no-cineteatro-municipal-de-nelas\/\"},\"author\":{\"name\":\"Telinha\",\"@id\":\"https:\/\/portaltela.pt\/#\/schema\/person\/c4278d4a6028830caff9ee44b42d32ed\"},\"headline\":\"Natal no Cora\u00e7\u00e3o do D\u00e3o abre oficialmente no Cineteatro Municipal de Nelas\",\"datePublished\":\"2025-12-09T10:08:00+00:00\",\"mainEntityOfPage\":{\"@id\":\"https:\/\/portaltela.pt\/noticias\/2025\/12\/09\/natal-no-coracao-do-dao-abre-oficialmente-no-cineteatro-municipal-de-nelas\/\"},\"wordCount\":390,\"image\":{\"@id\":\"https:\/\/portaltela.pt\/noticias\/2025\/12\/09\/natal-no-coracao-do-dao-abre-oficialmente-no-cineteatro-municipal-de-nelas\/#primaryimage\"},\"thumbnailUrl\":\"https:\/\/portaltela.pt\/s.01k8rhncp4jt1\/2025\/12\/Press-_172_Foto.jpg\",\"keywords\":[\"comunidades\",\"cultura\",\"doa\u00e7\u00e3o\",\"queijaria\",\"servi\u00e7os de caridade\",\"vinhos\"],\"articleSection\":[\"Not\u00edcias\"],\"inLanguage\":\"pt-PT\"},{\"@type\":\"WebPage\",\"@id\":\"https:\/\/portaltela.pt\/noticias\/2025\/12\/09\/natal-no-coracao-do-dao-abre-oficialmente-no-cineteatro-municipal-de-nelas\/\",\"url\":\"https:\/\/portaltela.pt\/noticias\/2025\/12\/09\/natal-no-coracao-do-dao-abre-oficialmente-no-cineteatro-municipal-de-nelas\/\",\"name\":\"Natal no Cora\u00e7\u00e3o do D\u00e3o abre oficialmente no Cineteatro Municipal de Nelas - Portal Tela Portugal\",\"isPartOf\":{\"@id\":\"https:\/\/portaltela.pt\/#website\"},\"primaryImageOfPage\":{\"@id\":\"https:\/\/portaltela.pt\/noticias\/2025\/12\/09\/natal-no-coracao-do-dao-abre-oficialmente-no-cineteatro-municipal-de-nelas\/#primaryimage\"},\"image\":{\"@id\":\"https:\/\/portaltela.pt\/noticias\/2025\/12\/09\/natal-no-coracao-do-dao-abre-oficialmente-no-cineteatro-municipal-de-nelas\/#primaryimage\"},\"thumbnailUrl\":\"https:\/\/portaltela.pt\/s.01k8rhncp4jt1\/2025\/12\/Press-_172_Foto.jpg\",\"datePublished\":\"2025-12-09T10:08:00+00:00\",\"author\":{\"@id\":\"https:\/\/portaltela.pt\/#\/schema\/person\/c4278d4a6028830caff9ee44b42d32ed\"},\"breadcrumb\":{\"@id\":\"https:\/\/portaltela.pt\/noticias\/2025\/12\/09\/natal-no-coracao-do-dao-abre-oficialmente-no-cineteatro-municipal-de-nelas\/#breadcrumb\"},\"inLanguage\":\"pt-PT\",\"potentialAction\":[{\"@type\":\"ReadAction\",\"target\":[\"https:\/\/portaltela.pt\/noticias\/2025\/12\/09\/natal-no-coracao-do-dao-abre-oficialmente-no-cineteatro-municipal-de-nelas\/\"]}]},{\"@type\":\"ImageObject\",\"inLanguage\":\"pt-PT\",\"@id\":\"https:\/\/portaltela.pt\/noticias\/2025\/12\/09\/natal-no-coracao-do-dao-abre-oficialmente-no-cineteatro-municipal-de-nelas\/#primaryimage\",\"url\":\"https:\/\/portaltela.pt\/s.01k8rhncp4jt1\/2025\/12\/Press-_172_Foto.jpg\",\"contentUrl\":\"https:\/\/portaltela.pt\/s.01k8rhncp4jt1\/2025\/12\/Press-_172_Foto.jpg\",\"width\":796,\"height\":448,\"caption\":\"MaisBeiras\"},{\"@type\":\"BreadcrumbList\",\"@id\":\"https:\/\/portaltela.pt\/noticias\/2025\/12\/09\/natal-no-coracao-do-dao-abre-oficialmente-no-cineteatro-municipal-de-nelas\/#breadcrumb\",\"itemListElement\":[{\"@type\":\"ListItem\",\"position\":1,\"name\":\"In\u00edcio\",\"item\":\"https:\/\/portaltela.pt\/\"},{\"@type\":\"ListItem\",\"position\":2,\"name\":\"Natal no Cora\u00e7\u00e3o do D\u00e3o abre oficialmente no Cineteatro Municipal de Nelas\"}]},{\"@type\":\"WebSite\",\"@id\":\"https:\/\/portaltela.pt\/#website\",\"url\":\"https:\/\/portaltela.pt\/\",\"name\":\"Portal Tela Portugal\",\"description\":\"\",\"potentialAction\":[{\"@type\":\"SearchAction\",\"target\":{\"@type\":\"EntryPoint\",\"urlTemplate\":\"https:\/\/portaltela.pt\/?s={search_term_string}\"},\"query-input\":{\"@type\":\"PropertyValueSpecification\",\"valueRequired\":true,\"valueName\":\"search_term_string\"}}],\"inLanguage\":\"pt-PT\"},{\"@type\":\"Person\",\"@id\":\"https:\/\/portaltela.pt\/#\/schema\/person\/c4278d4a6028830caff9ee44b42d32ed\",\"name\":\"Telinha\",\"image\":{\"@type\":\"ImageObject\",\"inLanguage\":\"pt-PT\",\"@id\":\"https:\/\/portaltela.pt\/s.01k8rhncp4jt1\/2025\/11\/talking-bot-125x125.png\",\"url\":\"https:\/\/portaltela.pt\/s.01k8rhncp4jt1\/2025\/11\/talking-bot-125x125.png\",\"contentUrl\":\"https:\/\/portaltela.pt\/s.01k8rhncp4jt1\/2025\/11\/talking-bot-125x125.png\",\"caption\":\"Telinha\"},\"sameAs\":[\"https:\/\/portaltela.pt\/\"],\"url\":\"https:\/\/portaltela.pt\/por\/367410592786\/\"}]}<\/script>\n<!-- \/ Yoast SEO plugin. -->","yoast_head_json":{"title":"Natal no Cora\u00e7\u00e3o do D\u00e3o abre oficialmente no Cineteatro Municipal de Nelas - Portal Tela Portugal","robots":{"index":"index","follow":"follow","max-snippet":"max-snippet:-1","max-image-preview":"max-image-preview:large","max-video-preview":"max-video-preview:-1"},"og_locale":"pt_PT","og_type":"article","og_title":"Natal no Cora\u00e7\u00e3o do D\u00e3o abre oficialmente no Cineteatro Municipal de Nelas - Portal Tela Portugal","og_description":"A campanha solid\u00e1ria Pedalar para Ajudar arrancou com a pedalada de sa\u00edda do presidente da C\u00e2mara Municipal de Nelas, Joaquim Amaral, visando atingir 1.250 km em bicicleta est\u00e1tica para comprar bens de primeira necessidade para fam\u00edlias carenciadas do concelho. At\u00e9 ao dia 20 de dezembro, o Cineteatro Municipal alberga a mostra de Natal e a campanha de bens essenciais, incluindo a Aldeia de Natal, exposi\u00e7\u00e3o e Loja Solid\u00e1ria. No dia 7 de dezembro ocorreu a Parada do Pai Natal, com atua\u00e7\u00f5es do Coro Misto e do Grupo de Cordas da Universidade S\u00e9nior de Nelas, e a festividade terminou com a Fogueira de Natal \u00e0s 17h30. A programa\u00e7\u00e3o inclui o Workshop de P\u00e3o de L\u00f3, bem como exposi\u00e7\u00f5es de produtos locais, Feira do Livro e espa\u00e7o dedicado \u00e0 Liga Portuguesa Contra o Cancro. A iniciativa envolve a Causa Solid\u00e1ria \u201cPor um Sorriso Maior\u201d para recolha de alimentos e higiene pessoal, com pontos de entrega na Loja Solid\u00e1ria junto ao Cineteatro Municipal.","og_url":"https:\/\/portaltela.pt\/noticias\/2025\/12\/09\/natal-no-coracao-do-dao-abre-oficialmente-no-cineteatro-municipal-de-nelas\/","og_site_name":"Portal Tela Portugal","article_published_time":"2025-12-09T10:08:00+00:00","author":"Telinha","twitter_card":"summary_large_image","twitter_misc":{"Escrito por":"Telinha","Tempo estimado de leitura":"2 minutos"},"schema":{"@context":"https:\/\/schema.org","@graph":[{"@type":"Article","@id":"https:\/\/portaltela.pt\/noticias\/2025\/12\/09\/natal-no-coracao-do-dao-abre-oficialmente-no-cineteatro-municipal-de-nelas\/#article","isPartOf":{"@id":"https:\/\/portaltela.pt\/noticias\/2025\/12\/09\/natal-no-coracao-do-dao-abre-oficialmente-no-cineteatro-municipal-de-nelas\/"},"author":{"name":"Telinha","@id":"https:\/\/portaltela.pt\/#\/schema\/person\/c4278d4a6028830caff9ee44b42d32ed"},"headline":"Natal no Cora\u00e7\u00e3o do D\u00e3o abre oficialmente no Cineteatro Municipal de Nelas","datePublished":"2025-12-09T10:08:00+00:00","mainEntityOfPage":{"@id":"https:\/\/portaltela.pt\/noticias\/2025\/12\/09\/natal-no-coracao-do-dao-abre-oficialmente-no-cineteatro-municipal-de-nelas\/"},"wordCount":390,"image":{"@id":"https:\/\/portaltela.pt\/noticias\/2025\/12\/09\/natal-no-coracao-do-dao-abre-oficialmente-no-cineteatro-municipal-de-nelas\/#primaryimage"},"thumbnailUrl":"https:\/\/portaltela.pt\/s.01k8rhncp4jt1\/2025\/12\/Press-_172_Foto.jpg","keywords":["comunidades","cultura","doa\u00e7\u00e3o","queijaria","servi\u00e7os de caridade","vinhos"],"articleSection":["Not\u00edcias"],"inLanguage":"pt-PT"},{"@type":"WebPage","@id":"https:\/\/portaltela.pt\/noticias\/2025\/12\/09\/natal-no-coracao-do-dao-abre-oficialmente-no-cineteatro-municipal-de-nelas\/","url":"https:\/\/portaltela.pt\/noticias\/2025\/12\/09\/natal-no-coracao-do-dao-abre-oficialmente-no-cineteatro-municipal-de-nelas\/","name":"Natal no Cora\u00e7\u00e3o do D\u00e3o abre oficialmente no Cineteatro Municipal de Nelas - Portal Tela Portugal","isPartOf":{"@id":"https:\/\/portaltela.pt\/#website"},"primaryImageOfPage":{"@id":"https:\/\/portaltela.pt\/noticias\/2025\/12\/09\/natal-no-coracao-do-dao-abre-oficialmente-no-cineteatro-municipal-de-nelas\/#primaryimage"},"image":{"@id":"https:\/\/portaltela.pt\/noticias\/2025\/12\/09\/natal-no-coracao-do-dao-abre-oficialmente-no-cineteatro-municipal-de-nelas\/#primaryimage"},"thumbnailUrl":"https:\/\/portaltela.pt\/s.01k8rhncp4jt1\/2025\/12\/Press-_172_Foto.jpg","datePublished":"2025-12-09T10:08:00+00:00","author":{"@id":"https:\/\/portaltela.pt\/#\/schema\/person\/c4278d4a6028830caff9ee44b42d32ed"},"breadcrumb":{"@id":"https:\/\/portaltela.pt\/noticias\/2025\/12\/09\/natal-no-coracao-do-dao-abre-oficialmente-no-cineteatro-municipal-de-nelas\/#breadcrumb"},"inLanguage":"pt-PT","potentialAction":[{"@type":"ReadAction","target":["https:\/\/portaltela.pt\/noticias\/2025\/12\/09\/natal-no-coracao-do-dao-abre-oficialmente-no-cineteatro-municipal-de-nelas\/"]}]},{"@type":"ImageObject","inLanguage":"pt-PT","@id":"https:\/\/portaltela.pt\/noticias\/2025\/12\/09\/natal-no-coracao-do-dao-abre-oficialmente-no-cineteatro-municipal-de-nelas\/#primaryimage","url":"https:\/\/portaltela.pt\/s.01k8rhncp4jt1\/2025\/12\/Press-_172_Foto.jpg","contentUrl":"https:\/\/portaltela.pt\/s.01k8rhncp4jt1\/2025\/12\/Press-_172_Foto.jpg","width":796,"height":448,"caption":"MaisBeiras"},{"@type":"BreadcrumbList","@id":"https:\/\/portaltela.pt\/noticias\/2025\/12\/09\/natal-no-coracao-do-dao-abre-oficialmente-no-cineteatro-municipal-de-nelas\/#breadcrumb","itemListElement":[{"@type":"ListItem","position":1,"name":"In\u00edcio","item":"https:\/\/portaltela.pt\/"},{"@type":"ListItem","position":2,"name":"Natal no Cora\u00e7\u00e3o do D\u00e3o abre oficialmente no Cineteatro Municipal de Nelas"}]},{"@type":"WebSite","@id":"https:\/\/portaltela.pt\/#website","url":"https:\/\/portaltela.pt\/","name":"Portal Tela Portugal","description":"","potentialAction":[{"@type":"SearchAction","target":{"@type":"EntryPoint","urlTemplate":"https:\/\/portaltela.pt\/?s={search_term_string}"},"query-input":{"@type":"PropertyValueSpecification","valueRequired":true,"valueName":"search_term_string"}}],"inLanguage":"pt-PT"},{"@type":"Person","@id":"https:\/\/portaltela.pt\/#\/schema\/person\/c4278d4a6028830caff9ee44b42d32ed","name":"Telinha","image":{"@type":"ImageObject","inLanguage":"pt-PT","@id":"https:\/\/portaltela.pt\/s.01k8rhncp4jt1\/2025\/11\/talking-bot-125x125.png","url":"https:\/\/portaltela.pt\/s.01k8rhncp4jt1\/2025\/11\/talking-bot-125x125.png","contentUrl":"https:\/\/portaltela.pt\/s.01k8rhncp4jt1\/2025\/11\/talking-bot-125x125.png","caption":"Telinha"},"sameAs":["https:\/\/portaltela.pt\/"],"url":"https:\/\/portaltela.pt\/por\/367410592786\/"}]}},"_links":{"self":[{"href":"https:\/\/portaltela.pt\/api\/wp\/v2\/posts\/60961","targetHints":{"allow":["GET"]}}],"collection":[{"href":"https:\/\/portaltela.pt\/api\/wp\/v2\/posts"}],"about":[{"href":"https:\/\/portaltela.pt\/api\/wp\/v2\/types\/post"}],"author":[{"embeddable":true,"href":"https:\/\/portaltela.pt\/api\/wp\/v2\/users\/2"}],"replies":[{"embeddable":true,"href":"https:\/\/portaltela.pt\/api\/wp\/v2\/comments?post=60961"}],"version-history":[{"count":0,"href":"https:\/\/portaltela.pt\/api\/wp\/v2\/posts\/60961\/revisions"}],"wp:featuredmedia":[{"embeddable":true,"href":"https:\/\/portaltela.pt\/api\/wp\/v2\/media\/60964"}],"wp:attachment":[{"href":"https:\/\/portaltela.pt\/api\/wp\/v2\/media?parent=60961"}],"wp:term":[{"taxonomy":"category","embeddable":true,"href":"https:\/\/portaltela.pt\/api\/wp\/v2\/categories?post=60961"},{"taxonomy":"post_tag","embeddable":true,"href":"https:\/\/portaltela.pt\/api\/wp\/v2\/tags?post=60961"}],"curies":[{"name":"wp","href":"https:\/\/api.w.org\/{rel}","templated":true}]}}