{"id":60783,"date":"2025-12-08T21:00:00","date_gmt":"2025-12-09T00:00:00","guid":{"rendered":"https:\/\/portaltela.pt\/noticias\/2025\/12\/08\/aldi-mantem-confianca-dos-portugueses-ao-receber-sabor-do-ano-pelo-oitavo-ano\/"},"modified":"2025-12-08T21:00:00","modified_gmt":"2025-12-09T00:00:00","slug":"aldi-mantem-confianca-dos-portugueses-ao-receber-sabor-do-ano-pelo-oitavo-ano","status":"publish","type":"post","link":"https:\/\/portaltela.pt\/noticias\/2025\/12\/08\/aldi-mantem-confianca-dos-portugueses-ao-receber-sabor-do-ano-pelo-oitavo-ano\/","title":{"rendered":"Aldi mant\u00e9m confian\u00e7a dos portugueses ao receber Sabor do Ano pelo oitavo ano"},"content":{"rendered":"<p>ALDI volta a ser reconhecida pela qualidade dos seus produtos, conquistando pela terceira vez consecutiva o Pr\u00e9mio Sabor do Ano em 2025. A ins\u00edgnia recebeu distin\u00e7\u00f5es nas categorias Standard\/Cl\u00e1ssico, Made in Portugal, Bio e TOP Inova\u00e7\u00e3o, abrangendo v\u00e1rias linhas de produtos.<\/p>\n<p>Os pr\u00e9mios celebram a atua\u00e7\u00e3o da ALDI em Portugal, com produtos premiados disponibilizados em mais de 150 lojas do pa\u00eds, de norte a sul. A destacada presen\u00e7a inclui itens de p\u00e3o e pastelaria, saladas, vinhos, sobremesas, charcutaria e queijaria, entre outros. O Sabor do Ano refor\u00e7a a aposta da marca na diversidade, tradi\u00e7\u00e3o e inova\u00e7\u00e3o.<\/p>\n<h3>Metodologia do pr\u00e9mio<\/h3>\n<p>O Sabor do Ano \u00e9 promovido pela Global Quality Iberia e baseia-se em provas cegas por um painel de 80 consumidores. Cada produto \u00e9 avaliado sem refer\u00eancia \u00e0 marca, sob supervis\u00e3o laboratorial. Participantes classificam aspeto, odor, textura, sabor e satisfa\u00e7\u00e3o global numa escala de 0 a 10.<\/p>\n<h3>Significado para o consumidor<\/h3>\n<p>A avalia\u00e7\u00e3o \u00e9 independente e visa garantir imparcialidade. Os artigos ALDI obtiveram as melhores classifica\u00e7\u00f5es dentro das respetivas categorias, fortalecendo a confian\u00e7a no selo junto dos consumidores. A aposta em produtos nacionais, biol\u00f3gicos e inovadores continua a orientar a oferta da rede.<\/p>\n","protected":false},"excerpt":{"rendered":"<ul>\n<li>Em 2025, pela terceira vez consecutiva, a ALDI \u00e9 a ins\u00edgnia mais premiada no Pr\u00e9mio Sabor do Ano, com distin\u00e7\u00f5es nas categorias Standard\/Cl\u00e1ssico, Made in Portugal, Bio e TOP Inova\u00e7\u00e3o.<\/li>\n<li>Os pr\u00e9mios abrangem v\u00e1rias linhas de produtos, dispon\u00edveis em mais de 150 lojas ALDI no pa\u00eds, de norte a sul.<\/li>\n<li>O Sabor do Ano \u00e9 uma m\u00e9trica independente com provas cegas de 80 consumidores, que avaliam aspeto, odor, textura, sabor e satisfa\u00e7\u00e3o.<\/li>\n<li>Os itens premiados incluem p\u00e3o, pastelaria, saladas, vinhos, sobremesas, charcutaria e queijaria, combinando op\u00e7\u00f5es cl\u00e1ssicas, biol\u00f3gicas e inovadoras.<\/li>\n<li>A ALDI refor\u00e7a o seu posicionamento como discounter de refer\u00eancia, com foco em produtos nacionais, biol\u00f3gicos, vegetarianos e vegan, mantendo a melhor rela\u00e7\u00e3o qualidade-pre\u00e7o.<\/li>\n<\/ul>\n","protected":false},"author":2,"featured_media":60786,"comment_status":"closed","ping_status":"closed","sticky":false,"template":"","format":"standard","meta":{"footnotes":""},"categories":[1],"tags":[1034,219,1033,1014,1035,779],"class_list":["post-60783","post","type-post","status-publish","format-standard","has-post-thumbnail","hentry","category-noticias","tag-charcutaria","tag-gastronomia","tag-made-in-portugal","tag-portugal","tag-queijaria","tag-vinhos"],"yoast_head":"<!-- This site is optimized with the Yoast SEO plugin v27.2 - https:\/\/yoast.com\/product\/yoast-seo-wordpress\/ -->\n<title>Aldi mant\u00e9m confian\u00e7a dos portugueses ao receber Sabor do Ano pelo oitavo ano - Portal Tela Portugal<\/title>\n<meta name=\"robots\" content=\"index, follow, max-snippet:-1, max-image-preview:large, max-video-preview:-1\" \/>\n<meta property=\"og:locale\" content=\"pt_PT\" \/>\n<meta property=\"og:type\" content=\"article\" \/>\n<meta property=\"og:title\" content=\"Aldi mant\u00e9m confian\u00e7a dos portugueses ao receber Sabor do Ano pelo oitavo ano - Portal Tela Portugal\" \/>\n<meta property=\"og:description\" content=\"Em 2025, pela terceira vez consecutiva, a ALDI \u00e9 a ins\u00edgnia mais premiada no Pr\u00e9mio Sabor do Ano, com distin\u00e7\u00f5es nas categorias Standard\/Cl\u00e1ssico, Made in Portugal, Bio e TOP Inova\u00e7\u00e3o. Os pr\u00e9mios abrangem v\u00e1rias linhas de produtos, dispon\u00edveis em mais de 150 lojas ALDI no pa\u00eds, de norte a sul. O Sabor do Ano \u00e9 uma m\u00e9trica independente com provas cegas de 80 consumidores, que avaliam aspeto, odor, textura, sabor e satisfa\u00e7\u00e3o. Os itens premiados incluem p\u00e3o, pastelaria, saladas, vinhos, sobremesas, charcutaria e queijaria, combinando op\u00e7\u00f5es cl\u00e1ssicas, biol\u00f3gicas e inovadoras. A ALDI refor\u00e7a o seu posicionamento como discounter de refer\u00eancia, com foco em produtos nacionais, biol\u00f3gicos, vegetarianos e vegan, mantendo a melhor rela\u00e7\u00e3o qualidade-pre\u00e7o.\" \/>\n<meta property=\"og:url\" content=\"https:\/\/portaltela.pt\/noticias\/2025\/12\/08\/aldi-mantem-confianca-dos-portugueses-ao-receber-sabor-do-ano-pelo-oitavo-ano\/\" \/>\n<meta property=\"og:site_name\" content=\"Portal Tela Portugal\" \/>\n<meta property=\"article:published_time\" content=\"2025-12-09T00:00:00+00:00\" \/>\n<meta name=\"author\" content=\"Telinha\" \/>\n<meta name=\"twitter:card\" content=\"summary_large_image\" \/>\n<meta name=\"twitter:label1\" content=\"Escrito por\" \/>\n\t<meta name=\"twitter:data1\" content=\"Telinha\" \/>\n\t<meta name=\"twitter:label2\" content=\"Tempo estimado de leitura\" \/>\n\t<meta name=\"twitter:data2\" content=\"1 minuto\" \/>\n<script type=\"application\/ld+json\" class=\"yoast-schema-graph\">{\"@context\":\"https:\/\/schema.org\",\"@graph\":[{\"@type\":\"Article\",\"@id\":\"https:\/\/portaltela.pt\/noticias\/2025\/12\/08\/aldi-mantem-confianca-dos-portugueses-ao-receber-sabor-do-ano-pelo-oitavo-ano\/#article\",\"isPartOf\":{\"@id\":\"https:\/\/portaltela.pt\/noticias\/2025\/12\/08\/aldi-mantem-confianca-dos-portugueses-ao-receber-sabor-do-ano-pelo-oitavo-ano\/\"},\"author\":{\"name\":\"Telinha\",\"@id\":\"https:\/\/portaltela.pt\/#\/schema\/person\/c4278d4a6028830caff9ee44b42d32ed\"},\"headline\":\"Aldi mant\u00e9m confian\u00e7a dos portugueses ao receber Sabor do Ano pelo oitavo ano\",\"datePublished\":\"2025-12-09T00:00:00+00:00\",\"mainEntityOfPage\":{\"@id\":\"https:\/\/portaltela.pt\/noticias\/2025\/12\/08\/aldi-mantem-confianca-dos-portugueses-ao-receber-sabor-do-ano-pelo-oitavo-ano\/\"},\"wordCount\":221,\"image\":{\"@id\":\"https:\/\/portaltela.pt\/noticias\/2025\/12\/08\/aldi-mantem-confianca-dos-portugueses-ao-receber-sabor-do-ano-pelo-oitavo-ano\/#primaryimage\"},\"thumbnailUrl\":\"https:\/\/portaltela.pt\/s.01k8rhncp4jt1\/2025\/12\/61e05d79-d3a0-4ee1-a40e-a3a1f85f52be_1200x675.jpg\",\"keywords\":[\"charcutaria\",\"gastronomia\",\"Made in Portugal\",\"Portugal\",\"queijaria\",\"vinhos\"],\"articleSection\":[\"Not\u00edcias\"],\"inLanguage\":\"pt-PT\"},{\"@type\":\"WebPage\",\"@id\":\"https:\/\/portaltela.pt\/noticias\/2025\/12\/08\/aldi-mantem-confianca-dos-portugueses-ao-receber-sabor-do-ano-pelo-oitavo-ano\/\",\"url\":\"https:\/\/portaltela.pt\/noticias\/2025\/12\/08\/aldi-mantem-confianca-dos-portugueses-ao-receber-sabor-do-ano-pelo-oitavo-ano\/\",\"name\":\"Aldi mant\u00e9m confian\u00e7a dos portugueses ao receber Sabor do Ano pelo oitavo ano - Portal Tela Portugal\",\"isPartOf\":{\"@id\":\"https:\/\/portaltela.pt\/#website\"},\"primaryImageOfPage\":{\"@id\":\"https:\/\/portaltela.pt\/noticias\/2025\/12\/08\/aldi-mantem-confianca-dos-portugueses-ao-receber-sabor-do-ano-pelo-oitavo-ano\/#primaryimage\"},\"image\":{\"@id\":\"https:\/\/portaltela.pt\/noticias\/2025\/12\/08\/aldi-mantem-confianca-dos-portugueses-ao-receber-sabor-do-ano-pelo-oitavo-ano\/#primaryimage\"},\"thumbnailUrl\":\"https:\/\/portaltela.pt\/s.01k8rhncp4jt1\/2025\/12\/61e05d79-d3a0-4ee1-a40e-a3a1f85f52be_1200x675.jpg\",\"datePublished\":\"2025-12-09T00:00:00+00:00\",\"author\":{\"@id\":\"https:\/\/portaltela.pt\/#\/schema\/person\/c4278d4a6028830caff9ee44b42d32ed\"},\"breadcrumb\":{\"@id\":\"https:\/\/portaltela.pt\/noticias\/2025\/12\/08\/aldi-mantem-confianca-dos-portugueses-ao-receber-sabor-do-ano-pelo-oitavo-ano\/#breadcrumb\"},\"inLanguage\":\"pt-PT\",\"potentialAction\":[{\"@type\":\"ReadAction\",\"target\":[\"https:\/\/portaltela.pt\/noticias\/2025\/12\/08\/aldi-mantem-confianca-dos-portugueses-ao-receber-sabor-do-ano-pelo-oitavo-ano\/\"]}]},{\"@type\":\"ImageObject\",\"inLanguage\":\"pt-PT\",\"@id\":\"https:\/\/portaltela.pt\/noticias\/2025\/12\/08\/aldi-mantem-confianca-dos-portugueses-ao-receber-sabor-do-ano-pelo-oitavo-ano\/#primaryimage\",\"url\":\"https:\/\/portaltela.pt\/s.01k8rhncp4jt1\/2025\/12\/61e05d79-d3a0-4ee1-a40e-a3a1f85f52be_1200x675.jpg\",\"contentUrl\":\"https:\/\/portaltela.pt\/s.01k8rhncp4jt1\/2025\/12\/61e05d79-d3a0-4ee1-a40e-a3a1f85f52be_1200x675.jpg\",\"width\":796,\"height\":448,\"caption\":\"Imagem de contexto do artigo ALDI mant\u00e9m confian\u00e7a dos portugueses ao receber pelo oitavo ano consecutivo o selo Sabor do Ano\"},{\"@type\":\"BreadcrumbList\",\"@id\":\"https:\/\/portaltela.pt\/noticias\/2025\/12\/08\/aldi-mantem-confianca-dos-portugueses-ao-receber-sabor-do-ano-pelo-oitavo-ano\/#breadcrumb\",\"itemListElement\":[{\"@type\":\"ListItem\",\"position\":1,\"name\":\"In\u00edcio\",\"item\":\"https:\/\/portaltela.pt\/\"},{\"@type\":\"ListItem\",\"position\":2,\"name\":\"Aldi mant\u00e9m confian\u00e7a dos portugueses ao receber Sabor do Ano pelo oitavo ano\"}]},{\"@type\":\"WebSite\",\"@id\":\"https:\/\/portaltela.pt\/#website\",\"url\":\"https:\/\/portaltela.pt\/\",\"name\":\"Portal Tela Portugal\",\"description\":\"\",\"potentialAction\":[{\"@type\":\"SearchAction\",\"target\":{\"@type\":\"EntryPoint\",\"urlTemplate\":\"https:\/\/portaltela.pt\/?s={search_term_string}\"},\"query-input\":{\"@type\":\"PropertyValueSpecification\",\"valueRequired\":true,\"valueName\":\"search_term_string\"}}],\"inLanguage\":\"pt-PT\"},{\"@type\":\"Person\",\"@id\":\"https:\/\/portaltela.pt\/#\/schema\/person\/c4278d4a6028830caff9ee44b42d32ed\",\"name\":\"Telinha\",\"image\":{\"@type\":\"ImageObject\",\"inLanguage\":\"pt-PT\",\"@id\":\"https:\/\/portaltela.pt\/s.01k8rhncp4jt1\/2025\/11\/talking-bot-125x125.png\",\"url\":\"https:\/\/portaltela.pt\/s.01k8rhncp4jt1\/2025\/11\/talking-bot-125x125.png\",\"contentUrl\":\"https:\/\/portaltela.pt\/s.01k8rhncp4jt1\/2025\/11\/talking-bot-125x125.png\",\"caption\":\"Telinha\"},\"sameAs\":[\"https:\/\/portaltela.pt\/\"],\"url\":\"https:\/\/portaltela.pt\/por\/367410592786\/\"}]}<\/script>\n<!-- \/ Yoast SEO plugin. -->","yoast_head_json":{"title":"Aldi mant\u00e9m confian\u00e7a dos portugueses ao receber Sabor do Ano pelo oitavo ano - Portal Tela Portugal","robots":{"index":"index","follow":"follow","max-snippet":"max-snippet:-1","max-image-preview":"max-image-preview:large","max-video-preview":"max-video-preview:-1"},"og_locale":"pt_PT","og_type":"article","og_title":"Aldi mant\u00e9m confian\u00e7a dos portugueses ao receber Sabor do Ano pelo oitavo ano - Portal Tela Portugal","og_description":"Em 2025, pela terceira vez consecutiva, a ALDI \u00e9 a ins\u00edgnia mais premiada no Pr\u00e9mio Sabor do Ano, com distin\u00e7\u00f5es nas categorias Standard\/Cl\u00e1ssico, Made in Portugal, Bio e TOP Inova\u00e7\u00e3o. Os pr\u00e9mios abrangem v\u00e1rias linhas de produtos, dispon\u00edveis em mais de 150 lojas ALDI no pa\u00eds, de norte a sul. O Sabor do Ano \u00e9 uma m\u00e9trica independente com provas cegas de 80 consumidores, que avaliam aspeto, odor, textura, sabor e satisfa\u00e7\u00e3o. Os itens premiados incluem p\u00e3o, pastelaria, saladas, vinhos, sobremesas, charcutaria e queijaria, combinando op\u00e7\u00f5es cl\u00e1ssicas, biol\u00f3gicas e inovadoras. A ALDI refor\u00e7a o seu posicionamento como discounter de refer\u00eancia, com foco em produtos nacionais, biol\u00f3gicos, vegetarianos e vegan, mantendo a melhor rela\u00e7\u00e3o qualidade-pre\u00e7o.","og_url":"https:\/\/portaltela.pt\/noticias\/2025\/12\/08\/aldi-mantem-confianca-dos-portugueses-ao-receber-sabor-do-ano-pelo-oitavo-ano\/","og_site_name":"Portal Tela Portugal","article_published_time":"2025-12-09T00:00:00+00:00","author":"Telinha","twitter_card":"summary_large_image","twitter_misc":{"Escrito por":"Telinha","Tempo estimado de leitura":"1 minuto"},"schema":{"@context":"https:\/\/schema.org","@graph":[{"@type":"Article","@id":"https:\/\/portaltela.pt\/noticias\/2025\/12\/08\/aldi-mantem-confianca-dos-portugueses-ao-receber-sabor-do-ano-pelo-oitavo-ano\/#article","isPartOf":{"@id":"https:\/\/portaltela.pt\/noticias\/2025\/12\/08\/aldi-mantem-confianca-dos-portugueses-ao-receber-sabor-do-ano-pelo-oitavo-ano\/"},"author":{"name":"Telinha","@id":"https:\/\/portaltela.pt\/#\/schema\/person\/c4278d4a6028830caff9ee44b42d32ed"},"headline":"Aldi mant\u00e9m confian\u00e7a dos portugueses ao receber Sabor do Ano pelo oitavo ano","datePublished":"2025-12-09T00:00:00+00:00","mainEntityOfPage":{"@id":"https:\/\/portaltela.pt\/noticias\/2025\/12\/08\/aldi-mantem-confianca-dos-portugueses-ao-receber-sabor-do-ano-pelo-oitavo-ano\/"},"wordCount":221,"image":{"@id":"https:\/\/portaltela.pt\/noticias\/2025\/12\/08\/aldi-mantem-confianca-dos-portugueses-ao-receber-sabor-do-ano-pelo-oitavo-ano\/#primaryimage"},"thumbnailUrl":"https:\/\/portaltela.pt\/s.01k8rhncp4jt1\/2025\/12\/61e05d79-d3a0-4ee1-a40e-a3a1f85f52be_1200x675.jpg","keywords":["charcutaria","gastronomia","Made in Portugal","Portugal","queijaria","vinhos"],"articleSection":["Not\u00edcias"],"inLanguage":"pt-PT"},{"@type":"WebPage","@id":"https:\/\/portaltela.pt\/noticias\/2025\/12\/08\/aldi-mantem-confianca-dos-portugueses-ao-receber-sabor-do-ano-pelo-oitavo-ano\/","url":"https:\/\/portaltela.pt\/noticias\/2025\/12\/08\/aldi-mantem-confianca-dos-portugueses-ao-receber-sabor-do-ano-pelo-oitavo-ano\/","name":"Aldi mant\u00e9m confian\u00e7a dos portugueses ao receber Sabor do Ano pelo oitavo ano - Portal Tela Portugal","isPartOf":{"@id":"https:\/\/portaltela.pt\/#website"},"primaryImageOfPage":{"@id":"https:\/\/portaltela.pt\/noticias\/2025\/12\/08\/aldi-mantem-confianca-dos-portugueses-ao-receber-sabor-do-ano-pelo-oitavo-ano\/#primaryimage"},"image":{"@id":"https:\/\/portaltela.pt\/noticias\/2025\/12\/08\/aldi-mantem-confianca-dos-portugueses-ao-receber-sabor-do-ano-pelo-oitavo-ano\/#primaryimage"},"thumbnailUrl":"https:\/\/portaltela.pt\/s.01k8rhncp4jt1\/2025\/12\/61e05d79-d3a0-4ee1-a40e-a3a1f85f52be_1200x675.jpg","datePublished":"2025-12-09T00:00:00+00:00","author":{"@id":"https:\/\/portaltela.pt\/#\/schema\/person\/c4278d4a6028830caff9ee44b42d32ed"},"breadcrumb":{"@id":"https:\/\/portaltela.pt\/noticias\/2025\/12\/08\/aldi-mantem-confianca-dos-portugueses-ao-receber-sabor-do-ano-pelo-oitavo-ano\/#breadcrumb"},"inLanguage":"pt-PT","potentialAction":[{"@type":"ReadAction","target":["https:\/\/portaltela.pt\/noticias\/2025\/12\/08\/aldi-mantem-confianca-dos-portugueses-ao-receber-sabor-do-ano-pelo-oitavo-ano\/"]}]},{"@type":"ImageObject","inLanguage":"pt-PT","@id":"https:\/\/portaltela.pt\/noticias\/2025\/12\/08\/aldi-mantem-confianca-dos-portugueses-ao-receber-sabor-do-ano-pelo-oitavo-ano\/#primaryimage","url":"https:\/\/portaltela.pt\/s.01k8rhncp4jt1\/2025\/12\/61e05d79-d3a0-4ee1-a40e-a3a1f85f52be_1200x675.jpg","contentUrl":"https:\/\/portaltela.pt\/s.01k8rhncp4jt1\/2025\/12\/61e05d79-d3a0-4ee1-a40e-a3a1f85f52be_1200x675.jpg","width":796,"height":448,"caption":"Imagem de contexto do artigo ALDI mant\u00e9m confian\u00e7a dos portugueses ao receber pelo oitavo ano consecutivo o selo Sabor do Ano"},{"@type":"BreadcrumbList","@id":"https:\/\/portaltela.pt\/noticias\/2025\/12\/08\/aldi-mantem-confianca-dos-portugueses-ao-receber-sabor-do-ano-pelo-oitavo-ano\/#breadcrumb","itemListElement":[{"@type":"ListItem","position":1,"name":"In\u00edcio","item":"https:\/\/portaltela.pt\/"},{"@type":"ListItem","position":2,"name":"Aldi mant\u00e9m confian\u00e7a dos portugueses ao receber Sabor do Ano pelo oitavo ano"}]},{"@type":"WebSite","@id":"https:\/\/portaltela.pt\/#website","url":"https:\/\/portaltela.pt\/","name":"Portal Tela Portugal","description":"","potentialAction":[{"@type":"SearchAction","target":{"@type":"EntryPoint","urlTemplate":"https:\/\/portaltela.pt\/?s={search_term_string}"},"query-input":{"@type":"PropertyValueSpecification","valueRequired":true,"valueName":"search_term_string"}}],"inLanguage":"pt-PT"},{"@type":"Person","@id":"https:\/\/portaltela.pt\/#\/schema\/person\/c4278d4a6028830caff9ee44b42d32ed","name":"Telinha","image":{"@type":"ImageObject","inLanguage":"pt-PT","@id":"https:\/\/portaltela.pt\/s.01k8rhncp4jt1\/2025\/11\/talking-bot-125x125.png","url":"https:\/\/portaltela.pt\/s.01k8rhncp4jt1\/2025\/11\/talking-bot-125x125.png","contentUrl":"https:\/\/portaltela.pt\/s.01k8rhncp4jt1\/2025\/11\/talking-bot-125x125.png","caption":"Telinha"},"sameAs":["https:\/\/portaltela.pt\/"],"url":"https:\/\/portaltela.pt\/por\/367410592786\/"}]}},"_links":{"self":[{"href":"https:\/\/portaltela.pt\/api\/wp\/v2\/posts\/60783","targetHints":{"allow":["GET"]}}],"collection":[{"href":"https:\/\/portaltela.pt\/api\/wp\/v2\/posts"}],"about":[{"href":"https:\/\/portaltela.pt\/api\/wp\/v2\/types\/post"}],"author":[{"embeddable":true,"href":"https:\/\/portaltela.pt\/api\/wp\/v2\/users\/2"}],"replies":[{"embeddable":true,"href":"https:\/\/portaltela.pt\/api\/wp\/v2\/comments?post=60783"}],"version-history":[{"count":0,"href":"https:\/\/portaltela.pt\/api\/wp\/v2\/posts\/60783\/revisions"}],"wp:featuredmedia":[{"embeddable":true,"href":"https:\/\/portaltela.pt\/api\/wp\/v2\/media\/60786"}],"wp:attachment":[{"href":"https:\/\/portaltela.pt\/api\/wp\/v2\/media?parent=60783"}],"wp:term":[{"taxonomy":"category","embeddable":true,"href":"https:\/\/portaltela.pt\/api\/wp\/v2\/categories?post=60783"},{"taxonomy":"post_tag","embeddable":true,"href":"https:\/\/portaltela.pt\/api\/wp\/v2\/tags?post=60783"}],"curies":[{"name":"wp","href":"https:\/\/api.w.org\/{rel}","templated":true}]}}