{"id":60610,"date":"2025-12-09T04:31:00","date_gmt":"2025-12-09T07:31:00","guid":{"rendered":"https:\/\/portaltela.pt\/noticias\/2025\/12\/09\/estreante-no-brasileirao-eleito-melhor-do-ano-a-frente-do-campeao\/"},"modified":"2025-12-09T04:31:00","modified_gmt":"2025-12-09T07:31:00","slug":"estreante-no-brasileirao-eleito-melhor-do-ano-a-frente-do-campeao","status":"publish","type":"post","link":"https:\/\/portaltela.pt\/desporto\/futebol\/2025\/12\/09\/estreante-no-brasileirao-eleito-melhor-do-ano-a-frente-do-campeao\/","title":{"rendered":"Estreante no Brasileir\u00e3o eleito Melhor do Ano, \u00e0 frente do campe\u00e3o"},"content":{"rendered":"<p>Rafael Guanaes, 44 anos, conduziu o Mirassol \u00e0 quarta posi\u00e7\u00e3o na estreia na S\u00e9rie A, assegurando vaga direta na Libertadores. O time terminou invicto em casa e teve 56% de aproveitamento no campeonato.<\/p>\n<p>O treinador foi considerado a revela\u00e7\u00e3o da competi\u00e7\u00e3o, superando nomes de peso como Filipe Lu\u00eds e Abel Ferreira, mantendo o Mirassol entre os melhores pela primeira vez na hist\u00f3ria do clube na principal divis\u00e3o.<\/p>\n<p>Guanaes, que iniciou a carreira no Mirassol vindo da \u00faltima divis\u00e3o do estado, reservou agradecimentos a quem ajudou na caminhada. A cerim\u00f4nia de entrega dos pr\u00e9mios oficiais foi promovida pela federa\u00e7\u00e3o brasileira.<\/p>\n<h3>Premia\u00e7\u00e3o oficial dos melhores do campeonato<\/h3>\n<p>Durante o evento, o t\u00e9cnico do Mirassol destacou que o esfor\u00e7o coletivo foi determinante para o desempenho hist\u00f3rico. A entidade organizadora reconheceu o feito da equipa na primeira participa\u00e7\u00e3o na S\u00e9rie A.<\/p>\n<p>O Mirassol encerrou a temporada com marca invicta em casa, um fator destacado pela organiza\u00e7\u00e3o como parte do desempenho consistente do clube durante o campeonato.<\/p>\n","protected":false},"excerpt":{"rendered":"<ul>\n<li>Rafael Guanaes, 44 anos, guiou o Mirassol na S\u00e9rie A pela primeira vez, terminando em 4.\u00ba lugar na estreia.<\/li>\n<li>O clube garantiu uma vaga direta na Ta\u00e7a Libertadores.<\/li>\n<li>O Mirassol terminou o Brasileir\u00e3o invicto em casa, com 56% de aproveitamento.<\/li>\n<li>Na cerim\u00f3nia de entrega dos pr\u00e9mios oficiais, Guanaes agradeceu por ter vindo da \u00faltima divis\u00e3o do estado e disse que ningu\u00e9m faz nada sozinho, mencionando ter superado Filipe Lu\u00eds e Abel Ferreira nos resultados.<\/li>\n<li>O evento foi promovido pela federa\u00e7\u00e3o brasileira.<\/li>\n<\/ul>\n","protected":false},"author":2,"featured_media":60616,"comment_status":"closed","ping_status":"closed","sticky":false,"template":"","format":"standard","meta":{"footnotes":""},"categories":[21,24],"tags":[89,99,152,32],"class_list":["post-60610","post","type-post","status-publish","format-standard","has-post-thumbnail","hentry","category-desporto","category-futebol","tag-brasileirao","tag-campeonato-brasileiro","tag-desporto","tag-futebol"],"yoast_head":"<!-- This site is optimized with the Yoast SEO plugin v27.2 - https:\/\/yoast.com\/product\/yoast-seo-wordpress\/ -->\n<title>Estreante no Brasileir\u00e3o eleito Melhor do Ano, \u00e0 frente do campe\u00e3o - Portal Tela Portugal<\/title>\n<meta name=\"robots\" content=\"index, follow, max-snippet:-1, max-image-preview:large, max-video-preview:-1\" \/>\n<meta property=\"og:locale\" content=\"pt_PT\" \/>\n<meta property=\"og:type\" content=\"article\" \/>\n<meta property=\"og:title\" content=\"Estreante no Brasileir\u00e3o eleito Melhor do Ano, \u00e0 frente do campe\u00e3o - Portal Tela Portugal\" \/>\n<meta property=\"og:description\" content=\"Rafael Guanaes, 44 anos, guiou o Mirassol na S\u00e9rie A pela primeira vez, terminando em 4.\u00ba lugar na estreia. O clube garantiu uma vaga direta na Ta\u00e7a Libertadores. O Mirassol terminou o Brasileir\u00e3o invicto em casa, com 56% de aproveitamento. Na cerim\u00f3nia de entrega dos pr\u00e9mios oficiais, Guanaes agradeceu por ter vindo da \u00faltima divis\u00e3o do estado e disse que ningu\u00e9m faz nada sozinho, mencionando ter superado Filipe Lu\u00eds e Abel Ferreira nos resultados. O evento foi promovido pela federa\u00e7\u00e3o brasileira.\" \/>\n<meta property=\"og:url\" content=\"https:\/\/portaltela.pt\/noticias\/2025\/12\/09\/estreante-no-brasileirao-eleito-melhor-do-ano-a-frente-do-campeao\/\" \/>\n<meta property=\"og:site_name\" content=\"Portal Tela Portugal\" \/>\n<meta property=\"article:published_time\" content=\"2025-12-09T07:31:00+00:00\" \/>\n<meta name=\"author\" content=\"Telinha\" \/>\n<meta name=\"twitter:card\" content=\"summary_large_image\" \/>\n<meta name=\"twitter:label1\" content=\"Escrito por\" \/>\n\t<meta name=\"twitter:data1\" content=\"Telinha\" \/>\n\t<meta name=\"twitter:label2\" content=\"Tempo estimado de leitura\" \/>\n\t<meta name=\"twitter:data2\" content=\"1 minuto\" \/>\n<script type=\"application\/ld+json\" class=\"yoast-schema-graph\">{\"@context\":\"https:\/\/schema.org\",\"@graph\":[{\"@type\":\"Article\",\"@id\":\"https:\/\/portaltela.pt\/noticias\/2025\/12\/09\/estreante-no-brasileirao-eleito-melhor-do-ano-a-frente-do-campeao\/#article\",\"isPartOf\":{\"@id\":\"https:\/\/portaltela.pt\/noticias\/2025\/12\/09\/estreante-no-brasileirao-eleito-melhor-do-ano-a-frente-do-campeao\/\"},\"author\":{\"name\":\"Telinha\",\"@id\":\"https:\/\/portaltela.pt\/#\/schema\/person\/c4278d4a6028830caff9ee44b42d32ed\"},\"headline\":\"Estreante no Brasileir\u00e3o eleito Melhor do Ano, \u00e0 frente do campe\u00e3o\",\"datePublished\":\"2025-12-09T07:31:00+00:00\",\"mainEntityOfPage\":{\"@id\":\"https:\/\/portaltela.pt\/noticias\/2025\/12\/09\/estreante-no-brasileirao-eleito-melhor-do-ano-a-frente-do-campeao\/\"},\"wordCount\":189,\"image\":{\"@id\":\"https:\/\/portaltela.pt\/noticias\/2025\/12\/09\/estreante-no-brasileirao-eleito-melhor-do-ano-a-frente-do-campeao\/#primaryimage\"},\"thumbnailUrl\":\"https:\/\/portaltela.pt\/s.01k8rhncp4jt1\/2025\/12\/589a3bef-7170-4fd0-b917-aa738732b645.jpg\",\"keywords\":[\"brasileir\u00e3o\",\"campeonato brasileiro\",\"desporto\",\"futebol\"],\"articleSection\":[\"Desporto\",\"Futebol\"],\"inLanguage\":\"pt-PT\"},{\"@type\":\"WebPage\",\"@id\":\"https:\/\/portaltela.pt\/noticias\/2025\/12\/09\/estreante-no-brasileirao-eleito-melhor-do-ano-a-frente-do-campeao\/\",\"url\":\"https:\/\/portaltela.pt\/noticias\/2025\/12\/09\/estreante-no-brasileirao-eleito-melhor-do-ano-a-frente-do-campeao\/\",\"name\":\"Estreante no Brasileir\u00e3o eleito Melhor do Ano, \u00e0 frente do campe\u00e3o - Portal Tela Portugal\",\"isPartOf\":{\"@id\":\"https:\/\/portaltela.pt\/#website\"},\"primaryImageOfPage\":{\"@id\":\"https:\/\/portaltela.pt\/noticias\/2025\/12\/09\/estreante-no-brasileirao-eleito-melhor-do-ano-a-frente-do-campeao\/#primaryimage\"},\"image\":{\"@id\":\"https:\/\/portaltela.pt\/noticias\/2025\/12\/09\/estreante-no-brasileirao-eleito-melhor-do-ano-a-frente-do-campeao\/#primaryimage\"},\"thumbnailUrl\":\"https:\/\/portaltela.pt\/s.01k8rhncp4jt1\/2025\/12\/589a3bef-7170-4fd0-b917-aa738732b645.jpg\",\"datePublished\":\"2025-12-09T07:31:00+00:00\",\"author\":{\"@id\":\"https:\/\/portaltela.pt\/#\/schema\/person\/c4278d4a6028830caff9ee44b42d32ed\"},\"breadcrumb\":{\"@id\":\"https:\/\/portaltela.pt\/noticias\/2025\/12\/09\/estreante-no-brasileirao-eleito-melhor-do-ano-a-frente-do-campeao\/#breadcrumb\"},\"inLanguage\":\"pt-PT\",\"potentialAction\":[{\"@type\":\"ReadAction\",\"target\":[\"https:\/\/portaltela.pt\/noticias\/2025\/12\/09\/estreante-no-brasileirao-eleito-melhor-do-ano-a-frente-do-campeao\/\"]}]},{\"@type\":\"ImageObject\",\"inLanguage\":\"pt-PT\",\"@id\":\"https:\/\/portaltela.pt\/noticias\/2025\/12\/09\/estreante-no-brasileirao-eleito-melhor-do-ano-a-frente-do-campeao\/#primaryimage\",\"url\":\"https:\/\/portaltela.pt\/s.01k8rhncp4jt1\/2025\/12\/589a3bef-7170-4fd0-b917-aa738732b645.jpg\",\"contentUrl\":\"https:\/\/portaltela.pt\/s.01k8rhncp4jt1\/2025\/12\/589a3bef-7170-4fd0-b917-aa738732b645.jpg\",\"width\":796,\"height\":448,\"caption\":\"Photo\"},{\"@type\":\"BreadcrumbList\",\"@id\":\"https:\/\/portaltela.pt\/noticias\/2025\/12\/09\/estreante-no-brasileirao-eleito-melhor-do-ano-a-frente-do-campeao\/#breadcrumb\",\"itemListElement\":[{\"@type\":\"ListItem\",\"position\":1,\"name\":\"In\u00edcio\",\"item\":\"https:\/\/portaltela.pt\/\"},{\"@type\":\"ListItem\",\"position\":2,\"name\":\"Estreante no Brasileir\u00e3o eleito Melhor do Ano, \u00e0 frente do campe\u00e3o\"}]},{\"@type\":\"WebSite\",\"@id\":\"https:\/\/portaltela.pt\/#website\",\"url\":\"https:\/\/portaltela.pt\/\",\"name\":\"Portal Tela Portugal\",\"description\":\"\",\"potentialAction\":[{\"@type\":\"SearchAction\",\"target\":{\"@type\":\"EntryPoint\",\"urlTemplate\":\"https:\/\/portaltela.pt\/?s={search_term_string}\"},\"query-input\":{\"@type\":\"PropertyValueSpecification\",\"valueRequired\":true,\"valueName\":\"search_term_string\"}}],\"inLanguage\":\"pt-PT\"},{\"@type\":\"Person\",\"@id\":\"https:\/\/portaltela.pt\/#\/schema\/person\/c4278d4a6028830caff9ee44b42d32ed\",\"name\":\"Telinha\",\"image\":{\"@type\":\"ImageObject\",\"inLanguage\":\"pt-PT\",\"@id\":\"https:\/\/portaltela.pt\/s.01k8rhncp4jt1\/2025\/11\/talking-bot-125x125.png\",\"url\":\"https:\/\/portaltela.pt\/s.01k8rhncp4jt1\/2025\/11\/talking-bot-125x125.png\",\"contentUrl\":\"https:\/\/portaltela.pt\/s.01k8rhncp4jt1\/2025\/11\/talking-bot-125x125.png\",\"caption\":\"Telinha\"},\"sameAs\":[\"https:\/\/portaltela.pt\/\"],\"url\":\"https:\/\/portaltela.pt\/por\/367410592786\/\"}]}<\/script>\n<!-- \/ Yoast SEO plugin. -->","yoast_head_json":{"title":"Estreante no Brasileir\u00e3o eleito Melhor do Ano, \u00e0 frente do campe\u00e3o - Portal Tela Portugal","robots":{"index":"index","follow":"follow","max-snippet":"max-snippet:-1","max-image-preview":"max-image-preview:large","max-video-preview":"max-video-preview:-1"},"og_locale":"pt_PT","og_type":"article","og_title":"Estreante no Brasileir\u00e3o eleito Melhor do Ano, \u00e0 frente do campe\u00e3o - Portal Tela Portugal","og_description":"Rafael Guanaes, 44 anos, guiou o Mirassol na S\u00e9rie A pela primeira vez, terminando em 4.\u00ba lugar na estreia. O clube garantiu uma vaga direta na Ta\u00e7a Libertadores. O Mirassol terminou o Brasileir\u00e3o invicto em casa, com 56% de aproveitamento. Na cerim\u00f3nia de entrega dos pr\u00e9mios oficiais, Guanaes agradeceu por ter vindo da \u00faltima divis\u00e3o do estado e disse que ningu\u00e9m faz nada sozinho, mencionando ter superado Filipe Lu\u00eds e Abel Ferreira nos resultados. O evento foi promovido pela federa\u00e7\u00e3o brasileira.","og_url":"https:\/\/portaltela.pt\/noticias\/2025\/12\/09\/estreante-no-brasileirao-eleito-melhor-do-ano-a-frente-do-campeao\/","og_site_name":"Portal Tela Portugal","article_published_time":"2025-12-09T07:31:00+00:00","author":"Telinha","twitter_card":"summary_large_image","twitter_misc":{"Escrito por":"Telinha","Tempo estimado de leitura":"1 minuto"},"schema":{"@context":"https:\/\/schema.org","@graph":[{"@type":"Article","@id":"https:\/\/portaltela.pt\/noticias\/2025\/12\/09\/estreante-no-brasileirao-eleito-melhor-do-ano-a-frente-do-campeao\/#article","isPartOf":{"@id":"https:\/\/portaltela.pt\/noticias\/2025\/12\/09\/estreante-no-brasileirao-eleito-melhor-do-ano-a-frente-do-campeao\/"},"author":{"name":"Telinha","@id":"https:\/\/portaltela.pt\/#\/schema\/person\/c4278d4a6028830caff9ee44b42d32ed"},"headline":"Estreante no Brasileir\u00e3o eleito Melhor do Ano, \u00e0 frente do campe\u00e3o","datePublished":"2025-12-09T07:31:00+00:00","mainEntityOfPage":{"@id":"https:\/\/portaltela.pt\/noticias\/2025\/12\/09\/estreante-no-brasileirao-eleito-melhor-do-ano-a-frente-do-campeao\/"},"wordCount":189,"image":{"@id":"https:\/\/portaltela.pt\/noticias\/2025\/12\/09\/estreante-no-brasileirao-eleito-melhor-do-ano-a-frente-do-campeao\/#primaryimage"},"thumbnailUrl":"https:\/\/portaltela.pt\/s.01k8rhncp4jt1\/2025\/12\/589a3bef-7170-4fd0-b917-aa738732b645.jpg","keywords":["brasileir\u00e3o","campeonato brasileiro","desporto","futebol"],"articleSection":["Desporto","Futebol"],"inLanguage":"pt-PT"},{"@type":"WebPage","@id":"https:\/\/portaltela.pt\/noticias\/2025\/12\/09\/estreante-no-brasileirao-eleito-melhor-do-ano-a-frente-do-campeao\/","url":"https:\/\/portaltela.pt\/noticias\/2025\/12\/09\/estreante-no-brasileirao-eleito-melhor-do-ano-a-frente-do-campeao\/","name":"Estreante no Brasileir\u00e3o eleito Melhor do Ano, \u00e0 frente do campe\u00e3o - Portal Tela Portugal","isPartOf":{"@id":"https:\/\/portaltela.pt\/#website"},"primaryImageOfPage":{"@id":"https:\/\/portaltela.pt\/noticias\/2025\/12\/09\/estreante-no-brasileirao-eleito-melhor-do-ano-a-frente-do-campeao\/#primaryimage"},"image":{"@id":"https:\/\/portaltela.pt\/noticias\/2025\/12\/09\/estreante-no-brasileirao-eleito-melhor-do-ano-a-frente-do-campeao\/#primaryimage"},"thumbnailUrl":"https:\/\/portaltela.pt\/s.01k8rhncp4jt1\/2025\/12\/589a3bef-7170-4fd0-b917-aa738732b645.jpg","datePublished":"2025-12-09T07:31:00+00:00","author":{"@id":"https:\/\/portaltela.pt\/#\/schema\/person\/c4278d4a6028830caff9ee44b42d32ed"},"breadcrumb":{"@id":"https:\/\/portaltela.pt\/noticias\/2025\/12\/09\/estreante-no-brasileirao-eleito-melhor-do-ano-a-frente-do-campeao\/#breadcrumb"},"inLanguage":"pt-PT","potentialAction":[{"@type":"ReadAction","target":["https:\/\/portaltela.pt\/noticias\/2025\/12\/09\/estreante-no-brasileirao-eleito-melhor-do-ano-a-frente-do-campeao\/"]}]},{"@type":"ImageObject","inLanguage":"pt-PT","@id":"https:\/\/portaltela.pt\/noticias\/2025\/12\/09\/estreante-no-brasileirao-eleito-melhor-do-ano-a-frente-do-campeao\/#primaryimage","url":"https:\/\/portaltela.pt\/s.01k8rhncp4jt1\/2025\/12\/589a3bef-7170-4fd0-b917-aa738732b645.jpg","contentUrl":"https:\/\/portaltela.pt\/s.01k8rhncp4jt1\/2025\/12\/589a3bef-7170-4fd0-b917-aa738732b645.jpg","width":796,"height":448,"caption":"Photo"},{"@type":"BreadcrumbList","@id":"https:\/\/portaltela.pt\/noticias\/2025\/12\/09\/estreante-no-brasileirao-eleito-melhor-do-ano-a-frente-do-campeao\/#breadcrumb","itemListElement":[{"@type":"ListItem","position":1,"name":"In\u00edcio","item":"https:\/\/portaltela.pt\/"},{"@type":"ListItem","position":2,"name":"Estreante no Brasileir\u00e3o eleito Melhor do Ano, \u00e0 frente do campe\u00e3o"}]},{"@type":"WebSite","@id":"https:\/\/portaltela.pt\/#website","url":"https:\/\/portaltela.pt\/","name":"Portal Tela Portugal","description":"","potentialAction":[{"@type":"SearchAction","target":{"@type":"EntryPoint","urlTemplate":"https:\/\/portaltela.pt\/?s={search_term_string}"},"query-input":{"@type":"PropertyValueSpecification","valueRequired":true,"valueName":"search_term_string"}}],"inLanguage":"pt-PT"},{"@type":"Person","@id":"https:\/\/portaltela.pt\/#\/schema\/person\/c4278d4a6028830caff9ee44b42d32ed","name":"Telinha","image":{"@type":"ImageObject","inLanguage":"pt-PT","@id":"https:\/\/portaltela.pt\/s.01k8rhncp4jt1\/2025\/11\/talking-bot-125x125.png","url":"https:\/\/portaltela.pt\/s.01k8rhncp4jt1\/2025\/11\/talking-bot-125x125.png","contentUrl":"https:\/\/portaltela.pt\/s.01k8rhncp4jt1\/2025\/11\/talking-bot-125x125.png","caption":"Telinha"},"sameAs":["https:\/\/portaltela.pt\/"],"url":"https:\/\/portaltela.pt\/por\/367410592786\/"}]}},"_links":{"self":[{"href":"https:\/\/portaltela.pt\/api\/wp\/v2\/posts\/60610","targetHints":{"allow":["GET"]}}],"collection":[{"href":"https:\/\/portaltela.pt\/api\/wp\/v2\/posts"}],"about":[{"href":"https:\/\/portaltela.pt\/api\/wp\/v2\/types\/post"}],"author":[{"embeddable":true,"href":"https:\/\/portaltela.pt\/api\/wp\/v2\/users\/2"}],"replies":[{"embeddable":true,"href":"https:\/\/portaltela.pt\/api\/wp\/v2\/comments?post=60610"}],"version-history":[{"count":0,"href":"https:\/\/portaltela.pt\/api\/wp\/v2\/posts\/60610\/revisions"}],"wp:featuredmedia":[{"embeddable":true,"href":"https:\/\/portaltela.pt\/api\/wp\/v2\/media\/60616"}],"wp:attachment":[{"href":"https:\/\/portaltela.pt\/api\/wp\/v2\/media?parent=60610"}],"wp:term":[{"taxonomy":"category","embeddable":true,"href":"https:\/\/portaltela.pt\/api\/wp\/v2\/categories?post=60610"},{"taxonomy":"post_tag","embeddable":true,"href":"https:\/\/portaltela.pt\/api\/wp\/v2\/tags?post=60610"}],"curies":[{"name":"wp","href":"https:\/\/api.w.org\/{rel}","templated":true}]}}