{"id":60582,"date":"2025-12-08T21:00:00","date_gmt":"2025-12-09T00:00:00","guid":{"rendered":"https:\/\/portaltela.pt\/noticias\/2025\/12\/08\/pode-voltar-ao-trabalho-apos-depressao-ou-burnout\/"},"modified":"2025-12-08T21:00:00","modified_gmt":"2025-12-09T00:00:00","slug":"pode-voltar-ao-trabalho-apos-depressao-ou-burnout","status":"publish","type":"post","link":"https:\/\/portaltela.pt\/noticias\/2025\/12\/08\/pode-voltar-ao-trabalho-apos-depressao-ou-burnout\/","title":{"rendered":"Pode voltar ao trabalho ap\u00f3s depress\u00e3o ou burnout?"},"content":{"rendered":"<p>O novo epis\u00f3dio aborda se existe cura ou apenas manejo da depress\u00e3o. O foco \u00e9 desmentir mitos sobre sa\u00fade mental com base em evid\u00eancias e na pr\u00e1tica cl\u00ednica. Gustavo Jesus, psiquiatra, volta a expor respostas claras \u00e0s d\u00favidas mais comuns.<\/p>\n<p>A produ\u00e7\u00e3o atual tamb\u00e9m questiona se tratamentos como calmantes e antidepressivos causam depend\u00eancia. Em linguagem acess\u00edvel, o especialista desmonta equ\u00edvocos frequentes entre pacientes e familiares. A abordagem \u00e9 baseada em dados m\u00e9dicos e na experi\u00eancia cl\u00ednica.<\/p>\n<p>A edi\u00e7\u00e3o de 9 de dezembro de 2025 sustenta o debate sobre retorno ao trabalho ap\u00f3s depress\u00e3o ou burnout. Discorre sobre quando \u00e9 apropriado retomar responsabilidades e como gerir a transi\u00e7\u00e3o no ambiente laboral. O objetivo \u00e9 orientar sem estigmas.<\/p>\n<h3>Nova edi\u00e7\u00e3o: 9 de dezembro de 2025<\/h3>\n<p>Neste formato, o conte\u00fado enfatiza a diferen\u00e7a entre cura completa e manejo cont\u00ednuo da condi\u00e7\u00e3o. Analisa casos de retorno ao trabalho, considerando limites individuais, apoio terap\u00eautico e ajustes no posto. A discuss\u00e3o mant\u00e9m o foco na informa\u00e7\u00e3o precisa e verific\u00e1vel.<\/p>\n<p>Quem teve depress\u00e3o ou burnout \u00e9 apresentado com dados sobre reabilita\u00e7\u00e3o profissional. O material destaca a import\u00e2ncia de avalia\u00e7\u00f5es m\u00e9dicas, planejamento individual e comunica\u00e7\u00e3o com empregadores. Mant\u00e9m tom neutro e informativo, sem opini\u00e3o pessoal.<\/p>\n<p>Quem acompanha o tema pode esperar esclarecimentos sobre tratamentos, efeitos colaterais e expectativas realistas. A produ\u00e7\u00e3o segue priorizando evid\u00eancias, desmistificando mitos e oferecendo orienta\u00e7\u00e3o baseada em pr\u00e1tica cl\u00ednica.<\/p>\n","protected":false},"excerpt":{"rendered":"<ul>\n<li>A nova edi\u00e7\u00e3o, de 9 de dezembro de 2025, aborda se h\u00e1 cura ou apenas manejo da depress\u00e3o, e o regresso ao trabalho ap\u00f3s depress\u00e3o ou burnout, desmentindo mitos.<\/li>\n<li>O psiquiatra Gustavo Jesus desmistifica ideias sobre sa\u00fade mental, incluindo se superalimentos curam a depress\u00e3o.<\/li>\n<li>Questiona-se se calmantes e antidepressivos provocam depend\u00eancia, apresentando informa\u00e7\u00f5es verific\u00e1veis.<\/li>\n<li>O debate discute se quem j\u00e1 viveu depress\u00e3o ou burnout pode voltar a trabalhar com as mesmas responsabilidades e sucesso.<\/li>\n<li>O foco \u00e9 esclarecer tratamentos e desmentir cren\u00e7as populares, mantendo o tema neutro e informativo.<\/li>\n<\/ul>\n","protected":false},"author":2,"featured_media":60584,"comment_status":"closed","ping_status":"closed","sticky":false,"template":"","format":"standard","meta":{"footnotes":""},"categories":[1],"tags":[163,195,215,172,55,140],"class_list":["post-60582","post","type-post","status-publish","format-standard","has-post-thumbnail","hentry","category-noticias","tag-educacao","tag-informacao","tag-investigacao","tag-saude","tag-saude-mental","tag-tratamentos"],"yoast_head":"<!-- This site is optimized with the Yoast SEO plugin v27.2 - https:\/\/yoast.com\/product\/yoast-seo-wordpress\/ -->\n<title>Pode voltar ao trabalho ap\u00f3s depress\u00e3o ou burnout? - Portal Tela Portugal<\/title>\n<meta name=\"robots\" content=\"index, follow, max-snippet:-1, max-image-preview:large, max-video-preview:-1\" \/>\n<meta property=\"og:locale\" content=\"pt_PT\" \/>\n<meta property=\"og:type\" content=\"article\" \/>\n<meta property=\"og:title\" content=\"Pode voltar ao trabalho ap\u00f3s depress\u00e3o ou burnout? - Portal Tela Portugal\" \/>\n<meta property=\"og:description\" content=\"A nova edi\u00e7\u00e3o, de 9 de dezembro de 2025, aborda se h\u00e1 cura ou apenas manejo da depress\u00e3o, e o regresso ao trabalho ap\u00f3s depress\u00e3o ou burnout, desmentindo mitos. O psiquiatra Gustavo Jesus desmistifica ideias sobre sa\u00fade mental, incluindo se superalimentos curam a depress\u00e3o. Questiona-se se calmantes e antidepressivos provocam depend\u00eancia, apresentando informa\u00e7\u00f5es verific\u00e1veis. O debate discute se quem j\u00e1 viveu depress\u00e3o ou burnout pode voltar a trabalhar com as mesmas responsabilidades e sucesso. O foco \u00e9 esclarecer tratamentos e desmentir cren\u00e7as populares, mantendo o tema neutro e informativo.\" \/>\n<meta property=\"og:url\" content=\"https:\/\/portaltela.pt\/noticias\/2025\/12\/08\/pode-voltar-ao-trabalho-apos-depressao-ou-burnout\/\" \/>\n<meta property=\"og:site_name\" content=\"Portal Tela Portugal\" \/>\n<meta property=\"article:published_time\" content=\"2025-12-09T00:00:00+00:00\" \/>\n<meta name=\"author\" content=\"Telinha\" \/>\n<meta name=\"twitter:card\" content=\"summary_large_image\" \/>\n<meta name=\"twitter:label1\" content=\"Escrito por\" \/>\n\t<meta name=\"twitter:data1\" content=\"Telinha\" \/>\n\t<meta name=\"twitter:label2\" content=\"Tempo estimado de leitura\" \/>\n\t<meta name=\"twitter:data2\" content=\"1 minuto\" \/>\n<script type=\"application\/ld+json\" class=\"yoast-schema-graph\">{\"@context\":\"https:\/\/schema.org\",\"@graph\":[{\"@type\":\"Article\",\"@id\":\"https:\/\/portaltela.pt\/noticias\/2025\/12\/08\/pode-voltar-ao-trabalho-apos-depressao-ou-burnout\/#article\",\"isPartOf\":{\"@id\":\"https:\/\/portaltela.pt\/noticias\/2025\/12\/08\/pode-voltar-ao-trabalho-apos-depressao-ou-burnout\/\"},\"author\":{\"name\":\"Telinha\",\"@id\":\"https:\/\/portaltela.pt\/#\/schema\/person\/c4278d4a6028830caff9ee44b42d32ed\"},\"headline\":\"Pode voltar ao trabalho ap\u00f3s depress\u00e3o ou burnout?\",\"datePublished\":\"2025-12-09T00:00:00+00:00\",\"mainEntityOfPage\":{\"@id\":\"https:\/\/portaltela.pt\/noticias\/2025\/12\/08\/pode-voltar-ao-trabalho-apos-depressao-ou-burnout\/\"},\"wordCount\":268,\"image\":{\"@id\":\"https:\/\/portaltela.pt\/noticias\/2025\/12\/08\/pode-voltar-ao-trabalho-apos-depressao-ou-burnout\/#primaryimage\"},\"thumbnailUrl\":\"https:\/\/portaltela.pt\/s.01k8rhncp4jt1\/2025\/12\/770-podcast-medico-dos-malucos.jpg\",\"keywords\":[\"educa\u00e7\u00e3o\",\"informa\u00e7\u00e3o\",\"investiga\u00e7\u00e3o\",\"sa\u00fade\",\"sa\u00fade mental\",\"tratamentos\"],\"articleSection\":[\"Not\u00edcias\"],\"inLanguage\":\"pt-PT\"},{\"@type\":\"WebPage\",\"@id\":\"https:\/\/portaltela.pt\/noticias\/2025\/12\/08\/pode-voltar-ao-trabalho-apos-depressao-ou-burnout\/\",\"url\":\"https:\/\/portaltela.pt\/noticias\/2025\/12\/08\/pode-voltar-ao-trabalho-apos-depressao-ou-burnout\/\",\"name\":\"Pode voltar ao trabalho ap\u00f3s depress\u00e3o ou burnout? - Portal Tela Portugal\",\"isPartOf\":{\"@id\":\"https:\/\/portaltela.pt\/#website\"},\"primaryImageOfPage\":{\"@id\":\"https:\/\/portaltela.pt\/noticias\/2025\/12\/08\/pode-voltar-ao-trabalho-apos-depressao-ou-burnout\/#primaryimage\"},\"image\":{\"@id\":\"https:\/\/portaltela.pt\/noticias\/2025\/12\/08\/pode-voltar-ao-trabalho-apos-depressao-ou-burnout\/#primaryimage\"},\"thumbnailUrl\":\"https:\/\/portaltela.pt\/s.01k8rhncp4jt1\/2025\/12\/770-podcast-medico-dos-malucos.jpg\",\"datePublished\":\"2025-12-09T00:00:00+00:00\",\"author\":{\"@id\":\"https:\/\/portaltela.pt\/#\/schema\/person\/c4278d4a6028830caff9ee44b42d32ed\"},\"breadcrumb\":{\"@id\":\"https:\/\/portaltela.pt\/noticias\/2025\/12\/08\/pode-voltar-ao-trabalho-apos-depressao-ou-burnout\/#breadcrumb\"},\"inLanguage\":\"pt-PT\",\"potentialAction\":[{\"@type\":\"ReadAction\",\"target\":[\"https:\/\/portaltela.pt\/noticias\/2025\/12\/08\/pode-voltar-ao-trabalho-apos-depressao-ou-burnout\/\"]}]},{\"@type\":\"ImageObject\",\"inLanguage\":\"pt-PT\",\"@id\":\"https:\/\/portaltela.pt\/noticias\/2025\/12\/08\/pode-voltar-ao-trabalho-apos-depressao-ou-burnout\/#primaryimage\",\"url\":\"https:\/\/portaltela.pt\/s.01k8rhncp4jt1\/2025\/12\/770-podcast-medico-dos-malucos.jpg\",\"contentUrl\":\"https:\/\/portaltela.pt\/s.01k8rhncp4jt1\/2025\/12\/770-podcast-medico-dos-malucos.jpg\",\"width\":796,\"height\":448,\"caption\":\"Capa do programa\"},{\"@type\":\"BreadcrumbList\",\"@id\":\"https:\/\/portaltela.pt\/noticias\/2025\/12\/08\/pode-voltar-ao-trabalho-apos-depressao-ou-burnout\/#breadcrumb\",\"itemListElement\":[{\"@type\":\"ListItem\",\"position\":1,\"name\":\"In\u00edcio\",\"item\":\"https:\/\/portaltela.pt\/\"},{\"@type\":\"ListItem\",\"position\":2,\"name\":\"Pode voltar ao trabalho ap\u00f3s depress\u00e3o ou burnout?\"}]},{\"@type\":\"WebSite\",\"@id\":\"https:\/\/portaltela.pt\/#website\",\"url\":\"https:\/\/portaltela.pt\/\",\"name\":\"Portal Tela Portugal\",\"description\":\"\",\"potentialAction\":[{\"@type\":\"SearchAction\",\"target\":{\"@type\":\"EntryPoint\",\"urlTemplate\":\"https:\/\/portaltela.pt\/?s={search_term_string}\"},\"query-input\":{\"@type\":\"PropertyValueSpecification\",\"valueRequired\":true,\"valueName\":\"search_term_string\"}}],\"inLanguage\":\"pt-PT\"},{\"@type\":\"Person\",\"@id\":\"https:\/\/portaltela.pt\/#\/schema\/person\/c4278d4a6028830caff9ee44b42d32ed\",\"name\":\"Telinha\",\"image\":{\"@type\":\"ImageObject\",\"inLanguage\":\"pt-PT\",\"@id\":\"https:\/\/portaltela.pt\/s.01k8rhncp4jt1\/2025\/11\/talking-bot-125x125.png\",\"url\":\"https:\/\/portaltela.pt\/s.01k8rhncp4jt1\/2025\/11\/talking-bot-125x125.png\",\"contentUrl\":\"https:\/\/portaltela.pt\/s.01k8rhncp4jt1\/2025\/11\/talking-bot-125x125.png\",\"caption\":\"Telinha\"},\"sameAs\":[\"https:\/\/portaltela.pt\/\"],\"url\":\"https:\/\/portaltela.pt\/por\/367410592786\/\"}]}<\/script>\n<!-- \/ Yoast SEO plugin. -->","yoast_head_json":{"title":"Pode voltar ao trabalho ap\u00f3s depress\u00e3o ou burnout? - Portal Tela Portugal","robots":{"index":"index","follow":"follow","max-snippet":"max-snippet:-1","max-image-preview":"max-image-preview:large","max-video-preview":"max-video-preview:-1"},"og_locale":"pt_PT","og_type":"article","og_title":"Pode voltar ao trabalho ap\u00f3s depress\u00e3o ou burnout? - Portal Tela Portugal","og_description":"A nova edi\u00e7\u00e3o, de 9 de dezembro de 2025, aborda se h\u00e1 cura ou apenas manejo da depress\u00e3o, e o regresso ao trabalho ap\u00f3s depress\u00e3o ou burnout, desmentindo mitos. O psiquiatra Gustavo Jesus desmistifica ideias sobre sa\u00fade mental, incluindo se superalimentos curam a depress\u00e3o. Questiona-se se calmantes e antidepressivos provocam depend\u00eancia, apresentando informa\u00e7\u00f5es verific\u00e1veis. O debate discute se quem j\u00e1 viveu depress\u00e3o ou burnout pode voltar a trabalhar com as mesmas responsabilidades e sucesso. O foco \u00e9 esclarecer tratamentos e desmentir cren\u00e7as populares, mantendo o tema neutro e informativo.","og_url":"https:\/\/portaltela.pt\/noticias\/2025\/12\/08\/pode-voltar-ao-trabalho-apos-depressao-ou-burnout\/","og_site_name":"Portal Tela Portugal","article_published_time":"2025-12-09T00:00:00+00:00","author":"Telinha","twitter_card":"summary_large_image","twitter_misc":{"Escrito por":"Telinha","Tempo estimado de leitura":"1 minuto"},"schema":{"@context":"https:\/\/schema.org","@graph":[{"@type":"Article","@id":"https:\/\/portaltela.pt\/noticias\/2025\/12\/08\/pode-voltar-ao-trabalho-apos-depressao-ou-burnout\/#article","isPartOf":{"@id":"https:\/\/portaltela.pt\/noticias\/2025\/12\/08\/pode-voltar-ao-trabalho-apos-depressao-ou-burnout\/"},"author":{"name":"Telinha","@id":"https:\/\/portaltela.pt\/#\/schema\/person\/c4278d4a6028830caff9ee44b42d32ed"},"headline":"Pode voltar ao trabalho ap\u00f3s depress\u00e3o ou burnout?","datePublished":"2025-12-09T00:00:00+00:00","mainEntityOfPage":{"@id":"https:\/\/portaltela.pt\/noticias\/2025\/12\/08\/pode-voltar-ao-trabalho-apos-depressao-ou-burnout\/"},"wordCount":268,"image":{"@id":"https:\/\/portaltela.pt\/noticias\/2025\/12\/08\/pode-voltar-ao-trabalho-apos-depressao-ou-burnout\/#primaryimage"},"thumbnailUrl":"https:\/\/portaltela.pt\/s.01k8rhncp4jt1\/2025\/12\/770-podcast-medico-dos-malucos.jpg","keywords":["educa\u00e7\u00e3o","informa\u00e7\u00e3o","investiga\u00e7\u00e3o","sa\u00fade","sa\u00fade mental","tratamentos"],"articleSection":["Not\u00edcias"],"inLanguage":"pt-PT"},{"@type":"WebPage","@id":"https:\/\/portaltela.pt\/noticias\/2025\/12\/08\/pode-voltar-ao-trabalho-apos-depressao-ou-burnout\/","url":"https:\/\/portaltela.pt\/noticias\/2025\/12\/08\/pode-voltar-ao-trabalho-apos-depressao-ou-burnout\/","name":"Pode voltar ao trabalho ap\u00f3s depress\u00e3o ou burnout? - Portal Tela Portugal","isPartOf":{"@id":"https:\/\/portaltela.pt\/#website"},"primaryImageOfPage":{"@id":"https:\/\/portaltela.pt\/noticias\/2025\/12\/08\/pode-voltar-ao-trabalho-apos-depressao-ou-burnout\/#primaryimage"},"image":{"@id":"https:\/\/portaltela.pt\/noticias\/2025\/12\/08\/pode-voltar-ao-trabalho-apos-depressao-ou-burnout\/#primaryimage"},"thumbnailUrl":"https:\/\/portaltela.pt\/s.01k8rhncp4jt1\/2025\/12\/770-podcast-medico-dos-malucos.jpg","datePublished":"2025-12-09T00:00:00+00:00","author":{"@id":"https:\/\/portaltela.pt\/#\/schema\/person\/c4278d4a6028830caff9ee44b42d32ed"},"breadcrumb":{"@id":"https:\/\/portaltela.pt\/noticias\/2025\/12\/08\/pode-voltar-ao-trabalho-apos-depressao-ou-burnout\/#breadcrumb"},"inLanguage":"pt-PT","potentialAction":[{"@type":"ReadAction","target":["https:\/\/portaltela.pt\/noticias\/2025\/12\/08\/pode-voltar-ao-trabalho-apos-depressao-ou-burnout\/"]}]},{"@type":"ImageObject","inLanguage":"pt-PT","@id":"https:\/\/portaltela.pt\/noticias\/2025\/12\/08\/pode-voltar-ao-trabalho-apos-depressao-ou-burnout\/#primaryimage","url":"https:\/\/portaltela.pt\/s.01k8rhncp4jt1\/2025\/12\/770-podcast-medico-dos-malucos.jpg","contentUrl":"https:\/\/portaltela.pt\/s.01k8rhncp4jt1\/2025\/12\/770-podcast-medico-dos-malucos.jpg","width":796,"height":448,"caption":"Capa do programa"},{"@type":"BreadcrumbList","@id":"https:\/\/portaltela.pt\/noticias\/2025\/12\/08\/pode-voltar-ao-trabalho-apos-depressao-ou-burnout\/#breadcrumb","itemListElement":[{"@type":"ListItem","position":1,"name":"In\u00edcio","item":"https:\/\/portaltela.pt\/"},{"@type":"ListItem","position":2,"name":"Pode voltar ao trabalho ap\u00f3s depress\u00e3o ou burnout?"}]},{"@type":"WebSite","@id":"https:\/\/portaltela.pt\/#website","url":"https:\/\/portaltela.pt\/","name":"Portal Tela Portugal","description":"","potentialAction":[{"@type":"SearchAction","target":{"@type":"EntryPoint","urlTemplate":"https:\/\/portaltela.pt\/?s={search_term_string}"},"query-input":{"@type":"PropertyValueSpecification","valueRequired":true,"valueName":"search_term_string"}}],"inLanguage":"pt-PT"},{"@type":"Person","@id":"https:\/\/portaltela.pt\/#\/schema\/person\/c4278d4a6028830caff9ee44b42d32ed","name":"Telinha","image":{"@type":"ImageObject","inLanguage":"pt-PT","@id":"https:\/\/portaltela.pt\/s.01k8rhncp4jt1\/2025\/11\/talking-bot-125x125.png","url":"https:\/\/portaltela.pt\/s.01k8rhncp4jt1\/2025\/11\/talking-bot-125x125.png","contentUrl":"https:\/\/portaltela.pt\/s.01k8rhncp4jt1\/2025\/11\/talking-bot-125x125.png","caption":"Telinha"},"sameAs":["https:\/\/portaltela.pt\/"],"url":"https:\/\/portaltela.pt\/por\/367410592786\/"}]}},"_links":{"self":[{"href":"https:\/\/portaltela.pt\/api\/wp\/v2\/posts\/60582","targetHints":{"allow":["GET"]}}],"collection":[{"href":"https:\/\/portaltela.pt\/api\/wp\/v2\/posts"}],"about":[{"href":"https:\/\/portaltela.pt\/api\/wp\/v2\/types\/post"}],"author":[{"embeddable":true,"href":"https:\/\/portaltela.pt\/api\/wp\/v2\/users\/2"}],"replies":[{"embeddable":true,"href":"https:\/\/portaltela.pt\/api\/wp\/v2\/comments?post=60582"}],"version-history":[{"count":0,"href":"https:\/\/portaltela.pt\/api\/wp\/v2\/posts\/60582\/revisions"}],"wp:featuredmedia":[{"embeddable":true,"href":"https:\/\/portaltela.pt\/api\/wp\/v2\/media\/60584"}],"wp:attachment":[{"href":"https:\/\/portaltela.pt\/api\/wp\/v2\/media?parent=60582"}],"wp:term":[{"taxonomy":"category","embeddable":true,"href":"https:\/\/portaltela.pt\/api\/wp\/v2\/categories?post=60582"},{"taxonomy":"post_tag","embeddable":true,"href":"https:\/\/portaltela.pt\/api\/wp\/v2\/tags?post=60582"}],"curies":[{"name":"wp","href":"https:\/\/api.w.org\/{rel}","templated":true}]}}