{"id":60525,"date":"2025-12-09T03:24:00","date_gmt":"2025-12-09T06:24:00","guid":{"rendered":"https:\/\/portaltela.pt\/noticias\/2025\/12\/09\/homem-detido-por-suspeitas-de-sedicao-no-caso-do-incendio-em-hong-kong\/"},"modified":"2025-12-09T03:24:00","modified_gmt":"2025-12-09T06:24:00","slug":"homem-detido-por-suspeitas-de-sedicao-no-caso-do-incendio-em-hong-kong","status":"publish","type":"post","link":"https:\/\/portaltela.pt\/noticias\/2025\/12\/09\/homem-detido-por-suspeitas-de-sedicao-no-caso-do-incendio-em-hong-kong\/","title":{"rendered":"Homem detido por suspeitas de sedi\u00e7\u00e3o no caso do inc\u00eandio em Hong Kong"},"content":{"rendered":"<p>Um homem de 71 anos foi detido pela Pol\u00edcia de Seguran\u00e7a Nacional de Hong Kong, sob suspeita de publicar materiais sediciosos e de obstruir investiga\u00e7\u00f5es. A deten\u00e7\u00e3o ocorreu no domingo, em Sheng Shui, nos Novos Territ\u00f3rios, a cerca de 10 quil\u00f3metros de Tai Po.<\/p>\n<p>Segundo o Departamento de Seguran\u00e7a Nacional, o suspeito tamb\u00e9m ter\u00e1 manifestado coment\u00e1rios sediciosos ligados ao inc\u00eandio de Wang Fuk Court, ocorrida a 26 de novembro, que matou pelo menos 159 pessoas. Esta \u00e9 a primeira acusa\u00e7\u00e3o de obstru\u00e7\u00e3o apresentada no territ\u00f3rio.<\/p>\n<h3>Investiga\u00e7\u00e3o e identifica\u00e7\u00f5es<\/h3>\n<p>Na segunda-feira \u00e0 noite, o Governo informou que as fam\u00edlias das pessoas dadas como desaparecidas foram contactadas para recolha de amostras de ADN, com o objetivo de identificar restos mortais. Dos 159 corpos encontrados, 19 permanecem n\u00e3o identificados e 31 continuam desaparecidos.<\/p>\n<p>As autoridades indicaram que as buscas continuam na \u00e1rea em redor dos edif\u00edcios e junto ao andaime que desabou. N\u00e3o foram reportados novos vest\u00edgios at\u00e9 ao momento. Fontes citadas pelo South China Morning Post apontam que cerca de 100 fam\u00edlias j\u00e1 foram contactadas e perto de uma d\u00fazia forneceu amostras de ADN.<\/p>\n<p>Uma das entrevistadas, identificada pelo apelo familiar como Chan, disse ao jornal que os resultados poder\u00e3o demorar v\u00e1rias semanas, devido \u00e0 complexidade das an\u00e1lises e \u00e0 compara\u00e7\u00e3o de amostras. As informa\u00e7\u00f5es oficiais n\u00e3o incluem prazos definitivos.<\/p>\n","protected":false},"excerpt":{"rendered":"<ul>\n<li>O Departamento de Seguran\u00e7a Nacional de Hong Kong deteve um homem de 71 anos, suspeito de publicar materiais sediciosos, numa opera\u00e7\u00e3o ligada \u00e0 lei de seguran\u00e7a nacional.<\/li>\n<li>O homem \u00e9 acusado de obstruir investiga\u00e7\u00f5es que ponham em risco a seguran\u00e7a nacional; esta \u00e9 a primeira vez que a acusa\u00e7\u00e3o de obstru\u00e7\u00e3o \u00e9 apresentada no territ\u00f3rio.<\/li>\n<li>A deten\u00e7\u00e3o ocorreu no domingo, em Sheng Shui, nos Novos Territ\u00f3rios, a cerca de dez quil\u00f3metros de Tai Po.<\/li>\n<li>O inc\u00eandio no Wang Fuk Court, registado a 26 de novembro, provocou pelo menos 159 mortos; 19 corpos ainda n\u00e3o foram identificados e h\u00e1 31 pessoas desaparecidas.<\/li>\n<li>A pol\u00edcia contactou fam\u00edlias para recolha de amostras de ADN visando identificar restos mortais; cerca de 100 fam\u00edlias j\u00e1 foram contactadas, com resultados potenciais a demorar semanas.<\/li>\n<\/ul>\n","protected":false},"author":2,"featured_media":60532,"comment_status":"closed","ping_status":"closed","sticky":false,"template":"","format":"standard","meta":{"footnotes":""},"categories":[1],"tags":[177,148,215,217,909,250],"class_list":["post-60525","post","type-post","status-publish","format-standard","has-post-thumbnail","hentry","category-noticias","tag-crimes","tag-familias","tag-investigacao","tag-investigacao-criminal","tag-obstrucao-da-justica","tag-seguranca-publica"],"yoast_head":"<!-- This site is optimized with the Yoast SEO plugin v27.2 - https:\/\/yoast.com\/product\/yoast-seo-wordpress\/ -->\n<title>Homem detido por suspeitas de sedi\u00e7\u00e3o no caso do inc\u00eandio em Hong Kong - Portal Tela Portugal<\/title>\n<meta name=\"robots\" content=\"index, follow, max-snippet:-1, max-image-preview:large, max-video-preview:-1\" \/>\n<meta property=\"og:locale\" content=\"pt_PT\" \/>\n<meta property=\"og:type\" content=\"article\" \/>\n<meta property=\"og:title\" content=\"Homem detido por suspeitas de sedi\u00e7\u00e3o no caso do inc\u00eandio em Hong Kong - Portal Tela Portugal\" \/>\n<meta property=\"og:description\" content=\"O Departamento de Seguran\u00e7a Nacional de Hong Kong deteve um homem de 71 anos, suspeito de publicar materiais sediciosos, numa opera\u00e7\u00e3o ligada \u00e0 lei de seguran\u00e7a nacional. O homem \u00e9 acusado de obstruir investiga\u00e7\u00f5es que ponham em risco a seguran\u00e7a nacional; esta \u00e9 a primeira vez que a acusa\u00e7\u00e3o de obstru\u00e7\u00e3o \u00e9 apresentada no territ\u00f3rio. A deten\u00e7\u00e3o ocorreu no domingo, em Sheng Shui, nos Novos Territ\u00f3rios, a cerca de dez quil\u00f3metros de Tai Po. O inc\u00eandio no Wang Fuk Court, registado a 26 de novembro, provocou pelo menos 159 mortos; 19 corpos ainda n\u00e3o foram identificados e h\u00e1 31 pessoas desaparecidas. A pol\u00edcia contactou fam\u00edlias para recolha de amostras de ADN visando identificar restos mortais; cerca de 100 fam\u00edlias j\u00e1 foram contactadas, com resultados potenciais a demorar semanas.\" \/>\n<meta property=\"og:url\" content=\"https:\/\/portaltela.pt\/noticias\/2025\/12\/09\/homem-detido-por-suspeitas-de-sedicao-no-caso-do-incendio-em-hong-kong\/\" \/>\n<meta property=\"og:site_name\" content=\"Portal Tela Portugal\" \/>\n<meta property=\"article:published_time\" content=\"2025-12-09T06:24:00+00:00\" \/>\n<meta name=\"author\" content=\"Telinha\" \/>\n<meta name=\"twitter:card\" content=\"summary_large_image\" \/>\n<meta name=\"twitter:label1\" content=\"Escrito por\" \/>\n\t<meta name=\"twitter:data1\" content=\"Telinha\" \/>\n\t<meta name=\"twitter:label2\" content=\"Tempo estimado de leitura\" \/>\n\t<meta name=\"twitter:data2\" content=\"1 minuto\" \/>\n<script type=\"application\/ld+json\" class=\"yoast-schema-graph\">{\"@context\":\"https:\/\/schema.org\",\"@graph\":[{\"@type\":\"Article\",\"@id\":\"https:\/\/portaltela.pt\/noticias\/2025\/12\/09\/homem-detido-por-suspeitas-de-sedicao-no-caso-do-incendio-em-hong-kong\/#article\",\"isPartOf\":{\"@id\":\"https:\/\/portaltela.pt\/noticias\/2025\/12\/09\/homem-detido-por-suspeitas-de-sedicao-no-caso-do-incendio-em-hong-kong\/\"},\"author\":{\"name\":\"Telinha\",\"@id\":\"https:\/\/portaltela.pt\/#\/schema\/person\/c4278d4a6028830caff9ee44b42d32ed\"},\"headline\":\"Homem detido por suspeitas de sedi\u00e7\u00e3o no caso do inc\u00eandio em Hong Kong\",\"datePublished\":\"2025-12-09T06:24:00+00:00\",\"mainEntityOfPage\":{\"@id\":\"https:\/\/portaltela.pt\/noticias\/2025\/12\/09\/homem-detido-por-suspeitas-de-sedicao-no-caso-do-incendio-em-hong-kong\/\"},\"wordCount\":249,\"image\":{\"@id\":\"https:\/\/portaltela.pt\/noticias\/2025\/12\/09\/homem-detido-por-suspeitas-de-sedicao-no-caso-do-incendio-em-hong-kong\/#primaryimage\"},\"thumbnailUrl\":\"https:\/\/portaltela.pt\/s.01k8rhncp4jt1\/2025\/12\/naom_6930759e4eef2.jpg\",\"keywords\":[\"crimes\",\"fam\u00edlias\",\"investiga\u00e7\u00e3o\",\"investiga\u00e7\u00e3o criminal\",\"obstru\u00e7\u00e3o da justi\u00e7a\",\"seguran\u00e7a p\u00fablica\"],\"articleSection\":[\"Not\u00edcias\"],\"inLanguage\":\"pt-PT\"},{\"@type\":\"WebPage\",\"@id\":\"https:\/\/portaltela.pt\/noticias\/2025\/12\/09\/homem-detido-por-suspeitas-de-sedicao-no-caso-do-incendio-em-hong-kong\/\",\"url\":\"https:\/\/portaltela.pt\/noticias\/2025\/12\/09\/homem-detido-por-suspeitas-de-sedicao-no-caso-do-incendio-em-hong-kong\/\",\"name\":\"Homem detido por suspeitas de sedi\u00e7\u00e3o no caso do inc\u00eandio em Hong Kong - Portal Tela Portugal\",\"isPartOf\":{\"@id\":\"https:\/\/portaltela.pt\/#website\"},\"primaryImageOfPage\":{\"@id\":\"https:\/\/portaltela.pt\/noticias\/2025\/12\/09\/homem-detido-por-suspeitas-de-sedicao-no-caso-do-incendio-em-hong-kong\/#primaryimage\"},\"image\":{\"@id\":\"https:\/\/portaltela.pt\/noticias\/2025\/12\/09\/homem-detido-por-suspeitas-de-sedicao-no-caso-do-incendio-em-hong-kong\/#primaryimage\"},\"thumbnailUrl\":\"https:\/\/portaltela.pt\/s.01k8rhncp4jt1\/2025\/12\/naom_6930759e4eef2.jpg\",\"datePublished\":\"2025-12-09T06:24:00+00:00\",\"author\":{\"@id\":\"https:\/\/portaltela.pt\/#\/schema\/person\/c4278d4a6028830caff9ee44b42d32ed\"},\"breadcrumb\":{\"@id\":\"https:\/\/portaltela.pt\/noticias\/2025\/12\/09\/homem-detido-por-suspeitas-de-sedicao-no-caso-do-incendio-em-hong-kong\/#breadcrumb\"},\"inLanguage\":\"pt-PT\",\"potentialAction\":[{\"@type\":\"ReadAction\",\"target\":[\"https:\/\/portaltela.pt\/noticias\/2025\/12\/09\/homem-detido-por-suspeitas-de-sedicao-no-caso-do-incendio-em-hong-kong\/\"]}]},{\"@type\":\"ImageObject\",\"inLanguage\":\"pt-PT\",\"@id\":\"https:\/\/portaltela.pt\/noticias\/2025\/12\/09\/homem-detido-por-suspeitas-de-sedicao-no-caso-do-incendio-em-hong-kong\/#primaryimage\",\"url\":\"https:\/\/portaltela.pt\/s.01k8rhncp4jt1\/2025\/12\/naom_6930759e4eef2.jpg\",\"contentUrl\":\"https:\/\/portaltela.pt\/s.01k8rhncp4jt1\/2025\/12\/naom_6930759e4eef2.jpg\",\"width\":796,\"height\":448,\"caption\":\"Not\u00edcias ao Minuto\"},{\"@type\":\"BreadcrumbList\",\"@id\":\"https:\/\/portaltela.pt\/noticias\/2025\/12\/09\/homem-detido-por-suspeitas-de-sedicao-no-caso-do-incendio-em-hong-kong\/#breadcrumb\",\"itemListElement\":[{\"@type\":\"ListItem\",\"position\":1,\"name\":\"In\u00edcio\",\"item\":\"https:\/\/portaltela.pt\/\"},{\"@type\":\"ListItem\",\"position\":2,\"name\":\"Homem detido por suspeitas de sedi\u00e7\u00e3o no caso do inc\u00eandio em Hong Kong\"}]},{\"@type\":\"WebSite\",\"@id\":\"https:\/\/portaltela.pt\/#website\",\"url\":\"https:\/\/portaltela.pt\/\",\"name\":\"Portal Tela Portugal\",\"description\":\"\",\"potentialAction\":[{\"@type\":\"SearchAction\",\"target\":{\"@type\":\"EntryPoint\",\"urlTemplate\":\"https:\/\/portaltela.pt\/?s={search_term_string}\"},\"query-input\":{\"@type\":\"PropertyValueSpecification\",\"valueRequired\":true,\"valueName\":\"search_term_string\"}}],\"inLanguage\":\"pt-PT\"},{\"@type\":\"Person\",\"@id\":\"https:\/\/portaltela.pt\/#\/schema\/person\/c4278d4a6028830caff9ee44b42d32ed\",\"name\":\"Telinha\",\"image\":{\"@type\":\"ImageObject\",\"inLanguage\":\"pt-PT\",\"@id\":\"https:\/\/portaltela.pt\/s.01k8rhncp4jt1\/2025\/11\/talking-bot-125x125.png\",\"url\":\"https:\/\/portaltela.pt\/s.01k8rhncp4jt1\/2025\/11\/talking-bot-125x125.png\",\"contentUrl\":\"https:\/\/portaltela.pt\/s.01k8rhncp4jt1\/2025\/11\/talking-bot-125x125.png\",\"caption\":\"Telinha\"},\"sameAs\":[\"https:\/\/portaltela.pt\/\"],\"url\":\"https:\/\/portaltela.pt\/por\/367410592786\/\"}]}<\/script>\n<!-- \/ Yoast SEO plugin. -->","yoast_head_json":{"title":"Homem detido por suspeitas de sedi\u00e7\u00e3o no caso do inc\u00eandio em Hong Kong - Portal Tela Portugal","robots":{"index":"index","follow":"follow","max-snippet":"max-snippet:-1","max-image-preview":"max-image-preview:large","max-video-preview":"max-video-preview:-1"},"og_locale":"pt_PT","og_type":"article","og_title":"Homem detido por suspeitas de sedi\u00e7\u00e3o no caso do inc\u00eandio em Hong Kong - Portal Tela Portugal","og_description":"O Departamento de Seguran\u00e7a Nacional de Hong Kong deteve um homem de 71 anos, suspeito de publicar materiais sediciosos, numa opera\u00e7\u00e3o ligada \u00e0 lei de seguran\u00e7a nacional. O homem \u00e9 acusado de obstruir investiga\u00e7\u00f5es que ponham em risco a seguran\u00e7a nacional; esta \u00e9 a primeira vez que a acusa\u00e7\u00e3o de obstru\u00e7\u00e3o \u00e9 apresentada no territ\u00f3rio. A deten\u00e7\u00e3o ocorreu no domingo, em Sheng Shui, nos Novos Territ\u00f3rios, a cerca de dez quil\u00f3metros de Tai Po. O inc\u00eandio no Wang Fuk Court, registado a 26 de novembro, provocou pelo menos 159 mortos; 19 corpos ainda n\u00e3o foram identificados e h\u00e1 31 pessoas desaparecidas. A pol\u00edcia contactou fam\u00edlias para recolha de amostras de ADN visando identificar restos mortais; cerca de 100 fam\u00edlias j\u00e1 foram contactadas, com resultados potenciais a demorar semanas.","og_url":"https:\/\/portaltela.pt\/noticias\/2025\/12\/09\/homem-detido-por-suspeitas-de-sedicao-no-caso-do-incendio-em-hong-kong\/","og_site_name":"Portal Tela Portugal","article_published_time":"2025-12-09T06:24:00+00:00","author":"Telinha","twitter_card":"summary_large_image","twitter_misc":{"Escrito por":"Telinha","Tempo estimado de leitura":"1 minuto"},"schema":{"@context":"https:\/\/schema.org","@graph":[{"@type":"Article","@id":"https:\/\/portaltela.pt\/noticias\/2025\/12\/09\/homem-detido-por-suspeitas-de-sedicao-no-caso-do-incendio-em-hong-kong\/#article","isPartOf":{"@id":"https:\/\/portaltela.pt\/noticias\/2025\/12\/09\/homem-detido-por-suspeitas-de-sedicao-no-caso-do-incendio-em-hong-kong\/"},"author":{"name":"Telinha","@id":"https:\/\/portaltela.pt\/#\/schema\/person\/c4278d4a6028830caff9ee44b42d32ed"},"headline":"Homem detido por suspeitas de sedi\u00e7\u00e3o no caso do inc\u00eandio em Hong Kong","datePublished":"2025-12-09T06:24:00+00:00","mainEntityOfPage":{"@id":"https:\/\/portaltela.pt\/noticias\/2025\/12\/09\/homem-detido-por-suspeitas-de-sedicao-no-caso-do-incendio-em-hong-kong\/"},"wordCount":249,"image":{"@id":"https:\/\/portaltela.pt\/noticias\/2025\/12\/09\/homem-detido-por-suspeitas-de-sedicao-no-caso-do-incendio-em-hong-kong\/#primaryimage"},"thumbnailUrl":"https:\/\/portaltela.pt\/s.01k8rhncp4jt1\/2025\/12\/naom_6930759e4eef2.jpg","keywords":["crimes","fam\u00edlias","investiga\u00e7\u00e3o","investiga\u00e7\u00e3o criminal","obstru\u00e7\u00e3o da justi\u00e7a","seguran\u00e7a p\u00fablica"],"articleSection":["Not\u00edcias"],"inLanguage":"pt-PT"},{"@type":"WebPage","@id":"https:\/\/portaltela.pt\/noticias\/2025\/12\/09\/homem-detido-por-suspeitas-de-sedicao-no-caso-do-incendio-em-hong-kong\/","url":"https:\/\/portaltela.pt\/noticias\/2025\/12\/09\/homem-detido-por-suspeitas-de-sedicao-no-caso-do-incendio-em-hong-kong\/","name":"Homem detido por suspeitas de sedi\u00e7\u00e3o no caso do inc\u00eandio em Hong Kong - Portal Tela Portugal","isPartOf":{"@id":"https:\/\/portaltela.pt\/#website"},"primaryImageOfPage":{"@id":"https:\/\/portaltela.pt\/noticias\/2025\/12\/09\/homem-detido-por-suspeitas-de-sedicao-no-caso-do-incendio-em-hong-kong\/#primaryimage"},"image":{"@id":"https:\/\/portaltela.pt\/noticias\/2025\/12\/09\/homem-detido-por-suspeitas-de-sedicao-no-caso-do-incendio-em-hong-kong\/#primaryimage"},"thumbnailUrl":"https:\/\/portaltela.pt\/s.01k8rhncp4jt1\/2025\/12\/naom_6930759e4eef2.jpg","datePublished":"2025-12-09T06:24:00+00:00","author":{"@id":"https:\/\/portaltela.pt\/#\/schema\/person\/c4278d4a6028830caff9ee44b42d32ed"},"breadcrumb":{"@id":"https:\/\/portaltela.pt\/noticias\/2025\/12\/09\/homem-detido-por-suspeitas-de-sedicao-no-caso-do-incendio-em-hong-kong\/#breadcrumb"},"inLanguage":"pt-PT","potentialAction":[{"@type":"ReadAction","target":["https:\/\/portaltela.pt\/noticias\/2025\/12\/09\/homem-detido-por-suspeitas-de-sedicao-no-caso-do-incendio-em-hong-kong\/"]}]},{"@type":"ImageObject","inLanguage":"pt-PT","@id":"https:\/\/portaltela.pt\/noticias\/2025\/12\/09\/homem-detido-por-suspeitas-de-sedicao-no-caso-do-incendio-em-hong-kong\/#primaryimage","url":"https:\/\/portaltela.pt\/s.01k8rhncp4jt1\/2025\/12\/naom_6930759e4eef2.jpg","contentUrl":"https:\/\/portaltela.pt\/s.01k8rhncp4jt1\/2025\/12\/naom_6930759e4eef2.jpg","width":796,"height":448,"caption":"Not\u00edcias ao Minuto"},{"@type":"BreadcrumbList","@id":"https:\/\/portaltela.pt\/noticias\/2025\/12\/09\/homem-detido-por-suspeitas-de-sedicao-no-caso-do-incendio-em-hong-kong\/#breadcrumb","itemListElement":[{"@type":"ListItem","position":1,"name":"In\u00edcio","item":"https:\/\/portaltela.pt\/"},{"@type":"ListItem","position":2,"name":"Homem detido por suspeitas de sedi\u00e7\u00e3o no caso do inc\u00eandio em Hong Kong"}]},{"@type":"WebSite","@id":"https:\/\/portaltela.pt\/#website","url":"https:\/\/portaltela.pt\/","name":"Portal Tela Portugal","description":"","potentialAction":[{"@type":"SearchAction","target":{"@type":"EntryPoint","urlTemplate":"https:\/\/portaltela.pt\/?s={search_term_string}"},"query-input":{"@type":"PropertyValueSpecification","valueRequired":true,"valueName":"search_term_string"}}],"inLanguage":"pt-PT"},{"@type":"Person","@id":"https:\/\/portaltela.pt\/#\/schema\/person\/c4278d4a6028830caff9ee44b42d32ed","name":"Telinha","image":{"@type":"ImageObject","inLanguage":"pt-PT","@id":"https:\/\/portaltela.pt\/s.01k8rhncp4jt1\/2025\/11\/talking-bot-125x125.png","url":"https:\/\/portaltela.pt\/s.01k8rhncp4jt1\/2025\/11\/talking-bot-125x125.png","contentUrl":"https:\/\/portaltela.pt\/s.01k8rhncp4jt1\/2025\/11\/talking-bot-125x125.png","caption":"Telinha"},"sameAs":["https:\/\/portaltela.pt\/"],"url":"https:\/\/portaltela.pt\/por\/367410592786\/"}]}},"_links":{"self":[{"href":"https:\/\/portaltela.pt\/api\/wp\/v2\/posts\/60525","targetHints":{"allow":["GET"]}}],"collection":[{"href":"https:\/\/portaltela.pt\/api\/wp\/v2\/posts"}],"about":[{"href":"https:\/\/portaltela.pt\/api\/wp\/v2\/types\/post"}],"author":[{"embeddable":true,"href":"https:\/\/portaltela.pt\/api\/wp\/v2\/users\/2"}],"replies":[{"embeddable":true,"href":"https:\/\/portaltela.pt\/api\/wp\/v2\/comments?post=60525"}],"version-history":[{"count":0,"href":"https:\/\/portaltela.pt\/api\/wp\/v2\/posts\/60525\/revisions"}],"wp:featuredmedia":[{"embeddable":true,"href":"https:\/\/portaltela.pt\/api\/wp\/v2\/media\/60532"}],"wp:attachment":[{"href":"https:\/\/portaltela.pt\/api\/wp\/v2\/media?parent=60525"}],"wp:term":[{"taxonomy":"category","embeddable":true,"href":"https:\/\/portaltela.pt\/api\/wp\/v2\/categories?post=60525"},{"taxonomy":"post_tag","embeddable":true,"href":"https:\/\/portaltela.pt\/api\/wp\/v2\/tags?post=60525"}],"curies":[{"name":"wp","href":"https:\/\/api.w.org\/{rel}","templated":true}]}}