{"id":60443,"date":"2025-12-08T22:30:00","date_gmt":"2025-12-09T01:30:00","guid":{"rendered":"https:\/\/portaltela.pt\/noticias\/2025\/12\/08\/homem-absolvido-de-cortar-cabos-de-telecomunicacoes-apos-um-ano-de-espera\/"},"modified":"2025-12-08T22:30:00","modified_gmt":"2025-12-09T01:30:00","slug":"homem-absolvido-de-cortar-cabos-de-telecomunicacoes-apos-um-ano-de-espera","status":"publish","type":"post","link":"https:\/\/portaltela.pt\/noticias\/2025\/12\/08\/homem-absolvido-de-cortar-cabos-de-telecomunicacoes-apos-um-ano-de-espera\/","title":{"rendered":"Homem absolvido de cortar cabos de telecomunica\u00e7\u00f5es ap\u00f3s um ano de espera"},"content":{"rendered":"<p>O propriet\u00e1rio de uma unidade de alojamento local em Cantanhede cortou cabos de telecomunica\u00e7\u00f5es instalados no seu terreno, ap\u00f3s quase um ano de espera pela remo\u00e7\u00e3o de um poste. O caso ganhou repercuss\u00e3o ap\u00f3s o epis\u00f3dio de 20 de fevereiro de 2024, envolvendo a operadora de telecomunica\u00e7\u00f5es.<\/p>\n<p>O pedido de desvio do tra\u00e7ado das linhas foi apresentado pela primeira vez em 22 de mar\u00e7o de 2023. Desde ent\u00e3o, o arguido apresentou centenas de reclama\u00e7\u00f5es por escrito, por telefone e presencialmente na loja da operadora. Em outubro do mesmo ano, reconheceu ter cortado um cabo, o que levou \u00e0 interven\u00e7\u00e3o dos t\u00e9cnicos na propriedade.<\/p>\n<h3>Jun\u00e7\u00e3o de informa\u00e7\u00f5es e julgamento<\/h3>\n<p>A justi\u00e7a ouviu que a rede esteve indispon\u00edvel para moradores e que a obra de instala\u00e7\u00e3o de uma unidade de alojamento local estava praticamente conclu\u00edda. O pr\u00e9dio encontrava-se na fase final de licenciamento, com o alvar\u00e1 em processo.<\/p>\n<p>Segundo o MP, no dia 20 de fevereiro de 2024, o morador utilizou uma tesoura de jardim para cortar as linhas, no quintal da habita\u00e7\u00e3o. O ato provocou a interrup\u00e7\u00e3o do servi\u00e7o e implicou um preju\u00edzo de 5 418,92 euros para a operadora.<\/p>\n<p>A comunidade local descreve o epis\u00f3dio como uma rea\u00e7\u00e3o ao atraso da remo\u00e7\u00e3o do poste pela operadora. Uma residente recorda o momento em que o servi\u00e7o caiu e reconhece que o corte foi uma a\u00e7\u00e3o de protesto, embora reconhe\u00e7a que cortar fios n\u00e3o seja aceit\u00e1vel. O advogado do arguido afirmou que a a\u00e7\u00e3o decorreu de frustra\u00e7\u00e3o face \u00e0 demora na resolu\u00e7\u00e3o do assunto. O Tribunal de Cantanhede absolveu o morador do crime de dano qualificado.<\/p>\n","protected":false},"excerpt":{"rendered":"<ul>\n<li>Em Cantanhede, o propriet\u00e1rio de uma unidade de alojamento local cortou os cabos de um poste de telecomunica\u00e7\u00f5es instalado no seu terreno, ap\u00f3s quase um ano de espera pela remo\u00e7\u00e3o.<\/li>\n<li>O primeiro pedido de desvio do tra\u00e7ado das linhas foi apresentado a 22 de mar\u00e7o de 2023; o arguido alegou ter feito centenas de reclama\u00e7\u00f5es por escrito, por telefone e na loja da operadora.<\/li>\n<li>Em outubro de 2023, admitiu ter cortado um cabo, o que levou os t\u00e9cnicos da operadora a deslocarem-se, e a liga\u00e7\u00e3o acabou por ser retomada.<\/li>\n<li>No dia 20 de fevereiro de 2024, com uma tesoura de jardim, cortou as linhas, interrompendo o servi\u00e7o e causando um preju\u00edzo \u00e0 operadora de 5 418,92 euros.<\/li>\n<li>O Tribunal de Cantanhede absolveu-o do crime de dano qualificado, entendendo que a a\u00e7\u00e3o teve natureza de protesto contra a passividade da operadora e n\u00e3o houve prova de inten\u00e7\u00e3o de danificar.<\/li>\n<\/ul>\n","protected":false},"author":2,"featured_media":60448,"comment_status":"closed","ping_status":"closed","sticky":false,"template":"","format":"standard","meta":{"footnotes":""},"categories":[1],"tags":[147,177,848,215,217,803],"class_list":["post-60443","post","type-post","status-publish","format-standard","has-post-thumbnail","hentry","category-noticias","tag-crime","tag-crimes","tag-dano-agravado","tag-investigacao","tag-investigacao-criminal","tag-justica"],"yoast_head":"<!-- This site is optimized with the Yoast SEO plugin v27.2 - https:\/\/yoast.com\/product\/yoast-seo-wordpress\/ -->\n<title>Homem absolvido de cortar cabos de telecomunica\u00e7\u00f5es ap\u00f3s um ano de espera - Portal Tela Portugal<\/title>\n<meta name=\"robots\" content=\"index, follow, max-snippet:-1, max-image-preview:large, max-video-preview:-1\" \/>\n<meta property=\"og:locale\" content=\"pt_PT\" \/>\n<meta property=\"og:type\" content=\"article\" \/>\n<meta property=\"og:title\" content=\"Homem absolvido de cortar cabos de telecomunica\u00e7\u00f5es ap\u00f3s um ano de espera - Portal Tela Portugal\" \/>\n<meta property=\"og:description\" content=\"Em Cantanhede, o propriet\u00e1rio de uma unidade de alojamento local cortou os cabos de um poste de telecomunica\u00e7\u00f5es instalado no seu terreno, ap\u00f3s quase um ano de espera pela remo\u00e7\u00e3o. O primeiro pedido de desvio do tra\u00e7ado das linhas foi apresentado a 22 de mar\u00e7o de 2023; o arguido alegou ter feito centenas de reclama\u00e7\u00f5es por escrito, por telefone e na loja da operadora. Em outubro de 2023, admitiu ter cortado um cabo, o que levou os t\u00e9cnicos da operadora a deslocarem-se, e a liga\u00e7\u00e3o acabou por ser retomada. No dia 20 de fevereiro de 2024, com uma tesoura de jardim, cortou as linhas, interrompendo o servi\u00e7o e causando um preju\u00edzo \u00e0 operadora de 5 418,92 euros. O Tribunal de Cantanhede absolveu-o do crime de dano qualificado, entendendo que a a\u00e7\u00e3o teve natureza de protesto contra a passividade da operadora e n\u00e3o houve prova de inten\u00e7\u00e3o de danificar.\" \/>\n<meta property=\"og:url\" content=\"https:\/\/portaltela.pt\/noticias\/2025\/12\/08\/homem-absolvido-de-cortar-cabos-de-telecomunicacoes-apos-um-ano-de-espera\/\" \/>\n<meta property=\"og:site_name\" content=\"Portal Tela Portugal\" \/>\n<meta property=\"article:published_time\" content=\"2025-12-09T01:30:00+00:00\" \/>\n<meta name=\"author\" content=\"Telinha\" \/>\n<meta name=\"twitter:card\" content=\"summary_large_image\" \/>\n<meta name=\"twitter:label1\" content=\"Escrito por\" \/>\n\t<meta name=\"twitter:data1\" content=\"Telinha\" \/>\n\t<meta name=\"twitter:label2\" content=\"Tempo estimado de leitura\" \/>\n\t<meta name=\"twitter:data2\" content=\"1 minuto\" \/>\n<script type=\"application\/ld+json\" class=\"yoast-schema-graph\">{\"@context\":\"https:\/\/schema.org\",\"@graph\":[{\"@type\":\"Article\",\"@id\":\"https:\/\/portaltela.pt\/noticias\/2025\/12\/08\/homem-absolvido-de-cortar-cabos-de-telecomunicacoes-apos-um-ano-de-espera\/#article\",\"isPartOf\":{\"@id\":\"https:\/\/portaltela.pt\/noticias\/2025\/12\/08\/homem-absolvido-de-cortar-cabos-de-telecomunicacoes-apos-um-ano-de-espera\/\"},\"author\":{\"name\":\"Telinha\",\"@id\":\"https:\/\/portaltela.pt\/#\/schema\/person\/c4278d4a6028830caff9ee44b42d32ed\"},\"headline\":\"Homem absolvido de cortar cabos de telecomunica\u00e7\u00f5es ap\u00f3s um ano de espera\",\"datePublished\":\"2025-12-09T01:30:00+00:00\",\"mainEntityOfPage\":{\"@id\":\"https:\/\/portaltela.pt\/noticias\/2025\/12\/08\/homem-absolvido-de-cortar-cabos-de-telecomunicacoes-apos-um-ano-de-espera\/\"},\"wordCount\":304,\"image\":{\"@id\":\"https:\/\/portaltela.pt\/noticias\/2025\/12\/08\/homem-absolvido-de-cortar-cabos-de-telecomunicacoes-apos-um-ano-de-espera\/#primaryimage\"},\"thumbnailUrl\":\"https:\/\/portaltela.pt\/s.01k8rhncp4jt1\/2025\/12\/img_1280x721uu2025-12-01-17-11-40-2251757.jpg\",\"keywords\":[\"crime\",\"crimes\",\"dano agravado\",\"investiga\u00e7\u00e3o\",\"investiga\u00e7\u00e3o criminal\",\"justi\u00e7a\"],\"articleSection\":[\"Not\u00edcias\"],\"inLanguage\":\"pt-PT\"},{\"@type\":\"WebPage\",\"@id\":\"https:\/\/portaltela.pt\/noticias\/2025\/12\/08\/homem-absolvido-de-cortar-cabos-de-telecomunicacoes-apos-um-ano-de-espera\/\",\"url\":\"https:\/\/portaltela.pt\/noticias\/2025\/12\/08\/homem-absolvido-de-cortar-cabos-de-telecomunicacoes-apos-um-ano-de-espera\/\",\"name\":\"Homem absolvido de cortar cabos de telecomunica\u00e7\u00f5es ap\u00f3s um ano de espera - Portal Tela Portugal\",\"isPartOf\":{\"@id\":\"https:\/\/portaltela.pt\/#website\"},\"primaryImageOfPage\":{\"@id\":\"https:\/\/portaltela.pt\/noticias\/2025\/12\/08\/homem-absolvido-de-cortar-cabos-de-telecomunicacoes-apos-um-ano-de-espera\/#primaryimage\"},\"image\":{\"@id\":\"https:\/\/portaltela.pt\/noticias\/2025\/12\/08\/homem-absolvido-de-cortar-cabos-de-telecomunicacoes-apos-um-ano-de-espera\/#primaryimage\"},\"thumbnailUrl\":\"https:\/\/portaltela.pt\/s.01k8rhncp4jt1\/2025\/12\/img_1280x721uu2025-12-01-17-11-40-2251757.jpg\",\"datePublished\":\"2025-12-09T01:30:00+00:00\",\"author\":{\"@id\":\"https:\/\/portaltela.pt\/#\/schema\/person\/c4278d4a6028830caff9ee44b42d32ed\"},\"breadcrumb\":{\"@id\":\"https:\/\/portaltela.pt\/noticias\/2025\/12\/08\/homem-absolvido-de-cortar-cabos-de-telecomunicacoes-apos-um-ano-de-espera\/#breadcrumb\"},\"inLanguage\":\"pt-PT\",\"potentialAction\":[{\"@type\":\"ReadAction\",\"target\":[\"https:\/\/portaltela.pt\/noticias\/2025\/12\/08\/homem-absolvido-de-cortar-cabos-de-telecomunicacoes-apos-um-ano-de-espera\/\"]}]},{\"@type\":\"ImageObject\",\"inLanguage\":\"pt-PT\",\"@id\":\"https:\/\/portaltela.pt\/noticias\/2025\/12\/08\/homem-absolvido-de-cortar-cabos-de-telecomunicacoes-apos-um-ano-de-espera\/#primaryimage\",\"url\":\"https:\/\/portaltela.pt\/s.01k8rhncp4jt1\/2025\/12\/img_1280x721uu2025-12-01-17-11-40-2251757.jpg\",\"contentUrl\":\"https:\/\/portaltela.pt\/s.01k8rhncp4jt1\/2025\/12\/img_1280x721uu2025-12-01-17-11-40-2251757.jpg\",\"width\":796,\"height\":448,\"caption\":\"FOTO: D.R.\"},{\"@type\":\"BreadcrumbList\",\"@id\":\"https:\/\/portaltela.pt\/noticias\/2025\/12\/08\/homem-absolvido-de-cortar-cabos-de-telecomunicacoes-apos-um-ano-de-espera\/#breadcrumb\",\"itemListElement\":[{\"@type\":\"ListItem\",\"position\":1,\"name\":\"In\u00edcio\",\"item\":\"https:\/\/portaltela.pt\/\"},{\"@type\":\"ListItem\",\"position\":2,\"name\":\"Homem absolvido de cortar cabos de telecomunica\u00e7\u00f5es ap\u00f3s um ano de espera\"}]},{\"@type\":\"WebSite\",\"@id\":\"https:\/\/portaltela.pt\/#website\",\"url\":\"https:\/\/portaltela.pt\/\",\"name\":\"Portal Tela Portugal\",\"description\":\"\",\"potentialAction\":[{\"@type\":\"SearchAction\",\"target\":{\"@type\":\"EntryPoint\",\"urlTemplate\":\"https:\/\/portaltela.pt\/?s={search_term_string}\"},\"query-input\":{\"@type\":\"PropertyValueSpecification\",\"valueRequired\":true,\"valueName\":\"search_term_string\"}}],\"inLanguage\":\"pt-PT\"},{\"@type\":\"Person\",\"@id\":\"https:\/\/portaltela.pt\/#\/schema\/person\/c4278d4a6028830caff9ee44b42d32ed\",\"name\":\"Telinha\",\"image\":{\"@type\":\"ImageObject\",\"inLanguage\":\"pt-PT\",\"@id\":\"https:\/\/portaltela.pt\/s.01k8rhncp4jt1\/2025\/11\/talking-bot-125x125.png\",\"url\":\"https:\/\/portaltela.pt\/s.01k8rhncp4jt1\/2025\/11\/talking-bot-125x125.png\",\"contentUrl\":\"https:\/\/portaltela.pt\/s.01k8rhncp4jt1\/2025\/11\/talking-bot-125x125.png\",\"caption\":\"Telinha\"},\"sameAs\":[\"https:\/\/portaltela.pt\/\"],\"url\":\"https:\/\/portaltela.pt\/por\/367410592786\/\"}]}<\/script>\n<!-- \/ Yoast SEO plugin. -->","yoast_head_json":{"title":"Homem absolvido de cortar cabos de telecomunica\u00e7\u00f5es ap\u00f3s um ano de espera - Portal Tela Portugal","robots":{"index":"index","follow":"follow","max-snippet":"max-snippet:-1","max-image-preview":"max-image-preview:large","max-video-preview":"max-video-preview:-1"},"og_locale":"pt_PT","og_type":"article","og_title":"Homem absolvido de cortar cabos de telecomunica\u00e7\u00f5es ap\u00f3s um ano de espera - Portal Tela Portugal","og_description":"Em Cantanhede, o propriet\u00e1rio de uma unidade de alojamento local cortou os cabos de um poste de telecomunica\u00e7\u00f5es instalado no seu terreno, ap\u00f3s quase um ano de espera pela remo\u00e7\u00e3o. O primeiro pedido de desvio do tra\u00e7ado das linhas foi apresentado a 22 de mar\u00e7o de 2023; o arguido alegou ter feito centenas de reclama\u00e7\u00f5es por escrito, por telefone e na loja da operadora. Em outubro de 2023, admitiu ter cortado um cabo, o que levou os t\u00e9cnicos da operadora a deslocarem-se, e a liga\u00e7\u00e3o acabou por ser retomada. No dia 20 de fevereiro de 2024, com uma tesoura de jardim, cortou as linhas, interrompendo o servi\u00e7o e causando um preju\u00edzo \u00e0 operadora de 5 418,92 euros. O Tribunal de Cantanhede absolveu-o do crime de dano qualificado, entendendo que a a\u00e7\u00e3o teve natureza de protesto contra a passividade da operadora e n\u00e3o houve prova de inten\u00e7\u00e3o de danificar.","og_url":"https:\/\/portaltela.pt\/noticias\/2025\/12\/08\/homem-absolvido-de-cortar-cabos-de-telecomunicacoes-apos-um-ano-de-espera\/","og_site_name":"Portal Tela Portugal","article_published_time":"2025-12-09T01:30:00+00:00","author":"Telinha","twitter_card":"summary_large_image","twitter_misc":{"Escrito por":"Telinha","Tempo estimado de leitura":"1 minuto"},"schema":{"@context":"https:\/\/schema.org","@graph":[{"@type":"Article","@id":"https:\/\/portaltela.pt\/noticias\/2025\/12\/08\/homem-absolvido-de-cortar-cabos-de-telecomunicacoes-apos-um-ano-de-espera\/#article","isPartOf":{"@id":"https:\/\/portaltela.pt\/noticias\/2025\/12\/08\/homem-absolvido-de-cortar-cabos-de-telecomunicacoes-apos-um-ano-de-espera\/"},"author":{"name":"Telinha","@id":"https:\/\/portaltela.pt\/#\/schema\/person\/c4278d4a6028830caff9ee44b42d32ed"},"headline":"Homem absolvido de cortar cabos de telecomunica\u00e7\u00f5es ap\u00f3s um ano de espera","datePublished":"2025-12-09T01:30:00+00:00","mainEntityOfPage":{"@id":"https:\/\/portaltela.pt\/noticias\/2025\/12\/08\/homem-absolvido-de-cortar-cabos-de-telecomunicacoes-apos-um-ano-de-espera\/"},"wordCount":304,"image":{"@id":"https:\/\/portaltela.pt\/noticias\/2025\/12\/08\/homem-absolvido-de-cortar-cabos-de-telecomunicacoes-apos-um-ano-de-espera\/#primaryimage"},"thumbnailUrl":"https:\/\/portaltela.pt\/s.01k8rhncp4jt1\/2025\/12\/img_1280x721uu2025-12-01-17-11-40-2251757.jpg","keywords":["crime","crimes","dano agravado","investiga\u00e7\u00e3o","investiga\u00e7\u00e3o criminal","justi\u00e7a"],"articleSection":["Not\u00edcias"],"inLanguage":"pt-PT"},{"@type":"WebPage","@id":"https:\/\/portaltela.pt\/noticias\/2025\/12\/08\/homem-absolvido-de-cortar-cabos-de-telecomunicacoes-apos-um-ano-de-espera\/","url":"https:\/\/portaltela.pt\/noticias\/2025\/12\/08\/homem-absolvido-de-cortar-cabos-de-telecomunicacoes-apos-um-ano-de-espera\/","name":"Homem absolvido de cortar cabos de telecomunica\u00e7\u00f5es ap\u00f3s um ano de espera - Portal Tela Portugal","isPartOf":{"@id":"https:\/\/portaltela.pt\/#website"},"primaryImageOfPage":{"@id":"https:\/\/portaltela.pt\/noticias\/2025\/12\/08\/homem-absolvido-de-cortar-cabos-de-telecomunicacoes-apos-um-ano-de-espera\/#primaryimage"},"image":{"@id":"https:\/\/portaltela.pt\/noticias\/2025\/12\/08\/homem-absolvido-de-cortar-cabos-de-telecomunicacoes-apos-um-ano-de-espera\/#primaryimage"},"thumbnailUrl":"https:\/\/portaltela.pt\/s.01k8rhncp4jt1\/2025\/12\/img_1280x721uu2025-12-01-17-11-40-2251757.jpg","datePublished":"2025-12-09T01:30:00+00:00","author":{"@id":"https:\/\/portaltela.pt\/#\/schema\/person\/c4278d4a6028830caff9ee44b42d32ed"},"breadcrumb":{"@id":"https:\/\/portaltela.pt\/noticias\/2025\/12\/08\/homem-absolvido-de-cortar-cabos-de-telecomunicacoes-apos-um-ano-de-espera\/#breadcrumb"},"inLanguage":"pt-PT","potentialAction":[{"@type":"ReadAction","target":["https:\/\/portaltela.pt\/noticias\/2025\/12\/08\/homem-absolvido-de-cortar-cabos-de-telecomunicacoes-apos-um-ano-de-espera\/"]}]},{"@type":"ImageObject","inLanguage":"pt-PT","@id":"https:\/\/portaltela.pt\/noticias\/2025\/12\/08\/homem-absolvido-de-cortar-cabos-de-telecomunicacoes-apos-um-ano-de-espera\/#primaryimage","url":"https:\/\/portaltela.pt\/s.01k8rhncp4jt1\/2025\/12\/img_1280x721uu2025-12-01-17-11-40-2251757.jpg","contentUrl":"https:\/\/portaltela.pt\/s.01k8rhncp4jt1\/2025\/12\/img_1280x721uu2025-12-01-17-11-40-2251757.jpg","width":796,"height":448,"caption":"FOTO: D.R."},{"@type":"BreadcrumbList","@id":"https:\/\/portaltela.pt\/noticias\/2025\/12\/08\/homem-absolvido-de-cortar-cabos-de-telecomunicacoes-apos-um-ano-de-espera\/#breadcrumb","itemListElement":[{"@type":"ListItem","position":1,"name":"In\u00edcio","item":"https:\/\/portaltela.pt\/"},{"@type":"ListItem","position":2,"name":"Homem absolvido de cortar cabos de telecomunica\u00e7\u00f5es ap\u00f3s um ano de espera"}]},{"@type":"WebSite","@id":"https:\/\/portaltela.pt\/#website","url":"https:\/\/portaltela.pt\/","name":"Portal Tela Portugal","description":"","potentialAction":[{"@type":"SearchAction","target":{"@type":"EntryPoint","urlTemplate":"https:\/\/portaltela.pt\/?s={search_term_string}"},"query-input":{"@type":"PropertyValueSpecification","valueRequired":true,"valueName":"search_term_string"}}],"inLanguage":"pt-PT"},{"@type":"Person","@id":"https:\/\/portaltela.pt\/#\/schema\/person\/c4278d4a6028830caff9ee44b42d32ed","name":"Telinha","image":{"@type":"ImageObject","inLanguage":"pt-PT","@id":"https:\/\/portaltela.pt\/s.01k8rhncp4jt1\/2025\/11\/talking-bot-125x125.png","url":"https:\/\/portaltela.pt\/s.01k8rhncp4jt1\/2025\/11\/talking-bot-125x125.png","contentUrl":"https:\/\/portaltela.pt\/s.01k8rhncp4jt1\/2025\/11\/talking-bot-125x125.png","caption":"Telinha"},"sameAs":["https:\/\/portaltela.pt\/"],"url":"https:\/\/portaltela.pt\/por\/367410592786\/"}]}},"_links":{"self":[{"href":"https:\/\/portaltela.pt\/api\/wp\/v2\/posts\/60443","targetHints":{"allow":["GET"]}}],"collection":[{"href":"https:\/\/portaltela.pt\/api\/wp\/v2\/posts"}],"about":[{"href":"https:\/\/portaltela.pt\/api\/wp\/v2\/types\/post"}],"author":[{"embeddable":true,"href":"https:\/\/portaltela.pt\/api\/wp\/v2\/users\/2"}],"replies":[{"embeddable":true,"href":"https:\/\/portaltela.pt\/api\/wp\/v2\/comments?post=60443"}],"version-history":[{"count":0,"href":"https:\/\/portaltela.pt\/api\/wp\/v2\/posts\/60443\/revisions"}],"wp:featuredmedia":[{"embeddable":true,"href":"https:\/\/portaltela.pt\/api\/wp\/v2\/media\/60448"}],"wp:attachment":[{"href":"https:\/\/portaltela.pt\/api\/wp\/v2\/media?parent=60443"}],"wp:term":[{"taxonomy":"category","embeddable":true,"href":"https:\/\/portaltela.pt\/api\/wp\/v2\/categories?post=60443"},{"taxonomy":"post_tag","embeddable":true,"href":"https:\/\/portaltela.pt\/api\/wp\/v2\/tags?post=60443"}],"curies":[{"name":"wp","href":"https:\/\/api.w.org\/{rel}","templated":true}]}}