{"id":60409,"date":"2025-12-08T22:30:00","date_gmt":"2025-12-09T01:30:00","guid":{"rendered":"https:\/\/portaltela.pt\/noticias\/2025\/12\/08\/angela-23-enfrenta-cancro-com-pouca-esperanca-dizem-medicos\/"},"modified":"2025-12-08T22:30:00","modified_gmt":"2025-12-09T01:30:00","slug":"angela-23-enfrenta-cancro-com-pouca-esperanca-dizem-medicos","status":"publish","type":"post","link":"https:\/\/portaltela.pt\/noticias\/2025\/12\/08\/angela-23-enfrenta-cancro-com-pouca-esperanca-dizem-medicos\/","title":{"rendered":"\u00c2ngela, 23, enfrenta cancro com pouca esperan\u00e7a, dizem m\u00e9dicos"},"content":{"rendered":"<p>\u00c2ngela Pereira, 23 anos, encontra-se internada no IPO do Porto com uma doen\u00e7a oncol\u00f3gica grave h\u00e1 tr\u00eas anos. O quadro p\u00fablico \u00e9 de progn\u00f3stico reservado e n\u00e3o h\u00e1 indica\u00e7\u00e3o de recupera\u00e7\u00e3o anunciada pelos m\u00e9dicos. A fam\u00edlia mant\u00e9m o desejo de que a jovem possa continuar a ter sonhos.<\/p>\n<p>Ap\u00f3s um transplante de medula \u00f3ssea, a paciente desenvolveu aspergilose invasiva nos pulm\u00f5es. O IPO do Porto confirmou que as abordagens m\u00e9dicas dispon\u00edveis n\u00e3o apresentaram efic\u00e1cia no tratamento at\u00e9 ao momento, segundo informa\u00e7\u00f5es da institui\u00e7\u00e3o.<\/p>\n<p>O caso ganhou contornos emocionais ao enfatizar o desejo de \u00c2ngela de continuar a viver e a realizar os seus sonhos. Este cen\u00e1rio \u00e9 descrito pela fam\u00edlia como um desafio para manter a esperan\u00e7a frente a uma doen\u00e7a complexa e uma infec\u00e7\u00e3o oportunista.<\/p>\n<h3>Condi\u00e7\u00e3o cl\u00ednica e impacto no tratamento<\/h3>\n<p>O Instituto Portugu\u00eas de Oncologia do Porto detalha que a aspergilose invasiva \u00e9 uma infec\u00e7\u00e3o grave, associada a alta mortalidade em doentes com imunossupress\u00e3o. A situa\u00e7\u00e3o requer monitoriza\u00e7\u00e3o cont\u00ednua e op\u00e7\u00f5es terap\u00eauticas limitadas, sem previs\u00f5es de melhoria imediata.<\/p>\n<h3>Contexto e pr\u00f3ximos passos<\/h3>\n<p>Perante a gravidade do quadro, a equipa m\u00e9dica mant\u00e9m o acompanhamento multidisciplinar para avaliar novas abordagens terap\u00eauticas e cuidados de suporte. A institui\u00e7\u00e3o n\u00e3o adianta prazos ou cen\u00e1rios, limitando-se a informar os avan\u00e7os cl\u00ednicos conforme resultem.<\/p>\n","protected":false},"excerpt":{"rendered":"<ul>\n<li>\u00c2ngela Pereira, 23 anos, est\u00e1 internada no IPO do Porto com doen\u00e7a oncol\u00f3gica grave h\u00e1 tr\u00eas anos.<\/li>\n<li>M\u00e9dicos n\u00e3o t\u00eam esperan\u00e7a de vencer o cancro, afirmando que nenhuma das abordagens m\u00e9dicas apresentou efic\u00e1cia.<\/li>\n<li>Recentemente passou por transplante de medula \u00f3ssea e desenvolveu aspergilose invasiva nos pulm\u00f5es.<\/li>\n<li>O IPO do Porto confirmou a aus\u00eancia de tratamentos eficazes dispon\u00edveis no momento.<\/li>\n<li>Ela expressa o desejo de continuar a viver para realizar os seus sonhos.<\/li>\n<\/ul>\n","protected":false},"author":2,"featured_media":60410,"comment_status":"closed","ping_status":"closed","sticky":false,"template":"","format":"standard","meta":{"footnotes":""},"categories":[1],"tags":[61,633,988,215,982,172],"class_list":["post-60409","post","type-post","status-publish","format-standard","has-post-thumbnail","hentry","category-noticias","tag-doencas","tag-hospital","tag-infecoes-oportunistas","tag-investigacao","tag-porto","tag-saude"],"yoast_head":"<!-- This site is optimized with the Yoast SEO plugin v27.2 - https:\/\/yoast.com\/product\/yoast-seo-wordpress\/ -->\n<title>\u00c2ngela, 23, enfrenta cancro com pouca esperan\u00e7a, dizem m\u00e9dicos - Portal Tela Portugal<\/title>\n<meta name=\"robots\" content=\"index, follow, max-snippet:-1, max-image-preview:large, max-video-preview:-1\" \/>\n<meta property=\"og:locale\" content=\"pt_PT\" \/>\n<meta property=\"og:type\" content=\"article\" \/>\n<meta property=\"og:title\" content=\"\u00c2ngela, 23, enfrenta cancro com pouca esperan\u00e7a, dizem m\u00e9dicos - Portal Tela Portugal\" \/>\n<meta property=\"og:description\" content=\"\u00c2ngela Pereira, 23 anos, est\u00e1 internada no IPO do Porto com doen\u00e7a oncol\u00f3gica grave h\u00e1 tr\u00eas anos. M\u00e9dicos n\u00e3o t\u00eam esperan\u00e7a de vencer o cancro, afirmando que nenhuma das abordagens m\u00e9dicas apresentou efic\u00e1cia. Recentemente passou por transplante de medula \u00f3ssea e desenvolveu aspergilose invasiva nos pulm\u00f5es. O IPO do Porto confirmou a aus\u00eancia de tratamentos eficazes dispon\u00edveis no momento. Ela expressa o desejo de continuar a viver para realizar os seus sonhos.\" \/>\n<meta property=\"og:url\" content=\"https:\/\/portaltela.pt\/noticias\/2025\/12\/08\/angela-23-enfrenta-cancro-com-pouca-esperanca-dizem-medicos\/\" \/>\n<meta property=\"og:site_name\" content=\"Portal Tela Portugal\" \/>\n<meta property=\"article:published_time\" content=\"2025-12-09T01:30:00+00:00\" \/>\n<meta name=\"author\" content=\"Telinha\" \/>\n<meta name=\"twitter:card\" content=\"summary_large_image\" \/>\n<meta name=\"twitter:label1\" content=\"Escrito por\" \/>\n\t<meta name=\"twitter:data1\" content=\"Telinha\" \/>\n\t<meta name=\"twitter:label2\" content=\"Tempo estimado de leitura\" \/>\n\t<meta name=\"twitter:data2\" content=\"1 minuto\" \/>\n<script type=\"application\/ld+json\" class=\"yoast-schema-graph\">{\"@context\":\"https:\/\/schema.org\",\"@graph\":[{\"@type\":\"Article\",\"@id\":\"https:\/\/portaltela.pt\/noticias\/2025\/12\/08\/angela-23-enfrenta-cancro-com-pouca-esperanca-dizem-medicos\/#article\",\"isPartOf\":{\"@id\":\"https:\/\/portaltela.pt\/noticias\/2025\/12\/08\/angela-23-enfrenta-cancro-com-pouca-esperanca-dizem-medicos\/\"},\"author\":{\"name\":\"Telinha\",\"@id\":\"https:\/\/portaltela.pt\/#\/schema\/person\/c4278d4a6028830caff9ee44b42d32ed\"},\"headline\":\"\u00c2ngela, 23, enfrenta cancro com pouca esperan\u00e7a, dizem m\u00e9dicos\",\"datePublished\":\"2025-12-09T01:30:00+00:00\",\"mainEntityOfPage\":{\"@id\":\"https:\/\/portaltela.pt\/noticias\/2025\/12\/08\/angela-23-enfrenta-cancro-com-pouca-esperanca-dizem-medicos\/\"},\"wordCount\":260,\"image\":{\"@id\":\"https:\/\/portaltela.pt\/noticias\/2025\/12\/08\/angela-23-enfrenta-cancro-com-pouca-esperanca-dizem-medicos\/#primaryimage\"},\"thumbnailUrl\":\"https:\/\/portaltela.pt\/s.01k8rhncp4jt1\/2025\/12\/img_1280x721uu2025-12-08-16-50-46-2253253.jpg\",\"keywords\":[\"doen\u00e7as\",\"hospital\",\"infe\u00e7\u00f5es oportunistas\",\"investiga\u00e7\u00e3o\",\"Porto\",\"sa\u00fade\"],\"articleSection\":[\"Not\u00edcias\"],\"inLanguage\":\"pt-PT\"},{\"@type\":\"WebPage\",\"@id\":\"https:\/\/portaltela.pt\/noticias\/2025\/12\/08\/angela-23-enfrenta-cancro-com-pouca-esperanca-dizem-medicos\/\",\"url\":\"https:\/\/portaltela.pt\/noticias\/2025\/12\/08\/angela-23-enfrenta-cancro-com-pouca-esperanca-dizem-medicos\/\",\"name\":\"\u00c2ngela, 23, enfrenta cancro com pouca esperan\u00e7a, dizem m\u00e9dicos - Portal Tela Portugal\",\"isPartOf\":{\"@id\":\"https:\/\/portaltela.pt\/#website\"},\"primaryImageOfPage\":{\"@id\":\"https:\/\/portaltela.pt\/noticias\/2025\/12\/08\/angela-23-enfrenta-cancro-com-pouca-esperanca-dizem-medicos\/#primaryimage\"},\"image\":{\"@id\":\"https:\/\/portaltela.pt\/noticias\/2025\/12\/08\/angela-23-enfrenta-cancro-com-pouca-esperanca-dizem-medicos\/#primaryimage\"},\"thumbnailUrl\":\"https:\/\/portaltela.pt\/s.01k8rhncp4jt1\/2025\/12\/img_1280x721uu2025-12-08-16-50-46-2253253.jpg\",\"datePublished\":\"2025-12-09T01:30:00+00:00\",\"author\":{\"@id\":\"https:\/\/portaltela.pt\/#\/schema\/person\/c4278d4a6028830caff9ee44b42d32ed\"},\"breadcrumb\":{\"@id\":\"https:\/\/portaltela.pt\/noticias\/2025\/12\/08\/angela-23-enfrenta-cancro-com-pouca-esperanca-dizem-medicos\/#breadcrumb\"},\"inLanguage\":\"pt-PT\",\"potentialAction\":[{\"@type\":\"ReadAction\",\"target\":[\"https:\/\/portaltela.pt\/noticias\/2025\/12\/08\/angela-23-enfrenta-cancro-com-pouca-esperanca-dizem-medicos\/\"]}]},{\"@type\":\"ImageObject\",\"inLanguage\":\"pt-PT\",\"@id\":\"https:\/\/portaltela.pt\/noticias\/2025\/12\/08\/angela-23-enfrenta-cancro-com-pouca-esperanca-dizem-medicos\/#primaryimage\",\"url\":\"https:\/\/portaltela.pt\/s.01k8rhncp4jt1\/2025\/12\/img_1280x721uu2025-12-08-16-50-46-2253253.jpg\",\"contentUrl\":\"https:\/\/portaltela.pt\/s.01k8rhncp4jt1\/2025\/12\/img_1280x721uu2025-12-08-16-50-46-2253253.jpg\",\"width\":796,\"height\":448,\"caption\":\"\u00c2ngela Pereira est\u00e1 internada no IPO do Porto\"},{\"@type\":\"BreadcrumbList\",\"@id\":\"https:\/\/portaltela.pt\/noticias\/2025\/12\/08\/angela-23-enfrenta-cancro-com-pouca-esperanca-dizem-medicos\/#breadcrumb\",\"itemListElement\":[{\"@type\":\"ListItem\",\"position\":1,\"name\":\"In\u00edcio\",\"item\":\"https:\/\/portaltela.pt\/\"},{\"@type\":\"ListItem\",\"position\":2,\"name\":\"\u00c2ngela, 23, enfrenta cancro com pouca esperan\u00e7a, dizem m\u00e9dicos\"}]},{\"@type\":\"WebSite\",\"@id\":\"https:\/\/portaltela.pt\/#website\",\"url\":\"https:\/\/portaltela.pt\/\",\"name\":\"Portal Tela Portugal\",\"description\":\"\",\"potentialAction\":[{\"@type\":\"SearchAction\",\"target\":{\"@type\":\"EntryPoint\",\"urlTemplate\":\"https:\/\/portaltela.pt\/?s={search_term_string}\"},\"query-input\":{\"@type\":\"PropertyValueSpecification\",\"valueRequired\":true,\"valueName\":\"search_term_string\"}}],\"inLanguage\":\"pt-PT\"},{\"@type\":\"Person\",\"@id\":\"https:\/\/portaltela.pt\/#\/schema\/person\/c4278d4a6028830caff9ee44b42d32ed\",\"name\":\"Telinha\",\"image\":{\"@type\":\"ImageObject\",\"inLanguage\":\"pt-PT\",\"@id\":\"https:\/\/portaltela.pt\/s.01k8rhncp4jt1\/2025\/11\/talking-bot-125x125.png\",\"url\":\"https:\/\/portaltela.pt\/s.01k8rhncp4jt1\/2025\/11\/talking-bot-125x125.png\",\"contentUrl\":\"https:\/\/portaltela.pt\/s.01k8rhncp4jt1\/2025\/11\/talking-bot-125x125.png\",\"caption\":\"Telinha\"},\"sameAs\":[\"https:\/\/portaltela.pt\/\"],\"url\":\"https:\/\/portaltela.pt\/por\/367410592786\/\"}]}<\/script>\n<!-- \/ Yoast SEO plugin. -->","yoast_head_json":{"title":"\u00c2ngela, 23, enfrenta cancro com pouca esperan\u00e7a, dizem m\u00e9dicos - Portal Tela Portugal","robots":{"index":"index","follow":"follow","max-snippet":"max-snippet:-1","max-image-preview":"max-image-preview:large","max-video-preview":"max-video-preview:-1"},"og_locale":"pt_PT","og_type":"article","og_title":"\u00c2ngela, 23, enfrenta cancro com pouca esperan\u00e7a, dizem m\u00e9dicos - Portal Tela Portugal","og_description":"\u00c2ngela Pereira, 23 anos, est\u00e1 internada no IPO do Porto com doen\u00e7a oncol\u00f3gica grave h\u00e1 tr\u00eas anos. M\u00e9dicos n\u00e3o t\u00eam esperan\u00e7a de vencer o cancro, afirmando que nenhuma das abordagens m\u00e9dicas apresentou efic\u00e1cia. Recentemente passou por transplante de medula \u00f3ssea e desenvolveu aspergilose invasiva nos pulm\u00f5es. O IPO do Porto confirmou a aus\u00eancia de tratamentos eficazes dispon\u00edveis no momento. Ela expressa o desejo de continuar a viver para realizar os seus sonhos.","og_url":"https:\/\/portaltela.pt\/noticias\/2025\/12\/08\/angela-23-enfrenta-cancro-com-pouca-esperanca-dizem-medicos\/","og_site_name":"Portal Tela Portugal","article_published_time":"2025-12-09T01:30:00+00:00","author":"Telinha","twitter_card":"summary_large_image","twitter_misc":{"Escrito por":"Telinha","Tempo estimado de leitura":"1 minuto"},"schema":{"@context":"https:\/\/schema.org","@graph":[{"@type":"Article","@id":"https:\/\/portaltela.pt\/noticias\/2025\/12\/08\/angela-23-enfrenta-cancro-com-pouca-esperanca-dizem-medicos\/#article","isPartOf":{"@id":"https:\/\/portaltela.pt\/noticias\/2025\/12\/08\/angela-23-enfrenta-cancro-com-pouca-esperanca-dizem-medicos\/"},"author":{"name":"Telinha","@id":"https:\/\/portaltela.pt\/#\/schema\/person\/c4278d4a6028830caff9ee44b42d32ed"},"headline":"\u00c2ngela, 23, enfrenta cancro com pouca esperan\u00e7a, dizem m\u00e9dicos","datePublished":"2025-12-09T01:30:00+00:00","mainEntityOfPage":{"@id":"https:\/\/portaltela.pt\/noticias\/2025\/12\/08\/angela-23-enfrenta-cancro-com-pouca-esperanca-dizem-medicos\/"},"wordCount":260,"image":{"@id":"https:\/\/portaltela.pt\/noticias\/2025\/12\/08\/angela-23-enfrenta-cancro-com-pouca-esperanca-dizem-medicos\/#primaryimage"},"thumbnailUrl":"https:\/\/portaltela.pt\/s.01k8rhncp4jt1\/2025\/12\/img_1280x721uu2025-12-08-16-50-46-2253253.jpg","keywords":["doen\u00e7as","hospital","infe\u00e7\u00f5es oportunistas","investiga\u00e7\u00e3o","Porto","sa\u00fade"],"articleSection":["Not\u00edcias"],"inLanguage":"pt-PT"},{"@type":"WebPage","@id":"https:\/\/portaltela.pt\/noticias\/2025\/12\/08\/angela-23-enfrenta-cancro-com-pouca-esperanca-dizem-medicos\/","url":"https:\/\/portaltela.pt\/noticias\/2025\/12\/08\/angela-23-enfrenta-cancro-com-pouca-esperanca-dizem-medicos\/","name":"\u00c2ngela, 23, enfrenta cancro com pouca esperan\u00e7a, dizem m\u00e9dicos - Portal Tela Portugal","isPartOf":{"@id":"https:\/\/portaltela.pt\/#website"},"primaryImageOfPage":{"@id":"https:\/\/portaltela.pt\/noticias\/2025\/12\/08\/angela-23-enfrenta-cancro-com-pouca-esperanca-dizem-medicos\/#primaryimage"},"image":{"@id":"https:\/\/portaltela.pt\/noticias\/2025\/12\/08\/angela-23-enfrenta-cancro-com-pouca-esperanca-dizem-medicos\/#primaryimage"},"thumbnailUrl":"https:\/\/portaltela.pt\/s.01k8rhncp4jt1\/2025\/12\/img_1280x721uu2025-12-08-16-50-46-2253253.jpg","datePublished":"2025-12-09T01:30:00+00:00","author":{"@id":"https:\/\/portaltela.pt\/#\/schema\/person\/c4278d4a6028830caff9ee44b42d32ed"},"breadcrumb":{"@id":"https:\/\/portaltela.pt\/noticias\/2025\/12\/08\/angela-23-enfrenta-cancro-com-pouca-esperanca-dizem-medicos\/#breadcrumb"},"inLanguage":"pt-PT","potentialAction":[{"@type":"ReadAction","target":["https:\/\/portaltela.pt\/noticias\/2025\/12\/08\/angela-23-enfrenta-cancro-com-pouca-esperanca-dizem-medicos\/"]}]},{"@type":"ImageObject","inLanguage":"pt-PT","@id":"https:\/\/portaltela.pt\/noticias\/2025\/12\/08\/angela-23-enfrenta-cancro-com-pouca-esperanca-dizem-medicos\/#primaryimage","url":"https:\/\/portaltela.pt\/s.01k8rhncp4jt1\/2025\/12\/img_1280x721uu2025-12-08-16-50-46-2253253.jpg","contentUrl":"https:\/\/portaltela.pt\/s.01k8rhncp4jt1\/2025\/12\/img_1280x721uu2025-12-08-16-50-46-2253253.jpg","width":796,"height":448,"caption":"\u00c2ngela Pereira est\u00e1 internada no IPO do Porto"},{"@type":"BreadcrumbList","@id":"https:\/\/portaltela.pt\/noticias\/2025\/12\/08\/angela-23-enfrenta-cancro-com-pouca-esperanca-dizem-medicos\/#breadcrumb","itemListElement":[{"@type":"ListItem","position":1,"name":"In\u00edcio","item":"https:\/\/portaltela.pt\/"},{"@type":"ListItem","position":2,"name":"\u00c2ngela, 23, enfrenta cancro com pouca esperan\u00e7a, dizem m\u00e9dicos"}]},{"@type":"WebSite","@id":"https:\/\/portaltela.pt\/#website","url":"https:\/\/portaltela.pt\/","name":"Portal Tela Portugal","description":"","potentialAction":[{"@type":"SearchAction","target":{"@type":"EntryPoint","urlTemplate":"https:\/\/portaltela.pt\/?s={search_term_string}"},"query-input":{"@type":"PropertyValueSpecification","valueRequired":true,"valueName":"search_term_string"}}],"inLanguage":"pt-PT"},{"@type":"Person","@id":"https:\/\/portaltela.pt\/#\/schema\/person\/c4278d4a6028830caff9ee44b42d32ed","name":"Telinha","image":{"@type":"ImageObject","inLanguage":"pt-PT","@id":"https:\/\/portaltela.pt\/s.01k8rhncp4jt1\/2025\/11\/talking-bot-125x125.png","url":"https:\/\/portaltela.pt\/s.01k8rhncp4jt1\/2025\/11\/talking-bot-125x125.png","contentUrl":"https:\/\/portaltela.pt\/s.01k8rhncp4jt1\/2025\/11\/talking-bot-125x125.png","caption":"Telinha"},"sameAs":["https:\/\/portaltela.pt\/"],"url":"https:\/\/portaltela.pt\/por\/367410592786\/"}]}},"_links":{"self":[{"href":"https:\/\/portaltela.pt\/api\/wp\/v2\/posts\/60409","targetHints":{"allow":["GET"]}}],"collection":[{"href":"https:\/\/portaltela.pt\/api\/wp\/v2\/posts"}],"about":[{"href":"https:\/\/portaltela.pt\/api\/wp\/v2\/types\/post"}],"author":[{"embeddable":true,"href":"https:\/\/portaltela.pt\/api\/wp\/v2\/users\/2"}],"replies":[{"embeddable":true,"href":"https:\/\/portaltela.pt\/api\/wp\/v2\/comments?post=60409"}],"version-history":[{"count":0,"href":"https:\/\/portaltela.pt\/api\/wp\/v2\/posts\/60409\/revisions"}],"wp:featuredmedia":[{"embeddable":true,"href":"https:\/\/portaltela.pt\/api\/wp\/v2\/media\/60410"}],"wp:attachment":[{"href":"https:\/\/portaltela.pt\/api\/wp\/v2\/media?parent=60409"}],"wp:term":[{"taxonomy":"category","embeddable":true,"href":"https:\/\/portaltela.pt\/api\/wp\/v2\/categories?post=60409"},{"taxonomy":"post_tag","embeddable":true,"href":"https:\/\/portaltela.pt\/api\/wp\/v2\/tags?post=60409"}],"curies":[{"name":"wp","href":"https:\/\/api.w.org\/{rel}","templated":true}]}}