{"id":60379,"date":"2025-12-08T21:00:00","date_gmt":"2025-12-09T00:00:00","guid":{"rendered":"https:\/\/portaltela.pt\/noticias\/2025\/12\/08\/benfica-busca-corrigir-imagem-e-admite-jogo-ainda-mais-complicado\/"},"modified":"2025-12-08T21:00:00","modified_gmt":"2025-12-09T00:00:00","slug":"benfica-busca-corrigir-imagem-e-admite-jogo-ainda-mais-complicado","status":"publish","type":"post","link":"https:\/\/portaltela.pt\/desporto\/2025\/12\/08\/benfica-busca-corrigir-imagem-e-admite-jogo-ainda-mais-complicado\/","title":{"rendered":"Benfica busca corrigir imagem e admite jogo ainda mais complicado"},"content":{"rendered":"<p>O Benfica recebe o P\u00f3voa AC na 15\u00aa ronda do campeonato de andebol, numa desloca\u00e7\u00e3o marcada para ter\u00e7a-feira \u00e0s 20h45, com o objetivo de recuperar a confian\u00e7a ap\u00f3s o empate 30-30 frente ao FC Gaia no \u00faltimo fim de semana.<\/p>\n<p>Ander Izquierdo pediu publicamente desculpas pelo resultado, afirmando que n\u00e3o representa o clube nem a equipa. O capit\u00e3o falou sobre a necessidade de recuperar a confian\u00e7a e voltar ao melhor n\u00edvel, come\u00e7ando pela defesa.<\/p>\n<p>O m\u00e9dio-central espanhol destacou a qualidade ofensiva do advers\u00e1rio, descrevendo o P\u00f3voa AC como uma equipa com v\u00e1rias variantes e forte no uno contra um. Para contornar esse desafio, o Benfica dever\u00e1 manter a defesa firme e libertar-se para atacar.<\/p>\n<p>A ova\u00e7\u00e3o para o regresso \u00e0 competi\u00e7\u00e3o surge numa semana em que a equipa treina para corrigir os erros do encontro anterior, aposta na solidez defensiva e na recupera\u00e7\u00e3o do rendimento coletivo. O resto da jornada prossegue na quarta-feira com cl\u00e1ssicos e jogos de interesse.<\/p>\n","protected":false},"excerpt":{"rendered":"<ul>\n<li>O Benfica empatou 30-30 com o FC Gaia no \u00faltimo fim de semana e regressa ter\u00e7a-feira \u00e0 competi\u00e7\u00e3o contra o P\u00f3voa AC, na 15\u00aa ronda do campeonato.<\/li>\n<li>A partida est\u00e1 marcadas para as 20h45, com o objetivo de corrigir erros e recuperar confian\u00e7a.<\/li>\n<li>Ander Izquierdo pediu publicamente desculpas pelo resultado, como um dos capit\u00e3es, e pediu confian\u00e7a aos adeptos e s\u00f3cios.<\/li>\n<li>O P\u00f3voa AC \u00e9 descrito como ofensivamente forte, com v\u00e1rias variantes, exigindo uma defesa s\u00f3lida do Benfica.<\/li>\n<li>A restante jornada da prova acontece na quarta-feira, destacando-se o FC Porto versus Sporting no Drag\u00e3o.<\/li>\n<\/ul>\n","protected":false},"author":2,"featured_media":60380,"comment_status":"closed","ping_status":"closed","sticky":false,"template":"","format":"standard","meta":{"footnotes":""},"categories":[21],"tags":[180,660,650,477,152,1014],"class_list":["post-60379","post","type-post","status-publish","format-standard","has-post-thumbnail","hentry","category-desporto","tag-andebol","tag-assuntos-desportivos","tag-cidadania-desportiva","tag-desempenho","tag-desporto","tag-portugal"],"yoast_head":"<!-- This site is optimized with the Yoast SEO plugin v27.2 - https:\/\/yoast.com\/product\/yoast-seo-wordpress\/ -->\n<title>Benfica busca corrigir imagem e admite jogo ainda mais complicado - Portal Tela Portugal<\/title>\n<meta name=\"robots\" content=\"index, follow, max-snippet:-1, max-image-preview:large, max-video-preview:-1\" \/>\n<meta property=\"og:locale\" content=\"pt_PT\" \/>\n<meta property=\"og:type\" content=\"article\" \/>\n<meta property=\"og:title\" content=\"Benfica busca corrigir imagem e admite jogo ainda mais complicado - Portal Tela Portugal\" \/>\n<meta property=\"og:description\" content=\"O Benfica empatou 30-30 com o FC Gaia no \u00faltimo fim de semana e regressa ter\u00e7a-feira \u00e0 competi\u00e7\u00e3o contra o P\u00f3voa AC, na 15\u00aa ronda do campeonato. A partida est\u00e1 marcadas para as 20h45, com o objetivo de corrigir erros e recuperar confian\u00e7a. Ander Izquierdo pediu publicamente desculpas pelo resultado, como um dos capit\u00e3es, e pediu confian\u00e7a aos adeptos e s\u00f3cios. O P\u00f3voa AC \u00e9 descrito como ofensivamente forte, com v\u00e1rias variantes, exigindo uma defesa s\u00f3lida do Benfica. A restante jornada da prova acontece na quarta-feira, destacando-se o FC Porto versus Sporting no Drag\u00e3o.\" \/>\n<meta property=\"og:url\" content=\"https:\/\/portaltela.pt\/noticias\/2025\/12\/08\/benfica-busca-corrigir-imagem-e-admite-jogo-ainda-mais-complicado\/\" \/>\n<meta property=\"og:site_name\" content=\"Portal Tela Portugal\" \/>\n<meta property=\"article:published_time\" content=\"2025-12-09T00:00:00+00:00\" \/>\n<meta name=\"author\" content=\"Telinha\" \/>\n<meta name=\"twitter:card\" content=\"summary_large_image\" \/>\n<meta name=\"twitter:label1\" content=\"Escrito por\" \/>\n\t<meta name=\"twitter:data1\" content=\"Telinha\" \/>\n\t<meta name=\"twitter:label2\" content=\"Tempo estimado de leitura\" \/>\n\t<meta name=\"twitter:data2\" content=\"1 minuto\" \/>\n<script type=\"application\/ld+json\" class=\"yoast-schema-graph\">{\"@context\":\"https:\/\/schema.org\",\"@graph\":[{\"@type\":\"Article\",\"@id\":\"https:\/\/portaltela.pt\/noticias\/2025\/12\/08\/benfica-busca-corrigir-imagem-e-admite-jogo-ainda-mais-complicado\/#article\",\"isPartOf\":{\"@id\":\"https:\/\/portaltela.pt\/noticias\/2025\/12\/08\/benfica-busca-corrigir-imagem-e-admite-jogo-ainda-mais-complicado\/\"},\"author\":{\"name\":\"Telinha\",\"@id\":\"https:\/\/portaltela.pt\/#\/schema\/person\/c4278d4a6028830caff9ee44b42d32ed\"},\"headline\":\"Benfica busca corrigir imagem e admite jogo ainda mais complicado\",\"datePublished\":\"2025-12-09T00:00:00+00:00\",\"mainEntityOfPage\":{\"@id\":\"https:\/\/portaltela.pt\/noticias\/2025\/12\/08\/benfica-busca-corrigir-imagem-e-admite-jogo-ainda-mais-complicado\/\"},\"wordCount\":185,\"image\":{\"@id\":\"https:\/\/portaltela.pt\/noticias\/2025\/12\/08\/benfica-busca-corrigir-imagem-e-admite-jogo-ainda-mais-complicado\/#primaryimage\"},\"thumbnailUrl\":\"https:\/\/portaltela.pt\/s.01k8rhncp4jt1\/2025\/12\/img_920x518uu2025-12-08-19-28-33-2407951.jpg\",\"keywords\":[\"andebol\",\"assuntos desportivos\",\"cidadania desportiva\",\"desempenho\",\"desporto\",\"Portugal\"],\"articleSection\":[\"Desporto\"],\"inLanguage\":\"pt-PT\"},{\"@type\":\"WebPage\",\"@id\":\"https:\/\/portaltela.pt\/noticias\/2025\/12\/08\/benfica-busca-corrigir-imagem-e-admite-jogo-ainda-mais-complicado\/\",\"url\":\"https:\/\/portaltela.pt\/noticias\/2025\/12\/08\/benfica-busca-corrigir-imagem-e-admite-jogo-ainda-mais-complicado\/\",\"name\":\"Benfica busca corrigir imagem e admite jogo ainda mais complicado - Portal Tela Portugal\",\"isPartOf\":{\"@id\":\"https:\/\/portaltela.pt\/#website\"},\"primaryImageOfPage\":{\"@id\":\"https:\/\/portaltela.pt\/noticias\/2025\/12\/08\/benfica-busca-corrigir-imagem-e-admite-jogo-ainda-mais-complicado\/#primaryimage\"},\"image\":{\"@id\":\"https:\/\/portaltela.pt\/noticias\/2025\/12\/08\/benfica-busca-corrigir-imagem-e-admite-jogo-ainda-mais-complicado\/#primaryimage\"},\"thumbnailUrl\":\"https:\/\/portaltela.pt\/s.01k8rhncp4jt1\/2025\/12\/img_920x518uu2025-12-08-19-28-33-2407951.jpg\",\"datePublished\":\"2025-12-09T00:00:00+00:00\",\"author\":{\"@id\":\"https:\/\/portaltela.pt\/#\/schema\/person\/c4278d4a6028830caff9ee44b42d32ed\"},\"breadcrumb\":{\"@id\":\"https:\/\/portaltela.pt\/noticias\/2025\/12\/08\/benfica-busca-corrigir-imagem-e-admite-jogo-ainda-mais-complicado\/#breadcrumb\"},\"inLanguage\":\"pt-PT\",\"potentialAction\":[{\"@type\":\"ReadAction\",\"target\":[\"https:\/\/portaltela.pt\/noticias\/2025\/12\/08\/benfica-busca-corrigir-imagem-e-admite-jogo-ainda-mais-complicado\/\"]}]},{\"@type\":\"ImageObject\",\"inLanguage\":\"pt-PT\",\"@id\":\"https:\/\/portaltela.pt\/noticias\/2025\/12\/08\/benfica-busca-corrigir-imagem-e-admite-jogo-ainda-mais-complicado\/#primaryimage\",\"url\":\"https:\/\/portaltela.pt\/s.01k8rhncp4jt1\/2025\/12\/img_920x518uu2025-12-08-19-28-33-2407951.jpg\",\"contentUrl\":\"https:\/\/portaltela.pt\/s.01k8rhncp4jt1\/2025\/12\/img_920x518uu2025-12-08-19-28-33-2407951.jpg\",\"width\":796,\"height\":448,\"caption\":\"Jogo de andebol entre equipas, lance com jogador do Benfica a tentar marcar\"},{\"@type\":\"BreadcrumbList\",\"@id\":\"https:\/\/portaltela.pt\/noticias\/2025\/12\/08\/benfica-busca-corrigir-imagem-e-admite-jogo-ainda-mais-complicado\/#breadcrumb\",\"itemListElement\":[{\"@type\":\"ListItem\",\"position\":1,\"name\":\"In\u00edcio\",\"item\":\"https:\/\/portaltela.pt\/\"},{\"@type\":\"ListItem\",\"position\":2,\"name\":\"Benfica busca corrigir imagem e admite jogo ainda mais complicado\"}]},{\"@type\":\"WebSite\",\"@id\":\"https:\/\/portaltela.pt\/#website\",\"url\":\"https:\/\/portaltela.pt\/\",\"name\":\"Portal Tela Portugal\",\"description\":\"\",\"potentialAction\":[{\"@type\":\"SearchAction\",\"target\":{\"@type\":\"EntryPoint\",\"urlTemplate\":\"https:\/\/portaltela.pt\/?s={search_term_string}\"},\"query-input\":{\"@type\":\"PropertyValueSpecification\",\"valueRequired\":true,\"valueName\":\"search_term_string\"}}],\"inLanguage\":\"pt-PT\"},{\"@type\":\"Person\",\"@id\":\"https:\/\/portaltela.pt\/#\/schema\/person\/c4278d4a6028830caff9ee44b42d32ed\",\"name\":\"Telinha\",\"image\":{\"@type\":\"ImageObject\",\"inLanguage\":\"pt-PT\",\"@id\":\"https:\/\/portaltela.pt\/s.01k8rhncp4jt1\/2025\/11\/talking-bot-125x125.png\",\"url\":\"https:\/\/portaltela.pt\/s.01k8rhncp4jt1\/2025\/11\/talking-bot-125x125.png\",\"contentUrl\":\"https:\/\/portaltela.pt\/s.01k8rhncp4jt1\/2025\/11\/talking-bot-125x125.png\",\"caption\":\"Telinha\"},\"sameAs\":[\"https:\/\/portaltela.pt\/\"],\"url\":\"https:\/\/portaltela.pt\/por\/367410592786\/\"}]}<\/script>\n<!-- \/ Yoast SEO plugin. -->","yoast_head_json":{"title":"Benfica busca corrigir imagem e admite jogo ainda mais complicado - Portal Tela Portugal","robots":{"index":"index","follow":"follow","max-snippet":"max-snippet:-1","max-image-preview":"max-image-preview:large","max-video-preview":"max-video-preview:-1"},"og_locale":"pt_PT","og_type":"article","og_title":"Benfica busca corrigir imagem e admite jogo ainda mais complicado - Portal Tela Portugal","og_description":"O Benfica empatou 30-30 com o FC Gaia no \u00faltimo fim de semana e regressa ter\u00e7a-feira \u00e0 competi\u00e7\u00e3o contra o P\u00f3voa AC, na 15\u00aa ronda do campeonato. A partida est\u00e1 marcadas para as 20h45, com o objetivo de corrigir erros e recuperar confian\u00e7a. Ander Izquierdo pediu publicamente desculpas pelo resultado, como um dos capit\u00e3es, e pediu confian\u00e7a aos adeptos e s\u00f3cios. O P\u00f3voa AC \u00e9 descrito como ofensivamente forte, com v\u00e1rias variantes, exigindo uma defesa s\u00f3lida do Benfica. A restante jornada da prova acontece na quarta-feira, destacando-se o FC Porto versus Sporting no Drag\u00e3o.","og_url":"https:\/\/portaltela.pt\/noticias\/2025\/12\/08\/benfica-busca-corrigir-imagem-e-admite-jogo-ainda-mais-complicado\/","og_site_name":"Portal Tela Portugal","article_published_time":"2025-12-09T00:00:00+00:00","author":"Telinha","twitter_card":"summary_large_image","twitter_misc":{"Escrito por":"Telinha","Tempo estimado de leitura":"1 minuto"},"schema":{"@context":"https:\/\/schema.org","@graph":[{"@type":"Article","@id":"https:\/\/portaltela.pt\/noticias\/2025\/12\/08\/benfica-busca-corrigir-imagem-e-admite-jogo-ainda-mais-complicado\/#article","isPartOf":{"@id":"https:\/\/portaltela.pt\/noticias\/2025\/12\/08\/benfica-busca-corrigir-imagem-e-admite-jogo-ainda-mais-complicado\/"},"author":{"name":"Telinha","@id":"https:\/\/portaltela.pt\/#\/schema\/person\/c4278d4a6028830caff9ee44b42d32ed"},"headline":"Benfica busca corrigir imagem e admite jogo ainda mais complicado","datePublished":"2025-12-09T00:00:00+00:00","mainEntityOfPage":{"@id":"https:\/\/portaltela.pt\/noticias\/2025\/12\/08\/benfica-busca-corrigir-imagem-e-admite-jogo-ainda-mais-complicado\/"},"wordCount":185,"image":{"@id":"https:\/\/portaltela.pt\/noticias\/2025\/12\/08\/benfica-busca-corrigir-imagem-e-admite-jogo-ainda-mais-complicado\/#primaryimage"},"thumbnailUrl":"https:\/\/portaltela.pt\/s.01k8rhncp4jt1\/2025\/12\/img_920x518uu2025-12-08-19-28-33-2407951.jpg","keywords":["andebol","assuntos desportivos","cidadania desportiva","desempenho","desporto","Portugal"],"articleSection":["Desporto"],"inLanguage":"pt-PT"},{"@type":"WebPage","@id":"https:\/\/portaltela.pt\/noticias\/2025\/12\/08\/benfica-busca-corrigir-imagem-e-admite-jogo-ainda-mais-complicado\/","url":"https:\/\/portaltela.pt\/noticias\/2025\/12\/08\/benfica-busca-corrigir-imagem-e-admite-jogo-ainda-mais-complicado\/","name":"Benfica busca corrigir imagem e admite jogo ainda mais complicado - Portal Tela Portugal","isPartOf":{"@id":"https:\/\/portaltela.pt\/#website"},"primaryImageOfPage":{"@id":"https:\/\/portaltela.pt\/noticias\/2025\/12\/08\/benfica-busca-corrigir-imagem-e-admite-jogo-ainda-mais-complicado\/#primaryimage"},"image":{"@id":"https:\/\/portaltela.pt\/noticias\/2025\/12\/08\/benfica-busca-corrigir-imagem-e-admite-jogo-ainda-mais-complicado\/#primaryimage"},"thumbnailUrl":"https:\/\/portaltela.pt\/s.01k8rhncp4jt1\/2025\/12\/img_920x518uu2025-12-08-19-28-33-2407951.jpg","datePublished":"2025-12-09T00:00:00+00:00","author":{"@id":"https:\/\/portaltela.pt\/#\/schema\/person\/c4278d4a6028830caff9ee44b42d32ed"},"breadcrumb":{"@id":"https:\/\/portaltela.pt\/noticias\/2025\/12\/08\/benfica-busca-corrigir-imagem-e-admite-jogo-ainda-mais-complicado\/#breadcrumb"},"inLanguage":"pt-PT","potentialAction":[{"@type":"ReadAction","target":["https:\/\/portaltela.pt\/noticias\/2025\/12\/08\/benfica-busca-corrigir-imagem-e-admite-jogo-ainda-mais-complicado\/"]}]},{"@type":"ImageObject","inLanguage":"pt-PT","@id":"https:\/\/portaltela.pt\/noticias\/2025\/12\/08\/benfica-busca-corrigir-imagem-e-admite-jogo-ainda-mais-complicado\/#primaryimage","url":"https:\/\/portaltela.pt\/s.01k8rhncp4jt1\/2025\/12\/img_920x518uu2025-12-08-19-28-33-2407951.jpg","contentUrl":"https:\/\/portaltela.pt\/s.01k8rhncp4jt1\/2025\/12\/img_920x518uu2025-12-08-19-28-33-2407951.jpg","width":796,"height":448,"caption":"Jogo de andebol entre equipas, lance com jogador do Benfica a tentar marcar"},{"@type":"BreadcrumbList","@id":"https:\/\/portaltela.pt\/noticias\/2025\/12\/08\/benfica-busca-corrigir-imagem-e-admite-jogo-ainda-mais-complicado\/#breadcrumb","itemListElement":[{"@type":"ListItem","position":1,"name":"In\u00edcio","item":"https:\/\/portaltela.pt\/"},{"@type":"ListItem","position":2,"name":"Benfica busca corrigir imagem e admite jogo ainda mais complicado"}]},{"@type":"WebSite","@id":"https:\/\/portaltela.pt\/#website","url":"https:\/\/portaltela.pt\/","name":"Portal Tela Portugal","description":"","potentialAction":[{"@type":"SearchAction","target":{"@type":"EntryPoint","urlTemplate":"https:\/\/portaltela.pt\/?s={search_term_string}"},"query-input":{"@type":"PropertyValueSpecification","valueRequired":true,"valueName":"search_term_string"}}],"inLanguage":"pt-PT"},{"@type":"Person","@id":"https:\/\/portaltela.pt\/#\/schema\/person\/c4278d4a6028830caff9ee44b42d32ed","name":"Telinha","image":{"@type":"ImageObject","inLanguage":"pt-PT","@id":"https:\/\/portaltela.pt\/s.01k8rhncp4jt1\/2025\/11\/talking-bot-125x125.png","url":"https:\/\/portaltela.pt\/s.01k8rhncp4jt1\/2025\/11\/talking-bot-125x125.png","contentUrl":"https:\/\/portaltela.pt\/s.01k8rhncp4jt1\/2025\/11\/talking-bot-125x125.png","caption":"Telinha"},"sameAs":["https:\/\/portaltela.pt\/"],"url":"https:\/\/portaltela.pt\/por\/367410592786\/"}]}},"_links":{"self":[{"href":"https:\/\/portaltela.pt\/api\/wp\/v2\/posts\/60379","targetHints":{"allow":["GET"]}}],"collection":[{"href":"https:\/\/portaltela.pt\/api\/wp\/v2\/posts"}],"about":[{"href":"https:\/\/portaltela.pt\/api\/wp\/v2\/types\/post"}],"author":[{"embeddable":true,"href":"https:\/\/portaltela.pt\/api\/wp\/v2\/users\/2"}],"replies":[{"embeddable":true,"href":"https:\/\/portaltela.pt\/api\/wp\/v2\/comments?post=60379"}],"version-history":[{"count":0,"href":"https:\/\/portaltela.pt\/api\/wp\/v2\/posts\/60379\/revisions"}],"wp:featuredmedia":[{"embeddable":true,"href":"https:\/\/portaltela.pt\/api\/wp\/v2\/media\/60380"}],"wp:attachment":[{"href":"https:\/\/portaltela.pt\/api\/wp\/v2\/media?parent=60379"}],"wp:term":[{"taxonomy":"category","embeddable":true,"href":"https:\/\/portaltela.pt\/api\/wp\/v2\/categories?post=60379"},{"taxonomy":"post_tag","embeddable":true,"href":"https:\/\/portaltela.pt\/api\/wp\/v2\/tags?post=60379"}],"curies":[{"name":"wp","href":"https:\/\/api.w.org\/{rel}","templated":true}]}}