{"id":59463,"date":"2025-12-07T21:00:00","date_gmt":"2025-12-08T00:00:00","guid":{"rendered":"https:\/\/portaltela.pt\/noticias\/2025\/12\/07\/72-mortes-em-acidentes-de-viacao-em-11-meses\/"},"modified":"2025-12-07T21:00:00","modified_gmt":"2025-12-08T00:00:00","slug":"72-mortes-em-acidentes-de-viacao-em-11-meses","status":"publish","type":"post","link":"https:\/\/portaltela.pt\/noticias\/2025\/12\/07\/72-mortes-em-acidentes-de-viacao-em-11-meses\/","title":{"rendered":"72 mortes em acidentes de via\u00e7\u00e3o em 11 meses"},"content":{"rendered":"<p>A PSP divulgou dados provis\u00f3rios relativos ao per\u00edodo de 1 de janeiro a 30 de novembro, revelando um aumento na sinistralidade rodovi\u00e1ria. Foram registados 52.370 acidentes, mais 41 que no mesmo intervalo de 2024. O n\u00famero de mortos ficou em 72, mais dois, e 713 feridos graves aumentaram em 69. Os feridos ligeiros somaram 16.436, mais 400.<\/p>\n<p>No conjunto do pa\u00eds, foram fiscalizados 657.757 condutores, mais 19.960, e 2.149.675 viaturas estiveram sob controlo por radar, mais 117.857. O total de contraordena\u00e7\u00f5es alcan\u00e7ou 217.483, 30.093 acima de 2024, com 38.209 infra\u00e7\u00f5es por excesso de velocidade.<\/p>\n<p>Ao todo, 186.509 testes de alcoolemia resultaram em 3.930 autos de contraordena\u00e7\u00e3o por condu\u00e7\u00e3o sob influ\u00eancia de \u00e1lcool. Destas infra\u00e7\u00f5es, 851 dizem respeito a condutores com carta h\u00e1 menos de 3 anos ou profissionais. <strong>Dados adicionais<\/strong> apontam 22.616 infra\u00e7\u00f5es por falta de inspe\u00e7\u00e3o peri\u00f3dica, 8.196 por falta de seguro, 5.761 por uso do telem\u00f3vel e 2.671 por falta do cinto de seguran\u00e7a.<\/p>\n<p>&gt; Deten\u00e7\u00f5es e apelos da PSP<\/p>\n<p>Entre 1 de janeiro e 30 de novembro, ocorreram 8.508 deten\u00e7\u00f5es por crimes rodovi\u00e1rios, incluindo 4.861 por condu\u00e7\u00e3o em estado de embriaguez e 3.647 por condu\u00e7\u00e3o sem habilita\u00e7\u00e3o. A PSP aponta que o fator humano continua a ser a principal causa de acidentes, especialmente em cen\u00e1rios urbanos com tr\u00e1fego intenso.<\/p>\n<p>A pol\u00edcia refor\u00e7a o apelo \u00e0 condu\u00e7\u00e3o segura, adaptando a velocidade \u00e0s condi\u00e7\u00f5es meteorol\u00f3gicas e do estado da via. Incentiva o n\u00e3o uso de telem\u00f3veis, a n\u00e3o condu\u00e7\u00e3o sob \u00e1lcool ou subst\u00e2ncias, e o uso de cintos de seguran\u00e7a e sistemas de reten\u00e7\u00e3o.<\/p>\n","protected":false},"excerpt":{"rendered":"<ul>\n<li>Em janeiro a 30 de novembro, a PSP registou 52.370 acidentes, 72 mortos, 713 feridos graves e 16.436 feridos leves.<\/li>\n<li>As v\u00edtimas mortais incluem principalmente jovens entre 18 e 30 anos (28%), seguidos por 51 a 65 anos (21%) e 41 a 50 anos (19%).<\/li>\n<li>Foram fiscalizados 657.757 condutores e controladas 2.149.675 viaturas por radar; houve 217.483 contraordena\u00e7\u00f5es (mais 30.093 face ao mesmo per\u00edodo de 2024).<\/li>\n<li>Entre as infra\u00e7\u00f5es, destacam-se 38.209 por excesso de velocidade e 186.509 testes de alcoolemia, com 3.930 autos de contraordena\u00e7\u00e3o; 8.508 deten\u00e7\u00f5es por crimes rodovi\u00e1rios.<\/li>\n<li>A PSP alerta para o papel central do comportamento humano na sinistralidade e apela a condu\u00e7\u00e3o segura, com redu\u00e7\u00e3o de velocidade, menos uso de telem\u00f3vel e uso de cintos de seguran\u00e7a.<\/li>\n<\/ul>\n","protected":false},"author":2,"featured_media":59468,"comment_status":"closed","ping_status":"closed","sticky":false,"template":"","format":"standard","meta":{"footnotes":""},"categories":[1],"tags":[605,965,997,990,695,250],"class_list":["post-59463","post","type-post","status-publish","format-standard","has-post-thumbnail","hentry","category-noticias","tag-conducao-de-veiculo-em-estado-de-embriaguez","tag-excesso-de-velocidade","tag-falta-de-inspecao-periodica","tag-falta-de-seguro-de-responsabilidade-civil","tag-fiscalizacao","tag-seguranca-publica"],"yoast_head":"<!-- This site is optimized with the Yoast SEO plugin v27.2 - https:\/\/yoast.com\/product\/yoast-seo-wordpress\/ -->\n<title>72 mortes em acidentes de via\u00e7\u00e3o em 11 meses - Portal Tela Portugal<\/title>\n<meta name=\"robots\" content=\"index, follow, max-snippet:-1, max-image-preview:large, max-video-preview:-1\" \/>\n<meta property=\"og:locale\" content=\"pt_PT\" \/>\n<meta property=\"og:type\" content=\"article\" \/>\n<meta property=\"og:title\" content=\"72 mortes em acidentes de via\u00e7\u00e3o em 11 meses - Portal Tela Portugal\" \/>\n<meta property=\"og:description\" content=\"Em janeiro a 30 de novembro, a PSP registou 52.370 acidentes, 72 mortos, 713 feridos graves e 16.436 feridos leves. As v\u00edtimas mortais incluem principalmente jovens entre 18 e 30 anos (28%), seguidos por 51 a 65 anos (21%) e 41 a 50 anos (19%). Foram fiscalizados 657.757 condutores e controladas 2.149.675 viaturas por radar; houve 217.483 contraordena\u00e7\u00f5es (mais 30.093 face ao mesmo per\u00edodo de 2024). Entre as infra\u00e7\u00f5es, destacam-se 38.209 por excesso de velocidade e 186.509 testes de alcoolemia, com 3.930 autos de contraordena\u00e7\u00e3o; 8.508 deten\u00e7\u00f5es por crimes rodovi\u00e1rios. A PSP alerta para o papel central do comportamento humano na sinistralidade e apela a condu\u00e7\u00e3o segura, com redu\u00e7\u00e3o de velocidade, menos uso de telem\u00f3vel e uso de cintos de seguran\u00e7a.\" \/>\n<meta property=\"og:url\" content=\"https:\/\/portaltela.pt\/noticias\/2025\/12\/07\/72-mortes-em-acidentes-de-viacao-em-11-meses\/\" \/>\n<meta property=\"og:site_name\" content=\"Portal Tela Portugal\" \/>\n<meta property=\"article:published_time\" content=\"2025-12-08T00:00:00+00:00\" \/>\n<meta name=\"author\" content=\"Telinha\" \/>\n<meta name=\"twitter:card\" content=\"summary_large_image\" \/>\n<meta name=\"twitter:label1\" content=\"Escrito por\" \/>\n\t<meta name=\"twitter:data1\" content=\"Telinha\" \/>\n\t<meta name=\"twitter:label2\" content=\"Tempo estimado de leitura\" \/>\n\t<meta name=\"twitter:data2\" content=\"1 minuto\" \/>\n<script type=\"application\/ld+json\" class=\"yoast-schema-graph\">{\"@context\":\"https:\/\/schema.org\",\"@graph\":[{\"@type\":\"Article\",\"@id\":\"https:\/\/portaltela.pt\/noticias\/2025\/12\/07\/72-mortes-em-acidentes-de-viacao-em-11-meses\/#article\",\"isPartOf\":{\"@id\":\"https:\/\/portaltela.pt\/noticias\/2025\/12\/07\/72-mortes-em-acidentes-de-viacao-em-11-meses\/\"},\"author\":{\"name\":\"Telinha\",\"@id\":\"https:\/\/portaltela.pt\/#\/schema\/person\/c4278d4a6028830caff9ee44b42d32ed\"},\"headline\":\"72 mortes em acidentes de via\u00e7\u00e3o em 11 meses\",\"datePublished\":\"2025-12-08T00:00:00+00:00\",\"mainEntityOfPage\":{\"@id\":\"https:\/\/portaltela.pt\/noticias\/2025\/12\/07\/72-mortes-em-acidentes-de-viacao-em-11-meses\/\"},\"wordCount\":268,\"image\":{\"@id\":\"https:\/\/portaltela.pt\/noticias\/2025\/12\/07\/72-mortes-em-acidentes-de-viacao-em-11-meses\/#primaryimage\"},\"thumbnailUrl\":\"https:\/\/portaltela.pt\/s.01k8rhncp4jt1\/2025\/12\/psp-faro-1.jpg\",\"keywords\":[\"condu\u00e7\u00e3o de ve\u00edculo em estado de embriaguez\",\"excesso de velocidade\",\"falta de inspe\u00e7\u00e3o peri\u00f3dica\",\"falta de seguro de responsabilidade civil\",\"fiscaliza\u00e7\u00e3o\",\"seguran\u00e7a p\u00fablica\"],\"articleSection\":[\"Not\u00edcias\"],\"inLanguage\":\"pt-PT\"},{\"@type\":\"WebPage\",\"@id\":\"https:\/\/portaltela.pt\/noticias\/2025\/12\/07\/72-mortes-em-acidentes-de-viacao-em-11-meses\/\",\"url\":\"https:\/\/portaltela.pt\/noticias\/2025\/12\/07\/72-mortes-em-acidentes-de-viacao-em-11-meses\/\",\"name\":\"72 mortes em acidentes de via\u00e7\u00e3o em 11 meses - Portal Tela Portugal\",\"isPartOf\":{\"@id\":\"https:\/\/portaltela.pt\/#website\"},\"primaryImageOfPage\":{\"@id\":\"https:\/\/portaltela.pt\/noticias\/2025\/12\/07\/72-mortes-em-acidentes-de-viacao-em-11-meses\/#primaryimage\"},\"image\":{\"@id\":\"https:\/\/portaltela.pt\/noticias\/2025\/12\/07\/72-mortes-em-acidentes-de-viacao-em-11-meses\/#primaryimage\"},\"thumbnailUrl\":\"https:\/\/portaltela.pt\/s.01k8rhncp4jt1\/2025\/12\/psp-faro-1.jpg\",\"datePublished\":\"2025-12-08T00:00:00+00:00\",\"author\":{\"@id\":\"https:\/\/portaltela.pt\/#\/schema\/person\/c4278d4a6028830caff9ee44b42d32ed\"},\"breadcrumb\":{\"@id\":\"https:\/\/portaltela.pt\/noticias\/2025\/12\/07\/72-mortes-em-acidentes-de-viacao-em-11-meses\/#breadcrumb\"},\"inLanguage\":\"pt-PT\",\"potentialAction\":[{\"@type\":\"ReadAction\",\"target\":[\"https:\/\/portaltela.pt\/noticias\/2025\/12\/07\/72-mortes-em-acidentes-de-viacao-em-11-meses\/\"]}]},{\"@type\":\"ImageObject\",\"inLanguage\":\"pt-PT\",\"@id\":\"https:\/\/portaltela.pt\/noticias\/2025\/12\/07\/72-mortes-em-acidentes-de-viacao-em-11-meses\/#primaryimage\",\"url\":\"https:\/\/portaltela.pt\/s.01k8rhncp4jt1\/2025\/12\/psp-faro-1.jpg\",\"contentUrl\":\"https:\/\/portaltela.pt\/s.01k8rhncp4jt1\/2025\/12\/psp-faro-1.jpg\",\"width\":796,\"height\":448,\"caption\":\"Observador\"},{\"@type\":\"BreadcrumbList\",\"@id\":\"https:\/\/portaltela.pt\/noticias\/2025\/12\/07\/72-mortes-em-acidentes-de-viacao-em-11-meses\/#breadcrumb\",\"itemListElement\":[{\"@type\":\"ListItem\",\"position\":1,\"name\":\"In\u00edcio\",\"item\":\"https:\/\/portaltela.pt\/\"},{\"@type\":\"ListItem\",\"position\":2,\"name\":\"72 mortes em acidentes de via\u00e7\u00e3o em 11 meses\"}]},{\"@type\":\"WebSite\",\"@id\":\"https:\/\/portaltela.pt\/#website\",\"url\":\"https:\/\/portaltela.pt\/\",\"name\":\"Portal Tela Portugal\",\"description\":\"\",\"potentialAction\":[{\"@type\":\"SearchAction\",\"target\":{\"@type\":\"EntryPoint\",\"urlTemplate\":\"https:\/\/portaltela.pt\/?s={search_term_string}\"},\"query-input\":{\"@type\":\"PropertyValueSpecification\",\"valueRequired\":true,\"valueName\":\"search_term_string\"}}],\"inLanguage\":\"pt-PT\"},{\"@type\":\"Person\",\"@id\":\"https:\/\/portaltela.pt\/#\/schema\/person\/c4278d4a6028830caff9ee44b42d32ed\",\"name\":\"Telinha\",\"image\":{\"@type\":\"ImageObject\",\"inLanguage\":\"pt-PT\",\"@id\":\"https:\/\/portaltela.pt\/s.01k8rhncp4jt1\/2025\/11\/talking-bot-125x125.png\",\"url\":\"https:\/\/portaltela.pt\/s.01k8rhncp4jt1\/2025\/11\/talking-bot-125x125.png\",\"contentUrl\":\"https:\/\/portaltela.pt\/s.01k8rhncp4jt1\/2025\/11\/talking-bot-125x125.png\",\"caption\":\"Telinha\"},\"sameAs\":[\"https:\/\/portaltela.pt\/\"],\"url\":\"https:\/\/portaltela.pt\/por\/367410592786\/\"}]}<\/script>\n<!-- \/ Yoast SEO plugin. -->","yoast_head_json":{"title":"72 mortes em acidentes de via\u00e7\u00e3o em 11 meses - Portal Tela Portugal","robots":{"index":"index","follow":"follow","max-snippet":"max-snippet:-1","max-image-preview":"max-image-preview:large","max-video-preview":"max-video-preview:-1"},"og_locale":"pt_PT","og_type":"article","og_title":"72 mortes em acidentes de via\u00e7\u00e3o em 11 meses - Portal Tela Portugal","og_description":"Em janeiro a 30 de novembro, a PSP registou 52.370 acidentes, 72 mortos, 713 feridos graves e 16.436 feridos leves. As v\u00edtimas mortais incluem principalmente jovens entre 18 e 30 anos (28%), seguidos por 51 a 65 anos (21%) e 41 a 50 anos (19%). Foram fiscalizados 657.757 condutores e controladas 2.149.675 viaturas por radar; houve 217.483 contraordena\u00e7\u00f5es (mais 30.093 face ao mesmo per\u00edodo de 2024). Entre as infra\u00e7\u00f5es, destacam-se 38.209 por excesso de velocidade e 186.509 testes de alcoolemia, com 3.930 autos de contraordena\u00e7\u00e3o; 8.508 deten\u00e7\u00f5es por crimes rodovi\u00e1rios. A PSP alerta para o papel central do comportamento humano na sinistralidade e apela a condu\u00e7\u00e3o segura, com redu\u00e7\u00e3o de velocidade, menos uso de telem\u00f3vel e uso de cintos de seguran\u00e7a.","og_url":"https:\/\/portaltela.pt\/noticias\/2025\/12\/07\/72-mortes-em-acidentes-de-viacao-em-11-meses\/","og_site_name":"Portal Tela Portugal","article_published_time":"2025-12-08T00:00:00+00:00","author":"Telinha","twitter_card":"summary_large_image","twitter_misc":{"Escrito por":"Telinha","Tempo estimado de leitura":"1 minuto"},"schema":{"@context":"https:\/\/schema.org","@graph":[{"@type":"Article","@id":"https:\/\/portaltela.pt\/noticias\/2025\/12\/07\/72-mortes-em-acidentes-de-viacao-em-11-meses\/#article","isPartOf":{"@id":"https:\/\/portaltela.pt\/noticias\/2025\/12\/07\/72-mortes-em-acidentes-de-viacao-em-11-meses\/"},"author":{"name":"Telinha","@id":"https:\/\/portaltela.pt\/#\/schema\/person\/c4278d4a6028830caff9ee44b42d32ed"},"headline":"72 mortes em acidentes de via\u00e7\u00e3o em 11 meses","datePublished":"2025-12-08T00:00:00+00:00","mainEntityOfPage":{"@id":"https:\/\/portaltela.pt\/noticias\/2025\/12\/07\/72-mortes-em-acidentes-de-viacao-em-11-meses\/"},"wordCount":268,"image":{"@id":"https:\/\/portaltela.pt\/noticias\/2025\/12\/07\/72-mortes-em-acidentes-de-viacao-em-11-meses\/#primaryimage"},"thumbnailUrl":"https:\/\/portaltela.pt\/s.01k8rhncp4jt1\/2025\/12\/psp-faro-1.jpg","keywords":["condu\u00e7\u00e3o de ve\u00edculo em estado de embriaguez","excesso de velocidade","falta de inspe\u00e7\u00e3o peri\u00f3dica","falta de seguro de responsabilidade civil","fiscaliza\u00e7\u00e3o","seguran\u00e7a p\u00fablica"],"articleSection":["Not\u00edcias"],"inLanguage":"pt-PT"},{"@type":"WebPage","@id":"https:\/\/portaltela.pt\/noticias\/2025\/12\/07\/72-mortes-em-acidentes-de-viacao-em-11-meses\/","url":"https:\/\/portaltela.pt\/noticias\/2025\/12\/07\/72-mortes-em-acidentes-de-viacao-em-11-meses\/","name":"72 mortes em acidentes de via\u00e7\u00e3o em 11 meses - Portal Tela Portugal","isPartOf":{"@id":"https:\/\/portaltela.pt\/#website"},"primaryImageOfPage":{"@id":"https:\/\/portaltela.pt\/noticias\/2025\/12\/07\/72-mortes-em-acidentes-de-viacao-em-11-meses\/#primaryimage"},"image":{"@id":"https:\/\/portaltela.pt\/noticias\/2025\/12\/07\/72-mortes-em-acidentes-de-viacao-em-11-meses\/#primaryimage"},"thumbnailUrl":"https:\/\/portaltela.pt\/s.01k8rhncp4jt1\/2025\/12\/psp-faro-1.jpg","datePublished":"2025-12-08T00:00:00+00:00","author":{"@id":"https:\/\/portaltela.pt\/#\/schema\/person\/c4278d4a6028830caff9ee44b42d32ed"},"breadcrumb":{"@id":"https:\/\/portaltela.pt\/noticias\/2025\/12\/07\/72-mortes-em-acidentes-de-viacao-em-11-meses\/#breadcrumb"},"inLanguage":"pt-PT","potentialAction":[{"@type":"ReadAction","target":["https:\/\/portaltela.pt\/noticias\/2025\/12\/07\/72-mortes-em-acidentes-de-viacao-em-11-meses\/"]}]},{"@type":"ImageObject","inLanguage":"pt-PT","@id":"https:\/\/portaltela.pt\/noticias\/2025\/12\/07\/72-mortes-em-acidentes-de-viacao-em-11-meses\/#primaryimage","url":"https:\/\/portaltela.pt\/s.01k8rhncp4jt1\/2025\/12\/psp-faro-1.jpg","contentUrl":"https:\/\/portaltela.pt\/s.01k8rhncp4jt1\/2025\/12\/psp-faro-1.jpg","width":796,"height":448,"caption":"Observador"},{"@type":"BreadcrumbList","@id":"https:\/\/portaltela.pt\/noticias\/2025\/12\/07\/72-mortes-em-acidentes-de-viacao-em-11-meses\/#breadcrumb","itemListElement":[{"@type":"ListItem","position":1,"name":"In\u00edcio","item":"https:\/\/portaltela.pt\/"},{"@type":"ListItem","position":2,"name":"72 mortes em acidentes de via\u00e7\u00e3o em 11 meses"}]},{"@type":"WebSite","@id":"https:\/\/portaltela.pt\/#website","url":"https:\/\/portaltela.pt\/","name":"Portal Tela Portugal","description":"","potentialAction":[{"@type":"SearchAction","target":{"@type":"EntryPoint","urlTemplate":"https:\/\/portaltela.pt\/?s={search_term_string}"},"query-input":{"@type":"PropertyValueSpecification","valueRequired":true,"valueName":"search_term_string"}}],"inLanguage":"pt-PT"},{"@type":"Person","@id":"https:\/\/portaltela.pt\/#\/schema\/person\/c4278d4a6028830caff9ee44b42d32ed","name":"Telinha","image":{"@type":"ImageObject","inLanguage":"pt-PT","@id":"https:\/\/portaltela.pt\/s.01k8rhncp4jt1\/2025\/11\/talking-bot-125x125.png","url":"https:\/\/portaltela.pt\/s.01k8rhncp4jt1\/2025\/11\/talking-bot-125x125.png","contentUrl":"https:\/\/portaltela.pt\/s.01k8rhncp4jt1\/2025\/11\/talking-bot-125x125.png","caption":"Telinha"},"sameAs":["https:\/\/portaltela.pt\/"],"url":"https:\/\/portaltela.pt\/por\/367410592786\/"}]}},"_links":{"self":[{"href":"https:\/\/portaltela.pt\/api\/wp\/v2\/posts\/59463","targetHints":{"allow":["GET"]}}],"collection":[{"href":"https:\/\/portaltela.pt\/api\/wp\/v2\/posts"}],"about":[{"href":"https:\/\/portaltela.pt\/api\/wp\/v2\/types\/post"}],"author":[{"embeddable":true,"href":"https:\/\/portaltela.pt\/api\/wp\/v2\/users\/2"}],"replies":[{"embeddable":true,"href":"https:\/\/portaltela.pt\/api\/wp\/v2\/comments?post=59463"}],"version-history":[{"count":0,"href":"https:\/\/portaltela.pt\/api\/wp\/v2\/posts\/59463\/revisions"}],"wp:featuredmedia":[{"embeddable":true,"href":"https:\/\/portaltela.pt\/api\/wp\/v2\/media\/59468"}],"wp:attachment":[{"href":"https:\/\/portaltela.pt\/api\/wp\/v2\/media?parent=59463"}],"wp:term":[{"taxonomy":"category","embeddable":true,"href":"https:\/\/portaltela.pt\/api\/wp\/v2\/categories?post=59463"},{"taxonomy":"post_tag","embeddable":true,"href":"https:\/\/portaltela.pt\/api\/wp\/v2\/tags?post=59463"}],"curies":[{"name":"wp","href":"https:\/\/api.w.org\/{rel}","templated":true}]}}