{"id":59294,"date":"2025-12-07T21:00:00","date_gmt":"2025-12-08T00:00:00","guid":{"rendered":"https:\/\/portaltela.pt\/noticias\/2025\/12\/07\/mulher-com-cancro-ha-tres-anos-pede-ajuda-para-encontrar-esperanca\/"},"modified":"2025-12-07T21:00:00","modified_gmt":"2025-12-08T00:00:00","slug":"mulher-com-cancro-ha-tres-anos-pede-ajuda-para-encontrar-esperanca","status":"publish","type":"post","link":"https:\/\/portaltela.pt\/noticias\/2025\/12\/07\/mulher-com-cancro-ha-tres-anos-pede-ajuda-para-encontrar-esperanca\/","title":{"rendered":"Mulher com cancro h\u00e1 tr\u00eas anos pede ajuda para encontrar esperan\u00e7a"},"content":{"rendered":"<p>A jovem de 23 anos, natural de Afife, Viana do Castelo, luta contra uma doen\u00e7a oncol\u00f3gica h\u00e1 tr\u00eas anos. J\u00e1 realizou dois transplantes de medula \u00f3ssea, um com dador pai e outro com as pr\u00f3prias c\u00e9lulas. Foram seis linhas de tratamento at\u00e9 ao momento.<\/p>\n<p>Foi detetado um fungo que ataca os pulm\u00f5es, o Aspergillus. Em consequ\u00eancia, houve remo\u00e7\u00e3o parcial do pulm\u00e3o direito e est\u00e1 ligado a um dreno 24 horas por dia h\u00e1 cerca de um m\u00eas, o que tem agravado a falta de ar.<\/p>\n<p>Os m\u00e9dicos locais j\u00e1 n\u00e3o est\u00e3o a conseguir tratar o caso, afirmando que n\u00e3o h\u00e1 mais meios dispon\u00edveis. A jovem procura uma segunda opini\u00e3o e a transfer\u00eancia para um hospital em Manchester, com o desejo de viajar para continuar o tratamento.<\/p>\n<h3>Situa\u00e7\u00e3o atual<\/h3>\n<p>O apelo ganhou express\u00e3o nas redes sociais, com a fam\u00edlia a partilhar o estado de sa\u00fade e a necessidade de cuidados especializados. A jovem \u00e9 natural de Afife e j\u00e1 passou por seis linhas de tratamento, com o segundo transplante considerado a sua poss\u00edvel cura.<\/p>\n<p>Conforme o relato, o fungo Aspergillus comprometeu a fun\u00e7\u00e3o respirat\u00f3ria, levando \u00e0 interven\u00e7\u00e3o cir\u00fargica e ao uso cont\u00ednuo do dreno. Enquanto n\u00e3o obt\u00e9m autoriza\u00e7\u00e3o m\u00e9dica, a fam\u00edlia aguarda orienta\u00e7\u00e3o sobre a transfer\u00eancia para Manchester e os pr\u00f3ximos exames.<\/p>\n","protected":false},"excerpt":{"rendered":"<ul>\n<li>A jovem de 23 anos, natural de Afife, Viana do Castelo, est\u00e1 a lutar contra uma doen\u00e7a oncol\u00f3gica h\u00e1 cerca de tr\u00eas anos.<\/li>\n<li>J\u00e1 realizou dois transplantes de medula: um com dador pai e outro com as pr\u00f3prias c\u00e9lulas, sendo o segundo visto pela pr\u00f3pria paciente como a sua cura, ap\u00f3s seis linhas de tratamento.<\/li>\n<li>Foi detetado um fungo (Aspergillus) a atacar os pulm\u00f5es; houve remo\u00e7\u00e3o parcial do pulm\u00e3o direito (lobectomia inferior) e est\u00e1 ligada a um dreno 24 horas por dia h\u00e1 cerca de um m\u00eas, com piora da falta de ar.<\/li>\n<li>Os m\u00e9dicos locais n\u00e3o oferecem mais tratamento; a fam\u00edlia procura uma segunda opini\u00e3o e a transfer\u00eancia para um hospital em Manchester para continuar o tratamento.<\/li>\n<li>O apelo tem ganhado espa\u00e7o nas redes sociais, com a jovem a dizer que gostaria de viajar para receber tratamento especializado e continuar a lutar pelos seus sonhos.<\/li>\n<\/ul>\n","protected":false},"author":2,"featured_media":59297,"comment_status":"closed","ping_status":"closed","sticky":false,"template":"","format":"standard","meta":{"footnotes":""},"categories":[1],"tags":[61,633,841,988,172,140],"class_list":["post-59294","post","type-post","status-publish","format-standard","has-post-thumbnail","hentry","category-noticias","tag-doencas","tag-hospital","tag-infecao-respiratoria-aguda","tag-infecoes-oportunistas","tag-saude","tag-tratamentos"],"yoast_head":"<!-- This site is optimized with the Yoast SEO plugin v27.2 - https:\/\/yoast.com\/product\/yoast-seo-wordpress\/ -->\n<title>Mulher com cancro h\u00e1 tr\u00eas anos pede ajuda para encontrar esperan\u00e7a - Portal Tela Portugal<\/title>\n<meta name=\"robots\" content=\"index, follow, max-snippet:-1, max-image-preview:large, max-video-preview:-1\" \/>\n<meta property=\"og:locale\" content=\"pt_PT\" \/>\n<meta property=\"og:type\" content=\"article\" \/>\n<meta property=\"og:title\" content=\"Mulher com cancro h\u00e1 tr\u00eas anos pede ajuda para encontrar esperan\u00e7a - Portal Tela Portugal\" \/>\n<meta property=\"og:description\" content=\"A jovem de 23 anos, natural de Afife, Viana do Castelo, est\u00e1 a lutar contra uma doen\u00e7a oncol\u00f3gica h\u00e1 cerca de tr\u00eas anos. J\u00e1 realizou dois transplantes de medula: um com dador pai e outro com as pr\u00f3prias c\u00e9lulas, sendo o segundo visto pela pr\u00f3pria paciente como a sua cura, ap\u00f3s seis linhas de tratamento. Foi detetado um fungo (Aspergillus) a atacar os pulm\u00f5es; houve remo\u00e7\u00e3o parcial do pulm\u00e3o direito (lobectomia inferior) e est\u00e1 ligada a um dreno 24 horas por dia h\u00e1 cerca de um m\u00eas, com piora da falta de ar. Os m\u00e9dicos locais n\u00e3o oferecem mais tratamento; a fam\u00edlia procura uma segunda opini\u00e3o e a transfer\u00eancia para um hospital em Manchester para continuar o tratamento. O apelo tem ganhado espa\u00e7o nas redes sociais, com a jovem a dizer que gostaria de viajar para receber tratamento especializado e continuar a lutar pelos seus sonhos.\" \/>\n<meta property=\"og:url\" content=\"https:\/\/portaltela.pt\/noticias\/2025\/12\/07\/mulher-com-cancro-ha-tres-anos-pede-ajuda-para-encontrar-esperanca\/\" \/>\n<meta property=\"og:site_name\" content=\"Portal Tela Portugal\" \/>\n<meta property=\"article:published_time\" content=\"2025-12-08T00:00:00+00:00\" \/>\n<meta name=\"author\" content=\"Telinha\" \/>\n<meta name=\"twitter:card\" content=\"summary_large_image\" \/>\n<meta name=\"twitter:label1\" content=\"Escrito por\" \/>\n\t<meta name=\"twitter:data1\" content=\"Telinha\" \/>\n\t<meta name=\"twitter:label2\" content=\"Tempo estimado de leitura\" \/>\n\t<meta name=\"twitter:data2\" content=\"1 minuto\" \/>\n<script type=\"application\/ld+json\" class=\"yoast-schema-graph\">{\"@context\":\"https:\/\/schema.org\",\"@graph\":[{\"@type\":\"Article\",\"@id\":\"https:\/\/portaltela.pt\/noticias\/2025\/12\/07\/mulher-com-cancro-ha-tres-anos-pede-ajuda-para-encontrar-esperanca\/#article\",\"isPartOf\":{\"@id\":\"https:\/\/portaltela.pt\/noticias\/2025\/12\/07\/mulher-com-cancro-ha-tres-anos-pede-ajuda-para-encontrar-esperanca\/\"},\"author\":{\"name\":\"Telinha\",\"@id\":\"https:\/\/portaltela.pt\/#\/schema\/person\/c4278d4a6028830caff9ee44b42d32ed\"},\"headline\":\"Mulher com cancro h\u00e1 tr\u00eas anos pede ajuda para encontrar esperan\u00e7a\",\"datePublished\":\"2025-12-08T00:00:00+00:00\",\"mainEntityOfPage\":{\"@id\":\"https:\/\/portaltela.pt\/noticias\/2025\/12\/07\/mulher-com-cancro-ha-tres-anos-pede-ajuda-para-encontrar-esperanca\/\"},\"wordCount\":255,\"image\":{\"@id\":\"https:\/\/portaltela.pt\/noticias\/2025\/12\/07\/mulher-com-cancro-ha-tres-anos-pede-ajuda-para-encontrar-esperanca\/#primaryimage\"},\"thumbnailUrl\":\"https:\/\/portaltela.pt\/s.01k8rhncp4jt1\/2025\/12\/image-194.jpg\",\"keywords\":[\"doen\u00e7as\",\"hospital\",\"infe\u00e7\u00e3o respirat\u00f3ria aguda\",\"infe\u00e7\u00f5es oportunistas\",\"sa\u00fade\",\"tratamentos\"],\"articleSection\":[\"Not\u00edcias\"],\"inLanguage\":\"pt-PT\"},{\"@type\":\"WebPage\",\"@id\":\"https:\/\/portaltela.pt\/noticias\/2025\/12\/07\/mulher-com-cancro-ha-tres-anos-pede-ajuda-para-encontrar-esperanca\/\",\"url\":\"https:\/\/portaltela.pt\/noticias\/2025\/12\/07\/mulher-com-cancro-ha-tres-anos-pede-ajuda-para-encontrar-esperanca\/\",\"name\":\"Mulher com cancro h\u00e1 tr\u00eas anos pede ajuda para encontrar esperan\u00e7a - Portal Tela Portugal\",\"isPartOf\":{\"@id\":\"https:\/\/portaltela.pt\/#website\"},\"primaryImageOfPage\":{\"@id\":\"https:\/\/portaltela.pt\/noticias\/2025\/12\/07\/mulher-com-cancro-ha-tres-anos-pede-ajuda-para-encontrar-esperanca\/#primaryimage\"},\"image\":{\"@id\":\"https:\/\/portaltela.pt\/noticias\/2025\/12\/07\/mulher-com-cancro-ha-tres-anos-pede-ajuda-para-encontrar-esperanca\/#primaryimage\"},\"thumbnailUrl\":\"https:\/\/portaltela.pt\/s.01k8rhncp4jt1\/2025\/12\/image-194.jpg\",\"datePublished\":\"2025-12-08T00:00:00+00:00\",\"author\":{\"@id\":\"https:\/\/portaltela.pt\/#\/schema\/person\/c4278d4a6028830caff9ee44b42d32ed\"},\"breadcrumb\":{\"@id\":\"https:\/\/portaltela.pt\/noticias\/2025\/12\/07\/mulher-com-cancro-ha-tres-anos-pede-ajuda-para-encontrar-esperanca\/#breadcrumb\"},\"inLanguage\":\"pt-PT\",\"potentialAction\":[{\"@type\":\"ReadAction\",\"target\":[\"https:\/\/portaltela.pt\/noticias\/2025\/12\/07\/mulher-com-cancro-ha-tres-anos-pede-ajuda-para-encontrar-esperanca\/\"]}]},{\"@type\":\"ImageObject\",\"inLanguage\":\"pt-PT\",\"@id\":\"https:\/\/portaltela.pt\/noticias\/2025\/12\/07\/mulher-com-cancro-ha-tres-anos-pede-ajuda-para-encontrar-esperanca\/#primaryimage\",\"url\":\"https:\/\/portaltela.pt\/s.01k8rhncp4jt1\/2025\/12\/image-194.jpg\",\"contentUrl\":\"https:\/\/portaltela.pt\/s.01k8rhncp4jt1\/2025\/12\/image-194.jpg\",\"width\":796,\"height\":448,\"caption\":\"Jovem de 23 anos queixa-se de \\\"um pouco de falta de ar\\\" \u2013 Foto: \u00c2ngela Pereira\/Instagram\"},{\"@type\":\"BreadcrumbList\",\"@id\":\"https:\/\/portaltela.pt\/noticias\/2025\/12\/07\/mulher-com-cancro-ha-tres-anos-pede-ajuda-para-encontrar-esperanca\/#breadcrumb\",\"itemListElement\":[{\"@type\":\"ListItem\",\"position\":1,\"name\":\"In\u00edcio\",\"item\":\"https:\/\/portaltela.pt\/\"},{\"@type\":\"ListItem\",\"position\":2,\"name\":\"Mulher com cancro h\u00e1 tr\u00eas anos pede ajuda para encontrar esperan\u00e7a\"}]},{\"@type\":\"WebSite\",\"@id\":\"https:\/\/portaltela.pt\/#website\",\"url\":\"https:\/\/portaltela.pt\/\",\"name\":\"Portal Tela Portugal\",\"description\":\"\",\"potentialAction\":[{\"@type\":\"SearchAction\",\"target\":{\"@type\":\"EntryPoint\",\"urlTemplate\":\"https:\/\/portaltela.pt\/?s={search_term_string}\"},\"query-input\":{\"@type\":\"PropertyValueSpecification\",\"valueRequired\":true,\"valueName\":\"search_term_string\"}}],\"inLanguage\":\"pt-PT\"},{\"@type\":\"Person\",\"@id\":\"https:\/\/portaltela.pt\/#\/schema\/person\/c4278d4a6028830caff9ee44b42d32ed\",\"name\":\"Telinha\",\"image\":{\"@type\":\"ImageObject\",\"inLanguage\":\"pt-PT\",\"@id\":\"https:\/\/portaltela.pt\/s.01k8rhncp4jt1\/2025\/11\/talking-bot-125x125.png\",\"url\":\"https:\/\/portaltela.pt\/s.01k8rhncp4jt1\/2025\/11\/talking-bot-125x125.png\",\"contentUrl\":\"https:\/\/portaltela.pt\/s.01k8rhncp4jt1\/2025\/11\/talking-bot-125x125.png\",\"caption\":\"Telinha\"},\"sameAs\":[\"https:\/\/portaltela.pt\/\"],\"url\":\"https:\/\/portaltela.pt\/por\/367410592786\/\"}]}<\/script>\n<!-- \/ Yoast SEO plugin. -->","yoast_head_json":{"title":"Mulher com cancro h\u00e1 tr\u00eas anos pede ajuda para encontrar esperan\u00e7a - Portal Tela Portugal","robots":{"index":"index","follow":"follow","max-snippet":"max-snippet:-1","max-image-preview":"max-image-preview:large","max-video-preview":"max-video-preview:-1"},"og_locale":"pt_PT","og_type":"article","og_title":"Mulher com cancro h\u00e1 tr\u00eas anos pede ajuda para encontrar esperan\u00e7a - Portal Tela Portugal","og_description":"A jovem de 23 anos, natural de Afife, Viana do Castelo, est\u00e1 a lutar contra uma doen\u00e7a oncol\u00f3gica h\u00e1 cerca de tr\u00eas anos. J\u00e1 realizou dois transplantes de medula: um com dador pai e outro com as pr\u00f3prias c\u00e9lulas, sendo o segundo visto pela pr\u00f3pria paciente como a sua cura, ap\u00f3s seis linhas de tratamento. Foi detetado um fungo (Aspergillus) a atacar os pulm\u00f5es; houve remo\u00e7\u00e3o parcial do pulm\u00e3o direito (lobectomia inferior) e est\u00e1 ligada a um dreno 24 horas por dia h\u00e1 cerca de um m\u00eas, com piora da falta de ar. Os m\u00e9dicos locais n\u00e3o oferecem mais tratamento; a fam\u00edlia procura uma segunda opini\u00e3o e a transfer\u00eancia para um hospital em Manchester para continuar o tratamento. O apelo tem ganhado espa\u00e7o nas redes sociais, com a jovem a dizer que gostaria de viajar para receber tratamento especializado e continuar a lutar pelos seus sonhos.","og_url":"https:\/\/portaltela.pt\/noticias\/2025\/12\/07\/mulher-com-cancro-ha-tres-anos-pede-ajuda-para-encontrar-esperanca\/","og_site_name":"Portal Tela Portugal","article_published_time":"2025-12-08T00:00:00+00:00","author":"Telinha","twitter_card":"summary_large_image","twitter_misc":{"Escrito por":"Telinha","Tempo estimado de leitura":"1 minuto"},"schema":{"@context":"https:\/\/schema.org","@graph":[{"@type":"Article","@id":"https:\/\/portaltela.pt\/noticias\/2025\/12\/07\/mulher-com-cancro-ha-tres-anos-pede-ajuda-para-encontrar-esperanca\/#article","isPartOf":{"@id":"https:\/\/portaltela.pt\/noticias\/2025\/12\/07\/mulher-com-cancro-ha-tres-anos-pede-ajuda-para-encontrar-esperanca\/"},"author":{"name":"Telinha","@id":"https:\/\/portaltela.pt\/#\/schema\/person\/c4278d4a6028830caff9ee44b42d32ed"},"headline":"Mulher com cancro h\u00e1 tr\u00eas anos pede ajuda para encontrar esperan\u00e7a","datePublished":"2025-12-08T00:00:00+00:00","mainEntityOfPage":{"@id":"https:\/\/portaltela.pt\/noticias\/2025\/12\/07\/mulher-com-cancro-ha-tres-anos-pede-ajuda-para-encontrar-esperanca\/"},"wordCount":255,"image":{"@id":"https:\/\/portaltela.pt\/noticias\/2025\/12\/07\/mulher-com-cancro-ha-tres-anos-pede-ajuda-para-encontrar-esperanca\/#primaryimage"},"thumbnailUrl":"https:\/\/portaltela.pt\/s.01k8rhncp4jt1\/2025\/12\/image-194.jpg","keywords":["doen\u00e7as","hospital","infe\u00e7\u00e3o respirat\u00f3ria aguda","infe\u00e7\u00f5es oportunistas","sa\u00fade","tratamentos"],"articleSection":["Not\u00edcias"],"inLanguage":"pt-PT"},{"@type":"WebPage","@id":"https:\/\/portaltela.pt\/noticias\/2025\/12\/07\/mulher-com-cancro-ha-tres-anos-pede-ajuda-para-encontrar-esperanca\/","url":"https:\/\/portaltela.pt\/noticias\/2025\/12\/07\/mulher-com-cancro-ha-tres-anos-pede-ajuda-para-encontrar-esperanca\/","name":"Mulher com cancro h\u00e1 tr\u00eas anos pede ajuda para encontrar esperan\u00e7a - Portal Tela Portugal","isPartOf":{"@id":"https:\/\/portaltela.pt\/#website"},"primaryImageOfPage":{"@id":"https:\/\/portaltela.pt\/noticias\/2025\/12\/07\/mulher-com-cancro-ha-tres-anos-pede-ajuda-para-encontrar-esperanca\/#primaryimage"},"image":{"@id":"https:\/\/portaltela.pt\/noticias\/2025\/12\/07\/mulher-com-cancro-ha-tres-anos-pede-ajuda-para-encontrar-esperanca\/#primaryimage"},"thumbnailUrl":"https:\/\/portaltela.pt\/s.01k8rhncp4jt1\/2025\/12\/image-194.jpg","datePublished":"2025-12-08T00:00:00+00:00","author":{"@id":"https:\/\/portaltela.pt\/#\/schema\/person\/c4278d4a6028830caff9ee44b42d32ed"},"breadcrumb":{"@id":"https:\/\/portaltela.pt\/noticias\/2025\/12\/07\/mulher-com-cancro-ha-tres-anos-pede-ajuda-para-encontrar-esperanca\/#breadcrumb"},"inLanguage":"pt-PT","potentialAction":[{"@type":"ReadAction","target":["https:\/\/portaltela.pt\/noticias\/2025\/12\/07\/mulher-com-cancro-ha-tres-anos-pede-ajuda-para-encontrar-esperanca\/"]}]},{"@type":"ImageObject","inLanguage":"pt-PT","@id":"https:\/\/portaltela.pt\/noticias\/2025\/12\/07\/mulher-com-cancro-ha-tres-anos-pede-ajuda-para-encontrar-esperanca\/#primaryimage","url":"https:\/\/portaltela.pt\/s.01k8rhncp4jt1\/2025\/12\/image-194.jpg","contentUrl":"https:\/\/portaltela.pt\/s.01k8rhncp4jt1\/2025\/12\/image-194.jpg","width":796,"height":448,"caption":"Jovem de 23 anos queixa-se de \"um pouco de falta de ar\" \u2013 Foto: \u00c2ngela Pereira\/Instagram"},{"@type":"BreadcrumbList","@id":"https:\/\/portaltela.pt\/noticias\/2025\/12\/07\/mulher-com-cancro-ha-tres-anos-pede-ajuda-para-encontrar-esperanca\/#breadcrumb","itemListElement":[{"@type":"ListItem","position":1,"name":"In\u00edcio","item":"https:\/\/portaltela.pt\/"},{"@type":"ListItem","position":2,"name":"Mulher com cancro h\u00e1 tr\u00eas anos pede ajuda para encontrar esperan\u00e7a"}]},{"@type":"WebSite","@id":"https:\/\/portaltela.pt\/#website","url":"https:\/\/portaltela.pt\/","name":"Portal Tela Portugal","description":"","potentialAction":[{"@type":"SearchAction","target":{"@type":"EntryPoint","urlTemplate":"https:\/\/portaltela.pt\/?s={search_term_string}"},"query-input":{"@type":"PropertyValueSpecification","valueRequired":true,"valueName":"search_term_string"}}],"inLanguage":"pt-PT"},{"@type":"Person","@id":"https:\/\/portaltela.pt\/#\/schema\/person\/c4278d4a6028830caff9ee44b42d32ed","name":"Telinha","image":{"@type":"ImageObject","inLanguage":"pt-PT","@id":"https:\/\/portaltela.pt\/s.01k8rhncp4jt1\/2025\/11\/talking-bot-125x125.png","url":"https:\/\/portaltela.pt\/s.01k8rhncp4jt1\/2025\/11\/talking-bot-125x125.png","contentUrl":"https:\/\/portaltela.pt\/s.01k8rhncp4jt1\/2025\/11\/talking-bot-125x125.png","caption":"Telinha"},"sameAs":["https:\/\/portaltela.pt\/"],"url":"https:\/\/portaltela.pt\/por\/367410592786\/"}]}},"_links":{"self":[{"href":"https:\/\/portaltela.pt\/api\/wp\/v2\/posts\/59294","targetHints":{"allow":["GET"]}}],"collection":[{"href":"https:\/\/portaltela.pt\/api\/wp\/v2\/posts"}],"about":[{"href":"https:\/\/portaltela.pt\/api\/wp\/v2\/types\/post"}],"author":[{"embeddable":true,"href":"https:\/\/portaltela.pt\/api\/wp\/v2\/users\/2"}],"replies":[{"embeddable":true,"href":"https:\/\/portaltela.pt\/api\/wp\/v2\/comments?post=59294"}],"version-history":[{"count":0,"href":"https:\/\/portaltela.pt\/api\/wp\/v2\/posts\/59294\/revisions"}],"wp:featuredmedia":[{"embeddable":true,"href":"https:\/\/portaltela.pt\/api\/wp\/v2\/media\/59297"}],"wp:attachment":[{"href":"https:\/\/portaltela.pt\/api\/wp\/v2\/media?parent=59294"}],"wp:term":[{"taxonomy":"category","embeddable":true,"href":"https:\/\/portaltela.pt\/api\/wp\/v2\/categories?post=59294"},{"taxonomy":"post_tag","embeddable":true,"href":"https:\/\/portaltela.pt\/api\/wp\/v2\/tags?post=59294"}],"curies":[{"name":"wp","href":"https:\/\/api.w.org\/{rel}","templated":true}]}}