{"id":59207,"date":"2025-12-08T11:01:00","date_gmt":"2025-12-08T14:01:00","guid":{"rendered":"https:\/\/portaltela.pt\/noticias\/2025\/12\/08\/porto-confirma-que-nenhuma-abordagem-medica-foi-eficaz-no-tratamento-de-jovem-de-23\/"},"modified":"2025-12-08T11:01:00","modified_gmt":"2025-12-08T14:01:00","slug":"porto-confirma-que-nenhuma-abordagem-medica-foi-eficaz-no-tratamento-de-jovem-de-23","status":"publish","type":"post","link":"https:\/\/portaltela.pt\/noticias\/2025\/12\/08\/porto-confirma-que-nenhuma-abordagem-medica-foi-eficaz-no-tratamento-de-jovem-de-23\/","title":{"rendered":"Porto confirma que nenhuma abordagem m\u00e9dica foi eficaz no tratamento de jovem de 23"},"content":{"rendered":"<p>O IPO do Porto indica que a jovem \u00c2ngela Pereira, 23 anos, diagnosticada com doen\u00e7a oncol\u00f3gica, est\u00e1 a ser acompanhada num centro altamente diferenciado. Desenvolveu aspergilose invasiva resistente a antif\u00fangicos, levando \u00e0 cirurgia pulmonar como op\u00e7\u00e3o terap\u00eautica.<\/p>\n<p>Acompanhada por equipas com experi\u00eancia em hematologia, transplante de medula e infe\u00e7\u00f5es oportunistas, \u00c2ngela j\u00e1 recebeu m\u00faltiplos tratamentos. Incluem seis linhas de quimioterapia, um autotransplante e um alotransplante de medula \u00f3ssea.<\/p>\n<p>O progn\u00f3stico \u00e9 muito reservado, segundo o IPO. Foi solicitado o apoio de Cuidados Paliativos, com ajuste terap\u00eautico conjunto pela equipa de transplanta\u00e7\u00e3o e apoio psicol\u00f3gico, mantendo o foco em cuidado humanizado.<\/p>\n<h3>Situa\u00e7\u00e3o cl\u00ednica e decis\u00e3o terap\u00eautica<\/h3>\n<p>Devido \u00e0 aspergilose invasiva resistente, foi decidida a interven\u00e7\u00e3o cir\u00fargica aos pulm\u00f5es, conforme explicou o IPO. A decis\u00e3o seguiu-se \u00e0 incompatibilidade dos antif\u00fangicos com o estado de imunossupress\u00e3o.<\/p>\n<p>Acompanhada pela equipa de transplanta\u00e7\u00e3o, a doente recebe ainda suporte psicol\u00f3gico para enfrentar o desafio cl\u00ednico. O IPO refor\u00e7a o compromisso com cuidados rigorosos, baseados na melhor evid\u00eancia cient\u00edfica.<\/p>\n<p>\u00c2ngela \u00e9 natural de Viana do Castelo e encontra-se a receber tratamento no IPO do Porto, com foco na dignidade do doente e na seguran\u00e7a das decis\u00f5es cl\u00ednicas.<\/p>\n","protected":false},"excerpt":{"rendered":"<ul>\n<li>\u00c2ngela Pereira, 23 anos, tem doen\u00e7a oncol\u00f3gica e j\u00e1 pediu ajuda de especialistas pelas redes sociais.<\/li>\n<li>Est\u00e1 a ser acompanhada pelo IPO do Porto, num centro altamente diferenciado, com equipas experientes em hematologia, transplante de medula e infe\u00e7\u00f5es oportunistas.<\/li>\n<li>J\u00e1 recebeu seis linhas de quimioterapia, autotransplante de medula \u00f3ssea e alotransplante de medula \u00f3ssea de dador relacionado.<\/li>\n<li>Desenvolveu aspergilose invasiva resistente a antif\u00fangos, levando \u00e0 decis\u00e3o de submeter a doen\u00e7a a cirurgia aos pulm\u00f5es.<\/li>\n<li>Beneficia de apoio de Cuidados Paliativos e apoio psicol\u00f3gico, mantendo-se um progn\u00f3stico muito reservado e um compromisso de cuidados rigorosos e humanizados.<\/li>\n<\/ul>\n","protected":false},"author":2,"featured_media":59208,"comment_status":"closed","ping_status":"closed","sticky":false,"template":"","format":"standard","meta":{"footnotes":""},"categories":[1],"tags":[911,989,988,982],"class_list":["post-59207","post","type-post","status-publish","format-standard","has-post-thumbnail","hentry","category-noticias","tag-cuidados-paliativos","tag-hematologia","tag-infecoes-oportunistas","tag-porto"],"yoast_head":"<!-- This site is optimized with the Yoast SEO plugin v27.2 - https:\/\/yoast.com\/product\/yoast-seo-wordpress\/ -->\n<title>Porto confirma que nenhuma abordagem m\u00e9dica foi eficaz no tratamento de jovem de 23 - Portal Tela Portugal<\/title>\n<meta name=\"robots\" content=\"index, follow, max-snippet:-1, max-image-preview:large, max-video-preview:-1\" \/>\n<meta property=\"og:locale\" content=\"pt_PT\" \/>\n<meta property=\"og:type\" content=\"article\" \/>\n<meta property=\"og:title\" content=\"Porto confirma que nenhuma abordagem m\u00e9dica foi eficaz no tratamento de jovem de 23 - Portal Tela Portugal\" \/>\n<meta property=\"og:description\" content=\"\u00c2ngela Pereira, 23 anos, tem doen\u00e7a oncol\u00f3gica e j\u00e1 pediu ajuda de especialistas pelas redes sociais. Est\u00e1 a ser acompanhada pelo IPO do Porto, num centro altamente diferenciado, com equipas experientes em hematologia, transplante de medula e infe\u00e7\u00f5es oportunistas. J\u00e1 recebeu seis linhas de quimioterapia, autotransplante de medula \u00f3ssea e alotransplante de medula \u00f3ssea de dador relacionado. Desenvolveu aspergilose invasiva resistente a antif\u00fangos, levando \u00e0 decis\u00e3o de submeter a doen\u00e7a a cirurgia aos pulm\u00f5es. Beneficia de apoio de Cuidados Paliativos e apoio psicol\u00f3gico, mantendo-se um progn\u00f3stico muito reservado e um compromisso de cuidados rigorosos e humanizados.\" \/>\n<meta property=\"og:url\" content=\"https:\/\/portaltela.pt\/noticias\/2025\/12\/08\/porto-confirma-que-nenhuma-abordagem-medica-foi-eficaz-no-tratamento-de-jovem-de-23\/\" \/>\n<meta property=\"og:site_name\" content=\"Portal Tela Portugal\" \/>\n<meta property=\"article:published_time\" content=\"2025-12-08T14:01:00+00:00\" \/>\n<meta name=\"author\" content=\"Telinha\" \/>\n<meta name=\"twitter:card\" content=\"summary_large_image\" \/>\n<meta name=\"twitter:label1\" content=\"Escrito por\" \/>\n\t<meta name=\"twitter:data1\" content=\"Telinha\" \/>\n\t<meta name=\"twitter:label2\" content=\"Tempo estimado de leitura\" \/>\n\t<meta name=\"twitter:data2\" content=\"1 minuto\" \/>\n<script type=\"application\/ld+json\" class=\"yoast-schema-graph\">{\"@context\":\"https:\/\/schema.org\",\"@graph\":[{\"@type\":\"Article\",\"@id\":\"https:\/\/portaltela.pt\/noticias\/2025\/12\/08\/porto-confirma-que-nenhuma-abordagem-medica-foi-eficaz-no-tratamento-de-jovem-de-23\/#article\",\"isPartOf\":{\"@id\":\"https:\/\/portaltela.pt\/noticias\/2025\/12\/08\/porto-confirma-que-nenhuma-abordagem-medica-foi-eficaz-no-tratamento-de-jovem-de-23\/\"},\"author\":{\"name\":\"Telinha\",\"@id\":\"https:\/\/portaltela.pt\/#\/schema\/person\/c4278d4a6028830caff9ee44b42d32ed\"},\"headline\":\"Porto confirma que nenhuma abordagem m\u00e9dica foi eficaz no tratamento de jovem de 23\",\"datePublished\":\"2025-12-08T14:01:00+00:00\",\"mainEntityOfPage\":{\"@id\":\"https:\/\/portaltela.pt\/noticias\/2025\/12\/08\/porto-confirma-que-nenhuma-abordagem-medica-foi-eficaz-no-tratamento-de-jovem-de-23\/\"},\"wordCount\":229,\"image\":{\"@id\":\"https:\/\/portaltela.pt\/noticias\/2025\/12\/08\/porto-confirma-que-nenhuma-abordagem-medica-foi-eficaz-no-tratamento-de-jovem-de-23\/#primaryimage\"},\"thumbnailUrl\":\"https:\/\/portaltela.pt\/s.01k8rhncp4jt1\/2025\/12\/img_1280x721uu2025-12-07-20-04-00-2253141-1.jpg\",\"keywords\":[\"cuidados paliativos\",\"hematologia\",\"infe\u00e7\u00f5es oportunistas\",\"Porto\"],\"articleSection\":[\"Not\u00edcias\"],\"inLanguage\":\"pt-PT\"},{\"@type\":\"WebPage\",\"@id\":\"https:\/\/portaltela.pt\/noticias\/2025\/12\/08\/porto-confirma-que-nenhuma-abordagem-medica-foi-eficaz-no-tratamento-de-jovem-de-23\/\",\"url\":\"https:\/\/portaltela.pt\/noticias\/2025\/12\/08\/porto-confirma-que-nenhuma-abordagem-medica-foi-eficaz-no-tratamento-de-jovem-de-23\/\",\"name\":\"Porto confirma que nenhuma abordagem m\u00e9dica foi eficaz no tratamento de jovem de 23 - Portal Tela Portugal\",\"isPartOf\":{\"@id\":\"https:\/\/portaltela.pt\/#website\"},\"primaryImageOfPage\":{\"@id\":\"https:\/\/portaltela.pt\/noticias\/2025\/12\/08\/porto-confirma-que-nenhuma-abordagem-medica-foi-eficaz-no-tratamento-de-jovem-de-23\/#primaryimage\"},\"image\":{\"@id\":\"https:\/\/portaltela.pt\/noticias\/2025\/12\/08\/porto-confirma-que-nenhuma-abordagem-medica-foi-eficaz-no-tratamento-de-jovem-de-23\/#primaryimage\"},\"thumbnailUrl\":\"https:\/\/portaltela.pt\/s.01k8rhncp4jt1\/2025\/12\/img_1280x721uu2025-12-07-20-04-00-2253141-1.jpg\",\"datePublished\":\"2025-12-08T14:01:00+00:00\",\"author\":{\"@id\":\"https:\/\/portaltela.pt\/#\/schema\/person\/c4278d4a6028830caff9ee44b42d32ed\"},\"breadcrumb\":{\"@id\":\"https:\/\/portaltela.pt\/noticias\/2025\/12\/08\/porto-confirma-que-nenhuma-abordagem-medica-foi-eficaz-no-tratamento-de-jovem-de-23\/#breadcrumb\"},\"inLanguage\":\"pt-PT\",\"potentialAction\":[{\"@type\":\"ReadAction\",\"target\":[\"https:\/\/portaltela.pt\/noticias\/2025\/12\/08\/porto-confirma-que-nenhuma-abordagem-medica-foi-eficaz-no-tratamento-de-jovem-de-23\/\"]}]},{\"@type\":\"ImageObject\",\"inLanguage\":\"pt-PT\",\"@id\":\"https:\/\/portaltela.pt\/noticias\/2025\/12\/08\/porto-confirma-que-nenhuma-abordagem-medica-foi-eficaz-no-tratamento-de-jovem-de-23\/#primaryimage\",\"url\":\"https:\/\/portaltela.pt\/s.01k8rhncp4jt1\/2025\/12\/img_1280x721uu2025-12-07-20-04-00-2253141-1.jpg\",\"contentUrl\":\"https:\/\/portaltela.pt\/s.01k8rhncp4jt1\/2025\/12\/img_1280x721uu2025-12-07-20-04-00-2253141-1.jpg\",\"width\":796,\"height\":448,\"caption\":\"Photo\"},{\"@type\":\"BreadcrumbList\",\"@id\":\"https:\/\/portaltela.pt\/noticias\/2025\/12\/08\/porto-confirma-que-nenhuma-abordagem-medica-foi-eficaz-no-tratamento-de-jovem-de-23\/#breadcrumb\",\"itemListElement\":[{\"@type\":\"ListItem\",\"position\":1,\"name\":\"In\u00edcio\",\"item\":\"https:\/\/portaltela.pt\/\"},{\"@type\":\"ListItem\",\"position\":2,\"name\":\"Porto confirma que nenhuma abordagem m\u00e9dica foi eficaz no tratamento de jovem de 23\"}]},{\"@type\":\"WebSite\",\"@id\":\"https:\/\/portaltela.pt\/#website\",\"url\":\"https:\/\/portaltela.pt\/\",\"name\":\"Portal Tela Portugal\",\"description\":\"\",\"potentialAction\":[{\"@type\":\"SearchAction\",\"target\":{\"@type\":\"EntryPoint\",\"urlTemplate\":\"https:\/\/portaltela.pt\/?s={search_term_string}\"},\"query-input\":{\"@type\":\"PropertyValueSpecification\",\"valueRequired\":true,\"valueName\":\"search_term_string\"}}],\"inLanguage\":\"pt-PT\"},{\"@type\":\"Person\",\"@id\":\"https:\/\/portaltela.pt\/#\/schema\/person\/c4278d4a6028830caff9ee44b42d32ed\",\"name\":\"Telinha\",\"image\":{\"@type\":\"ImageObject\",\"inLanguage\":\"pt-PT\",\"@id\":\"https:\/\/portaltela.pt\/s.01k8rhncp4jt1\/2025\/11\/talking-bot-125x125.png\",\"url\":\"https:\/\/portaltela.pt\/s.01k8rhncp4jt1\/2025\/11\/talking-bot-125x125.png\",\"contentUrl\":\"https:\/\/portaltela.pt\/s.01k8rhncp4jt1\/2025\/11\/talking-bot-125x125.png\",\"caption\":\"Telinha\"},\"sameAs\":[\"https:\/\/portaltela.pt\/\"],\"url\":\"https:\/\/portaltela.pt\/por\/367410592786\/\"}]}<\/script>\n<!-- \/ Yoast SEO plugin. -->","yoast_head_json":{"title":"Porto confirma que nenhuma abordagem m\u00e9dica foi eficaz no tratamento de jovem de 23 - Portal Tela Portugal","robots":{"index":"index","follow":"follow","max-snippet":"max-snippet:-1","max-image-preview":"max-image-preview:large","max-video-preview":"max-video-preview:-1"},"og_locale":"pt_PT","og_type":"article","og_title":"Porto confirma que nenhuma abordagem m\u00e9dica foi eficaz no tratamento de jovem de 23 - Portal Tela Portugal","og_description":"\u00c2ngela Pereira, 23 anos, tem doen\u00e7a oncol\u00f3gica e j\u00e1 pediu ajuda de especialistas pelas redes sociais. Est\u00e1 a ser acompanhada pelo IPO do Porto, num centro altamente diferenciado, com equipas experientes em hematologia, transplante de medula e infe\u00e7\u00f5es oportunistas. J\u00e1 recebeu seis linhas de quimioterapia, autotransplante de medula \u00f3ssea e alotransplante de medula \u00f3ssea de dador relacionado. Desenvolveu aspergilose invasiva resistente a antif\u00fangos, levando \u00e0 decis\u00e3o de submeter a doen\u00e7a a cirurgia aos pulm\u00f5es. Beneficia de apoio de Cuidados Paliativos e apoio psicol\u00f3gico, mantendo-se um progn\u00f3stico muito reservado e um compromisso de cuidados rigorosos e humanizados.","og_url":"https:\/\/portaltela.pt\/noticias\/2025\/12\/08\/porto-confirma-que-nenhuma-abordagem-medica-foi-eficaz-no-tratamento-de-jovem-de-23\/","og_site_name":"Portal Tela Portugal","article_published_time":"2025-12-08T14:01:00+00:00","author":"Telinha","twitter_card":"summary_large_image","twitter_misc":{"Escrito por":"Telinha","Tempo estimado de leitura":"1 minuto"},"schema":{"@context":"https:\/\/schema.org","@graph":[{"@type":"Article","@id":"https:\/\/portaltela.pt\/noticias\/2025\/12\/08\/porto-confirma-que-nenhuma-abordagem-medica-foi-eficaz-no-tratamento-de-jovem-de-23\/#article","isPartOf":{"@id":"https:\/\/portaltela.pt\/noticias\/2025\/12\/08\/porto-confirma-que-nenhuma-abordagem-medica-foi-eficaz-no-tratamento-de-jovem-de-23\/"},"author":{"name":"Telinha","@id":"https:\/\/portaltela.pt\/#\/schema\/person\/c4278d4a6028830caff9ee44b42d32ed"},"headline":"Porto confirma que nenhuma abordagem m\u00e9dica foi eficaz no tratamento de jovem de 23","datePublished":"2025-12-08T14:01:00+00:00","mainEntityOfPage":{"@id":"https:\/\/portaltela.pt\/noticias\/2025\/12\/08\/porto-confirma-que-nenhuma-abordagem-medica-foi-eficaz-no-tratamento-de-jovem-de-23\/"},"wordCount":229,"image":{"@id":"https:\/\/portaltela.pt\/noticias\/2025\/12\/08\/porto-confirma-que-nenhuma-abordagem-medica-foi-eficaz-no-tratamento-de-jovem-de-23\/#primaryimage"},"thumbnailUrl":"https:\/\/portaltela.pt\/s.01k8rhncp4jt1\/2025\/12\/img_1280x721uu2025-12-07-20-04-00-2253141-1.jpg","keywords":["cuidados paliativos","hematologia","infe\u00e7\u00f5es oportunistas","Porto"],"articleSection":["Not\u00edcias"],"inLanguage":"pt-PT"},{"@type":"WebPage","@id":"https:\/\/portaltela.pt\/noticias\/2025\/12\/08\/porto-confirma-que-nenhuma-abordagem-medica-foi-eficaz-no-tratamento-de-jovem-de-23\/","url":"https:\/\/portaltela.pt\/noticias\/2025\/12\/08\/porto-confirma-que-nenhuma-abordagem-medica-foi-eficaz-no-tratamento-de-jovem-de-23\/","name":"Porto confirma que nenhuma abordagem m\u00e9dica foi eficaz no tratamento de jovem de 23 - Portal Tela Portugal","isPartOf":{"@id":"https:\/\/portaltela.pt\/#website"},"primaryImageOfPage":{"@id":"https:\/\/portaltela.pt\/noticias\/2025\/12\/08\/porto-confirma-que-nenhuma-abordagem-medica-foi-eficaz-no-tratamento-de-jovem-de-23\/#primaryimage"},"image":{"@id":"https:\/\/portaltela.pt\/noticias\/2025\/12\/08\/porto-confirma-que-nenhuma-abordagem-medica-foi-eficaz-no-tratamento-de-jovem-de-23\/#primaryimage"},"thumbnailUrl":"https:\/\/portaltela.pt\/s.01k8rhncp4jt1\/2025\/12\/img_1280x721uu2025-12-07-20-04-00-2253141-1.jpg","datePublished":"2025-12-08T14:01:00+00:00","author":{"@id":"https:\/\/portaltela.pt\/#\/schema\/person\/c4278d4a6028830caff9ee44b42d32ed"},"breadcrumb":{"@id":"https:\/\/portaltela.pt\/noticias\/2025\/12\/08\/porto-confirma-que-nenhuma-abordagem-medica-foi-eficaz-no-tratamento-de-jovem-de-23\/#breadcrumb"},"inLanguage":"pt-PT","potentialAction":[{"@type":"ReadAction","target":["https:\/\/portaltela.pt\/noticias\/2025\/12\/08\/porto-confirma-que-nenhuma-abordagem-medica-foi-eficaz-no-tratamento-de-jovem-de-23\/"]}]},{"@type":"ImageObject","inLanguage":"pt-PT","@id":"https:\/\/portaltela.pt\/noticias\/2025\/12\/08\/porto-confirma-que-nenhuma-abordagem-medica-foi-eficaz-no-tratamento-de-jovem-de-23\/#primaryimage","url":"https:\/\/portaltela.pt\/s.01k8rhncp4jt1\/2025\/12\/img_1280x721uu2025-12-07-20-04-00-2253141-1.jpg","contentUrl":"https:\/\/portaltela.pt\/s.01k8rhncp4jt1\/2025\/12\/img_1280x721uu2025-12-07-20-04-00-2253141-1.jpg","width":796,"height":448,"caption":"Photo"},{"@type":"BreadcrumbList","@id":"https:\/\/portaltela.pt\/noticias\/2025\/12\/08\/porto-confirma-que-nenhuma-abordagem-medica-foi-eficaz-no-tratamento-de-jovem-de-23\/#breadcrumb","itemListElement":[{"@type":"ListItem","position":1,"name":"In\u00edcio","item":"https:\/\/portaltela.pt\/"},{"@type":"ListItem","position":2,"name":"Porto confirma que nenhuma abordagem m\u00e9dica foi eficaz no tratamento de jovem de 23"}]},{"@type":"WebSite","@id":"https:\/\/portaltela.pt\/#website","url":"https:\/\/portaltela.pt\/","name":"Portal Tela Portugal","description":"","potentialAction":[{"@type":"SearchAction","target":{"@type":"EntryPoint","urlTemplate":"https:\/\/portaltela.pt\/?s={search_term_string}"},"query-input":{"@type":"PropertyValueSpecification","valueRequired":true,"valueName":"search_term_string"}}],"inLanguage":"pt-PT"},{"@type":"Person","@id":"https:\/\/portaltela.pt\/#\/schema\/person\/c4278d4a6028830caff9ee44b42d32ed","name":"Telinha","image":{"@type":"ImageObject","inLanguage":"pt-PT","@id":"https:\/\/portaltela.pt\/s.01k8rhncp4jt1\/2025\/11\/talking-bot-125x125.png","url":"https:\/\/portaltela.pt\/s.01k8rhncp4jt1\/2025\/11\/talking-bot-125x125.png","contentUrl":"https:\/\/portaltela.pt\/s.01k8rhncp4jt1\/2025\/11\/talking-bot-125x125.png","caption":"Telinha"},"sameAs":["https:\/\/portaltela.pt\/"],"url":"https:\/\/portaltela.pt\/por\/367410592786\/"}]}},"_links":{"self":[{"href":"https:\/\/portaltela.pt\/api\/wp\/v2\/posts\/59207","targetHints":{"allow":["GET"]}}],"collection":[{"href":"https:\/\/portaltela.pt\/api\/wp\/v2\/posts"}],"about":[{"href":"https:\/\/portaltela.pt\/api\/wp\/v2\/types\/post"}],"author":[{"embeddable":true,"href":"https:\/\/portaltela.pt\/api\/wp\/v2\/users\/2"}],"replies":[{"embeddable":true,"href":"https:\/\/portaltela.pt\/api\/wp\/v2\/comments?post=59207"}],"version-history":[{"count":0,"href":"https:\/\/portaltela.pt\/api\/wp\/v2\/posts\/59207\/revisions"}],"wp:featuredmedia":[{"embeddable":true,"href":"https:\/\/portaltela.pt\/api\/wp\/v2\/media\/59208"}],"wp:attachment":[{"href":"https:\/\/portaltela.pt\/api\/wp\/v2\/media?parent=59207"}],"wp:term":[{"taxonomy":"category","embeddable":true,"href":"https:\/\/portaltela.pt\/api\/wp\/v2\/categories?post=59207"},{"taxonomy":"post_tag","embeddable":true,"href":"https:\/\/portaltela.pt\/api\/wp\/v2\/tags?post=59207"}],"curies":[{"name":"wp","href":"https:\/\/api.w.org\/{rel}","templated":true}]}}