{"id":59072,"date":"2025-12-08T09:47:00","date_gmt":"2025-12-08T12:47:00","guid":{"rendered":"https:\/\/portaltela.pt\/noticias\/2025\/12\/08\/pai-de-endrick-provoca-apos-o-filho-ficar-no-banco-do-real-madrid\/"},"modified":"2025-12-08T09:47:00","modified_gmt":"2025-12-08T12:47:00","slug":"pai-de-endrick-provoca-apos-o-filho-ficar-no-banco-do-real-madrid","status":"publish","type":"post","link":"https:\/\/portaltela.pt\/desporto\/futebol\/2025\/12\/08\/pai-de-endrick-provoca-apos-o-filho-ficar-no-banco-do-real-madrid\/","title":{"rendered":"Pai de Endrick provoca ap\u00f3s o filho ficar no banco do Real Madrid"},"content":{"rendered":"<p>Endrick, 19 anos, tem apenas 11 minutos disputados pela presente temporada do Real Madrid. O avan\u00e7ado brasileiro esteve no banco na derrota em casa por 0-2 frente ao Celta de Vigo, mantendo-se sem tempo em campo ao longo do encontro.<\/p>\n<p>A derrota ocorreu no est\u00e1dio Santiago Bernab\u00e9u. O Real Madrid somou a segunda derrota consecutiva em casa, enquanto Endrick permaneceu entre os suplentes, sem entrada na partida.<\/p>\n<h3>Rea\u00e7\u00e3o da imprensa<\/h3>\n<p>Ap\u00f3s o jogo, o pai de Endrick, Douglas Sousa, publicou no Instagram uma fotografia do filho sentado no banco de suplentes, acompanhada de uma cita\u00e7\u00e3o b\u00edblica. A imprensa espanhola viu a publica\u00e7\u00e3o como algo para al\u00e9m de coincid\u00eancia, insinuando leituras sobre o futuro do jogador.<\/p>\n<p>A cobertura destacou a dist\u00e2ncia entre o desempenho atual de Endrick e as altas expectativas associadas ao jogador que chegou ao clube recentemente. N\u00e3o foram oferecidos coment\u00e1rios oficiais adicionais pelo Real Madrid sobre a situa\u00e7\u00e3o.<\/p>\n","protected":false},"excerpt":{"rendered":"<ul>\n<li>Endrick, 19 anos, soma 11 minutos nesta temporada pelo Real Madrid.<\/li>\n<li>Na derrota em casa por 0-2 diante do Celta de Vigo, o avan\u00e7ado brasileiro ficou novamente no banco.<\/li>\n<li>O pai, Douglas Sousa, publicou no Instagram uma foto do filho no banco, acompanhada de uma cita\u00e7\u00e3o b\u00edblica.<\/li>\n<li>A leitura da cita\u00e7\u00e3o pela imprensa espanhola \u00e9 apresentada como algo al\u00e9m de coincid\u00eancia, insinuando um significado para o futuro do jogador.<\/li>\n<li>N\u00e3o foram apresentadas informa\u00e7\u00f5es oficiais adicionais sobre o caso.<\/li>\n<\/ul>\n","protected":false},"author":2,"featured_media":59077,"comment_status":"closed","ping_status":"closed","sticky":false,"template":"","format":"standard","meta":{"footnotes":""},"categories":[21,24],"tags":[278,660,152,32,184],"class_list":["post-59072","post","type-post","status-publish","format-standard","has-post-thumbnail","hentry","category-desporto","category-futebol","tag-associacao-desportiva-do-ano","tag-assuntos-desportivos","tag-desporto","tag-futebol","tag-futebolista"],"yoast_head":"<!-- This site is optimized with the Yoast SEO plugin v27.2 - https:\/\/yoast.com\/product\/yoast-seo-wordpress\/ -->\n<title>Pai de Endrick provoca ap\u00f3s o filho ficar no banco do Real Madrid - Portal Tela Portugal<\/title>\n<meta name=\"robots\" content=\"index, follow, max-snippet:-1, max-image-preview:large, max-video-preview:-1\" \/>\n<meta property=\"og:locale\" content=\"pt_PT\" \/>\n<meta property=\"og:type\" content=\"article\" \/>\n<meta property=\"og:title\" content=\"Pai de Endrick provoca ap\u00f3s o filho ficar no banco do Real Madrid - Portal Tela Portugal\" \/>\n<meta property=\"og:description\" content=\"Endrick, 19 anos, soma 11 minutos nesta temporada pelo Real Madrid. Na derrota em casa por 0-2 diante do Celta de Vigo, o avan\u00e7ado brasileiro ficou novamente no banco. O pai, Douglas Sousa, publicou no Instagram uma foto do filho no banco, acompanhada de uma cita\u00e7\u00e3o b\u00edblica. A leitura da cita\u00e7\u00e3o pela imprensa espanhola \u00e9 apresentada como algo al\u00e9m de coincid\u00eancia, insinuando um significado para o futuro do jogador. N\u00e3o foram apresentadas informa\u00e7\u00f5es oficiais adicionais sobre o caso.\" \/>\n<meta property=\"og:url\" content=\"https:\/\/portaltela.pt\/noticias\/2025\/12\/08\/pai-de-endrick-provoca-apos-o-filho-ficar-no-banco-do-real-madrid\/\" \/>\n<meta property=\"og:site_name\" content=\"Portal Tela Portugal\" \/>\n<meta property=\"article:published_time\" content=\"2025-12-08T12:47:00+00:00\" \/>\n<meta name=\"author\" content=\"Telinha\" \/>\n<meta name=\"twitter:card\" content=\"summary_large_image\" \/>\n<meta name=\"twitter:label1\" content=\"Escrito por\" \/>\n\t<meta name=\"twitter:data1\" content=\"Telinha\" \/>\n\t<meta name=\"twitter:label2\" content=\"Tempo estimado de leitura\" \/>\n\t<meta name=\"twitter:data2\" content=\"1 minuto\" \/>\n<script type=\"application\/ld+json\" class=\"yoast-schema-graph\">{\"@context\":\"https:\/\/schema.org\",\"@graph\":[{\"@type\":\"Article\",\"@id\":\"https:\/\/portaltela.pt\/noticias\/2025\/12\/08\/pai-de-endrick-provoca-apos-o-filho-ficar-no-banco-do-real-madrid\/#article\",\"isPartOf\":{\"@id\":\"https:\/\/portaltela.pt\/noticias\/2025\/12\/08\/pai-de-endrick-provoca-apos-o-filho-ficar-no-banco-do-real-madrid\/\"},\"author\":{\"name\":\"Telinha\",\"@id\":\"https:\/\/portaltela.pt\/#\/schema\/person\/c4278d4a6028830caff9ee44b42d32ed\"},\"headline\":\"Pai de Endrick provoca ap\u00f3s o filho ficar no banco do Real Madrid\",\"datePublished\":\"2025-12-08T12:47:00+00:00\",\"mainEntityOfPage\":{\"@id\":\"https:\/\/portaltela.pt\/noticias\/2025\/12\/08\/pai-de-endrick-provoca-apos-o-filho-ficar-no-banco-do-real-madrid\/\"},\"wordCount\":176,\"image\":{\"@id\":\"https:\/\/portaltela.pt\/noticias\/2025\/12\/08\/pai-de-endrick-provoca-apos-o-filho-ficar-no-banco-do-real-madrid\/#primaryimage\"},\"thumbnailUrl\":\"https:\/\/portaltela.pt\/s.01k8rhncp4jt1\/2025\/12\/img_920x519uu2025-12-08-12-44-16-2407873-2.jpg\",\"keywords\":[\"Associa\u00e7\u00e3o Desportiva do Ano\",\"assuntos desportivos\",\"desporto\",\"futebol\",\"futebolista\"],\"articleSection\":[\"Desporto\",\"Futebol\"],\"inLanguage\":\"pt-PT\"},{\"@type\":\"WebPage\",\"@id\":\"https:\/\/portaltela.pt\/noticias\/2025\/12\/08\/pai-de-endrick-provoca-apos-o-filho-ficar-no-banco-do-real-madrid\/\",\"url\":\"https:\/\/portaltela.pt\/noticias\/2025\/12\/08\/pai-de-endrick-provoca-apos-o-filho-ficar-no-banco-do-real-madrid\/\",\"name\":\"Pai de Endrick provoca ap\u00f3s o filho ficar no banco do Real Madrid - Portal Tela Portugal\",\"isPartOf\":{\"@id\":\"https:\/\/portaltela.pt\/#website\"},\"primaryImageOfPage\":{\"@id\":\"https:\/\/portaltela.pt\/noticias\/2025\/12\/08\/pai-de-endrick-provoca-apos-o-filho-ficar-no-banco-do-real-madrid\/#primaryimage\"},\"image\":{\"@id\":\"https:\/\/portaltela.pt\/noticias\/2025\/12\/08\/pai-de-endrick-provoca-apos-o-filho-ficar-no-banco-do-real-madrid\/#primaryimage\"},\"thumbnailUrl\":\"https:\/\/portaltela.pt\/s.01k8rhncp4jt1\/2025\/12\/img_920x519uu2025-12-08-12-44-16-2407873-2.jpg\",\"datePublished\":\"2025-12-08T12:47:00+00:00\",\"author\":{\"@id\":\"https:\/\/portaltela.pt\/#\/schema\/person\/c4278d4a6028830caff9ee44b42d32ed\"},\"breadcrumb\":{\"@id\":\"https:\/\/portaltela.pt\/noticias\/2025\/12\/08\/pai-de-endrick-provoca-apos-o-filho-ficar-no-banco-do-real-madrid\/#breadcrumb\"},\"inLanguage\":\"pt-PT\",\"potentialAction\":[{\"@type\":\"ReadAction\",\"target\":[\"https:\/\/portaltela.pt\/noticias\/2025\/12\/08\/pai-de-endrick-provoca-apos-o-filho-ficar-no-banco-do-real-madrid\/\"]}]},{\"@type\":\"ImageObject\",\"inLanguage\":\"pt-PT\",\"@id\":\"https:\/\/portaltela.pt\/noticias\/2025\/12\/08\/pai-de-endrick-provoca-apos-o-filho-ficar-no-banco-do-real-madrid\/#primaryimage\",\"url\":\"https:\/\/portaltela.pt\/s.01k8rhncp4jt1\/2025\/12\/img_920x519uu2025-12-08-12-44-16-2407873-2.jpg\",\"contentUrl\":\"https:\/\/portaltela.pt\/s.01k8rhncp4jt1\/2025\/12\/img_920x519uu2025-12-08-12-44-16-2407873-2.jpg\",\"width\":796,\"height\":448,\"caption\":\"Esta \u00e9poca, Endrick jogou apenas 11 minutos frente ao Valencia, a 1 de novembro\"},{\"@type\":\"BreadcrumbList\",\"@id\":\"https:\/\/portaltela.pt\/noticias\/2025\/12\/08\/pai-de-endrick-provoca-apos-o-filho-ficar-no-banco-do-real-madrid\/#breadcrumb\",\"itemListElement\":[{\"@type\":\"ListItem\",\"position\":1,\"name\":\"In\u00edcio\",\"item\":\"https:\/\/portaltela.pt\/\"},{\"@type\":\"ListItem\",\"position\":2,\"name\":\"Pai de Endrick provoca ap\u00f3s o filho ficar no banco do Real Madrid\"}]},{\"@type\":\"WebSite\",\"@id\":\"https:\/\/portaltela.pt\/#website\",\"url\":\"https:\/\/portaltela.pt\/\",\"name\":\"Portal Tela Portugal\",\"description\":\"\",\"potentialAction\":[{\"@type\":\"SearchAction\",\"target\":{\"@type\":\"EntryPoint\",\"urlTemplate\":\"https:\/\/portaltela.pt\/?s={search_term_string}\"},\"query-input\":{\"@type\":\"PropertyValueSpecification\",\"valueRequired\":true,\"valueName\":\"search_term_string\"}}],\"inLanguage\":\"pt-PT\"},{\"@type\":\"Person\",\"@id\":\"https:\/\/portaltela.pt\/#\/schema\/person\/c4278d4a6028830caff9ee44b42d32ed\",\"name\":\"Telinha\",\"image\":{\"@type\":\"ImageObject\",\"inLanguage\":\"pt-PT\",\"@id\":\"https:\/\/portaltela.pt\/s.01k8rhncp4jt1\/2025\/11\/talking-bot-125x125.png\",\"url\":\"https:\/\/portaltela.pt\/s.01k8rhncp4jt1\/2025\/11\/talking-bot-125x125.png\",\"contentUrl\":\"https:\/\/portaltela.pt\/s.01k8rhncp4jt1\/2025\/11\/talking-bot-125x125.png\",\"caption\":\"Telinha\"},\"sameAs\":[\"https:\/\/portaltela.pt\/\"],\"url\":\"https:\/\/portaltela.pt\/por\/367410592786\/\"}]}<\/script>\n<!-- \/ Yoast SEO plugin. -->","yoast_head_json":{"title":"Pai de Endrick provoca ap\u00f3s o filho ficar no banco do Real Madrid - Portal Tela Portugal","robots":{"index":"index","follow":"follow","max-snippet":"max-snippet:-1","max-image-preview":"max-image-preview:large","max-video-preview":"max-video-preview:-1"},"og_locale":"pt_PT","og_type":"article","og_title":"Pai de Endrick provoca ap\u00f3s o filho ficar no banco do Real Madrid - Portal Tela Portugal","og_description":"Endrick, 19 anos, soma 11 minutos nesta temporada pelo Real Madrid. Na derrota em casa por 0-2 diante do Celta de Vigo, o avan\u00e7ado brasileiro ficou novamente no banco. O pai, Douglas Sousa, publicou no Instagram uma foto do filho no banco, acompanhada de uma cita\u00e7\u00e3o b\u00edblica. A leitura da cita\u00e7\u00e3o pela imprensa espanhola \u00e9 apresentada como algo al\u00e9m de coincid\u00eancia, insinuando um significado para o futuro do jogador. N\u00e3o foram apresentadas informa\u00e7\u00f5es oficiais adicionais sobre o caso.","og_url":"https:\/\/portaltela.pt\/noticias\/2025\/12\/08\/pai-de-endrick-provoca-apos-o-filho-ficar-no-banco-do-real-madrid\/","og_site_name":"Portal Tela Portugal","article_published_time":"2025-12-08T12:47:00+00:00","author":"Telinha","twitter_card":"summary_large_image","twitter_misc":{"Escrito por":"Telinha","Tempo estimado de leitura":"1 minuto"},"schema":{"@context":"https:\/\/schema.org","@graph":[{"@type":"Article","@id":"https:\/\/portaltela.pt\/noticias\/2025\/12\/08\/pai-de-endrick-provoca-apos-o-filho-ficar-no-banco-do-real-madrid\/#article","isPartOf":{"@id":"https:\/\/portaltela.pt\/noticias\/2025\/12\/08\/pai-de-endrick-provoca-apos-o-filho-ficar-no-banco-do-real-madrid\/"},"author":{"name":"Telinha","@id":"https:\/\/portaltela.pt\/#\/schema\/person\/c4278d4a6028830caff9ee44b42d32ed"},"headline":"Pai de Endrick provoca ap\u00f3s o filho ficar no banco do Real Madrid","datePublished":"2025-12-08T12:47:00+00:00","mainEntityOfPage":{"@id":"https:\/\/portaltela.pt\/noticias\/2025\/12\/08\/pai-de-endrick-provoca-apos-o-filho-ficar-no-banco-do-real-madrid\/"},"wordCount":176,"image":{"@id":"https:\/\/portaltela.pt\/noticias\/2025\/12\/08\/pai-de-endrick-provoca-apos-o-filho-ficar-no-banco-do-real-madrid\/#primaryimage"},"thumbnailUrl":"https:\/\/portaltela.pt\/s.01k8rhncp4jt1\/2025\/12\/img_920x519uu2025-12-08-12-44-16-2407873-2.jpg","keywords":["Associa\u00e7\u00e3o Desportiva do Ano","assuntos desportivos","desporto","futebol","futebolista"],"articleSection":["Desporto","Futebol"],"inLanguage":"pt-PT"},{"@type":"WebPage","@id":"https:\/\/portaltela.pt\/noticias\/2025\/12\/08\/pai-de-endrick-provoca-apos-o-filho-ficar-no-banco-do-real-madrid\/","url":"https:\/\/portaltela.pt\/noticias\/2025\/12\/08\/pai-de-endrick-provoca-apos-o-filho-ficar-no-banco-do-real-madrid\/","name":"Pai de Endrick provoca ap\u00f3s o filho ficar no banco do Real Madrid - Portal Tela Portugal","isPartOf":{"@id":"https:\/\/portaltela.pt\/#website"},"primaryImageOfPage":{"@id":"https:\/\/portaltela.pt\/noticias\/2025\/12\/08\/pai-de-endrick-provoca-apos-o-filho-ficar-no-banco-do-real-madrid\/#primaryimage"},"image":{"@id":"https:\/\/portaltela.pt\/noticias\/2025\/12\/08\/pai-de-endrick-provoca-apos-o-filho-ficar-no-banco-do-real-madrid\/#primaryimage"},"thumbnailUrl":"https:\/\/portaltela.pt\/s.01k8rhncp4jt1\/2025\/12\/img_920x519uu2025-12-08-12-44-16-2407873-2.jpg","datePublished":"2025-12-08T12:47:00+00:00","author":{"@id":"https:\/\/portaltela.pt\/#\/schema\/person\/c4278d4a6028830caff9ee44b42d32ed"},"breadcrumb":{"@id":"https:\/\/portaltela.pt\/noticias\/2025\/12\/08\/pai-de-endrick-provoca-apos-o-filho-ficar-no-banco-do-real-madrid\/#breadcrumb"},"inLanguage":"pt-PT","potentialAction":[{"@type":"ReadAction","target":["https:\/\/portaltela.pt\/noticias\/2025\/12\/08\/pai-de-endrick-provoca-apos-o-filho-ficar-no-banco-do-real-madrid\/"]}]},{"@type":"ImageObject","inLanguage":"pt-PT","@id":"https:\/\/portaltela.pt\/noticias\/2025\/12\/08\/pai-de-endrick-provoca-apos-o-filho-ficar-no-banco-do-real-madrid\/#primaryimage","url":"https:\/\/portaltela.pt\/s.01k8rhncp4jt1\/2025\/12\/img_920x519uu2025-12-08-12-44-16-2407873-2.jpg","contentUrl":"https:\/\/portaltela.pt\/s.01k8rhncp4jt1\/2025\/12\/img_920x519uu2025-12-08-12-44-16-2407873-2.jpg","width":796,"height":448,"caption":"Esta \u00e9poca, Endrick jogou apenas 11 minutos frente ao Valencia, a 1 de novembro"},{"@type":"BreadcrumbList","@id":"https:\/\/portaltela.pt\/noticias\/2025\/12\/08\/pai-de-endrick-provoca-apos-o-filho-ficar-no-banco-do-real-madrid\/#breadcrumb","itemListElement":[{"@type":"ListItem","position":1,"name":"In\u00edcio","item":"https:\/\/portaltela.pt\/"},{"@type":"ListItem","position":2,"name":"Pai de Endrick provoca ap\u00f3s o filho ficar no banco do Real Madrid"}]},{"@type":"WebSite","@id":"https:\/\/portaltela.pt\/#website","url":"https:\/\/portaltela.pt\/","name":"Portal Tela Portugal","description":"","potentialAction":[{"@type":"SearchAction","target":{"@type":"EntryPoint","urlTemplate":"https:\/\/portaltela.pt\/?s={search_term_string}"},"query-input":{"@type":"PropertyValueSpecification","valueRequired":true,"valueName":"search_term_string"}}],"inLanguage":"pt-PT"},{"@type":"Person","@id":"https:\/\/portaltela.pt\/#\/schema\/person\/c4278d4a6028830caff9ee44b42d32ed","name":"Telinha","image":{"@type":"ImageObject","inLanguage":"pt-PT","@id":"https:\/\/portaltela.pt\/s.01k8rhncp4jt1\/2025\/11\/talking-bot-125x125.png","url":"https:\/\/portaltela.pt\/s.01k8rhncp4jt1\/2025\/11\/talking-bot-125x125.png","contentUrl":"https:\/\/portaltela.pt\/s.01k8rhncp4jt1\/2025\/11\/talking-bot-125x125.png","caption":"Telinha"},"sameAs":["https:\/\/portaltela.pt\/"],"url":"https:\/\/portaltela.pt\/por\/367410592786\/"}]}},"_links":{"self":[{"href":"https:\/\/portaltela.pt\/api\/wp\/v2\/posts\/59072","targetHints":{"allow":["GET"]}}],"collection":[{"href":"https:\/\/portaltela.pt\/api\/wp\/v2\/posts"}],"about":[{"href":"https:\/\/portaltela.pt\/api\/wp\/v2\/types\/post"}],"author":[{"embeddable":true,"href":"https:\/\/portaltela.pt\/api\/wp\/v2\/users\/2"}],"replies":[{"embeddable":true,"href":"https:\/\/portaltela.pt\/api\/wp\/v2\/comments?post=59072"}],"version-history":[{"count":0,"href":"https:\/\/portaltela.pt\/api\/wp\/v2\/posts\/59072\/revisions"}],"wp:featuredmedia":[{"embeddable":true,"href":"https:\/\/portaltela.pt\/api\/wp\/v2\/media\/59077"}],"wp:attachment":[{"href":"https:\/\/portaltela.pt\/api\/wp\/v2\/media?parent=59072"}],"wp:term":[{"taxonomy":"category","embeddable":true,"href":"https:\/\/portaltela.pt\/api\/wp\/v2\/categories?post=59072"},{"taxonomy":"post_tag","embeddable":true,"href":"https:\/\/portaltela.pt\/api\/wp\/v2\/tags?post=59072"}],"curies":[{"name":"wp","href":"https:\/\/api.w.org\/{rel}","templated":true}]}}