{"id":56694,"date":"2025-12-07T06:47:00","date_gmt":"2025-12-07T09:47:00","guid":{"rendered":"https:\/\/portaltela.pt\/noticias\/2025\/12\/07\/agressao-deixa-jovem-hospitalizado\/"},"modified":"2025-12-07T06:47:00","modified_gmt":"2025-12-07T09:47:00","slug":"agressao-deixa-jovem-hospitalizado","status":"publish","type":"post","link":"https:\/\/portaltela.pt\/noticias\/2025\/12\/07\/agressao-deixa-jovem-hospitalizado\/","title":{"rendered":"Agress\u00e3o deixa jovem hospitalizado"},"content":{"rendered":"<p>Um jovem de 25 anos foi agredido na madrugada, nas imedia\u00e7\u00f5es da rotunda do Infante, no Funchal. O incidente ocorreu pouco depois das 5 da manh\u00e3, quando transeuntes acionaram as autoridades. A v\u00edtima foi atingida na cabe\u00e7a com um objeto de madeira e sofreu v\u00e1rias escoria\u00e7\u00f5es.<\/p>\n<p>Os Bombeiros Volunt\u00e1rios Madeirenses forneceram os primeiros socorros no local e encaminharam o jovem ao Hospital Dr. N\u00e9lio Mendon\u00e7a. Mant\u00e9m-se em observa\u00e7\u00e3o m\u00e9dica, com estado de sa\u00fade est\u00e1vel.<\/p>\n<p>A desloca\u00e7\u00e3o ocorreu de forma r\u00e1pida, com a r\u00e1pida resposta dos agentes de protec\u00e7\u00e3o civil e das equipas de apoio m\u00e9dico. O jovem encontrava-se consciente, mas debilitado, necessitando de tratamento imediato.<\/p>\n<h3>Investiga\u00e7\u00e3o em curso<\/h3>\n<p>As autoridades est\u00e3o a recolher elementos para esclarecer a origem do epis\u00f3dio e identificar os intervenientes na agress\u00e3o. O objetivo \u00e9 compreender as circunst\u00e2ncias que antecederam o ataque e determinar responsabilidades.<\/p>\n<p>As informa\u00e7\u00f5es recolhidas indicam que o caso est\u00e1 a ser encaminhado para avalia\u00e7\u00e3o pelas entidades competentes. N\u00e3o foram ainda divulgados detalhes sobre poss\u00edveis suspeitos ou motiva\u00e7\u00e3o para o ataque.<\/p>\n","protected":false},"excerpt":{"rendered":"<ul>\n<li>Um jovem de 25 anos foi atacado na madrugada na rotunda do Infante, no Funchal, sendo atingido na cabe\u00e7a com um objeto de madeira.<\/li>\n<li>Sofreu v\u00e1rias escoria\u00e7\u00f5es e, embora consciente, foi assistido no local e encaminhado para o Hospital Dr. N\u00e9lio Mendon\u00e7a, onde est\u00e1 em observa\u00e7\u00e3o.<\/li>\n<li>O incidente ocorreu pouco depois das cinco da manh\u00e3, com transeuntes a chamar as autoridades.<\/li>\n<li>Os Bombeiros Volunt\u00e1rios Madeirenses prestaram os primeiros socorros e acompanharam a v\u00edtima ao hospital.<\/li>\n<li>As autoridades est\u00e3o a recolher elementos para apurar a origem do epis\u00f3dio e identificar os intervenientes na agress\u00e3o.<\/li>\n<\/ul>\n","protected":false},"author":2,"featured_media":56700,"comment_status":"closed","ping_status":"closed","sticky":false,"template":"","format":"standard","meta":{"footnotes":""},"categories":[1],"tags":[147,633,217,859,320,696],"class_list":["post-56694","post","type-post","status-publish","format-standard","has-post-thumbnail","hentry","category-noticias","tag-crime","tag-hospital","tag-investigacao-criminal","tag-madeira","tag-protecao-civil","tag-violencia-agravada"],"yoast_head":"<!-- This site is optimized with the Yoast SEO plugin v27.2 - https:\/\/yoast.com\/product\/yoast-seo-wordpress\/ -->\n<title>Agress\u00e3o deixa jovem hospitalizado - Portal Tela Portugal<\/title>\n<meta name=\"robots\" content=\"index, follow, max-snippet:-1, max-image-preview:large, max-video-preview:-1\" \/>\n<meta property=\"og:locale\" content=\"pt_PT\" \/>\n<meta property=\"og:type\" content=\"article\" \/>\n<meta property=\"og:title\" content=\"Agress\u00e3o deixa jovem hospitalizado - Portal Tela Portugal\" \/>\n<meta property=\"og:description\" content=\"Um jovem de 25 anos foi atacado na madrugada na rotunda do Infante, no Funchal, sendo atingido na cabe\u00e7a com um objeto de madeira. Sofreu v\u00e1rias escoria\u00e7\u00f5es e, embora consciente, foi assistido no local e encaminhado para o Hospital Dr. N\u00e9lio Mendon\u00e7a, onde est\u00e1 em observa\u00e7\u00e3o. O incidente ocorreu pouco depois das cinco da manh\u00e3, com transeuntes a chamar as autoridades. Os Bombeiros Volunt\u00e1rios Madeirenses prestaram os primeiros socorros e acompanharam a v\u00edtima ao hospital. As autoridades est\u00e3o a recolher elementos para apurar a origem do epis\u00f3dio e identificar os intervenientes na agress\u00e3o.\" \/>\n<meta property=\"og:url\" content=\"https:\/\/portaltela.pt\/noticias\/2025\/12\/07\/agressao-deixa-jovem-hospitalizado\/\" \/>\n<meta property=\"og:site_name\" content=\"Portal Tela Portugal\" \/>\n<meta property=\"article:published_time\" content=\"2025-12-07T09:47:00+00:00\" \/>\n<meta name=\"author\" content=\"Telinha\" \/>\n<meta name=\"twitter:card\" content=\"summary_large_image\" \/>\n<meta name=\"twitter:label1\" content=\"Escrito por\" \/>\n\t<meta name=\"twitter:data1\" content=\"Telinha\" \/>\n\t<meta name=\"twitter:label2\" content=\"Tempo estimado de leitura\" \/>\n\t<meta name=\"twitter:data2\" content=\"1 minuto\" \/>\n<script type=\"application\/ld+json\" class=\"yoast-schema-graph\">{\"@context\":\"https:\/\/schema.org\",\"@graph\":[{\"@type\":\"Article\",\"@id\":\"https:\/\/portaltela.pt\/noticias\/2025\/12\/07\/agressao-deixa-jovem-hospitalizado\/#article\",\"isPartOf\":{\"@id\":\"https:\/\/portaltela.pt\/noticias\/2025\/12\/07\/agressao-deixa-jovem-hospitalizado\/\"},\"author\":{\"name\":\"Telinha\",\"@id\":\"https:\/\/portaltela.pt\/#\/schema\/person\/c4278d4a6028830caff9ee44b42d32ed\"},\"headline\":\"Agress\u00e3o deixa jovem hospitalizado\",\"datePublished\":\"2025-12-07T09:47:00+00:00\",\"mainEntityOfPage\":{\"@id\":\"https:\/\/portaltela.pt\/noticias\/2025\/12\/07\/agressao-deixa-jovem-hospitalizado\/\"},\"wordCount\":198,\"image\":{\"@id\":\"https:\/\/portaltela.pt\/noticias\/2025\/12\/07\/agressao-deixa-jovem-hospitalizado\/#primaryimage\"},\"thumbnailUrl\":\"https:\/\/portaltela.pt\/s.01k8rhncp4jt1\/2025\/12\/4d048cadf60b4fc38111430cd1e1b9ea3a6b38c8-243.jpg\",\"keywords\":[\"crime\",\"hospital\",\"investiga\u00e7\u00e3o criminal\",\"Madeira\",\"prote\u00e7\u00e3o civil\",\"viol\u00eancia agravada\"],\"articleSection\":[\"Not\u00edcias\"],\"inLanguage\":\"pt-PT\"},{\"@type\":\"WebPage\",\"@id\":\"https:\/\/portaltela.pt\/noticias\/2025\/12\/07\/agressao-deixa-jovem-hospitalizado\/\",\"url\":\"https:\/\/portaltela.pt\/noticias\/2025\/12\/07\/agressao-deixa-jovem-hospitalizado\/\",\"name\":\"Agress\u00e3o deixa jovem hospitalizado - Portal Tela Portugal\",\"isPartOf\":{\"@id\":\"https:\/\/portaltela.pt\/#website\"},\"primaryImageOfPage\":{\"@id\":\"https:\/\/portaltela.pt\/noticias\/2025\/12\/07\/agressao-deixa-jovem-hospitalizado\/#primaryimage\"},\"image\":{\"@id\":\"https:\/\/portaltela.pt\/noticias\/2025\/12\/07\/agressao-deixa-jovem-hospitalizado\/#primaryimage\"},\"thumbnailUrl\":\"https:\/\/portaltela.pt\/s.01k8rhncp4jt1\/2025\/12\/4d048cadf60b4fc38111430cd1e1b9ea3a6b38c8-243.jpg\",\"datePublished\":\"2025-12-07T09:47:00+00:00\",\"author\":{\"@id\":\"https:\/\/portaltela.pt\/#\/schema\/person\/c4278d4a6028830caff9ee44b42d32ed\"},\"breadcrumb\":{\"@id\":\"https:\/\/portaltela.pt\/noticias\/2025\/12\/07\/agressao-deixa-jovem-hospitalizado\/#breadcrumb\"},\"inLanguage\":\"pt-PT\",\"potentialAction\":[{\"@type\":\"ReadAction\",\"target\":[\"https:\/\/portaltela.pt\/noticias\/2025\/12\/07\/agressao-deixa-jovem-hospitalizado\/\"]}]},{\"@type\":\"ImageObject\",\"inLanguage\":\"pt-PT\",\"@id\":\"https:\/\/portaltela.pt\/noticias\/2025\/12\/07\/agressao-deixa-jovem-hospitalizado\/#primaryimage\",\"url\":\"https:\/\/portaltela.pt\/s.01k8rhncp4jt1\/2025\/12\/4d048cadf60b4fc38111430cd1e1b9ea3a6b38c8-243.jpg\",\"contentUrl\":\"https:\/\/portaltela.pt\/s.01k8rhncp4jt1\/2025\/12\/4d048cadf60b4fc38111430cd1e1b9ea3a6b38c8-243.jpg\",\"width\":796,\"height\":448,\"caption\":\"Di\u00e1rio de Not\u00edcias da Madeira\"},{\"@type\":\"BreadcrumbList\",\"@id\":\"https:\/\/portaltela.pt\/noticias\/2025\/12\/07\/agressao-deixa-jovem-hospitalizado\/#breadcrumb\",\"itemListElement\":[{\"@type\":\"ListItem\",\"position\":1,\"name\":\"In\u00edcio\",\"item\":\"https:\/\/portaltela.pt\/\"},{\"@type\":\"ListItem\",\"position\":2,\"name\":\"Agress\u00e3o deixa jovem hospitalizado\"}]},{\"@type\":\"WebSite\",\"@id\":\"https:\/\/portaltela.pt\/#website\",\"url\":\"https:\/\/portaltela.pt\/\",\"name\":\"Portal Tela Portugal\",\"description\":\"\",\"potentialAction\":[{\"@type\":\"SearchAction\",\"target\":{\"@type\":\"EntryPoint\",\"urlTemplate\":\"https:\/\/portaltela.pt\/?s={search_term_string}\"},\"query-input\":{\"@type\":\"PropertyValueSpecification\",\"valueRequired\":true,\"valueName\":\"search_term_string\"}}],\"inLanguage\":\"pt-PT\"},{\"@type\":\"Person\",\"@id\":\"https:\/\/portaltela.pt\/#\/schema\/person\/c4278d4a6028830caff9ee44b42d32ed\",\"name\":\"Telinha\",\"image\":{\"@type\":\"ImageObject\",\"inLanguage\":\"pt-PT\",\"@id\":\"https:\/\/portaltela.pt\/s.01k8rhncp4jt1\/2025\/11\/talking-bot-125x125.png\",\"url\":\"https:\/\/portaltela.pt\/s.01k8rhncp4jt1\/2025\/11\/talking-bot-125x125.png\",\"contentUrl\":\"https:\/\/portaltela.pt\/s.01k8rhncp4jt1\/2025\/11\/talking-bot-125x125.png\",\"caption\":\"Telinha\"},\"sameAs\":[\"https:\/\/portaltela.pt\/\"],\"url\":\"https:\/\/portaltela.pt\/por\/367410592786\/\"}]}<\/script>\n<!-- \/ Yoast SEO plugin. -->","yoast_head_json":{"title":"Agress\u00e3o deixa jovem hospitalizado - Portal Tela Portugal","robots":{"index":"index","follow":"follow","max-snippet":"max-snippet:-1","max-image-preview":"max-image-preview:large","max-video-preview":"max-video-preview:-1"},"og_locale":"pt_PT","og_type":"article","og_title":"Agress\u00e3o deixa jovem hospitalizado - Portal Tela Portugal","og_description":"Um jovem de 25 anos foi atacado na madrugada na rotunda do Infante, no Funchal, sendo atingido na cabe\u00e7a com um objeto de madeira. Sofreu v\u00e1rias escoria\u00e7\u00f5es e, embora consciente, foi assistido no local e encaminhado para o Hospital Dr. N\u00e9lio Mendon\u00e7a, onde est\u00e1 em observa\u00e7\u00e3o. O incidente ocorreu pouco depois das cinco da manh\u00e3, com transeuntes a chamar as autoridades. Os Bombeiros Volunt\u00e1rios Madeirenses prestaram os primeiros socorros e acompanharam a v\u00edtima ao hospital. As autoridades est\u00e3o a recolher elementos para apurar a origem do epis\u00f3dio e identificar os intervenientes na agress\u00e3o.","og_url":"https:\/\/portaltela.pt\/noticias\/2025\/12\/07\/agressao-deixa-jovem-hospitalizado\/","og_site_name":"Portal Tela Portugal","article_published_time":"2025-12-07T09:47:00+00:00","author":"Telinha","twitter_card":"summary_large_image","twitter_misc":{"Escrito por":"Telinha","Tempo estimado de leitura":"1 minuto"},"schema":{"@context":"https:\/\/schema.org","@graph":[{"@type":"Article","@id":"https:\/\/portaltela.pt\/noticias\/2025\/12\/07\/agressao-deixa-jovem-hospitalizado\/#article","isPartOf":{"@id":"https:\/\/portaltela.pt\/noticias\/2025\/12\/07\/agressao-deixa-jovem-hospitalizado\/"},"author":{"name":"Telinha","@id":"https:\/\/portaltela.pt\/#\/schema\/person\/c4278d4a6028830caff9ee44b42d32ed"},"headline":"Agress\u00e3o deixa jovem hospitalizado","datePublished":"2025-12-07T09:47:00+00:00","mainEntityOfPage":{"@id":"https:\/\/portaltela.pt\/noticias\/2025\/12\/07\/agressao-deixa-jovem-hospitalizado\/"},"wordCount":198,"image":{"@id":"https:\/\/portaltela.pt\/noticias\/2025\/12\/07\/agressao-deixa-jovem-hospitalizado\/#primaryimage"},"thumbnailUrl":"https:\/\/portaltela.pt\/s.01k8rhncp4jt1\/2025\/12\/4d048cadf60b4fc38111430cd1e1b9ea3a6b38c8-243.jpg","keywords":["crime","hospital","investiga\u00e7\u00e3o criminal","Madeira","prote\u00e7\u00e3o civil","viol\u00eancia agravada"],"articleSection":["Not\u00edcias"],"inLanguage":"pt-PT"},{"@type":"WebPage","@id":"https:\/\/portaltela.pt\/noticias\/2025\/12\/07\/agressao-deixa-jovem-hospitalizado\/","url":"https:\/\/portaltela.pt\/noticias\/2025\/12\/07\/agressao-deixa-jovem-hospitalizado\/","name":"Agress\u00e3o deixa jovem hospitalizado - Portal Tela Portugal","isPartOf":{"@id":"https:\/\/portaltela.pt\/#website"},"primaryImageOfPage":{"@id":"https:\/\/portaltela.pt\/noticias\/2025\/12\/07\/agressao-deixa-jovem-hospitalizado\/#primaryimage"},"image":{"@id":"https:\/\/portaltela.pt\/noticias\/2025\/12\/07\/agressao-deixa-jovem-hospitalizado\/#primaryimage"},"thumbnailUrl":"https:\/\/portaltela.pt\/s.01k8rhncp4jt1\/2025\/12\/4d048cadf60b4fc38111430cd1e1b9ea3a6b38c8-243.jpg","datePublished":"2025-12-07T09:47:00+00:00","author":{"@id":"https:\/\/portaltela.pt\/#\/schema\/person\/c4278d4a6028830caff9ee44b42d32ed"},"breadcrumb":{"@id":"https:\/\/portaltela.pt\/noticias\/2025\/12\/07\/agressao-deixa-jovem-hospitalizado\/#breadcrumb"},"inLanguage":"pt-PT","potentialAction":[{"@type":"ReadAction","target":["https:\/\/portaltela.pt\/noticias\/2025\/12\/07\/agressao-deixa-jovem-hospitalizado\/"]}]},{"@type":"ImageObject","inLanguage":"pt-PT","@id":"https:\/\/portaltela.pt\/noticias\/2025\/12\/07\/agressao-deixa-jovem-hospitalizado\/#primaryimage","url":"https:\/\/portaltela.pt\/s.01k8rhncp4jt1\/2025\/12\/4d048cadf60b4fc38111430cd1e1b9ea3a6b38c8-243.jpg","contentUrl":"https:\/\/portaltela.pt\/s.01k8rhncp4jt1\/2025\/12\/4d048cadf60b4fc38111430cd1e1b9ea3a6b38c8-243.jpg","width":796,"height":448,"caption":"Di\u00e1rio de Not\u00edcias da Madeira"},{"@type":"BreadcrumbList","@id":"https:\/\/portaltela.pt\/noticias\/2025\/12\/07\/agressao-deixa-jovem-hospitalizado\/#breadcrumb","itemListElement":[{"@type":"ListItem","position":1,"name":"In\u00edcio","item":"https:\/\/portaltela.pt\/"},{"@type":"ListItem","position":2,"name":"Agress\u00e3o deixa jovem hospitalizado"}]},{"@type":"WebSite","@id":"https:\/\/portaltela.pt\/#website","url":"https:\/\/portaltela.pt\/","name":"Portal Tela Portugal","description":"","potentialAction":[{"@type":"SearchAction","target":{"@type":"EntryPoint","urlTemplate":"https:\/\/portaltela.pt\/?s={search_term_string}"},"query-input":{"@type":"PropertyValueSpecification","valueRequired":true,"valueName":"search_term_string"}}],"inLanguage":"pt-PT"},{"@type":"Person","@id":"https:\/\/portaltela.pt\/#\/schema\/person\/c4278d4a6028830caff9ee44b42d32ed","name":"Telinha","image":{"@type":"ImageObject","inLanguage":"pt-PT","@id":"https:\/\/portaltela.pt\/s.01k8rhncp4jt1\/2025\/11\/talking-bot-125x125.png","url":"https:\/\/portaltela.pt\/s.01k8rhncp4jt1\/2025\/11\/talking-bot-125x125.png","contentUrl":"https:\/\/portaltela.pt\/s.01k8rhncp4jt1\/2025\/11\/talking-bot-125x125.png","caption":"Telinha"},"sameAs":["https:\/\/portaltela.pt\/"],"url":"https:\/\/portaltela.pt\/por\/367410592786\/"}]}},"_links":{"self":[{"href":"https:\/\/portaltela.pt\/api\/wp\/v2\/posts\/56694","targetHints":{"allow":["GET"]}}],"collection":[{"href":"https:\/\/portaltela.pt\/api\/wp\/v2\/posts"}],"about":[{"href":"https:\/\/portaltela.pt\/api\/wp\/v2\/types\/post"}],"author":[{"embeddable":true,"href":"https:\/\/portaltela.pt\/api\/wp\/v2\/users\/2"}],"replies":[{"embeddable":true,"href":"https:\/\/portaltela.pt\/api\/wp\/v2\/comments?post=56694"}],"version-history":[{"count":0,"href":"https:\/\/portaltela.pt\/api\/wp\/v2\/posts\/56694\/revisions"}],"wp:featuredmedia":[{"embeddable":true,"href":"https:\/\/portaltela.pt\/api\/wp\/v2\/media\/56700"}],"wp:attachment":[{"href":"https:\/\/portaltela.pt\/api\/wp\/v2\/media?parent=56694"}],"wp:term":[{"taxonomy":"category","embeddable":true,"href":"https:\/\/portaltela.pt\/api\/wp\/v2\/categories?post=56694"},{"taxonomy":"post_tag","embeddable":true,"href":"https:\/\/portaltela.pt\/api\/wp\/v2\/tags?post=56694"}],"curies":[{"name":"wp","href":"https:\/\/api.w.org\/{rel}","templated":true}]}}