{"id":56471,"date":"2025-12-06T17:35:00","date_gmt":"2025-12-06T20:35:00","guid":{"rendered":"https:\/\/portaltela.pt\/noticias\/2025\/12\/06\/imagens-mostram-maxi-araujo-atingido-por-garrafas-lancadas-de-adeptos-do-benfica\/"},"modified":"2025-12-06T17:35:00","modified_gmt":"2025-12-06T20:35:00","slug":"imagens-mostram-maxi-araujo-atingido-por-garrafas-lancadas-de-adeptos-do-benfica","status":"publish","type":"post","link":"https:\/\/portaltela.pt\/desporto\/futebol\/2025\/12\/06\/imagens-mostram-maxi-araujo-atingido-por-garrafas-lancadas-de-adeptos-do-benfica\/","title":{"rendered":"Imagens mostram Maxi Ara\u00fajo atingido por garrafas lan\u00e7adas de adeptos do Benfica"},"content":{"rendered":"<p>O d\u00e9rbi entre Benfica e Sporting voltou a registar tens\u00e3o, desta vez com Maxi Ara\u00fajo no centro de um incidente durante o jogo 1-1. O avan\u00e7ado uruguaio foi alvo de agress\u00f5es para al\u00e9m do confronto em campo, que j\u00e1 vinha a marcar o duelo entre as duas equipas.<\/p>\n<p>Antes do incidente, Maxi Ara\u00fajo esteve envolvido em trocas de provoca\u00e7\u00f5es com Richard R\u00edos e, ao longo do d\u00e9rbi, o ambiente entre jogadores e adeptos manteve-se tenso. A situa\u00e7\u00e3o acentuou-se com ataques verbais entre as claques.<\/p>\n<h3>Incidente durante o d\u00e9rbi<\/h3>\n<p>Maxi Ara\u00fajo foi atingido por duas garrafas quando se preparava para lan\u00e7ar a linha lateral. O ataque ocorreu ap\u00f3s novas farpas entre o jogador e os adeptos do Benfica, que reagiram com agress\u00f5es. Novas imagens do incidente circularam online.<\/p>\n<h3>Contexto e desdobramentos<\/h3>\n<p>O epis\u00f3dio amplia o historial de atritos entre o uruguaio e a torcida benfiquista, j\u00e1 observado ao longo do d\u00e9rbi. A dire\u00e7\u00e3o do clube n\u00e3o comentou de imediato, e n\u00e3o se sabe se h\u00e1 consequ\u00eancias disciplinares para jogadores ou adeptos envolvidos.<\/p>\n<h3>Situa\u00e7\u00e3o em campo<\/h3>\n<p>O d\u00e9rbi Benfica-Sporting manteve o ritmo competitivo, com o marcador empatado 1-1 no momento do incidente. A partida seguiu para os minutos finais sem mais incidentes p\u00fablicos confirmados pelas autoridades desportivas.<\/p>\n","protected":false},"excerpt":{"rendered":"<ul>\n<li>Maxi Ara\u00fajo foi atingido por duas garrafas enquanto se preparava para um lan\u00e7amento de linha lateral no d\u00e9rbi Benfica-Sporting, que terminou 1-1.<\/li>\n<li>O incidente ocorreu ap\u00f3s novos conflitos entre o atacante uruguaio e o brasileiro Richard R\u00edos ao longo do d\u00e9rbi.<\/li>\n<li>Na mesma altura, Ara\u00fajo lan\u00e7ou farpas aos adeptos benfiquistas, que reagiram com agress\u00f5es.<\/li>\n<li>Novas imagens do ataque circularam recentemente.<\/li>\n<li>O d\u00e9rbi j\u00e1 era tenso antes do epis\u00f3dio, com confrontos entre Maxi Ara\u00fajo e R\u00edos e atritos com a torcida benfiquista.<\/li>\n<\/ul>\n","protected":false},"author":2,"featured_media":56475,"comment_status":"closed","ping_status":"closed","sticky":false,"template":"","format":"standard","meta":{"footnotes":""},"categories":[21,24],"tags":[555,254,178,152,32,696],"class_list":["post-56471","post","type-post","status-publish","format-standard","has-post-thumbnail","hentry","category-desporto","category-futebol","tag-assuntos-de-futebol","tag-conflito","tag-confrontos","tag-desporto","tag-futebol","tag-violencia-agravada"],"yoast_head":"<!-- This site is optimized with the Yoast SEO plugin v27.2 - https:\/\/yoast.com\/product\/yoast-seo-wordpress\/ -->\n<title>Imagens mostram Maxi Ara\u00fajo atingido por garrafas lan\u00e7adas de adeptos do Benfica - Portal Tela Portugal<\/title>\n<meta name=\"robots\" content=\"index, follow, max-snippet:-1, max-image-preview:large, max-video-preview:-1\" \/>\n<meta property=\"og:locale\" content=\"pt_PT\" \/>\n<meta property=\"og:type\" content=\"article\" \/>\n<meta property=\"og:title\" content=\"Imagens mostram Maxi Ara\u00fajo atingido por garrafas lan\u00e7adas de adeptos do Benfica - Portal Tela Portugal\" \/>\n<meta property=\"og:description\" content=\"Maxi Ara\u00fajo foi atingido por duas garrafas enquanto se preparava para um lan\u00e7amento de linha lateral no d\u00e9rbi Benfica-Sporting, que terminou 1-1. O incidente ocorreu ap\u00f3s novos conflitos entre o atacante uruguaio e o brasileiro Richard R\u00edos ao longo do d\u00e9rbi. Na mesma altura, Ara\u00fajo lan\u00e7ou farpas aos adeptos benfiquistas, que reagiram com agress\u00f5es. Novas imagens do ataque circularam recentemente. O d\u00e9rbi j\u00e1 era tenso antes do epis\u00f3dio, com confrontos entre Maxi Ara\u00fajo e R\u00edos e atritos com a torcida benfiquista.\" \/>\n<meta property=\"og:url\" content=\"https:\/\/portaltela.pt\/noticias\/2025\/12\/06\/imagens-mostram-maxi-araujo-atingido-por-garrafas-lancadas-de-adeptos-do-benfica\/\" \/>\n<meta property=\"og:site_name\" content=\"Portal Tela Portugal\" \/>\n<meta property=\"article:published_time\" content=\"2025-12-06T20:35:00+00:00\" \/>\n<meta name=\"author\" content=\"Telinha\" \/>\n<meta name=\"twitter:card\" content=\"summary_large_image\" \/>\n<meta name=\"twitter:label1\" content=\"Escrito por\" \/>\n\t<meta name=\"twitter:data1\" content=\"Telinha\" \/>\n\t<meta name=\"twitter:label2\" content=\"Tempo estimado de leitura\" \/>\n\t<meta name=\"twitter:data2\" content=\"1 minuto\" \/>\n<script type=\"application\/ld+json\" class=\"yoast-schema-graph\">{\"@context\":\"https:\/\/schema.org\",\"@graph\":[{\"@type\":\"Article\",\"@id\":\"https:\/\/portaltela.pt\/noticias\/2025\/12\/06\/imagens-mostram-maxi-araujo-atingido-por-garrafas-lancadas-de-adeptos-do-benfica\/#article\",\"isPartOf\":{\"@id\":\"https:\/\/portaltela.pt\/noticias\/2025\/12\/06\/imagens-mostram-maxi-araujo-atingido-por-garrafas-lancadas-de-adeptos-do-benfica\/\"},\"author\":{\"name\":\"Telinha\",\"@id\":\"https:\/\/portaltela.pt\/#\/schema\/person\/c4278d4a6028830caff9ee44b42d32ed\"},\"headline\":\"Imagens mostram Maxi Ara\u00fajo atingido por garrafas lan\u00e7adas de adeptos do Benfica\",\"datePublished\":\"2025-12-06T20:35:00+00:00\",\"mainEntityOfPage\":{\"@id\":\"https:\/\/portaltela.pt\/noticias\/2025\/12\/06\/imagens-mostram-maxi-araujo-atingido-por-garrafas-lancadas-de-adeptos-do-benfica\/\"},\"wordCount\":244,\"image\":{\"@id\":\"https:\/\/portaltela.pt\/noticias\/2025\/12\/06\/imagens-mostram-maxi-araujo-atingido-por-garrafas-lancadas-de-adeptos-do-benfica\/#primaryimage\"},\"thumbnailUrl\":\"https:\/\/portaltela.pt\/s.01k8rhncp4jt1\/2025\/12\/img_1200x721uu2025-12-06-20-31-54-2407621-3.jpg\",\"keywords\":[\"assuntos de futebol\",\"conflito\",\"confrontos\",\"desporto\",\"futebol\",\"viol\u00eancia agravada\"],\"articleSection\":[\"Desporto\",\"Futebol\"],\"inLanguage\":\"pt-PT\"},{\"@type\":\"WebPage\",\"@id\":\"https:\/\/portaltela.pt\/noticias\/2025\/12\/06\/imagens-mostram-maxi-araujo-atingido-por-garrafas-lancadas-de-adeptos-do-benfica\/\",\"url\":\"https:\/\/portaltela.pt\/noticias\/2025\/12\/06\/imagens-mostram-maxi-araujo-atingido-por-garrafas-lancadas-de-adeptos-do-benfica\/\",\"name\":\"Imagens mostram Maxi Ara\u00fajo atingido por garrafas lan\u00e7adas de adeptos do Benfica - Portal Tela Portugal\",\"isPartOf\":{\"@id\":\"https:\/\/portaltela.pt\/#website\"},\"primaryImageOfPage\":{\"@id\":\"https:\/\/portaltela.pt\/noticias\/2025\/12\/06\/imagens-mostram-maxi-araujo-atingido-por-garrafas-lancadas-de-adeptos-do-benfica\/#primaryimage\"},\"image\":{\"@id\":\"https:\/\/portaltela.pt\/noticias\/2025\/12\/06\/imagens-mostram-maxi-araujo-atingido-por-garrafas-lancadas-de-adeptos-do-benfica\/#primaryimage\"},\"thumbnailUrl\":\"https:\/\/portaltela.pt\/s.01k8rhncp4jt1\/2025\/12\/img_1200x721uu2025-12-06-20-31-54-2407621-3.jpg\",\"datePublished\":\"2025-12-06T20:35:00+00:00\",\"author\":{\"@id\":\"https:\/\/portaltela.pt\/#\/schema\/person\/c4278d4a6028830caff9ee44b42d32ed\"},\"breadcrumb\":{\"@id\":\"https:\/\/portaltela.pt\/noticias\/2025\/12\/06\/imagens-mostram-maxi-araujo-atingido-por-garrafas-lancadas-de-adeptos-do-benfica\/#breadcrumb\"},\"inLanguage\":\"pt-PT\",\"potentialAction\":[{\"@type\":\"ReadAction\",\"target\":[\"https:\/\/portaltela.pt\/noticias\/2025\/12\/06\/imagens-mostram-maxi-araujo-atingido-por-garrafas-lancadas-de-adeptos-do-benfica\/\"]}]},{\"@type\":\"ImageObject\",\"inLanguage\":\"pt-PT\",\"@id\":\"https:\/\/portaltela.pt\/noticias\/2025\/12\/06\/imagens-mostram-maxi-araujo-atingido-por-garrafas-lancadas-de-adeptos-do-benfica\/#primaryimage\",\"url\":\"https:\/\/portaltela.pt\/s.01k8rhncp4jt1\/2025\/12\/img_1200x721uu2025-12-06-20-31-54-2407621-3.jpg\",\"contentUrl\":\"https:\/\/portaltela.pt\/s.01k8rhncp4jt1\/2025\/12\/img_1200x721uu2025-12-06-20-31-54-2407621-3.jpg\",\"width\":796,\"height\":448,\"caption\":\"Um dos momentos mais quentes do d\u00e9rbi\"},{\"@type\":\"BreadcrumbList\",\"@id\":\"https:\/\/portaltela.pt\/noticias\/2025\/12\/06\/imagens-mostram-maxi-araujo-atingido-por-garrafas-lancadas-de-adeptos-do-benfica\/#breadcrumb\",\"itemListElement\":[{\"@type\":\"ListItem\",\"position\":1,\"name\":\"In\u00edcio\",\"item\":\"https:\/\/portaltela.pt\/\"},{\"@type\":\"ListItem\",\"position\":2,\"name\":\"Imagens mostram Maxi Ara\u00fajo atingido por garrafas lan\u00e7adas de adeptos do Benfica\"}]},{\"@type\":\"WebSite\",\"@id\":\"https:\/\/portaltela.pt\/#website\",\"url\":\"https:\/\/portaltela.pt\/\",\"name\":\"Portal Tela Portugal\",\"description\":\"\",\"potentialAction\":[{\"@type\":\"SearchAction\",\"target\":{\"@type\":\"EntryPoint\",\"urlTemplate\":\"https:\/\/portaltela.pt\/?s={search_term_string}\"},\"query-input\":{\"@type\":\"PropertyValueSpecification\",\"valueRequired\":true,\"valueName\":\"search_term_string\"}}],\"inLanguage\":\"pt-PT\"},{\"@type\":\"Person\",\"@id\":\"https:\/\/portaltela.pt\/#\/schema\/person\/c4278d4a6028830caff9ee44b42d32ed\",\"name\":\"Telinha\",\"image\":{\"@type\":\"ImageObject\",\"inLanguage\":\"pt-PT\",\"@id\":\"https:\/\/portaltela.pt\/s.01k8rhncp4jt1\/2025\/11\/talking-bot-125x125.png\",\"url\":\"https:\/\/portaltela.pt\/s.01k8rhncp4jt1\/2025\/11\/talking-bot-125x125.png\",\"contentUrl\":\"https:\/\/portaltela.pt\/s.01k8rhncp4jt1\/2025\/11\/talking-bot-125x125.png\",\"caption\":\"Telinha\"},\"sameAs\":[\"https:\/\/portaltela.pt\/\"],\"url\":\"https:\/\/portaltela.pt\/por\/367410592786\/\"}]}<\/script>\n<!-- \/ Yoast SEO plugin. -->","yoast_head_json":{"title":"Imagens mostram Maxi Ara\u00fajo atingido por garrafas lan\u00e7adas de adeptos do Benfica - Portal Tela Portugal","robots":{"index":"index","follow":"follow","max-snippet":"max-snippet:-1","max-image-preview":"max-image-preview:large","max-video-preview":"max-video-preview:-1"},"og_locale":"pt_PT","og_type":"article","og_title":"Imagens mostram Maxi Ara\u00fajo atingido por garrafas lan\u00e7adas de adeptos do Benfica - Portal Tela Portugal","og_description":"Maxi Ara\u00fajo foi atingido por duas garrafas enquanto se preparava para um lan\u00e7amento de linha lateral no d\u00e9rbi Benfica-Sporting, que terminou 1-1. O incidente ocorreu ap\u00f3s novos conflitos entre o atacante uruguaio e o brasileiro Richard R\u00edos ao longo do d\u00e9rbi. Na mesma altura, Ara\u00fajo lan\u00e7ou farpas aos adeptos benfiquistas, que reagiram com agress\u00f5es. Novas imagens do ataque circularam recentemente. O d\u00e9rbi j\u00e1 era tenso antes do epis\u00f3dio, com confrontos entre Maxi Ara\u00fajo e R\u00edos e atritos com a torcida benfiquista.","og_url":"https:\/\/portaltela.pt\/noticias\/2025\/12\/06\/imagens-mostram-maxi-araujo-atingido-por-garrafas-lancadas-de-adeptos-do-benfica\/","og_site_name":"Portal Tela Portugal","article_published_time":"2025-12-06T20:35:00+00:00","author":"Telinha","twitter_card":"summary_large_image","twitter_misc":{"Escrito por":"Telinha","Tempo estimado de leitura":"1 minuto"},"schema":{"@context":"https:\/\/schema.org","@graph":[{"@type":"Article","@id":"https:\/\/portaltela.pt\/noticias\/2025\/12\/06\/imagens-mostram-maxi-araujo-atingido-por-garrafas-lancadas-de-adeptos-do-benfica\/#article","isPartOf":{"@id":"https:\/\/portaltela.pt\/noticias\/2025\/12\/06\/imagens-mostram-maxi-araujo-atingido-por-garrafas-lancadas-de-adeptos-do-benfica\/"},"author":{"name":"Telinha","@id":"https:\/\/portaltela.pt\/#\/schema\/person\/c4278d4a6028830caff9ee44b42d32ed"},"headline":"Imagens mostram Maxi Ara\u00fajo atingido por garrafas lan\u00e7adas de adeptos do Benfica","datePublished":"2025-12-06T20:35:00+00:00","mainEntityOfPage":{"@id":"https:\/\/portaltela.pt\/noticias\/2025\/12\/06\/imagens-mostram-maxi-araujo-atingido-por-garrafas-lancadas-de-adeptos-do-benfica\/"},"wordCount":244,"image":{"@id":"https:\/\/portaltela.pt\/noticias\/2025\/12\/06\/imagens-mostram-maxi-araujo-atingido-por-garrafas-lancadas-de-adeptos-do-benfica\/#primaryimage"},"thumbnailUrl":"https:\/\/portaltela.pt\/s.01k8rhncp4jt1\/2025\/12\/img_1200x721uu2025-12-06-20-31-54-2407621-3.jpg","keywords":["assuntos de futebol","conflito","confrontos","desporto","futebol","viol\u00eancia agravada"],"articleSection":["Desporto","Futebol"],"inLanguage":"pt-PT"},{"@type":"WebPage","@id":"https:\/\/portaltela.pt\/noticias\/2025\/12\/06\/imagens-mostram-maxi-araujo-atingido-por-garrafas-lancadas-de-adeptos-do-benfica\/","url":"https:\/\/portaltela.pt\/noticias\/2025\/12\/06\/imagens-mostram-maxi-araujo-atingido-por-garrafas-lancadas-de-adeptos-do-benfica\/","name":"Imagens mostram Maxi Ara\u00fajo atingido por garrafas lan\u00e7adas de adeptos do Benfica - Portal Tela Portugal","isPartOf":{"@id":"https:\/\/portaltela.pt\/#website"},"primaryImageOfPage":{"@id":"https:\/\/portaltela.pt\/noticias\/2025\/12\/06\/imagens-mostram-maxi-araujo-atingido-por-garrafas-lancadas-de-adeptos-do-benfica\/#primaryimage"},"image":{"@id":"https:\/\/portaltela.pt\/noticias\/2025\/12\/06\/imagens-mostram-maxi-araujo-atingido-por-garrafas-lancadas-de-adeptos-do-benfica\/#primaryimage"},"thumbnailUrl":"https:\/\/portaltela.pt\/s.01k8rhncp4jt1\/2025\/12\/img_1200x721uu2025-12-06-20-31-54-2407621-3.jpg","datePublished":"2025-12-06T20:35:00+00:00","author":{"@id":"https:\/\/portaltela.pt\/#\/schema\/person\/c4278d4a6028830caff9ee44b42d32ed"},"breadcrumb":{"@id":"https:\/\/portaltela.pt\/noticias\/2025\/12\/06\/imagens-mostram-maxi-araujo-atingido-por-garrafas-lancadas-de-adeptos-do-benfica\/#breadcrumb"},"inLanguage":"pt-PT","potentialAction":[{"@type":"ReadAction","target":["https:\/\/portaltela.pt\/noticias\/2025\/12\/06\/imagens-mostram-maxi-araujo-atingido-por-garrafas-lancadas-de-adeptos-do-benfica\/"]}]},{"@type":"ImageObject","inLanguage":"pt-PT","@id":"https:\/\/portaltela.pt\/noticias\/2025\/12\/06\/imagens-mostram-maxi-araujo-atingido-por-garrafas-lancadas-de-adeptos-do-benfica\/#primaryimage","url":"https:\/\/portaltela.pt\/s.01k8rhncp4jt1\/2025\/12\/img_1200x721uu2025-12-06-20-31-54-2407621-3.jpg","contentUrl":"https:\/\/portaltela.pt\/s.01k8rhncp4jt1\/2025\/12\/img_1200x721uu2025-12-06-20-31-54-2407621-3.jpg","width":796,"height":448,"caption":"Um dos momentos mais quentes do d\u00e9rbi"},{"@type":"BreadcrumbList","@id":"https:\/\/portaltela.pt\/noticias\/2025\/12\/06\/imagens-mostram-maxi-araujo-atingido-por-garrafas-lancadas-de-adeptos-do-benfica\/#breadcrumb","itemListElement":[{"@type":"ListItem","position":1,"name":"In\u00edcio","item":"https:\/\/portaltela.pt\/"},{"@type":"ListItem","position":2,"name":"Imagens mostram Maxi Ara\u00fajo atingido por garrafas lan\u00e7adas de adeptos do Benfica"}]},{"@type":"WebSite","@id":"https:\/\/portaltela.pt\/#website","url":"https:\/\/portaltela.pt\/","name":"Portal Tela Portugal","description":"","potentialAction":[{"@type":"SearchAction","target":{"@type":"EntryPoint","urlTemplate":"https:\/\/portaltela.pt\/?s={search_term_string}"},"query-input":{"@type":"PropertyValueSpecification","valueRequired":true,"valueName":"search_term_string"}}],"inLanguage":"pt-PT"},{"@type":"Person","@id":"https:\/\/portaltela.pt\/#\/schema\/person\/c4278d4a6028830caff9ee44b42d32ed","name":"Telinha","image":{"@type":"ImageObject","inLanguage":"pt-PT","@id":"https:\/\/portaltela.pt\/s.01k8rhncp4jt1\/2025\/11\/talking-bot-125x125.png","url":"https:\/\/portaltela.pt\/s.01k8rhncp4jt1\/2025\/11\/talking-bot-125x125.png","contentUrl":"https:\/\/portaltela.pt\/s.01k8rhncp4jt1\/2025\/11\/talking-bot-125x125.png","caption":"Telinha"},"sameAs":["https:\/\/portaltela.pt\/"],"url":"https:\/\/portaltela.pt\/por\/367410592786\/"}]}},"_links":{"self":[{"href":"https:\/\/portaltela.pt\/api\/wp\/v2\/posts\/56471","targetHints":{"allow":["GET"]}}],"collection":[{"href":"https:\/\/portaltela.pt\/api\/wp\/v2\/posts"}],"about":[{"href":"https:\/\/portaltela.pt\/api\/wp\/v2\/types\/post"}],"author":[{"embeddable":true,"href":"https:\/\/portaltela.pt\/api\/wp\/v2\/users\/2"}],"replies":[{"embeddable":true,"href":"https:\/\/portaltela.pt\/api\/wp\/v2\/comments?post=56471"}],"version-history":[{"count":0,"href":"https:\/\/portaltela.pt\/api\/wp\/v2\/posts\/56471\/revisions"}],"wp:featuredmedia":[{"embeddable":true,"href":"https:\/\/portaltela.pt\/api\/wp\/v2\/media\/56475"}],"wp:attachment":[{"href":"https:\/\/portaltela.pt\/api\/wp\/v2\/media?parent=56471"}],"wp:term":[{"taxonomy":"category","embeddable":true,"href":"https:\/\/portaltela.pt\/api\/wp\/v2\/categories?post=56471"},{"taxonomy":"post_tag","embeddable":true,"href":"https:\/\/portaltela.pt\/api\/wp\/v2\/tags?post=56471"}],"curies":[{"name":"wp","href":"https:\/\/api.w.org\/{rel}","templated":true}]}}