{"id":56390,"date":"2025-12-07T01:00:00","date_gmt":"2025-12-07T04:00:00","guid":{"rendered":"https:\/\/portaltela.pt\/noticias\/2025\/12\/07\/populacao-sob-dominio-de-grupos-armados-no-rj-aumentou-594-em-17-anos\/"},"modified":"2025-12-07T01:00:00","modified_gmt":"2025-12-07T04:00:00","slug":"populacao-sob-dominio-de-grupos-armados-no-rj-aumentou-594-em-17-anos","status":"publish","type":"post","link":"https:\/\/portaltela.pt\/noticias\/2025\/12\/07\/populacao-sob-dominio-de-grupos-armados-no-rj-aumentou-594-em-17-anos\/","title":{"rendered":"Popula\u00e7\u00e3o sob dom\u00ednio de grupos armados no RJ aumentou 59,4% em 17 anos"},"content":{"rendered":"<p>O Rio de Janeiro registra, em 2024, a expans\u00e3o de \u00e1reas controladas por mil\u00edcias e traficantes. Segundo estudo da UFF e da ONG Fogo Cruzado, cerca de 4 milh\u00f5es de habitantes vivem nesses espa\u00e7os, 34,9% da popula\u00e7\u00e3o da cidade. A superf\u00edcie ocupada chega a 18,1%.<\/p>\n<p>A din\u00e2mica ocorreu entre 2007 e 2024, com o crescimento de 59,4% das \u00e1reas dominadas. A expans\u00e3o envolve favelas e bairros populares, onde a atua\u00e7\u00e3o policial \u00e9 dificultada e o mapa do crime urbano se transforma.<\/p>\n<p>Crescimento territorial e perfil dos controladores<\/p>\n<p>As mil\u00edcias passaram a controlar servi\u00e7os locais como transporte clandestino, sinal pirata de internet e venda de g\u00e1s. Nos \u00faltimos anos houve tamb\u00e9m aumento da presen\u00e7a de traficantes, sobretudo o Comando Vermelho, em \u00e1reas antes dominadas por outras fac\u00e7\u00f5es.<\/p>\n<p>Impacto populacional e geogr\u00e1fico<\/p>\n<p>Em 2024, as mil\u00edcias ocupavam 201 km\u00b2, representando 49,4% do territ\u00f3rio controlado por grupos armados na cidade. O Comando Vermelho, embora atue em \u00e1rea menor, respondia por 1,6 milh\u00f5es de moradores, ou 47,2% da popula\u00e7\u00e3o em zonas dominadas.<\/p>\n<p>Mudan\u00e7as recentes de territ\u00f3rio<\/p>\n<p>O CV tem avan\u00e7ado sobre \u00e1reas anteriormente controladas pelo ADA, rival hist\u00f3rico, including Rocinha e Vidigal, duas das maiores favelas do Rio. O deslocamento de territ\u00f3rios revela uma reorganiza\u00e7\u00e3o entre fac\u00e7\u00f5es na regi\u00e3o.<\/p>\n<p>Opera\u00e7\u00e3o Penha-Alem\u00e3o e saldo de viol\u00eancia<\/p>\n<p>Na \u00faltima opera\u00e7\u00e3o policial, realizada entre Penha e Alem\u00e3o, deixaram-se 122 mortos, incluindo cinco agentes. A opera\u00e7\u00e3o \u00e9 descrita como a mais letal j\u00e1 registrada no Brasil, conforme o estudo. O epis\u00f3dio evidencia os n\u00edveis de confronto nas zonas de influ\u00eancia armada.<\/p>\n<p>Fontes destacam que o crescimento das \u00e1reas controladas decorre do uso de for\u00e7a para manter e expandir o controle sobre servi\u00e7os locais e territ\u00f3rios. O estudo re\u00fane dados de campo, mapas hist\u00f3ricos e proje\u00e7\u00f5es para entender a configura\u00e7\u00e3o atual do crime organizado na regi\u00e3o.<\/p>\n","protected":false},"excerpt":{"rendered":"<ul>\n<li>Quatro milh\u00f5es de habitantes do Rio de Janeiro, 34,9% da popula\u00e7\u00e3o, vivem em \u00e1reas controladas por grupos armados em 2024, aumento de 59,4% desde 2007.<\/li>\n<li>A \u00e1rea controlada representa 18,1% da superf\u00edcie urbana da cidade.<\/li>\n<li>Mil\u00edcias ocupam 201 km\u00b2, correspondendo a 49,4% da popula\u00e7\u00e3o que vive em zonas dominadas por organiza\u00e7\u00f5es criminosas.<\/li>\n<li>O Comando Vermelho avan\u00e7a sobre territ\u00f3rios antes controlados pelo ADA, incluindo Rocinha e Vidigal.<\/li>\n<li>A opera\u00e7\u00e3o Penha-Alem\u00e3o, realizada no m\u00eas passado, resultou em 122 mortes, incluindo cinco policiais.<\/li>\n<\/ul>\n","protected":false},"author":2,"featured_media":56392,"comment_status":"closed","ping_status":"closed","sticky":false,"template":"","format":"standard","meta":{"footnotes":""},"categories":[1],"tags":[182,38,147,352,250,696],"class_list":["post-56390","post","type-post","status-publish","format-standard","has-post-thumbnail","hentry","category-noticias","tag-armas","tag-conflitos","tag-crime","tag-organizacao-criminosa","tag-seguranca-publica","tag-violencia-agravada"],"yoast_head":"<!-- This site is optimized with the Yoast SEO plugin v27.2 - https:\/\/yoast.com\/product\/yoast-seo-wordpress\/ -->\n<title>Popula\u00e7\u00e3o sob dom\u00ednio de grupos armados no RJ aumentou 59,4% em 17 anos - Portal Tela Portugal<\/title>\n<meta name=\"robots\" content=\"index, follow, max-snippet:-1, max-image-preview:large, max-video-preview:-1\" \/>\n<meta property=\"og:locale\" content=\"pt_PT\" \/>\n<meta property=\"og:type\" content=\"article\" \/>\n<meta property=\"og:title\" content=\"Popula\u00e7\u00e3o sob dom\u00ednio de grupos armados no RJ aumentou 59,4% em 17 anos - Portal Tela Portugal\" \/>\n<meta property=\"og:description\" content=\"Quatro milh\u00f5es de habitantes do Rio de Janeiro, 34,9% da popula\u00e7\u00e3o, vivem em \u00e1reas controladas por grupos armados em 2024, aumento de 59,4% desde 2007. A \u00e1rea controlada representa 18,1% da superf\u00edcie urbana da cidade. Mil\u00edcias ocupam 201 km\u00b2, correspondendo a 49,4% da popula\u00e7\u00e3o que vive em zonas dominadas por organiza\u00e7\u00f5es criminosas. O Comando Vermelho avan\u00e7a sobre territ\u00f3rios antes controlados pelo ADA, incluindo Rocinha e Vidigal. A opera\u00e7\u00e3o Penha-Alem\u00e3o, realizada no m\u00eas passado, resultou em 122 mortes, incluindo cinco policiais.\" \/>\n<meta property=\"og:url\" content=\"https:\/\/portaltela.pt\/noticias\/2025\/12\/07\/populacao-sob-dominio-de-grupos-armados-no-rj-aumentou-594-em-17-anos\/\" \/>\n<meta property=\"og:site_name\" content=\"Portal Tela Portugal\" \/>\n<meta property=\"article:published_time\" content=\"2025-12-07T04:00:00+00:00\" \/>\n<meta name=\"author\" content=\"Telinha\" \/>\n<meta name=\"twitter:card\" content=\"summary_large_image\" \/>\n<meta name=\"twitter:label1\" content=\"Escrito por\" \/>\n\t<meta name=\"twitter:data1\" content=\"Telinha\" \/>\n\t<meta name=\"twitter:label2\" content=\"Tempo estimado de leitura\" \/>\n\t<meta name=\"twitter:data2\" content=\"2 minutos\" \/>\n<script type=\"application\/ld+json\" class=\"yoast-schema-graph\">{\"@context\":\"https:\/\/schema.org\",\"@graph\":[{\"@type\":\"Article\",\"@id\":\"https:\/\/portaltela.pt\/noticias\/2025\/12\/07\/populacao-sob-dominio-de-grupos-armados-no-rj-aumentou-594-em-17-anos\/#article\",\"isPartOf\":{\"@id\":\"https:\/\/portaltela.pt\/noticias\/2025\/12\/07\/populacao-sob-dominio-de-grupos-armados-no-rj-aumentou-594-em-17-anos\/\"},\"author\":{\"name\":\"Telinha\",\"@id\":\"https:\/\/portaltela.pt\/#\/schema\/person\/c4278d4a6028830caff9ee44b42d32ed\"},\"headline\":\"Popula\u00e7\u00e3o sob dom\u00ednio de grupos armados no RJ aumentou 59,4% em 17 anos\",\"datePublished\":\"2025-12-07T04:00:00+00:00\",\"mainEntityOfPage\":{\"@id\":\"https:\/\/portaltela.pt\/noticias\/2025\/12\/07\/populacao-sob-dominio-de-grupos-armados-no-rj-aumentou-594-em-17-anos\/\"},\"wordCount\":340,\"image\":{\"@id\":\"https:\/\/portaltela.pt\/noticias\/2025\/12\/07\/populacao-sob-dominio-de-grupos-armados-no-rj-aumentou-594-em-17-anos\/#primaryimage\"},\"thumbnailUrl\":\"https:\/\/portaltela.pt\/s.01k8rhncp4jt1\/2025\/12\/shutterstock_1689716947.jpg\",\"keywords\":[\"armas\",\"conflitos\",\"crime\",\"organiza\u00e7\u00e3o criminosa\",\"seguran\u00e7a p\u00fablica\",\"viol\u00eancia agravada\"],\"articleSection\":[\"Not\u00edcias\"],\"inLanguage\":\"pt-PT\"},{\"@type\":\"WebPage\",\"@id\":\"https:\/\/portaltela.pt\/noticias\/2025\/12\/07\/populacao-sob-dominio-de-grupos-armados-no-rj-aumentou-594-em-17-anos\/\",\"url\":\"https:\/\/portaltela.pt\/noticias\/2025\/12\/07\/populacao-sob-dominio-de-grupos-armados-no-rj-aumentou-594-em-17-anos\/\",\"name\":\"Popula\u00e7\u00e3o sob dom\u00ednio de grupos armados no RJ aumentou 59,4% em 17 anos - Portal Tela Portugal\",\"isPartOf\":{\"@id\":\"https:\/\/portaltela.pt\/#website\"},\"primaryImageOfPage\":{\"@id\":\"https:\/\/portaltela.pt\/noticias\/2025\/12\/07\/populacao-sob-dominio-de-grupos-armados-no-rj-aumentou-594-em-17-anos\/#primaryimage\"},\"image\":{\"@id\":\"https:\/\/portaltela.pt\/noticias\/2025\/12\/07\/populacao-sob-dominio-de-grupos-armados-no-rj-aumentou-594-em-17-anos\/#primaryimage\"},\"thumbnailUrl\":\"https:\/\/portaltela.pt\/s.01k8rhncp4jt1\/2025\/12\/shutterstock_1689716947.jpg\",\"datePublished\":\"2025-12-07T04:00:00+00:00\",\"author\":{\"@id\":\"https:\/\/portaltela.pt\/#\/schema\/person\/c4278d4a6028830caff9ee44b42d32ed\"},\"breadcrumb\":{\"@id\":\"https:\/\/portaltela.pt\/noticias\/2025\/12\/07\/populacao-sob-dominio-de-grupos-armados-no-rj-aumentou-594-em-17-anos\/#breadcrumb\"},\"inLanguage\":\"pt-PT\",\"potentialAction\":[{\"@type\":\"ReadAction\",\"target\":[\"https:\/\/portaltela.pt\/noticias\/2025\/12\/07\/populacao-sob-dominio-de-grupos-armados-no-rj-aumentou-594-em-17-anos\/\"]}]},{\"@type\":\"ImageObject\",\"inLanguage\":\"pt-PT\",\"@id\":\"https:\/\/portaltela.pt\/noticias\/2025\/12\/07\/populacao-sob-dominio-de-grupos-armados-no-rj-aumentou-594-em-17-anos\/#primaryimage\",\"url\":\"https:\/\/portaltela.pt\/s.01k8rhncp4jt1\/2025\/12\/shutterstock_1689716947.jpg\",\"contentUrl\":\"https:\/\/portaltela.pt\/s.01k8rhncp4jt1\/2025\/12\/shutterstock_1689716947.jpg\",\"width\":796,\"height\":448,\"caption\":\"Di\u00e1rio de Not\u00edcias da Madeira\"},{\"@type\":\"BreadcrumbList\",\"@id\":\"https:\/\/portaltela.pt\/noticias\/2025\/12\/07\/populacao-sob-dominio-de-grupos-armados-no-rj-aumentou-594-em-17-anos\/#breadcrumb\",\"itemListElement\":[{\"@type\":\"ListItem\",\"position\":1,\"name\":\"In\u00edcio\",\"item\":\"https:\/\/portaltela.pt\/\"},{\"@type\":\"ListItem\",\"position\":2,\"name\":\"Popula\u00e7\u00e3o sob dom\u00ednio de grupos armados no RJ aumentou 59,4% em 17 anos\"}]},{\"@type\":\"WebSite\",\"@id\":\"https:\/\/portaltela.pt\/#website\",\"url\":\"https:\/\/portaltela.pt\/\",\"name\":\"Portal Tela Portugal\",\"description\":\"\",\"potentialAction\":[{\"@type\":\"SearchAction\",\"target\":{\"@type\":\"EntryPoint\",\"urlTemplate\":\"https:\/\/portaltela.pt\/?s={search_term_string}\"},\"query-input\":{\"@type\":\"PropertyValueSpecification\",\"valueRequired\":true,\"valueName\":\"search_term_string\"}}],\"inLanguage\":\"pt-PT\"},{\"@type\":\"Person\",\"@id\":\"https:\/\/portaltela.pt\/#\/schema\/person\/c4278d4a6028830caff9ee44b42d32ed\",\"name\":\"Telinha\",\"image\":{\"@type\":\"ImageObject\",\"inLanguage\":\"pt-PT\",\"@id\":\"https:\/\/portaltela.pt\/s.01k8rhncp4jt1\/2025\/11\/talking-bot-125x125.png\",\"url\":\"https:\/\/portaltela.pt\/s.01k8rhncp4jt1\/2025\/11\/talking-bot-125x125.png\",\"contentUrl\":\"https:\/\/portaltela.pt\/s.01k8rhncp4jt1\/2025\/11\/talking-bot-125x125.png\",\"caption\":\"Telinha\"},\"sameAs\":[\"https:\/\/portaltela.pt\/\"],\"url\":\"https:\/\/portaltela.pt\/por\/367410592786\/\"}]}<\/script>\n<!-- \/ Yoast SEO plugin. -->","yoast_head_json":{"title":"Popula\u00e7\u00e3o sob dom\u00ednio de grupos armados no RJ aumentou 59,4% em 17 anos - Portal Tela Portugal","robots":{"index":"index","follow":"follow","max-snippet":"max-snippet:-1","max-image-preview":"max-image-preview:large","max-video-preview":"max-video-preview:-1"},"og_locale":"pt_PT","og_type":"article","og_title":"Popula\u00e7\u00e3o sob dom\u00ednio de grupos armados no RJ aumentou 59,4% em 17 anos - Portal Tela Portugal","og_description":"Quatro milh\u00f5es de habitantes do Rio de Janeiro, 34,9% da popula\u00e7\u00e3o, vivem em \u00e1reas controladas por grupos armados em 2024, aumento de 59,4% desde 2007. A \u00e1rea controlada representa 18,1% da superf\u00edcie urbana da cidade. Mil\u00edcias ocupam 201 km\u00b2, correspondendo a 49,4% da popula\u00e7\u00e3o que vive em zonas dominadas por organiza\u00e7\u00f5es criminosas. O Comando Vermelho avan\u00e7a sobre territ\u00f3rios antes controlados pelo ADA, incluindo Rocinha e Vidigal. A opera\u00e7\u00e3o Penha-Alem\u00e3o, realizada no m\u00eas passado, resultou em 122 mortes, incluindo cinco policiais.","og_url":"https:\/\/portaltela.pt\/noticias\/2025\/12\/07\/populacao-sob-dominio-de-grupos-armados-no-rj-aumentou-594-em-17-anos\/","og_site_name":"Portal Tela Portugal","article_published_time":"2025-12-07T04:00:00+00:00","author":"Telinha","twitter_card":"summary_large_image","twitter_misc":{"Escrito por":"Telinha","Tempo estimado de leitura":"2 minutos"},"schema":{"@context":"https:\/\/schema.org","@graph":[{"@type":"Article","@id":"https:\/\/portaltela.pt\/noticias\/2025\/12\/07\/populacao-sob-dominio-de-grupos-armados-no-rj-aumentou-594-em-17-anos\/#article","isPartOf":{"@id":"https:\/\/portaltela.pt\/noticias\/2025\/12\/07\/populacao-sob-dominio-de-grupos-armados-no-rj-aumentou-594-em-17-anos\/"},"author":{"name":"Telinha","@id":"https:\/\/portaltela.pt\/#\/schema\/person\/c4278d4a6028830caff9ee44b42d32ed"},"headline":"Popula\u00e7\u00e3o sob dom\u00ednio de grupos armados no RJ aumentou 59,4% em 17 anos","datePublished":"2025-12-07T04:00:00+00:00","mainEntityOfPage":{"@id":"https:\/\/portaltela.pt\/noticias\/2025\/12\/07\/populacao-sob-dominio-de-grupos-armados-no-rj-aumentou-594-em-17-anos\/"},"wordCount":340,"image":{"@id":"https:\/\/portaltela.pt\/noticias\/2025\/12\/07\/populacao-sob-dominio-de-grupos-armados-no-rj-aumentou-594-em-17-anos\/#primaryimage"},"thumbnailUrl":"https:\/\/portaltela.pt\/s.01k8rhncp4jt1\/2025\/12\/shutterstock_1689716947.jpg","keywords":["armas","conflitos","crime","organiza\u00e7\u00e3o criminosa","seguran\u00e7a p\u00fablica","viol\u00eancia agravada"],"articleSection":["Not\u00edcias"],"inLanguage":"pt-PT"},{"@type":"WebPage","@id":"https:\/\/portaltela.pt\/noticias\/2025\/12\/07\/populacao-sob-dominio-de-grupos-armados-no-rj-aumentou-594-em-17-anos\/","url":"https:\/\/portaltela.pt\/noticias\/2025\/12\/07\/populacao-sob-dominio-de-grupos-armados-no-rj-aumentou-594-em-17-anos\/","name":"Popula\u00e7\u00e3o sob dom\u00ednio de grupos armados no RJ aumentou 59,4% em 17 anos - Portal Tela Portugal","isPartOf":{"@id":"https:\/\/portaltela.pt\/#website"},"primaryImageOfPage":{"@id":"https:\/\/portaltela.pt\/noticias\/2025\/12\/07\/populacao-sob-dominio-de-grupos-armados-no-rj-aumentou-594-em-17-anos\/#primaryimage"},"image":{"@id":"https:\/\/portaltela.pt\/noticias\/2025\/12\/07\/populacao-sob-dominio-de-grupos-armados-no-rj-aumentou-594-em-17-anos\/#primaryimage"},"thumbnailUrl":"https:\/\/portaltela.pt\/s.01k8rhncp4jt1\/2025\/12\/shutterstock_1689716947.jpg","datePublished":"2025-12-07T04:00:00+00:00","author":{"@id":"https:\/\/portaltela.pt\/#\/schema\/person\/c4278d4a6028830caff9ee44b42d32ed"},"breadcrumb":{"@id":"https:\/\/portaltela.pt\/noticias\/2025\/12\/07\/populacao-sob-dominio-de-grupos-armados-no-rj-aumentou-594-em-17-anos\/#breadcrumb"},"inLanguage":"pt-PT","potentialAction":[{"@type":"ReadAction","target":["https:\/\/portaltela.pt\/noticias\/2025\/12\/07\/populacao-sob-dominio-de-grupos-armados-no-rj-aumentou-594-em-17-anos\/"]}]},{"@type":"ImageObject","inLanguage":"pt-PT","@id":"https:\/\/portaltela.pt\/noticias\/2025\/12\/07\/populacao-sob-dominio-de-grupos-armados-no-rj-aumentou-594-em-17-anos\/#primaryimage","url":"https:\/\/portaltela.pt\/s.01k8rhncp4jt1\/2025\/12\/shutterstock_1689716947.jpg","contentUrl":"https:\/\/portaltela.pt\/s.01k8rhncp4jt1\/2025\/12\/shutterstock_1689716947.jpg","width":796,"height":448,"caption":"Di\u00e1rio de Not\u00edcias da Madeira"},{"@type":"BreadcrumbList","@id":"https:\/\/portaltela.pt\/noticias\/2025\/12\/07\/populacao-sob-dominio-de-grupos-armados-no-rj-aumentou-594-em-17-anos\/#breadcrumb","itemListElement":[{"@type":"ListItem","position":1,"name":"In\u00edcio","item":"https:\/\/portaltela.pt\/"},{"@type":"ListItem","position":2,"name":"Popula\u00e7\u00e3o sob dom\u00ednio de grupos armados no RJ aumentou 59,4% em 17 anos"}]},{"@type":"WebSite","@id":"https:\/\/portaltela.pt\/#website","url":"https:\/\/portaltela.pt\/","name":"Portal Tela Portugal","description":"","potentialAction":[{"@type":"SearchAction","target":{"@type":"EntryPoint","urlTemplate":"https:\/\/portaltela.pt\/?s={search_term_string}"},"query-input":{"@type":"PropertyValueSpecification","valueRequired":true,"valueName":"search_term_string"}}],"inLanguage":"pt-PT"},{"@type":"Person","@id":"https:\/\/portaltela.pt\/#\/schema\/person\/c4278d4a6028830caff9ee44b42d32ed","name":"Telinha","image":{"@type":"ImageObject","inLanguage":"pt-PT","@id":"https:\/\/portaltela.pt\/s.01k8rhncp4jt1\/2025\/11\/talking-bot-125x125.png","url":"https:\/\/portaltela.pt\/s.01k8rhncp4jt1\/2025\/11\/talking-bot-125x125.png","contentUrl":"https:\/\/portaltela.pt\/s.01k8rhncp4jt1\/2025\/11\/talking-bot-125x125.png","caption":"Telinha"},"sameAs":["https:\/\/portaltela.pt\/"],"url":"https:\/\/portaltela.pt\/por\/367410592786\/"}]}},"_links":{"self":[{"href":"https:\/\/portaltela.pt\/api\/wp\/v2\/posts\/56390","targetHints":{"allow":["GET"]}}],"collection":[{"href":"https:\/\/portaltela.pt\/api\/wp\/v2\/posts"}],"about":[{"href":"https:\/\/portaltela.pt\/api\/wp\/v2\/types\/post"}],"author":[{"embeddable":true,"href":"https:\/\/portaltela.pt\/api\/wp\/v2\/users\/2"}],"replies":[{"embeddable":true,"href":"https:\/\/portaltela.pt\/api\/wp\/v2\/comments?post=56390"}],"version-history":[{"count":0,"href":"https:\/\/portaltela.pt\/api\/wp\/v2\/posts\/56390\/revisions"}],"wp:featuredmedia":[{"embeddable":true,"href":"https:\/\/portaltela.pt\/api\/wp\/v2\/media\/56392"}],"wp:attachment":[{"href":"https:\/\/portaltela.pt\/api\/wp\/v2\/media?parent=56390"}],"wp:term":[{"taxonomy":"category","embeddable":true,"href":"https:\/\/portaltela.pt\/api\/wp\/v2\/categories?post=56390"},{"taxonomy":"post_tag","embeddable":true,"href":"https:\/\/portaltela.pt\/api\/wp\/v2\/tags?post=56390"}],"curies":[{"name":"wp","href":"https:\/\/api.w.org\/{rel}","templated":true}]}}