{"id":55391,"date":"2025-12-05T21:00:00","date_gmt":"2025-12-06T00:00:00","guid":{"rendered":"https:\/\/portaltela.pt\/noticias\/2025\/12\/05\/conheca-os-servicos-minimos-de-saude-cirurgias-consultas-e-tratamentos\/"},"modified":"2025-12-05T21:00:00","modified_gmt":"2025-12-06T00:00:00","slug":"conheca-os-servicos-minimos-de-saude-cirurgias-consultas-e-tratamentos","status":"publish","type":"post","link":"https:\/\/portaltela.pt\/noticias\/2025\/12\/05\/conheca-os-servicos-minimos-de-saude-cirurgias-consultas-e-tratamentos\/","title":{"rendered":"Conhe\u00e7a os servi\u00e7os m\u00ednimos de sa\u00fade: cirurgias, consultas e tratamentos"},"content":{"rendered":"<p>O Tribunal Arbitral definiu, para a greve geral marcada para o dia 11, servi\u00e7os m\u00ednimos que mant\u00eam as Urg\u00eancias e, agora, tamb\u00e9m outras val\u00eancias cr\u00edticas. A decis\u00e3o, majorit\u00e1ria, mant\u00e9m o modelo de escalas de domingo ou feriado e estabelece organiza\u00e7\u00e3o 24h para as unidades de sa\u00fade. A depender do ades\u00e3o, pode ocorrer requisi\u00e7\u00e3o de trabalhadores.<\/p>\n<p>Al\u00e9m das Urg\u00eancias, passam a integrar os servi\u00e7os m\u00ednimos cirurgias, cuidados paliativos domicili\u00e1rios, tratamentos oncol\u00f3gicos e hemodi\u00e1lise. A medida visa evitar danos irrepar\u00e1veis aos doentes e assegurar atendimento cont\u00ednuo, mesmo com paralisia parcial de servi\u00e7os.<\/p>\n<h3>Alcance dos servi\u00e7os m\u00ednimos<\/h3>\n<p>O ac\u00f3rd\u00e3o determina que as escalas de trabalho n\u00e3o ultrapassem o n\u00famero de profissionais de um dia \u00fatil, respeitando a refer\u00eancia dominical\/feriada. O objetivo \u00e9 manter funcionamento m\u00ednimo sem comprometer a seguran\u00e7a do paciente. Medidas entram em vigor com a lista completa dispon\u00edvel no Conselho Econ\u00f3mico e Social.<\/p>\n<p>De acordo com o ac\u00f3rd\u00e3o, os servi\u00e7os m\u00ednimos contemplam unidades de atendimento permanente (24h), Urg\u00eancias centralizadas e internamento. Tamb\u00e9m incluem hospitaliza\u00e7\u00f5es domicili\u00e1rias, servi\u00e7os de cuidados paliativos, cuidados intensivos, hemodi\u00e1lise, tratamentos oncol\u00f3gicos e blocos operat\u00f3rios (exceto cirurgias programadas).<\/p>\n<h3>Procedimentos e condi\u00e7\u00f5es<\/h3>\n<p>Nos tratamentos oncol\u00f3gicos, devem ser asseguridas cirurgias ou in\u00edcio de radioterapia em doen\u00e7as com prioridade 3 ou 4, quando n\u00e3o for poss\u00edvel adiar 15 dias ap\u00f3s a greve. Cirurgias que n\u00e3o podem ser adiadas dever\u00e3o avan\u00e7ar, dentro dos prazos legais. Programas de quimioterapia e tratamentos ambulatoriais tamb\u00e9m ficam sob cuidados m\u00ednimos.<\/p>\n<p>Para servi\u00e7os encerrados ao fim de semana, o Tribunal estabelece o m\u00ednimo estritamente necess\u00e1rio para manter a seguran\u00e7a do doente. Os sindicatos devem designar, at\u00e9 24 horas antes, os trabalhadores necess\u00e1rios; caso contr\u00e1rio, as institui\u00e7\u00f5es de sa\u00fade podem requisitar recurso ao trabalho de aderentes.<\/p>\n<h3>Refor\u00e7o de regime e ades\u00e3o<\/h3>\n<p>A decis\u00e3o baseia-se em falta de acordo entre Governo e sindicatos, com a maioria dos membros favor\u00e1vel e o representante dos trabalhadores vencido. A \u00eanfase recai sobre assegurar atendimento de situa\u00e7\u00f5es que possam causar danos graves ou irrevers\u00edveis aos pacientes.<\/p>\n","protected":false},"excerpt":{"rendered":"<ul>\n<li>O Tribunal Arbitral determinou, para a greve geral de dia 11, a ado\u00e7\u00e3o de servi\u00e7os m\u00ednimos que abrangem Urg\u00eancias e situa\u00e7\u00f5es que possam causar danos irrepar\u00e1veis aos doentes, com organiza\u00e7\u00e3o 24 horas e defini\u00e7\u00e3o de trabalhadores at\u00e9 24 horas antes.<\/li>\n<li>Passam a constar crias de servi\u00e7os m\u00ednimos: cirurgias, cuidados paliativos domicili\u00e1rios, tratamentos oncol\u00f3gicos e hemodi\u00e1lise, entre outros, mantendo refer\u00eancia em escalas de domingo ou feriado.<\/li>\n<li>A decis\u00e3o foi tomada por maioria, com o representante dos trabalhadores vencido, e sem acordo entre Governo e sindicatos.<\/li>\n<li>Os servi\u00e7os m\u00ednimos obrigam a convocar m\u00e9dicos, enfermeiros e funcion\u00e1rios para unidades de atendimento permanente e Urg\u00eancias centralizadas, bem como para fases de internamento, cuidados intensivos, oncologia e radiologia, entre outros.<\/li>\n<li>As regras estabelecem que, se os servi\u00e7os m\u00ednimos n\u00e3o puderem ser assegurados por trabalhadores aderentes, pode ocorrer requisi\u00e7\u00e3o pelas institui\u00e7\u00f5es de sa\u00fade, sendo permitido apenas o recurso a aderentes se indispens\u00e1vel.<\/li>\n<\/ul>\n","protected":false},"author":2,"featured_media":55392,"comment_status":"closed","ping_status":"closed","sticky":false,"template":"","format":"standard","meta":{"footnotes":""},"categories":[1],"tags":[911,912,633,172,727,140],"class_list":["post-55391","post","type-post","status-publish","format-standard","has-post-thumbnail","hentry","category-noticias","tag-cuidados-paliativos","tag-hemodialise","tag-hospital","tag-saude","tag-servicos","tag-tratamentos"],"yoast_head":"<!-- This site is optimized with the Yoast SEO plugin v27.2 - https:\/\/yoast.com\/product\/yoast-seo-wordpress\/ -->\n<title>Conhe\u00e7a os servi\u00e7os m\u00ednimos de sa\u00fade: cirurgias, consultas e tratamentos - Portal Tela Portugal<\/title>\n<meta name=\"robots\" content=\"index, follow, max-snippet:-1, max-image-preview:large, max-video-preview:-1\" \/>\n<meta property=\"og:locale\" content=\"pt_PT\" \/>\n<meta property=\"og:type\" content=\"article\" \/>\n<meta property=\"og:title\" content=\"Conhe\u00e7a os servi\u00e7os m\u00ednimos de sa\u00fade: cirurgias, consultas e tratamentos - Portal Tela Portugal\" \/>\n<meta property=\"og:description\" content=\"O Tribunal Arbitral determinou, para a greve geral de dia 11, a ado\u00e7\u00e3o de servi\u00e7os m\u00ednimos que abrangem Urg\u00eancias e situa\u00e7\u00f5es que possam causar danos irrepar\u00e1veis aos doentes, com organiza\u00e7\u00e3o 24 horas e defini\u00e7\u00e3o de trabalhadores at\u00e9 24 horas antes. Passam a constar crias de servi\u00e7os m\u00ednimos: cirurgias, cuidados paliativos domicili\u00e1rios, tratamentos oncol\u00f3gicos e hemodi\u00e1lise, entre outros, mantendo refer\u00eancia em escalas de domingo ou feriado. A decis\u00e3o foi tomada por maioria, com o representante dos trabalhadores vencido, e sem acordo entre Governo e sindicatos. Os servi\u00e7os m\u00ednimos obrigam a convocar m\u00e9dicos, enfermeiros e funcion\u00e1rios para unidades de atendimento permanente e Urg\u00eancias centralizadas, bem como para fases de internamento, cuidados intensivos, oncologia e radiologia, entre outros. As regras estabelecem que, se os servi\u00e7os m\u00ednimos n\u00e3o puderem ser assegurados por trabalhadores aderentes, pode ocorrer requisi\u00e7\u00e3o pelas institui\u00e7\u00f5es de sa\u00fade, sendo permitido apenas o recurso a aderentes se indispens\u00e1vel.\" \/>\n<meta property=\"og:url\" content=\"https:\/\/portaltela.pt\/noticias\/2025\/12\/05\/conheca-os-servicos-minimos-de-saude-cirurgias-consultas-e-tratamentos\/\" \/>\n<meta property=\"og:site_name\" content=\"Portal Tela Portugal\" \/>\n<meta property=\"article:published_time\" content=\"2025-12-06T00:00:00+00:00\" \/>\n<meta name=\"author\" content=\"Telinha\" \/>\n<meta name=\"twitter:card\" content=\"summary_large_image\" \/>\n<meta name=\"twitter:label1\" content=\"Escrito por\" \/>\n\t<meta name=\"twitter:data1\" content=\"Telinha\" \/>\n\t<meta name=\"twitter:label2\" content=\"Tempo estimado de leitura\" \/>\n\t<meta name=\"twitter:data2\" content=\"2 minutos\" \/>\n<script type=\"application\/ld+json\" class=\"yoast-schema-graph\">{\"@context\":\"https:\/\/schema.org\",\"@graph\":[{\"@type\":\"Article\",\"@id\":\"https:\/\/portaltela.pt\/noticias\/2025\/12\/05\/conheca-os-servicos-minimos-de-saude-cirurgias-consultas-e-tratamentos\/#article\",\"isPartOf\":{\"@id\":\"https:\/\/portaltela.pt\/noticias\/2025\/12\/05\/conheca-os-servicos-minimos-de-saude-cirurgias-consultas-e-tratamentos\/\"},\"author\":{\"name\":\"Telinha\",\"@id\":\"https:\/\/portaltela.pt\/#\/schema\/person\/c4278d4a6028830caff9ee44b42d32ed\"},\"headline\":\"Conhe\u00e7a os servi\u00e7os m\u00ednimos de sa\u00fade: cirurgias, consultas e tratamentos\",\"datePublished\":\"2025-12-06T00:00:00+00:00\",\"mainEntityOfPage\":{\"@id\":\"https:\/\/portaltela.pt\/noticias\/2025\/12\/05\/conheca-os-servicos-minimos-de-saude-cirurgias-consultas-e-tratamentos\/\"},\"wordCount\":404,\"image\":{\"@id\":\"https:\/\/portaltela.pt\/noticias\/2025\/12\/05\/conheca-os-servicos-minimos-de-saude-cirurgias-consultas-e-tratamentos\/#primaryimage\"},\"thumbnailUrl\":\"https:\/\/portaltela.pt\/s.01k8rhncp4jt1\/2025\/12\/image-125.jpg\",\"keywords\":[\"cuidados paliativos\",\"hemodi\u00e1lise\",\"hospital\",\"sa\u00fade\",\"servi\u00e7os\",\"tratamentos\"],\"articleSection\":[\"Not\u00edcias\"],\"inLanguage\":\"pt-PT\"},{\"@type\":\"WebPage\",\"@id\":\"https:\/\/portaltela.pt\/noticias\/2025\/12\/05\/conheca-os-servicos-minimos-de-saude-cirurgias-consultas-e-tratamentos\/\",\"url\":\"https:\/\/portaltela.pt\/noticias\/2025\/12\/05\/conheca-os-servicos-minimos-de-saude-cirurgias-consultas-e-tratamentos\/\",\"name\":\"Conhe\u00e7a os servi\u00e7os m\u00ednimos de sa\u00fade: cirurgias, consultas e tratamentos - Portal Tela Portugal\",\"isPartOf\":{\"@id\":\"https:\/\/portaltela.pt\/#website\"},\"primaryImageOfPage\":{\"@id\":\"https:\/\/portaltela.pt\/noticias\/2025\/12\/05\/conheca-os-servicos-minimos-de-saude-cirurgias-consultas-e-tratamentos\/#primaryimage\"},\"image\":{\"@id\":\"https:\/\/portaltela.pt\/noticias\/2025\/12\/05\/conheca-os-servicos-minimos-de-saude-cirurgias-consultas-e-tratamentos\/#primaryimage\"},\"thumbnailUrl\":\"https:\/\/portaltela.pt\/s.01k8rhncp4jt1\/2025\/12\/image-125.jpg\",\"datePublished\":\"2025-12-06T00:00:00+00:00\",\"author\":{\"@id\":\"https:\/\/portaltela.pt\/#\/schema\/person\/c4278d4a6028830caff9ee44b42d32ed\"},\"breadcrumb\":{\"@id\":\"https:\/\/portaltela.pt\/noticias\/2025\/12\/05\/conheca-os-servicos-minimos-de-saude-cirurgias-consultas-e-tratamentos\/#breadcrumb\"},\"inLanguage\":\"pt-PT\",\"potentialAction\":[{\"@type\":\"ReadAction\",\"target\":[\"https:\/\/portaltela.pt\/noticias\/2025\/12\/05\/conheca-os-servicos-minimos-de-saude-cirurgias-consultas-e-tratamentos\/\"]}]},{\"@type\":\"ImageObject\",\"inLanguage\":\"pt-PT\",\"@id\":\"https:\/\/portaltela.pt\/noticias\/2025\/12\/05\/conheca-os-servicos-minimos-de-saude-cirurgias-consultas-e-tratamentos\/#primaryimage\",\"url\":\"https:\/\/portaltela.pt\/s.01k8rhncp4jt1\/2025\/12\/image-125.jpg\",\"contentUrl\":\"https:\/\/portaltela.pt\/s.01k8rhncp4jt1\/2025\/12\/image-125.jpg\",\"width\":796,\"height\":448,\"caption\":\"Tribunal Arbitral definiu os servi\u00e7os m\u00ednimos para a greve geral de 11 de dezembro\"},{\"@type\":\"BreadcrumbList\",\"@id\":\"https:\/\/portaltela.pt\/noticias\/2025\/12\/05\/conheca-os-servicos-minimos-de-saude-cirurgias-consultas-e-tratamentos\/#breadcrumb\",\"itemListElement\":[{\"@type\":\"ListItem\",\"position\":1,\"name\":\"In\u00edcio\",\"item\":\"https:\/\/portaltela.pt\/\"},{\"@type\":\"ListItem\",\"position\":2,\"name\":\"Conhe\u00e7a os servi\u00e7os m\u00ednimos de sa\u00fade: cirurgias, consultas e tratamentos\"}]},{\"@type\":\"WebSite\",\"@id\":\"https:\/\/portaltela.pt\/#website\",\"url\":\"https:\/\/portaltela.pt\/\",\"name\":\"Portal Tela Portugal\",\"description\":\"\",\"potentialAction\":[{\"@type\":\"SearchAction\",\"target\":{\"@type\":\"EntryPoint\",\"urlTemplate\":\"https:\/\/portaltela.pt\/?s={search_term_string}\"},\"query-input\":{\"@type\":\"PropertyValueSpecification\",\"valueRequired\":true,\"valueName\":\"search_term_string\"}}],\"inLanguage\":\"pt-PT\"},{\"@type\":\"Person\",\"@id\":\"https:\/\/portaltela.pt\/#\/schema\/person\/c4278d4a6028830caff9ee44b42d32ed\",\"name\":\"Telinha\",\"image\":{\"@type\":\"ImageObject\",\"inLanguage\":\"pt-PT\",\"@id\":\"https:\/\/portaltela.pt\/s.01k8rhncp4jt1\/2025\/11\/talking-bot-125x125.png\",\"url\":\"https:\/\/portaltela.pt\/s.01k8rhncp4jt1\/2025\/11\/talking-bot-125x125.png\",\"contentUrl\":\"https:\/\/portaltela.pt\/s.01k8rhncp4jt1\/2025\/11\/talking-bot-125x125.png\",\"caption\":\"Telinha\"},\"sameAs\":[\"https:\/\/portaltela.pt\/\"],\"url\":\"https:\/\/portaltela.pt\/por\/367410592786\/\"}]}<\/script>\n<!-- \/ Yoast SEO plugin. -->","yoast_head_json":{"title":"Conhe\u00e7a os servi\u00e7os m\u00ednimos de sa\u00fade: cirurgias, consultas e tratamentos - Portal Tela Portugal","robots":{"index":"index","follow":"follow","max-snippet":"max-snippet:-1","max-image-preview":"max-image-preview:large","max-video-preview":"max-video-preview:-1"},"og_locale":"pt_PT","og_type":"article","og_title":"Conhe\u00e7a os servi\u00e7os m\u00ednimos de sa\u00fade: cirurgias, consultas e tratamentos - Portal Tela Portugal","og_description":"O Tribunal Arbitral determinou, para a greve geral de dia 11, a ado\u00e7\u00e3o de servi\u00e7os m\u00ednimos que abrangem Urg\u00eancias e situa\u00e7\u00f5es que possam causar danos irrepar\u00e1veis aos doentes, com organiza\u00e7\u00e3o 24 horas e defini\u00e7\u00e3o de trabalhadores at\u00e9 24 horas antes. Passam a constar crias de servi\u00e7os m\u00ednimos: cirurgias, cuidados paliativos domicili\u00e1rios, tratamentos oncol\u00f3gicos e hemodi\u00e1lise, entre outros, mantendo refer\u00eancia em escalas de domingo ou feriado. A decis\u00e3o foi tomada por maioria, com o representante dos trabalhadores vencido, e sem acordo entre Governo e sindicatos. Os servi\u00e7os m\u00ednimos obrigam a convocar m\u00e9dicos, enfermeiros e funcion\u00e1rios para unidades de atendimento permanente e Urg\u00eancias centralizadas, bem como para fases de internamento, cuidados intensivos, oncologia e radiologia, entre outros. As regras estabelecem que, se os servi\u00e7os m\u00ednimos n\u00e3o puderem ser assegurados por trabalhadores aderentes, pode ocorrer requisi\u00e7\u00e3o pelas institui\u00e7\u00f5es de sa\u00fade, sendo permitido apenas o recurso a aderentes se indispens\u00e1vel.","og_url":"https:\/\/portaltela.pt\/noticias\/2025\/12\/05\/conheca-os-servicos-minimos-de-saude-cirurgias-consultas-e-tratamentos\/","og_site_name":"Portal Tela Portugal","article_published_time":"2025-12-06T00:00:00+00:00","author":"Telinha","twitter_card":"summary_large_image","twitter_misc":{"Escrito por":"Telinha","Tempo estimado de leitura":"2 minutos"},"schema":{"@context":"https:\/\/schema.org","@graph":[{"@type":"Article","@id":"https:\/\/portaltela.pt\/noticias\/2025\/12\/05\/conheca-os-servicos-minimos-de-saude-cirurgias-consultas-e-tratamentos\/#article","isPartOf":{"@id":"https:\/\/portaltela.pt\/noticias\/2025\/12\/05\/conheca-os-servicos-minimos-de-saude-cirurgias-consultas-e-tratamentos\/"},"author":{"name":"Telinha","@id":"https:\/\/portaltela.pt\/#\/schema\/person\/c4278d4a6028830caff9ee44b42d32ed"},"headline":"Conhe\u00e7a os servi\u00e7os m\u00ednimos de sa\u00fade: cirurgias, consultas e tratamentos","datePublished":"2025-12-06T00:00:00+00:00","mainEntityOfPage":{"@id":"https:\/\/portaltela.pt\/noticias\/2025\/12\/05\/conheca-os-servicos-minimos-de-saude-cirurgias-consultas-e-tratamentos\/"},"wordCount":404,"image":{"@id":"https:\/\/portaltela.pt\/noticias\/2025\/12\/05\/conheca-os-servicos-minimos-de-saude-cirurgias-consultas-e-tratamentos\/#primaryimage"},"thumbnailUrl":"https:\/\/portaltela.pt\/s.01k8rhncp4jt1\/2025\/12\/image-125.jpg","keywords":["cuidados paliativos","hemodi\u00e1lise","hospital","sa\u00fade","servi\u00e7os","tratamentos"],"articleSection":["Not\u00edcias"],"inLanguage":"pt-PT"},{"@type":"WebPage","@id":"https:\/\/portaltela.pt\/noticias\/2025\/12\/05\/conheca-os-servicos-minimos-de-saude-cirurgias-consultas-e-tratamentos\/","url":"https:\/\/portaltela.pt\/noticias\/2025\/12\/05\/conheca-os-servicos-minimos-de-saude-cirurgias-consultas-e-tratamentos\/","name":"Conhe\u00e7a os servi\u00e7os m\u00ednimos de sa\u00fade: cirurgias, consultas e tratamentos - Portal Tela Portugal","isPartOf":{"@id":"https:\/\/portaltela.pt\/#website"},"primaryImageOfPage":{"@id":"https:\/\/portaltela.pt\/noticias\/2025\/12\/05\/conheca-os-servicos-minimos-de-saude-cirurgias-consultas-e-tratamentos\/#primaryimage"},"image":{"@id":"https:\/\/portaltela.pt\/noticias\/2025\/12\/05\/conheca-os-servicos-minimos-de-saude-cirurgias-consultas-e-tratamentos\/#primaryimage"},"thumbnailUrl":"https:\/\/portaltela.pt\/s.01k8rhncp4jt1\/2025\/12\/image-125.jpg","datePublished":"2025-12-06T00:00:00+00:00","author":{"@id":"https:\/\/portaltela.pt\/#\/schema\/person\/c4278d4a6028830caff9ee44b42d32ed"},"breadcrumb":{"@id":"https:\/\/portaltela.pt\/noticias\/2025\/12\/05\/conheca-os-servicos-minimos-de-saude-cirurgias-consultas-e-tratamentos\/#breadcrumb"},"inLanguage":"pt-PT","potentialAction":[{"@type":"ReadAction","target":["https:\/\/portaltela.pt\/noticias\/2025\/12\/05\/conheca-os-servicos-minimos-de-saude-cirurgias-consultas-e-tratamentos\/"]}]},{"@type":"ImageObject","inLanguage":"pt-PT","@id":"https:\/\/portaltela.pt\/noticias\/2025\/12\/05\/conheca-os-servicos-minimos-de-saude-cirurgias-consultas-e-tratamentos\/#primaryimage","url":"https:\/\/portaltela.pt\/s.01k8rhncp4jt1\/2025\/12\/image-125.jpg","contentUrl":"https:\/\/portaltela.pt\/s.01k8rhncp4jt1\/2025\/12\/image-125.jpg","width":796,"height":448,"caption":"Tribunal Arbitral definiu os servi\u00e7os m\u00ednimos para a greve geral de 11 de dezembro"},{"@type":"BreadcrumbList","@id":"https:\/\/portaltela.pt\/noticias\/2025\/12\/05\/conheca-os-servicos-minimos-de-saude-cirurgias-consultas-e-tratamentos\/#breadcrumb","itemListElement":[{"@type":"ListItem","position":1,"name":"In\u00edcio","item":"https:\/\/portaltela.pt\/"},{"@type":"ListItem","position":2,"name":"Conhe\u00e7a os servi\u00e7os m\u00ednimos de sa\u00fade: cirurgias, consultas e tratamentos"}]},{"@type":"WebSite","@id":"https:\/\/portaltela.pt\/#website","url":"https:\/\/portaltela.pt\/","name":"Portal Tela Portugal","description":"","potentialAction":[{"@type":"SearchAction","target":{"@type":"EntryPoint","urlTemplate":"https:\/\/portaltela.pt\/?s={search_term_string}"},"query-input":{"@type":"PropertyValueSpecification","valueRequired":true,"valueName":"search_term_string"}}],"inLanguage":"pt-PT"},{"@type":"Person","@id":"https:\/\/portaltela.pt\/#\/schema\/person\/c4278d4a6028830caff9ee44b42d32ed","name":"Telinha","image":{"@type":"ImageObject","inLanguage":"pt-PT","@id":"https:\/\/portaltela.pt\/s.01k8rhncp4jt1\/2025\/11\/talking-bot-125x125.png","url":"https:\/\/portaltela.pt\/s.01k8rhncp4jt1\/2025\/11\/talking-bot-125x125.png","contentUrl":"https:\/\/portaltela.pt\/s.01k8rhncp4jt1\/2025\/11\/talking-bot-125x125.png","caption":"Telinha"},"sameAs":["https:\/\/portaltela.pt\/"],"url":"https:\/\/portaltela.pt\/por\/367410592786\/"}]}},"_links":{"self":[{"href":"https:\/\/portaltela.pt\/api\/wp\/v2\/posts\/55391","targetHints":{"allow":["GET"]}}],"collection":[{"href":"https:\/\/portaltela.pt\/api\/wp\/v2\/posts"}],"about":[{"href":"https:\/\/portaltela.pt\/api\/wp\/v2\/types\/post"}],"author":[{"embeddable":true,"href":"https:\/\/portaltela.pt\/api\/wp\/v2\/users\/2"}],"replies":[{"embeddable":true,"href":"https:\/\/portaltela.pt\/api\/wp\/v2\/comments?post=55391"}],"version-history":[{"count":0,"href":"https:\/\/portaltela.pt\/api\/wp\/v2\/posts\/55391\/revisions"}],"wp:featuredmedia":[{"embeddable":true,"href":"https:\/\/portaltela.pt\/api\/wp\/v2\/media\/55392"}],"wp:attachment":[{"href":"https:\/\/portaltela.pt\/api\/wp\/v2\/media?parent=55391"}],"wp:term":[{"taxonomy":"category","embeddable":true,"href":"https:\/\/portaltela.pt\/api\/wp\/v2\/categories?post=55391"},{"taxonomy":"post_tag","embeddable":true,"href":"https:\/\/portaltela.pt\/api\/wp\/v2\/tags?post=55391"}],"curies":[{"name":"wp","href":"https:\/\/api.w.org\/{rel}","templated":true}]}}