{"id":55308,"date":"2025-12-06T11:40:00","date_gmt":"2025-12-06T14:40:00","guid":{"rendered":"https:\/\/portaltela.pt\/noticias\/2025\/12\/06\/vive-estremoz-no-natal-abre-portas-e-renova-tradicao\/"},"modified":"2025-12-06T11:40:00","modified_gmt":"2025-12-06T14:40:00","slug":"vive-estremoz-no-natal-abre-portas-e-renova-tradicao","status":"publish","type":"post","link":"https:\/\/portaltela.pt\/noticias\/2025\/12\/06\/vive-estremoz-no-natal-abre-portas-e-renova-tradicao\/","title":{"rendered":"Vive Estremoz no Natal abre portas e renova tradi\u00e7\u00e3o"},"content":{"rendered":"<p>Estremoz d\u00e1 as boas-vindas ao esp\u00edrito natal\u00edcio com a abertura da exposi\u00e7\u00e3o \u201cVIVE Estremoz no Natal\u201d, marcada para esta ter\u00e7a-feira, \u00e0s 15h00, no Posto de Turismo local. A mostra, promovida pela C\u00e2mara Municipal, pretende revelar a criatividade da comunidade e aproximar gera\u00e7\u00f5es diferentes numa celebra\u00e7\u00e3o do talento local.<\/p>\n<p>A exposi\u00e7\u00e3o re\u00fane trabalhos da Academia S\u00e9nior de Estremoz, incluindo artes decorativas, artes, jardinagem e pintura. Um dos elementos centrais \u00e9 o pres\u00e9pio criado pelo Agrupamento de Escolas de Estremoz e pelo Jardim de Inf\u00e2ncia Rainha Santa Isabel, que junta a vis\u00e3o dos mais novos ao conceito intergeracional do projeto.<\/p>\n<p>A mostra estar\u00e1 patente at\u00e9 7 de janeiro, oferecendo um espa\u00e7o para conhecer e valorizar a produ\u00e7\u00e3o art\u00edstica da cidade. A C\u00e2mara Municipal destaca a diversidade de perspetivas que a iniciativa re\u00fane, fortalecendo a identidade estremocense durante a quadra natal\u00edcia.<\/p>\n<h3>Exposi\u00e7\u00e3o e participa\u00e7\u00e3o<\/h3>\n<p>A iniciativa pretende promover a participa\u00e7\u00e3o de v\u00e1rias faixas et\u00e1rias e fomentar o talento local, com entradas sem necessidade de marca\u00e7\u00e3o pr\u00e9via. Os visitantes podem observar desde pe\u00e7as decorativas at\u00e9 obras de pintura, passando por trabalhos de jardinagem com a tem\u00e1tica festiva.<\/p>\n<p>A presen\u00e7a do pres\u00e9pio conjunto evidencia a colabora\u00e7\u00e3o entre escola e institui\u00e7\u00e3o de ensino b\u00e1sico, refor\u00e7ando o car\u00e1ter educativo e comunit\u00e1rio da mostra. A programa\u00e7\u00e3o insere-se no conjunto de a\u00e7\u00f5es promovidas pela autarquia para dinamizar o natal na cidade.<\/p>\n","protected":false},"excerpt":{"rendered":"<ul>\n<li>A exposi\u00e7\u00e3o \u201cVIVE Estremoz no Natal\u201d abre nesta ter\u00e7a-feira, \u00e0s 15h00, no Posto de Turismo de Estremoz.<\/li>\n<li>Promovida pela C\u00e2mara Municipal, a mostra destaca a criatividade da comunidade e re\u00fane v\u00e1rias gera\u00e7\u00f5es.<\/li>\n<li>Participam alunos da Academia S\u00e9nior de Estremoz em \u00e1reas como artes decorativas, artes, jardinagem, cuidado com arte e pintura.<\/li>\n<li>Um pres\u00e9pio conjunto do Agrupamento de Escolas de Estremoz e do Jardim de Inf\u00e2ncia Rainha Santa Isabel \u00e9 um dos elementos centrais.<\/li>\n<li>A exposi\u00e7\u00e3o pode ser visitada at\u00e9 7 de janeiro, sendo uma sugest\u00e3o para conhecer o talento local e viver o Natal estremocense.<\/li>\n<\/ul>\n","protected":false},"author":2,"featured_media":55317,"comment_status":"closed","ping_status":"closed","sticky":false,"template":"","format":"standard","meta":{"footnotes":""},"categories":[1],"tags":[883,70,903,163,907,248],"class_list":["post-55308","post","type-post","status-publish","format-standard","has-post-thumbnail","hentry","category-noticias","tag-alentejo","tag-arte","tag-comunidades","tag-educacao","tag-jardinagem","tag-pintura"],"yoast_head":"<!-- This site is optimized with the Yoast SEO plugin v27.2 - https:\/\/yoast.com\/product\/yoast-seo-wordpress\/ -->\n<title>Vive Estremoz no Natal abre portas e renova tradi\u00e7\u00e3o - Portal Tela Portugal<\/title>\n<meta name=\"robots\" content=\"index, follow, max-snippet:-1, max-image-preview:large, max-video-preview:-1\" \/>\n<meta property=\"og:locale\" content=\"pt_PT\" \/>\n<meta property=\"og:type\" content=\"article\" \/>\n<meta property=\"og:title\" content=\"Vive Estremoz no Natal abre portas e renova tradi\u00e7\u00e3o - Portal Tela Portugal\" \/>\n<meta property=\"og:description\" content=\"A exposi\u00e7\u00e3o \u201cVIVE Estremoz no Natal\u201d abre nesta ter\u00e7a-feira, \u00e0s 15h00, no Posto de Turismo de Estremoz. Promovida pela C\u00e2mara Municipal, a mostra destaca a criatividade da comunidade e re\u00fane v\u00e1rias gera\u00e7\u00f5es. Participam alunos da Academia S\u00e9nior de Estremoz em \u00e1reas como artes decorativas, artes, jardinagem, cuidado com arte e pintura. Um pres\u00e9pio conjunto do Agrupamento de Escolas de Estremoz e do Jardim de Inf\u00e2ncia Rainha Santa Isabel \u00e9 um dos elementos centrais. A exposi\u00e7\u00e3o pode ser visitada at\u00e9 7 de janeiro, sendo uma sugest\u00e3o para conhecer o talento local e viver o Natal estremocense.\" \/>\n<meta property=\"og:url\" content=\"https:\/\/portaltela.pt\/noticias\/2025\/12\/06\/vive-estremoz-no-natal-abre-portas-e-renova-tradicao\/\" \/>\n<meta property=\"og:site_name\" content=\"Portal Tela Portugal\" \/>\n<meta property=\"article:published_time\" content=\"2025-12-06T14:40:00+00:00\" \/>\n<meta name=\"author\" content=\"Telinha\" \/>\n<meta name=\"twitter:card\" content=\"summary_large_image\" \/>\n<meta name=\"twitter:label1\" content=\"Escrito por\" \/>\n\t<meta name=\"twitter:data1\" content=\"Telinha\" \/>\n\t<meta name=\"twitter:label2\" content=\"Tempo estimado de leitura\" \/>\n\t<meta name=\"twitter:data2\" content=\"1 minuto\" \/>\n<script type=\"application\/ld+json\" class=\"yoast-schema-graph\">{\"@context\":\"https:\/\/schema.org\",\"@graph\":[{\"@type\":\"Article\",\"@id\":\"https:\/\/portaltela.pt\/noticias\/2025\/12\/06\/vive-estremoz-no-natal-abre-portas-e-renova-tradicao\/#article\",\"isPartOf\":{\"@id\":\"https:\/\/portaltela.pt\/noticias\/2025\/12\/06\/vive-estremoz-no-natal-abre-portas-e-renova-tradicao\/\"},\"author\":{\"name\":\"Telinha\",\"@id\":\"https:\/\/portaltela.pt\/#\/schema\/person\/c4278d4a6028830caff9ee44b42d32ed\"},\"headline\":\"Vive Estremoz no Natal abre portas e renova tradi\u00e7\u00e3o\",\"datePublished\":\"2025-12-06T14:40:00+00:00\",\"mainEntityOfPage\":{\"@id\":\"https:\/\/portaltela.pt\/noticias\/2025\/12\/06\/vive-estremoz-no-natal-abre-portas-e-renova-tradicao\/\"},\"wordCount\":268,\"image\":{\"@id\":\"https:\/\/portaltela.pt\/noticias\/2025\/12\/06\/vive-estremoz-no-natal-abre-portas-e-renova-tradicao\/#primaryimage\"},\"thumbnailUrl\":\"https:\/\/portaltela.pt\/s.01k8rhncp4jt1\/2025\/12\/Estremoz.jpg\",\"keywords\":[\"Alentejo\",\"arte\",\"comunidades\",\"educa\u00e7\u00e3o\",\"jardinagem\",\"pintura\"],\"articleSection\":[\"Not\u00edcias\"],\"inLanguage\":\"pt-PT\"},{\"@type\":\"WebPage\",\"@id\":\"https:\/\/portaltela.pt\/noticias\/2025\/12\/06\/vive-estremoz-no-natal-abre-portas-e-renova-tradicao\/\",\"url\":\"https:\/\/portaltela.pt\/noticias\/2025\/12\/06\/vive-estremoz-no-natal-abre-portas-e-renova-tradicao\/\",\"name\":\"Vive Estremoz no Natal abre portas e renova tradi\u00e7\u00e3o - Portal Tela Portugal\",\"isPartOf\":{\"@id\":\"https:\/\/portaltela.pt\/#website\"},\"primaryImageOfPage\":{\"@id\":\"https:\/\/portaltela.pt\/noticias\/2025\/12\/06\/vive-estremoz-no-natal-abre-portas-e-renova-tradicao\/#primaryimage\"},\"image\":{\"@id\":\"https:\/\/portaltela.pt\/noticias\/2025\/12\/06\/vive-estremoz-no-natal-abre-portas-e-renova-tradicao\/#primaryimage\"},\"thumbnailUrl\":\"https:\/\/portaltela.pt\/s.01k8rhncp4jt1\/2025\/12\/Estremoz.jpg\",\"datePublished\":\"2025-12-06T14:40:00+00:00\",\"author\":{\"@id\":\"https:\/\/portaltela.pt\/#\/schema\/person\/c4278d4a6028830caff9ee44b42d32ed\"},\"breadcrumb\":{\"@id\":\"https:\/\/portaltela.pt\/noticias\/2025\/12\/06\/vive-estremoz-no-natal-abre-portas-e-renova-tradicao\/#breadcrumb\"},\"inLanguage\":\"pt-PT\",\"potentialAction\":[{\"@type\":\"ReadAction\",\"target\":[\"https:\/\/portaltela.pt\/noticias\/2025\/12\/06\/vive-estremoz-no-natal-abre-portas-e-renova-tradicao\/\"]}]},{\"@type\":\"ImageObject\",\"inLanguage\":\"pt-PT\",\"@id\":\"https:\/\/portaltela.pt\/noticias\/2025\/12\/06\/vive-estremoz-no-natal-abre-portas-e-renova-tradicao\/#primaryimage\",\"url\":\"https:\/\/portaltela.pt\/s.01k8rhncp4jt1\/2025\/12\/Estremoz.jpg\",\"contentUrl\":\"https:\/\/portaltela.pt\/s.01k8rhncp4jt1\/2025\/12\/Estremoz.jpg\",\"width\":796,\"height\":448,\"caption\":\"Di\u00e1rio do Distrito\"},{\"@type\":\"BreadcrumbList\",\"@id\":\"https:\/\/portaltela.pt\/noticias\/2025\/12\/06\/vive-estremoz-no-natal-abre-portas-e-renova-tradicao\/#breadcrumb\",\"itemListElement\":[{\"@type\":\"ListItem\",\"position\":1,\"name\":\"In\u00edcio\",\"item\":\"https:\/\/portaltela.pt\/\"},{\"@type\":\"ListItem\",\"position\":2,\"name\":\"Vive Estremoz no Natal abre portas e renova tradi\u00e7\u00e3o\"}]},{\"@type\":\"WebSite\",\"@id\":\"https:\/\/portaltela.pt\/#website\",\"url\":\"https:\/\/portaltela.pt\/\",\"name\":\"Portal Tela Portugal\",\"description\":\"\",\"potentialAction\":[{\"@type\":\"SearchAction\",\"target\":{\"@type\":\"EntryPoint\",\"urlTemplate\":\"https:\/\/portaltela.pt\/?s={search_term_string}\"},\"query-input\":{\"@type\":\"PropertyValueSpecification\",\"valueRequired\":true,\"valueName\":\"search_term_string\"}}],\"inLanguage\":\"pt-PT\"},{\"@type\":\"Person\",\"@id\":\"https:\/\/portaltela.pt\/#\/schema\/person\/c4278d4a6028830caff9ee44b42d32ed\",\"name\":\"Telinha\",\"image\":{\"@type\":\"ImageObject\",\"inLanguage\":\"pt-PT\",\"@id\":\"https:\/\/portaltela.pt\/s.01k8rhncp4jt1\/2025\/11\/talking-bot-125x125.png\",\"url\":\"https:\/\/portaltela.pt\/s.01k8rhncp4jt1\/2025\/11\/talking-bot-125x125.png\",\"contentUrl\":\"https:\/\/portaltela.pt\/s.01k8rhncp4jt1\/2025\/11\/talking-bot-125x125.png\",\"caption\":\"Telinha\"},\"sameAs\":[\"https:\/\/portaltela.pt\/\"],\"url\":\"https:\/\/portaltela.pt\/por\/367410592786\/\"}]}<\/script>\n<!-- \/ Yoast SEO plugin. -->","yoast_head_json":{"title":"Vive Estremoz no Natal abre portas e renova tradi\u00e7\u00e3o - Portal Tela Portugal","robots":{"index":"index","follow":"follow","max-snippet":"max-snippet:-1","max-image-preview":"max-image-preview:large","max-video-preview":"max-video-preview:-1"},"og_locale":"pt_PT","og_type":"article","og_title":"Vive Estremoz no Natal abre portas e renova tradi\u00e7\u00e3o - Portal Tela Portugal","og_description":"A exposi\u00e7\u00e3o \u201cVIVE Estremoz no Natal\u201d abre nesta ter\u00e7a-feira, \u00e0s 15h00, no Posto de Turismo de Estremoz. Promovida pela C\u00e2mara Municipal, a mostra destaca a criatividade da comunidade e re\u00fane v\u00e1rias gera\u00e7\u00f5es. Participam alunos da Academia S\u00e9nior de Estremoz em \u00e1reas como artes decorativas, artes, jardinagem, cuidado com arte e pintura. Um pres\u00e9pio conjunto do Agrupamento de Escolas de Estremoz e do Jardim de Inf\u00e2ncia Rainha Santa Isabel \u00e9 um dos elementos centrais. A exposi\u00e7\u00e3o pode ser visitada at\u00e9 7 de janeiro, sendo uma sugest\u00e3o para conhecer o talento local e viver o Natal estremocense.","og_url":"https:\/\/portaltela.pt\/noticias\/2025\/12\/06\/vive-estremoz-no-natal-abre-portas-e-renova-tradicao\/","og_site_name":"Portal Tela Portugal","article_published_time":"2025-12-06T14:40:00+00:00","author":"Telinha","twitter_card":"summary_large_image","twitter_misc":{"Escrito por":"Telinha","Tempo estimado de leitura":"1 minuto"},"schema":{"@context":"https:\/\/schema.org","@graph":[{"@type":"Article","@id":"https:\/\/portaltela.pt\/noticias\/2025\/12\/06\/vive-estremoz-no-natal-abre-portas-e-renova-tradicao\/#article","isPartOf":{"@id":"https:\/\/portaltela.pt\/noticias\/2025\/12\/06\/vive-estremoz-no-natal-abre-portas-e-renova-tradicao\/"},"author":{"name":"Telinha","@id":"https:\/\/portaltela.pt\/#\/schema\/person\/c4278d4a6028830caff9ee44b42d32ed"},"headline":"Vive Estremoz no Natal abre portas e renova tradi\u00e7\u00e3o","datePublished":"2025-12-06T14:40:00+00:00","mainEntityOfPage":{"@id":"https:\/\/portaltela.pt\/noticias\/2025\/12\/06\/vive-estremoz-no-natal-abre-portas-e-renova-tradicao\/"},"wordCount":268,"image":{"@id":"https:\/\/portaltela.pt\/noticias\/2025\/12\/06\/vive-estremoz-no-natal-abre-portas-e-renova-tradicao\/#primaryimage"},"thumbnailUrl":"https:\/\/portaltela.pt\/s.01k8rhncp4jt1\/2025\/12\/Estremoz.jpg","keywords":["Alentejo","arte","comunidades","educa\u00e7\u00e3o","jardinagem","pintura"],"articleSection":["Not\u00edcias"],"inLanguage":"pt-PT"},{"@type":"WebPage","@id":"https:\/\/portaltela.pt\/noticias\/2025\/12\/06\/vive-estremoz-no-natal-abre-portas-e-renova-tradicao\/","url":"https:\/\/portaltela.pt\/noticias\/2025\/12\/06\/vive-estremoz-no-natal-abre-portas-e-renova-tradicao\/","name":"Vive Estremoz no Natal abre portas e renova tradi\u00e7\u00e3o - Portal Tela Portugal","isPartOf":{"@id":"https:\/\/portaltela.pt\/#website"},"primaryImageOfPage":{"@id":"https:\/\/portaltela.pt\/noticias\/2025\/12\/06\/vive-estremoz-no-natal-abre-portas-e-renova-tradicao\/#primaryimage"},"image":{"@id":"https:\/\/portaltela.pt\/noticias\/2025\/12\/06\/vive-estremoz-no-natal-abre-portas-e-renova-tradicao\/#primaryimage"},"thumbnailUrl":"https:\/\/portaltela.pt\/s.01k8rhncp4jt1\/2025\/12\/Estremoz.jpg","datePublished":"2025-12-06T14:40:00+00:00","author":{"@id":"https:\/\/portaltela.pt\/#\/schema\/person\/c4278d4a6028830caff9ee44b42d32ed"},"breadcrumb":{"@id":"https:\/\/portaltela.pt\/noticias\/2025\/12\/06\/vive-estremoz-no-natal-abre-portas-e-renova-tradicao\/#breadcrumb"},"inLanguage":"pt-PT","potentialAction":[{"@type":"ReadAction","target":["https:\/\/portaltela.pt\/noticias\/2025\/12\/06\/vive-estremoz-no-natal-abre-portas-e-renova-tradicao\/"]}]},{"@type":"ImageObject","inLanguage":"pt-PT","@id":"https:\/\/portaltela.pt\/noticias\/2025\/12\/06\/vive-estremoz-no-natal-abre-portas-e-renova-tradicao\/#primaryimage","url":"https:\/\/portaltela.pt\/s.01k8rhncp4jt1\/2025\/12\/Estremoz.jpg","contentUrl":"https:\/\/portaltela.pt\/s.01k8rhncp4jt1\/2025\/12\/Estremoz.jpg","width":796,"height":448,"caption":"Di\u00e1rio do Distrito"},{"@type":"BreadcrumbList","@id":"https:\/\/portaltela.pt\/noticias\/2025\/12\/06\/vive-estremoz-no-natal-abre-portas-e-renova-tradicao\/#breadcrumb","itemListElement":[{"@type":"ListItem","position":1,"name":"In\u00edcio","item":"https:\/\/portaltela.pt\/"},{"@type":"ListItem","position":2,"name":"Vive Estremoz no Natal abre portas e renova tradi\u00e7\u00e3o"}]},{"@type":"WebSite","@id":"https:\/\/portaltela.pt\/#website","url":"https:\/\/portaltela.pt\/","name":"Portal Tela Portugal","description":"","potentialAction":[{"@type":"SearchAction","target":{"@type":"EntryPoint","urlTemplate":"https:\/\/portaltela.pt\/?s={search_term_string}"},"query-input":{"@type":"PropertyValueSpecification","valueRequired":true,"valueName":"search_term_string"}}],"inLanguage":"pt-PT"},{"@type":"Person","@id":"https:\/\/portaltela.pt\/#\/schema\/person\/c4278d4a6028830caff9ee44b42d32ed","name":"Telinha","image":{"@type":"ImageObject","inLanguage":"pt-PT","@id":"https:\/\/portaltela.pt\/s.01k8rhncp4jt1\/2025\/11\/talking-bot-125x125.png","url":"https:\/\/portaltela.pt\/s.01k8rhncp4jt1\/2025\/11\/talking-bot-125x125.png","contentUrl":"https:\/\/portaltela.pt\/s.01k8rhncp4jt1\/2025\/11\/talking-bot-125x125.png","caption":"Telinha"},"sameAs":["https:\/\/portaltela.pt\/"],"url":"https:\/\/portaltela.pt\/por\/367410592786\/"}]}},"_links":{"self":[{"href":"https:\/\/portaltela.pt\/api\/wp\/v2\/posts\/55308","targetHints":{"allow":["GET"]}}],"collection":[{"href":"https:\/\/portaltela.pt\/api\/wp\/v2\/posts"}],"about":[{"href":"https:\/\/portaltela.pt\/api\/wp\/v2\/types\/post"}],"author":[{"embeddable":true,"href":"https:\/\/portaltela.pt\/api\/wp\/v2\/users\/2"}],"replies":[{"embeddable":true,"href":"https:\/\/portaltela.pt\/api\/wp\/v2\/comments?post=55308"}],"version-history":[{"count":0,"href":"https:\/\/portaltela.pt\/api\/wp\/v2\/posts\/55308\/revisions"}],"wp:featuredmedia":[{"embeddable":true,"href":"https:\/\/portaltela.pt\/api\/wp\/v2\/media\/55317"}],"wp:attachment":[{"href":"https:\/\/portaltela.pt\/api\/wp\/v2\/media?parent=55308"}],"wp:term":[{"taxonomy":"category","embeddable":true,"href":"https:\/\/portaltela.pt\/api\/wp\/v2\/categories?post=55308"},{"taxonomy":"post_tag","embeddable":true,"href":"https:\/\/portaltela.pt\/api\/wp\/v2\/tags?post=55308"}],"curies":[{"name":"wp","href":"https:\/\/api.w.org\/{rel}","templated":true}]}}