{"id":54985,"date":"2025-12-06T09:10:00","date_gmt":"2025-12-06T12:10:00","guid":{"rendered":"https:\/\/portaltela.pt\/noticias\/2025\/12\/06\/torre-de-londres-fechada-apos-vandalizacao-de-vitrine-com-joias-da-coroa\/"},"modified":"2025-12-06T09:10:00","modified_gmt":"2025-12-06T12:10:00","slug":"torre-de-londres-fechada-apos-vandalizacao-de-vitrine-com-joias-da-coroa","status":"publish","type":"post","link":"https:\/\/portaltela.pt\/noticias\/2025\/12\/06\/torre-de-londres-fechada-apos-vandalizacao-de-vitrine-com-joias-da-coroa\/","title":{"rendered":"Torre de Londres fechada ap\u00f3s vandaliza\u00e7\u00e3o de vitrine com Joias da Coroa"},"content":{"rendered":"<p>Na manh\u00e3 de s\u00e1bado, a Torre de Londres encerrou as portas ao p\u00fablico ap\u00f3s um grupo de manifestantes vandalizar uma vitrine que exibia joias da coroa brit\u00e2nica. Relatos de testemunhas indicam que alimentos foram atirados contra a vitrine.<\/p>\n<p>Quatro pessoas foram detidas sob suspeita de danos criminais, e o local ficou sob investiga\u00e7\u00e3o policial. O alerta foi recebido por volta das 09h48, e dois dos detidos tentaram fugir antes da chegada das autoridades.<\/p>\n<p>A Pol\u00edcia Metropolitana confirmou o incidente e explicou que trabalhou em conjunto com a Pol\u00edcia da Cidade de Londres e com a equipa de seguran\u00e7a da torre. A investiga\u00e7\u00e3o permanece em curso para apurar as circunst\u00e2ncias do ataque.<\/p>\n<h3>Investiga\u00e7\u00e3o em curso<\/h3>\n<p>O incidente ocorreu durante a manh\u00e3 de s\u00e1bado, no cora\u00e7\u00e3o de Londres, envolvendo a exposi\u00e7\u00e3o das Joias da Coroa. As autoridades n\u00e3o divulgaram identidades nem motiva\u00e7\u00f5es no momento, mantendo a informa\u00e7\u00e3o em atualiza\u00e7\u00e3o.<\/p>\n","protected":false},"excerpt":{"rendered":"<ul>\n<li>A Torre de Londres encerrou-se ao p\u00fablico na manh\u00e3 de s\u00e1bado ap\u00f3s vandalismo numa vitrine que exibia joias da coroa brit\u00e2nica.<\/li>\n<li>Testemunhas afirmam que alimentos foram atirados contra a vitrine durante o incidente.<\/li>\n<li>Quatro pessoas foram detidas sob suspeita de danos criminais; o local permanece aberto apenas aos investigadores.<\/li>\n<li>O alerta foi dado por volta das 09h48 e dois manifestantes tentaram fugir antes da chegada das autoridades.<\/li>\n<li>A Pol\u00edcia Metropolitana informou coopera\u00e7\u00e3o com a Pol\u00edcia da Cidade de Londres e com a equipa de seguran\u00e7a na investiga\u00e7\u00e3o.<\/li>\n<\/ul>\n","protected":false},"author":2,"featured_media":54990,"comment_status":"closed","ping_status":"closed","sticky":false,"template":"","format":"standard","meta":{"footnotes":""},"categories":[1],"tags":[147,848,215,352,554,250],"class_list":["post-54985","post","type-post","status-publish","format-standard","has-post-thumbnail","hentry","category-noticias","tag-crime","tag-dano-agravado","tag-investigacao","tag-organizacao-criminosa","tag-policia-publica","tag-seguranca-publica"],"yoast_head":"<!-- This site is optimized with the Yoast SEO plugin v27.2 - https:\/\/yoast.com\/product\/yoast-seo-wordpress\/ -->\n<title>Torre de Londres fechada ap\u00f3s vandaliza\u00e7\u00e3o de vitrine com Joias da Coroa - Portal Tela Portugal<\/title>\n<meta name=\"robots\" content=\"index, follow, max-snippet:-1, max-image-preview:large, max-video-preview:-1\" \/>\n<meta property=\"og:locale\" content=\"pt_PT\" \/>\n<meta property=\"og:type\" content=\"article\" \/>\n<meta property=\"og:title\" content=\"Torre de Londres fechada ap\u00f3s vandaliza\u00e7\u00e3o de vitrine com Joias da Coroa - Portal Tela Portugal\" \/>\n<meta property=\"og:description\" content=\"A Torre de Londres encerrou-se ao p\u00fablico na manh\u00e3 de s\u00e1bado ap\u00f3s vandalismo numa vitrine que exibia joias da coroa brit\u00e2nica. Testemunhas afirmam que alimentos foram atirados contra a vitrine durante o incidente. Quatro pessoas foram detidas sob suspeita de danos criminais; o local permanece aberto apenas aos investigadores. O alerta foi dado por volta das 09h48 e dois manifestantes tentaram fugir antes da chegada das autoridades. A Pol\u00edcia Metropolitana informou coopera\u00e7\u00e3o com a Pol\u00edcia da Cidade de Londres e com a equipa de seguran\u00e7a na investiga\u00e7\u00e3o.\" \/>\n<meta property=\"og:url\" content=\"https:\/\/portaltela.pt\/noticias\/2025\/12\/06\/torre-de-londres-fechada-apos-vandalizacao-de-vitrine-com-joias-da-coroa\/\" \/>\n<meta property=\"og:site_name\" content=\"Portal Tela Portugal\" \/>\n<meta property=\"article:published_time\" content=\"2025-12-06T12:10:00+00:00\" \/>\n<meta name=\"author\" content=\"Telinha\" \/>\n<meta name=\"twitter:card\" content=\"summary_large_image\" \/>\n<meta name=\"twitter:label1\" content=\"Escrito por\" \/>\n\t<meta name=\"twitter:data1\" content=\"Telinha\" \/>\n\t<meta name=\"twitter:label2\" content=\"Tempo estimado de leitura\" \/>\n\t<meta name=\"twitter:data2\" content=\"1 minuto\" \/>\n<script type=\"application\/ld+json\" class=\"yoast-schema-graph\">{\"@context\":\"https:\/\/schema.org\",\"@graph\":[{\"@type\":\"Article\",\"@id\":\"https:\/\/portaltela.pt\/noticias\/2025\/12\/06\/torre-de-londres-fechada-apos-vandalizacao-de-vitrine-com-joias-da-coroa\/#article\",\"isPartOf\":{\"@id\":\"https:\/\/portaltela.pt\/noticias\/2025\/12\/06\/torre-de-londres-fechada-apos-vandalizacao-de-vitrine-com-joias-da-coroa\/\"},\"author\":{\"name\":\"Telinha\",\"@id\":\"https:\/\/portaltela.pt\/#\/schema\/person\/c4278d4a6028830caff9ee44b42d32ed\"},\"headline\":\"Torre de Londres fechada ap\u00f3s vandaliza\u00e7\u00e3o de vitrine com Joias da Coroa\",\"datePublished\":\"2025-12-06T12:10:00+00:00\",\"mainEntityOfPage\":{\"@id\":\"https:\/\/portaltela.pt\/noticias\/2025\/12\/06\/torre-de-londres-fechada-apos-vandalizacao-de-vitrine-com-joias-da-coroa\/\"},\"wordCount\":179,\"image\":{\"@id\":\"https:\/\/portaltela.pt\/noticias\/2025\/12\/06\/torre-de-londres-fechada-apos-vandalizacao-de-vitrine-com-joias-da-coroa\/#primaryimage\"},\"thumbnailUrl\":\"https:\/\/portaltela.pt\/s.01k8rhncp4jt1\/2025\/12\/naom_6904d044f050b.jpg\",\"keywords\":[\"crime\",\"dano agravado\",\"investiga\u00e7\u00e3o\",\"organiza\u00e7\u00e3o criminosa\",\"pol\u00edcia p\u00fablica\",\"seguran\u00e7a p\u00fablica\"],\"articleSection\":[\"Not\u00edcias\"],\"inLanguage\":\"pt-PT\"},{\"@type\":\"WebPage\",\"@id\":\"https:\/\/portaltela.pt\/noticias\/2025\/12\/06\/torre-de-londres-fechada-apos-vandalizacao-de-vitrine-com-joias-da-coroa\/\",\"url\":\"https:\/\/portaltela.pt\/noticias\/2025\/12\/06\/torre-de-londres-fechada-apos-vandalizacao-de-vitrine-com-joias-da-coroa\/\",\"name\":\"Torre de Londres fechada ap\u00f3s vandaliza\u00e7\u00e3o de vitrine com Joias da Coroa - Portal Tela Portugal\",\"isPartOf\":{\"@id\":\"https:\/\/portaltela.pt\/#website\"},\"primaryImageOfPage\":{\"@id\":\"https:\/\/portaltela.pt\/noticias\/2025\/12\/06\/torre-de-londres-fechada-apos-vandalizacao-de-vitrine-com-joias-da-coroa\/#primaryimage\"},\"image\":{\"@id\":\"https:\/\/portaltela.pt\/noticias\/2025\/12\/06\/torre-de-londres-fechada-apos-vandalizacao-de-vitrine-com-joias-da-coroa\/#primaryimage\"},\"thumbnailUrl\":\"https:\/\/portaltela.pt\/s.01k8rhncp4jt1\/2025\/12\/naom_6904d044f050b.jpg\",\"datePublished\":\"2025-12-06T12:10:00+00:00\",\"author\":{\"@id\":\"https:\/\/portaltela.pt\/#\/schema\/person\/c4278d4a6028830caff9ee44b42d32ed\"},\"breadcrumb\":{\"@id\":\"https:\/\/portaltela.pt\/noticias\/2025\/12\/06\/torre-de-londres-fechada-apos-vandalizacao-de-vitrine-com-joias-da-coroa\/#breadcrumb\"},\"inLanguage\":\"pt-PT\",\"potentialAction\":[{\"@type\":\"ReadAction\",\"target\":[\"https:\/\/portaltela.pt\/noticias\/2025\/12\/06\/torre-de-londres-fechada-apos-vandalizacao-de-vitrine-com-joias-da-coroa\/\"]}]},{\"@type\":\"ImageObject\",\"inLanguage\":\"pt-PT\",\"@id\":\"https:\/\/portaltela.pt\/noticias\/2025\/12\/06\/torre-de-londres-fechada-apos-vandalizacao-de-vitrine-com-joias-da-coroa\/#primaryimage\",\"url\":\"https:\/\/portaltela.pt\/s.01k8rhncp4jt1\/2025\/12\/naom_6904d044f050b.jpg\",\"contentUrl\":\"https:\/\/portaltela.pt\/s.01k8rhncp4jt1\/2025\/12\/naom_6904d044f050b.jpg\",\"width\":796,\"height\":448,\"caption\":\"Not\u00edcias ao Minuto\"},{\"@type\":\"BreadcrumbList\",\"@id\":\"https:\/\/portaltela.pt\/noticias\/2025\/12\/06\/torre-de-londres-fechada-apos-vandalizacao-de-vitrine-com-joias-da-coroa\/#breadcrumb\",\"itemListElement\":[{\"@type\":\"ListItem\",\"position\":1,\"name\":\"In\u00edcio\",\"item\":\"https:\/\/portaltela.pt\/\"},{\"@type\":\"ListItem\",\"position\":2,\"name\":\"Torre de Londres fechada ap\u00f3s vandaliza\u00e7\u00e3o de vitrine com Joias da Coroa\"}]},{\"@type\":\"WebSite\",\"@id\":\"https:\/\/portaltela.pt\/#website\",\"url\":\"https:\/\/portaltela.pt\/\",\"name\":\"Portal Tela Portugal\",\"description\":\"\",\"potentialAction\":[{\"@type\":\"SearchAction\",\"target\":{\"@type\":\"EntryPoint\",\"urlTemplate\":\"https:\/\/portaltela.pt\/?s={search_term_string}\"},\"query-input\":{\"@type\":\"PropertyValueSpecification\",\"valueRequired\":true,\"valueName\":\"search_term_string\"}}],\"inLanguage\":\"pt-PT\"},{\"@type\":\"Person\",\"@id\":\"https:\/\/portaltela.pt\/#\/schema\/person\/c4278d4a6028830caff9ee44b42d32ed\",\"name\":\"Telinha\",\"image\":{\"@type\":\"ImageObject\",\"inLanguage\":\"pt-PT\",\"@id\":\"https:\/\/portaltela.pt\/s.01k8rhncp4jt1\/2025\/11\/talking-bot-125x125.png\",\"url\":\"https:\/\/portaltela.pt\/s.01k8rhncp4jt1\/2025\/11\/talking-bot-125x125.png\",\"contentUrl\":\"https:\/\/portaltela.pt\/s.01k8rhncp4jt1\/2025\/11\/talking-bot-125x125.png\",\"caption\":\"Telinha\"},\"sameAs\":[\"https:\/\/portaltela.pt\/\"],\"url\":\"https:\/\/portaltela.pt\/por\/367410592786\/\"}]}<\/script>\n<!-- \/ Yoast SEO plugin. -->","yoast_head_json":{"title":"Torre de Londres fechada ap\u00f3s vandaliza\u00e7\u00e3o de vitrine com Joias da Coroa - Portal Tela Portugal","robots":{"index":"index","follow":"follow","max-snippet":"max-snippet:-1","max-image-preview":"max-image-preview:large","max-video-preview":"max-video-preview:-1"},"og_locale":"pt_PT","og_type":"article","og_title":"Torre de Londres fechada ap\u00f3s vandaliza\u00e7\u00e3o de vitrine com Joias da Coroa - Portal Tela Portugal","og_description":"A Torre de Londres encerrou-se ao p\u00fablico na manh\u00e3 de s\u00e1bado ap\u00f3s vandalismo numa vitrine que exibia joias da coroa brit\u00e2nica. Testemunhas afirmam que alimentos foram atirados contra a vitrine durante o incidente. Quatro pessoas foram detidas sob suspeita de danos criminais; o local permanece aberto apenas aos investigadores. O alerta foi dado por volta das 09h48 e dois manifestantes tentaram fugir antes da chegada das autoridades. A Pol\u00edcia Metropolitana informou coopera\u00e7\u00e3o com a Pol\u00edcia da Cidade de Londres e com a equipa de seguran\u00e7a na investiga\u00e7\u00e3o.","og_url":"https:\/\/portaltela.pt\/noticias\/2025\/12\/06\/torre-de-londres-fechada-apos-vandalizacao-de-vitrine-com-joias-da-coroa\/","og_site_name":"Portal Tela Portugal","article_published_time":"2025-12-06T12:10:00+00:00","author":"Telinha","twitter_card":"summary_large_image","twitter_misc":{"Escrito por":"Telinha","Tempo estimado de leitura":"1 minuto"},"schema":{"@context":"https:\/\/schema.org","@graph":[{"@type":"Article","@id":"https:\/\/portaltela.pt\/noticias\/2025\/12\/06\/torre-de-londres-fechada-apos-vandalizacao-de-vitrine-com-joias-da-coroa\/#article","isPartOf":{"@id":"https:\/\/portaltela.pt\/noticias\/2025\/12\/06\/torre-de-londres-fechada-apos-vandalizacao-de-vitrine-com-joias-da-coroa\/"},"author":{"name":"Telinha","@id":"https:\/\/portaltela.pt\/#\/schema\/person\/c4278d4a6028830caff9ee44b42d32ed"},"headline":"Torre de Londres fechada ap\u00f3s vandaliza\u00e7\u00e3o de vitrine com Joias da Coroa","datePublished":"2025-12-06T12:10:00+00:00","mainEntityOfPage":{"@id":"https:\/\/portaltela.pt\/noticias\/2025\/12\/06\/torre-de-londres-fechada-apos-vandalizacao-de-vitrine-com-joias-da-coroa\/"},"wordCount":179,"image":{"@id":"https:\/\/portaltela.pt\/noticias\/2025\/12\/06\/torre-de-londres-fechada-apos-vandalizacao-de-vitrine-com-joias-da-coroa\/#primaryimage"},"thumbnailUrl":"https:\/\/portaltela.pt\/s.01k8rhncp4jt1\/2025\/12\/naom_6904d044f050b.jpg","keywords":["crime","dano agravado","investiga\u00e7\u00e3o","organiza\u00e7\u00e3o criminosa","pol\u00edcia p\u00fablica","seguran\u00e7a p\u00fablica"],"articleSection":["Not\u00edcias"],"inLanguage":"pt-PT"},{"@type":"WebPage","@id":"https:\/\/portaltela.pt\/noticias\/2025\/12\/06\/torre-de-londres-fechada-apos-vandalizacao-de-vitrine-com-joias-da-coroa\/","url":"https:\/\/portaltela.pt\/noticias\/2025\/12\/06\/torre-de-londres-fechada-apos-vandalizacao-de-vitrine-com-joias-da-coroa\/","name":"Torre de Londres fechada ap\u00f3s vandaliza\u00e7\u00e3o de vitrine com Joias da Coroa - Portal Tela Portugal","isPartOf":{"@id":"https:\/\/portaltela.pt\/#website"},"primaryImageOfPage":{"@id":"https:\/\/portaltela.pt\/noticias\/2025\/12\/06\/torre-de-londres-fechada-apos-vandalizacao-de-vitrine-com-joias-da-coroa\/#primaryimage"},"image":{"@id":"https:\/\/portaltela.pt\/noticias\/2025\/12\/06\/torre-de-londres-fechada-apos-vandalizacao-de-vitrine-com-joias-da-coroa\/#primaryimage"},"thumbnailUrl":"https:\/\/portaltela.pt\/s.01k8rhncp4jt1\/2025\/12\/naom_6904d044f050b.jpg","datePublished":"2025-12-06T12:10:00+00:00","author":{"@id":"https:\/\/portaltela.pt\/#\/schema\/person\/c4278d4a6028830caff9ee44b42d32ed"},"breadcrumb":{"@id":"https:\/\/portaltela.pt\/noticias\/2025\/12\/06\/torre-de-londres-fechada-apos-vandalizacao-de-vitrine-com-joias-da-coroa\/#breadcrumb"},"inLanguage":"pt-PT","potentialAction":[{"@type":"ReadAction","target":["https:\/\/portaltela.pt\/noticias\/2025\/12\/06\/torre-de-londres-fechada-apos-vandalizacao-de-vitrine-com-joias-da-coroa\/"]}]},{"@type":"ImageObject","inLanguage":"pt-PT","@id":"https:\/\/portaltela.pt\/noticias\/2025\/12\/06\/torre-de-londres-fechada-apos-vandalizacao-de-vitrine-com-joias-da-coroa\/#primaryimage","url":"https:\/\/portaltela.pt\/s.01k8rhncp4jt1\/2025\/12\/naom_6904d044f050b.jpg","contentUrl":"https:\/\/portaltela.pt\/s.01k8rhncp4jt1\/2025\/12\/naom_6904d044f050b.jpg","width":796,"height":448,"caption":"Not\u00edcias ao Minuto"},{"@type":"BreadcrumbList","@id":"https:\/\/portaltela.pt\/noticias\/2025\/12\/06\/torre-de-londres-fechada-apos-vandalizacao-de-vitrine-com-joias-da-coroa\/#breadcrumb","itemListElement":[{"@type":"ListItem","position":1,"name":"In\u00edcio","item":"https:\/\/portaltela.pt\/"},{"@type":"ListItem","position":2,"name":"Torre de Londres fechada ap\u00f3s vandaliza\u00e7\u00e3o de vitrine com Joias da Coroa"}]},{"@type":"WebSite","@id":"https:\/\/portaltela.pt\/#website","url":"https:\/\/portaltela.pt\/","name":"Portal Tela Portugal","description":"","potentialAction":[{"@type":"SearchAction","target":{"@type":"EntryPoint","urlTemplate":"https:\/\/portaltela.pt\/?s={search_term_string}"},"query-input":{"@type":"PropertyValueSpecification","valueRequired":true,"valueName":"search_term_string"}}],"inLanguage":"pt-PT"},{"@type":"Person","@id":"https:\/\/portaltela.pt\/#\/schema\/person\/c4278d4a6028830caff9ee44b42d32ed","name":"Telinha","image":{"@type":"ImageObject","inLanguage":"pt-PT","@id":"https:\/\/portaltela.pt\/s.01k8rhncp4jt1\/2025\/11\/talking-bot-125x125.png","url":"https:\/\/portaltela.pt\/s.01k8rhncp4jt1\/2025\/11\/talking-bot-125x125.png","contentUrl":"https:\/\/portaltela.pt\/s.01k8rhncp4jt1\/2025\/11\/talking-bot-125x125.png","caption":"Telinha"},"sameAs":["https:\/\/portaltela.pt\/"],"url":"https:\/\/portaltela.pt\/por\/367410592786\/"}]}},"_links":{"self":[{"href":"https:\/\/portaltela.pt\/api\/wp\/v2\/posts\/54985","targetHints":{"allow":["GET"]}}],"collection":[{"href":"https:\/\/portaltela.pt\/api\/wp\/v2\/posts"}],"about":[{"href":"https:\/\/portaltela.pt\/api\/wp\/v2\/types\/post"}],"author":[{"embeddable":true,"href":"https:\/\/portaltela.pt\/api\/wp\/v2\/users\/2"}],"replies":[{"embeddable":true,"href":"https:\/\/portaltela.pt\/api\/wp\/v2\/comments?post=54985"}],"version-history":[{"count":0,"href":"https:\/\/portaltela.pt\/api\/wp\/v2\/posts\/54985\/revisions"}],"wp:featuredmedia":[{"embeddable":true,"href":"https:\/\/portaltela.pt\/api\/wp\/v2\/media\/54990"}],"wp:attachment":[{"href":"https:\/\/portaltela.pt\/api\/wp\/v2\/media?parent=54985"}],"wp:term":[{"taxonomy":"category","embeddable":true,"href":"https:\/\/portaltela.pt\/api\/wp\/v2\/categories?post=54985"},{"taxonomy":"post_tag","embeddable":true,"href":"https:\/\/portaltela.pt\/api\/wp\/v2\/tags?post=54985"}],"curies":[{"name":"wp","href":"https:\/\/api.w.org\/{rel}","templated":true}]}}