{"id":53144,"date":"2025-12-05T15:16:00","date_gmt":"2025-12-05T18:16:00","guid":{"rendered":"https:\/\/portaltela.pt\/noticias\/2025\/12\/05\/atleta-ucraniana-e-acusada-de-traicao-por-pedir-passaporte-russo\/"},"modified":"2025-12-05T15:16:00","modified_gmt":"2025-12-05T18:16:00","slug":"atleta-ucraniana-e-acusada-de-traicao-por-pedir-passaporte-russo","status":"publish","type":"post","link":"https:\/\/portaltela.pt\/desporto\/2025\/12\/05\/atleta-ucraniana-e-acusada-de-traicao-por-pedir-passaporte-russo\/","title":{"rendered":"Atleta ucraniana \u00e9 acusada de trai\u00e7\u00e3o por pedir passaporte russo"},"content":{"rendered":"<p>Sofia Lyskun, nadadora ucraniana de saltos, anunciou a ren\u00fancia \u00e0 cidadania ucraniana e passou a ser cidad\u00e3 russa. A decis\u00e3o ocorreu ap\u00f3s cr\u00edticas internas e desgaste emocional no plano desportivo, com a atleta j\u00e1 tendo competido por Ucr\u00e2nia em T\u00f3quio 2020 e Paris 2024. A escolha gerou choque no seio do desporto ucraniano.<\/p>\n<p>A Federa\u00e7\u00e3o Ucraniana de Saltos para a \u00c1gua expulsou Lyskun da equipa nacional, retirando-lhe t\u00edtulos e pr\u00e9mios sob os ausp\u00edcios da federa\u00e7\u00e3o. A acusa\u00e7\u00e3o principal \u00e9 de trai\u00e7\u00e3o, com cr\u00edticas p\u00fablicas de figuras de refer\u00eancia, incluindo o campe\u00e3o Jean Beleniuk e o presidente do Comit\u00e9 Ol\u00edmpico Nacional (NOC) Vadym Gutzeit.<\/p>\n<p>A atleta, nascida em Luhansk, alega que a decis\u00e3o resulta de discrimina\u00e7\u00e3o interna e do desgaste emocional causado pela estrutura de alto rendimento da Ucr\u00e2nia. Em entrevista ao jornal Izvestia, Lyskun afirmou que n\u00e3o via progress\u00e3o com o corpo t\u00e9cnico ucraniano e que enfrentava cr\u00edticas por falar russo.<\/p>\n","protected":false},"excerpt":{"rendered":"<ul>\n<li>Sofiya Lyskun, nadadora de saltos, renunciou \u00e0 cidadania ucraniana e passou a ter cidadania russa, deixando os ucranianos em choque.<\/li>\n<li>A atleta alegou discrimina\u00e7\u00e3o interna, exaust\u00e3o emocional e falta de evolu\u00e7\u00e3o desportiva sob o treino ucraniano, citando cr\u00edticas por falar russo e contactos com treinadores, incluindo a sua primeira treinadora, em Moscovo.<\/li>\n<li>A Federa\u00e7\u00e3o Ucraniana de Saltos para a \u00c1gua expulsou-a da equipa nacional e retirou-lhe todos os t\u00edtulos e pr\u00e9mios sob a sua \u00e9gide, classificando o comportamento como inaceit\u00e1vel.<\/li>\n<li>Rea\u00e7\u00f5es p\u00fablicas inclu\u00edram cr\u00edticas do campe\u00e3o Jean Beleniuk e do presidente do Comit\u00e9 Ol\u00edmpico Nacional da Ucr\u00e2nia, Vadym Gutzeit, que chamou a decis\u00e3o de trai\u00e7\u00e3o.<\/li>\n<li>Lyskun tem 23 anos e soma medalhas em Campeonatos Europeus e uma prata no Campeonato Mundial de 2022 na especialidade de saltos.<\/li>\n<\/ul>\n","protected":false},"author":2,"featured_media":53147,"comment_status":"closed","ping_status":"closed","sticky":false,"template":"","format":"standard","meta":{"footnotes":""},"categories":[21],"tags":[370,152,712,533,128],"class_list":["post-53144","post","type-post","status-publish","format-standard","has-post-thumbnail","hentry","category-desporto","tag-cidadania","tag-desporto","tag-imigracao","tag-paises","tag-traicao"],"yoast_head":"<!-- This site is optimized with the Yoast SEO plugin v27.2 - https:\/\/yoast.com\/product\/yoast-seo-wordpress\/ -->\n<title>Atleta ucraniana \u00e9 acusada de trai\u00e7\u00e3o por pedir passaporte russo - Portal Tela Portugal<\/title>\n<meta name=\"robots\" content=\"index, follow, max-snippet:-1, max-image-preview:large, max-video-preview:-1\" \/>\n<meta property=\"og:locale\" content=\"pt_PT\" \/>\n<meta property=\"og:type\" content=\"article\" \/>\n<meta property=\"og:title\" content=\"Atleta ucraniana \u00e9 acusada de trai\u00e7\u00e3o por pedir passaporte russo - Portal Tela Portugal\" \/>\n<meta property=\"og:description\" content=\"Sofiya Lyskun, nadadora de saltos, renunciou \u00e0 cidadania ucraniana e passou a ter cidadania russa, deixando os ucranianos em choque. A atleta alegou discrimina\u00e7\u00e3o interna, exaust\u00e3o emocional e falta de evolu\u00e7\u00e3o desportiva sob o treino ucraniano, citando cr\u00edticas por falar russo e contactos com treinadores, incluindo a sua primeira treinadora, em Moscovo. A Federa\u00e7\u00e3o Ucraniana de Saltos para a \u00c1gua expulsou-a da equipa nacional e retirou-lhe todos os t\u00edtulos e pr\u00e9mios sob a sua \u00e9gide, classificando o comportamento como inaceit\u00e1vel. Rea\u00e7\u00f5es p\u00fablicas inclu\u00edram cr\u00edticas do campe\u00e3o Jean Beleniuk e do presidente do Comit\u00e9 Ol\u00edmpico Nacional da Ucr\u00e2nia, Vadym Gutzeit, que chamou a decis\u00e3o de trai\u00e7\u00e3o. Lyskun tem 23 anos e soma medalhas em Campeonatos Europeus e uma prata no Campeonato Mundial de 2022 na especialidade de saltos.\" \/>\n<meta property=\"og:url\" content=\"https:\/\/portaltela.pt\/noticias\/2025\/12\/05\/atleta-ucraniana-e-acusada-de-traicao-por-pedir-passaporte-russo\/\" \/>\n<meta property=\"og:site_name\" content=\"Portal Tela Portugal\" \/>\n<meta property=\"article:published_time\" content=\"2025-12-05T18:16:00+00:00\" \/>\n<meta name=\"author\" content=\"Telinha\" \/>\n<meta name=\"twitter:card\" content=\"summary_large_image\" \/>\n<meta name=\"twitter:label1\" content=\"Escrito por\" \/>\n\t<meta name=\"twitter:data1\" content=\"Telinha\" \/>\n\t<meta name=\"twitter:label2\" content=\"Tempo estimado de leitura\" \/>\n\t<meta name=\"twitter:data2\" content=\"1 minuto\" \/>\n<script type=\"application\/ld+json\" class=\"yoast-schema-graph\">{\"@context\":\"https:\/\/schema.org\",\"@graph\":[{\"@type\":\"Article\",\"@id\":\"https:\/\/portaltela.pt\/noticias\/2025\/12\/05\/atleta-ucraniana-e-acusada-de-traicao-por-pedir-passaporte-russo\/#article\",\"isPartOf\":{\"@id\":\"https:\/\/portaltela.pt\/noticias\/2025\/12\/05\/atleta-ucraniana-e-acusada-de-traicao-por-pedir-passaporte-russo\/\"},\"author\":{\"name\":\"Telinha\",\"@id\":\"https:\/\/portaltela.pt\/#\/schema\/person\/c4278d4a6028830caff9ee44b42d32ed\"},\"headline\":\"Atleta ucraniana \u00e9 acusada de trai\u00e7\u00e3o por pedir passaporte russo\",\"datePublished\":\"2025-12-05T18:16:00+00:00\",\"mainEntityOfPage\":{\"@id\":\"https:\/\/portaltela.pt\/noticias\/2025\/12\/05\/atleta-ucraniana-e-acusada-de-traicao-por-pedir-passaporte-russo\/\"},\"wordCount\":182,\"image\":{\"@id\":\"https:\/\/portaltela.pt\/noticias\/2025\/12\/05\/atleta-ucraniana-e-acusada-de-traicao-por-pedir-passaporte-russo\/#primaryimage\"},\"thumbnailUrl\":\"https:\/\/portaltela.pt\/s.01k8rhncp4jt1\/2025\/12\/3f009d51-0b49-4cda-865b-cb6bcb511b6b.jpg\",\"keywords\":[\"cidadania\",\"desporto\",\"imigra\u00e7\u00e3o\",\"pa\u00edses\",\"trai\u00e7\u00e3o\"],\"articleSection\":[\"Desporto\"],\"inLanguage\":\"pt-PT\"},{\"@type\":\"WebPage\",\"@id\":\"https:\/\/portaltela.pt\/noticias\/2025\/12\/05\/atleta-ucraniana-e-acusada-de-traicao-por-pedir-passaporte-russo\/\",\"url\":\"https:\/\/portaltela.pt\/noticias\/2025\/12\/05\/atleta-ucraniana-e-acusada-de-traicao-por-pedir-passaporte-russo\/\",\"name\":\"Atleta ucraniana \u00e9 acusada de trai\u00e7\u00e3o por pedir passaporte russo - Portal Tela Portugal\",\"isPartOf\":{\"@id\":\"https:\/\/portaltela.pt\/#website\"},\"primaryImageOfPage\":{\"@id\":\"https:\/\/portaltela.pt\/noticias\/2025\/12\/05\/atleta-ucraniana-e-acusada-de-traicao-por-pedir-passaporte-russo\/#primaryimage\"},\"image\":{\"@id\":\"https:\/\/portaltela.pt\/noticias\/2025\/12\/05\/atleta-ucraniana-e-acusada-de-traicao-por-pedir-passaporte-russo\/#primaryimage\"},\"thumbnailUrl\":\"https:\/\/portaltela.pt\/s.01k8rhncp4jt1\/2025\/12\/3f009d51-0b49-4cda-865b-cb6bcb511b6b.jpg\",\"datePublished\":\"2025-12-05T18:16:00+00:00\",\"author\":{\"@id\":\"https:\/\/portaltela.pt\/#\/schema\/person\/c4278d4a6028830caff9ee44b42d32ed\"},\"breadcrumb\":{\"@id\":\"https:\/\/portaltela.pt\/noticias\/2025\/12\/05\/atleta-ucraniana-e-acusada-de-traicao-por-pedir-passaporte-russo\/#breadcrumb\"},\"inLanguage\":\"pt-PT\",\"potentialAction\":[{\"@type\":\"ReadAction\",\"target\":[\"https:\/\/portaltela.pt\/noticias\/2025\/12\/05\/atleta-ucraniana-e-acusada-de-traicao-por-pedir-passaporte-russo\/\"]}]},{\"@type\":\"ImageObject\",\"inLanguage\":\"pt-PT\",\"@id\":\"https:\/\/portaltela.pt\/noticias\/2025\/12\/05\/atleta-ucraniana-e-acusada-de-traicao-por-pedir-passaporte-russo\/#primaryimage\",\"url\":\"https:\/\/portaltela.pt\/s.01k8rhncp4jt1\/2025\/12\/3f009d51-0b49-4cda-865b-cb6bcb511b6b.jpg\",\"contentUrl\":\"https:\/\/portaltela.pt\/s.01k8rhncp4jt1\/2025\/12\/3f009d51-0b49-4cda-865b-cb6bcb511b6b.jpg\",\"width\":796,\"height\":448,\"caption\":\"Sofiya Lyskun foi prata em 2022. IMAGO\"},{\"@type\":\"BreadcrumbList\",\"@id\":\"https:\/\/portaltela.pt\/noticias\/2025\/12\/05\/atleta-ucraniana-e-acusada-de-traicao-por-pedir-passaporte-russo\/#breadcrumb\",\"itemListElement\":[{\"@type\":\"ListItem\",\"position\":1,\"name\":\"In\u00edcio\",\"item\":\"https:\/\/portaltela.pt\/\"},{\"@type\":\"ListItem\",\"position\":2,\"name\":\"Atleta ucraniana \u00e9 acusada de trai\u00e7\u00e3o por pedir passaporte russo\"}]},{\"@type\":\"WebSite\",\"@id\":\"https:\/\/portaltela.pt\/#website\",\"url\":\"https:\/\/portaltela.pt\/\",\"name\":\"Portal Tela Portugal\",\"description\":\"\",\"potentialAction\":[{\"@type\":\"SearchAction\",\"target\":{\"@type\":\"EntryPoint\",\"urlTemplate\":\"https:\/\/portaltela.pt\/?s={search_term_string}\"},\"query-input\":{\"@type\":\"PropertyValueSpecification\",\"valueRequired\":true,\"valueName\":\"search_term_string\"}}],\"inLanguage\":\"pt-PT\"},{\"@type\":\"Person\",\"@id\":\"https:\/\/portaltela.pt\/#\/schema\/person\/c4278d4a6028830caff9ee44b42d32ed\",\"name\":\"Telinha\",\"image\":{\"@type\":\"ImageObject\",\"inLanguage\":\"pt-PT\",\"@id\":\"https:\/\/portaltela.pt\/s.01k8rhncp4jt1\/2025\/11\/talking-bot-125x125.png\",\"url\":\"https:\/\/portaltela.pt\/s.01k8rhncp4jt1\/2025\/11\/talking-bot-125x125.png\",\"contentUrl\":\"https:\/\/portaltela.pt\/s.01k8rhncp4jt1\/2025\/11\/talking-bot-125x125.png\",\"caption\":\"Telinha\"},\"sameAs\":[\"https:\/\/portaltela.pt\/\"],\"url\":\"https:\/\/portaltela.pt\/por\/367410592786\/\"}]}<\/script>\n<!-- \/ Yoast SEO plugin. -->","yoast_head_json":{"title":"Atleta ucraniana \u00e9 acusada de trai\u00e7\u00e3o por pedir passaporte russo - Portal Tela Portugal","robots":{"index":"index","follow":"follow","max-snippet":"max-snippet:-1","max-image-preview":"max-image-preview:large","max-video-preview":"max-video-preview:-1"},"og_locale":"pt_PT","og_type":"article","og_title":"Atleta ucraniana \u00e9 acusada de trai\u00e7\u00e3o por pedir passaporte russo - Portal Tela Portugal","og_description":"Sofiya Lyskun, nadadora de saltos, renunciou \u00e0 cidadania ucraniana e passou a ter cidadania russa, deixando os ucranianos em choque. A atleta alegou discrimina\u00e7\u00e3o interna, exaust\u00e3o emocional e falta de evolu\u00e7\u00e3o desportiva sob o treino ucraniano, citando cr\u00edticas por falar russo e contactos com treinadores, incluindo a sua primeira treinadora, em Moscovo. A Federa\u00e7\u00e3o Ucraniana de Saltos para a \u00c1gua expulsou-a da equipa nacional e retirou-lhe todos os t\u00edtulos e pr\u00e9mios sob a sua \u00e9gide, classificando o comportamento como inaceit\u00e1vel. Rea\u00e7\u00f5es p\u00fablicas inclu\u00edram cr\u00edticas do campe\u00e3o Jean Beleniuk e do presidente do Comit\u00e9 Ol\u00edmpico Nacional da Ucr\u00e2nia, Vadym Gutzeit, que chamou a decis\u00e3o de trai\u00e7\u00e3o. Lyskun tem 23 anos e soma medalhas em Campeonatos Europeus e uma prata no Campeonato Mundial de 2022 na especialidade de saltos.","og_url":"https:\/\/portaltela.pt\/noticias\/2025\/12\/05\/atleta-ucraniana-e-acusada-de-traicao-por-pedir-passaporte-russo\/","og_site_name":"Portal Tela Portugal","article_published_time":"2025-12-05T18:16:00+00:00","author":"Telinha","twitter_card":"summary_large_image","twitter_misc":{"Escrito por":"Telinha","Tempo estimado de leitura":"1 minuto"},"schema":{"@context":"https:\/\/schema.org","@graph":[{"@type":"Article","@id":"https:\/\/portaltela.pt\/noticias\/2025\/12\/05\/atleta-ucraniana-e-acusada-de-traicao-por-pedir-passaporte-russo\/#article","isPartOf":{"@id":"https:\/\/portaltela.pt\/noticias\/2025\/12\/05\/atleta-ucraniana-e-acusada-de-traicao-por-pedir-passaporte-russo\/"},"author":{"name":"Telinha","@id":"https:\/\/portaltela.pt\/#\/schema\/person\/c4278d4a6028830caff9ee44b42d32ed"},"headline":"Atleta ucraniana \u00e9 acusada de trai\u00e7\u00e3o por pedir passaporte russo","datePublished":"2025-12-05T18:16:00+00:00","mainEntityOfPage":{"@id":"https:\/\/portaltela.pt\/noticias\/2025\/12\/05\/atleta-ucraniana-e-acusada-de-traicao-por-pedir-passaporte-russo\/"},"wordCount":182,"image":{"@id":"https:\/\/portaltela.pt\/noticias\/2025\/12\/05\/atleta-ucraniana-e-acusada-de-traicao-por-pedir-passaporte-russo\/#primaryimage"},"thumbnailUrl":"https:\/\/portaltela.pt\/s.01k8rhncp4jt1\/2025\/12\/3f009d51-0b49-4cda-865b-cb6bcb511b6b.jpg","keywords":["cidadania","desporto","imigra\u00e7\u00e3o","pa\u00edses","trai\u00e7\u00e3o"],"articleSection":["Desporto"],"inLanguage":"pt-PT"},{"@type":"WebPage","@id":"https:\/\/portaltela.pt\/noticias\/2025\/12\/05\/atleta-ucraniana-e-acusada-de-traicao-por-pedir-passaporte-russo\/","url":"https:\/\/portaltela.pt\/noticias\/2025\/12\/05\/atleta-ucraniana-e-acusada-de-traicao-por-pedir-passaporte-russo\/","name":"Atleta ucraniana \u00e9 acusada de trai\u00e7\u00e3o por pedir passaporte russo - Portal Tela Portugal","isPartOf":{"@id":"https:\/\/portaltela.pt\/#website"},"primaryImageOfPage":{"@id":"https:\/\/portaltela.pt\/noticias\/2025\/12\/05\/atleta-ucraniana-e-acusada-de-traicao-por-pedir-passaporte-russo\/#primaryimage"},"image":{"@id":"https:\/\/portaltela.pt\/noticias\/2025\/12\/05\/atleta-ucraniana-e-acusada-de-traicao-por-pedir-passaporte-russo\/#primaryimage"},"thumbnailUrl":"https:\/\/portaltela.pt\/s.01k8rhncp4jt1\/2025\/12\/3f009d51-0b49-4cda-865b-cb6bcb511b6b.jpg","datePublished":"2025-12-05T18:16:00+00:00","author":{"@id":"https:\/\/portaltela.pt\/#\/schema\/person\/c4278d4a6028830caff9ee44b42d32ed"},"breadcrumb":{"@id":"https:\/\/portaltela.pt\/noticias\/2025\/12\/05\/atleta-ucraniana-e-acusada-de-traicao-por-pedir-passaporte-russo\/#breadcrumb"},"inLanguage":"pt-PT","potentialAction":[{"@type":"ReadAction","target":["https:\/\/portaltela.pt\/noticias\/2025\/12\/05\/atleta-ucraniana-e-acusada-de-traicao-por-pedir-passaporte-russo\/"]}]},{"@type":"ImageObject","inLanguage":"pt-PT","@id":"https:\/\/portaltela.pt\/noticias\/2025\/12\/05\/atleta-ucraniana-e-acusada-de-traicao-por-pedir-passaporte-russo\/#primaryimage","url":"https:\/\/portaltela.pt\/s.01k8rhncp4jt1\/2025\/12\/3f009d51-0b49-4cda-865b-cb6bcb511b6b.jpg","contentUrl":"https:\/\/portaltela.pt\/s.01k8rhncp4jt1\/2025\/12\/3f009d51-0b49-4cda-865b-cb6bcb511b6b.jpg","width":796,"height":448,"caption":"Sofiya Lyskun foi prata em 2022. IMAGO"},{"@type":"BreadcrumbList","@id":"https:\/\/portaltela.pt\/noticias\/2025\/12\/05\/atleta-ucraniana-e-acusada-de-traicao-por-pedir-passaporte-russo\/#breadcrumb","itemListElement":[{"@type":"ListItem","position":1,"name":"In\u00edcio","item":"https:\/\/portaltela.pt\/"},{"@type":"ListItem","position":2,"name":"Atleta ucraniana \u00e9 acusada de trai\u00e7\u00e3o por pedir passaporte russo"}]},{"@type":"WebSite","@id":"https:\/\/portaltela.pt\/#website","url":"https:\/\/portaltela.pt\/","name":"Portal Tela Portugal","description":"","potentialAction":[{"@type":"SearchAction","target":{"@type":"EntryPoint","urlTemplate":"https:\/\/portaltela.pt\/?s={search_term_string}"},"query-input":{"@type":"PropertyValueSpecification","valueRequired":true,"valueName":"search_term_string"}}],"inLanguage":"pt-PT"},{"@type":"Person","@id":"https:\/\/portaltela.pt\/#\/schema\/person\/c4278d4a6028830caff9ee44b42d32ed","name":"Telinha","image":{"@type":"ImageObject","inLanguage":"pt-PT","@id":"https:\/\/portaltela.pt\/s.01k8rhncp4jt1\/2025\/11\/talking-bot-125x125.png","url":"https:\/\/portaltela.pt\/s.01k8rhncp4jt1\/2025\/11\/talking-bot-125x125.png","contentUrl":"https:\/\/portaltela.pt\/s.01k8rhncp4jt1\/2025\/11\/talking-bot-125x125.png","caption":"Telinha"},"sameAs":["https:\/\/portaltela.pt\/"],"url":"https:\/\/portaltela.pt\/por\/367410592786\/"}]}},"_links":{"self":[{"href":"https:\/\/portaltela.pt\/api\/wp\/v2\/posts\/53144","targetHints":{"allow":["GET"]}}],"collection":[{"href":"https:\/\/portaltela.pt\/api\/wp\/v2\/posts"}],"about":[{"href":"https:\/\/portaltela.pt\/api\/wp\/v2\/types\/post"}],"author":[{"embeddable":true,"href":"https:\/\/portaltela.pt\/api\/wp\/v2\/users\/2"}],"replies":[{"embeddable":true,"href":"https:\/\/portaltela.pt\/api\/wp\/v2\/comments?post=53144"}],"version-history":[{"count":0,"href":"https:\/\/portaltela.pt\/api\/wp\/v2\/posts\/53144\/revisions"}],"wp:featuredmedia":[{"embeddable":true,"href":"https:\/\/portaltela.pt\/api\/wp\/v2\/media\/53147"}],"wp:attachment":[{"href":"https:\/\/portaltela.pt\/api\/wp\/v2\/media?parent=53144"}],"wp:term":[{"taxonomy":"category","embeddable":true,"href":"https:\/\/portaltela.pt\/api\/wp\/v2\/categories?post=53144"},{"taxonomy":"post_tag","embeddable":true,"href":"https:\/\/portaltela.pt\/api\/wp\/v2\/tags?post=53144"}],"curies":[{"name":"wp","href":"https:\/\/api.w.org\/{rel}","templated":true}]}}