{"id":51555,"date":"2025-12-05T06:25:00","date_gmt":"2025-12-05T09:25:00","guid":{"rendered":"https:\/\/portaltela.pt\/noticias\/2025\/12\/05\/mercado-municipal-de-gouveia-recebe-mostra-de-confrarias-gastronomicas\/"},"modified":"2025-12-05T06:25:00","modified_gmt":"2025-12-05T09:25:00","slug":"mercado-municipal-de-gouveia-recebe-mostra-de-confrarias-gastronomicas","status":"publish","type":"post","link":"https:\/\/portaltela.pt\/noticias\/2025\/12\/05\/mercado-municipal-de-gouveia-recebe-mostra-de-confrarias-gastronomicas\/","title":{"rendered":"Mercado Municipal de Gouveia recebe mostra de confrarias gastron\u00f3micas"},"content":{"rendered":"<p>Entre 6 e 31 de dezembro, o Mercado Municipal de Gouveia acolhe a exposi\u00e7\u00e3o itinerante Sabores e Tradi\u00e7\u00f5es: Confrarias em Imagens. A iniciativa, promovida pela Confraria B\u00e1quica, Gastron\u00f3mica e do Requeij\u00e3o da Serra da Estrela, junta 17 confrarias nacionais e internacionais. O objetivo \u00e9 valorizar o patrim\u00f3nio gastron\u00f3mico e cultural da regi\u00e3o.<\/p>\n<p>A inaugura\u00e7\u00e3o oficial ocorre a 6 de dezembro, \u00e0s 10h30. A mostra fica aberta durante o hor\u00e1rio de funcionamento do Mercado Municipal e integra a programa\u00e7\u00e3o natal\u00edcia da vila. Confrades, parceiros e membros das confrarias participam ativamente nas atividades associadas.<\/p>\n<p>A rota do projeto pretende chegar ao Luxemburgo em 2026, evidenciando o interesse da di\u00e1spora portuguesa no Benelux pela gastronomia nacional. Em Gouveia, a iniciativa fortalece a dinamiza\u00e7\u00e3o cultural durante o per\u00edodo festivo, aproximando visitantes das tradi\u00e7\u00f5es e saberes locais.<\/p>\n<h3>Rota para o Luxemburgo em 2026<\/h3>\n<p>A expans\u00e3o para o Luxemburgo destina-se a promover a gastronomia portuguesa al\u00e9m-fronteiras e a consolidar liga\u00e7\u00f5es entre confrarias. A iniciativa j\u00e1 ganhou destaque ao longo do percurso nacional e dever\u00e1 culminar na pr\u00f3xima etapa internacional, no Benelux.<\/p>\n","protected":false},"excerpt":{"rendered":"<ul>\n<li>Entre seis e trinta e um de dezembro, o Mercado Municipal de Gouveia recebe a exposi\u00e7\u00e3o itinerante \u201cSabores e Tradi\u00e7\u00f5es: Confrarias em Imagens\u201d.<\/li>\n<li>A mostra \u00e9 promovida pela Confraria B\u00e1quica, Gastron\u00f3mica e do Requeij\u00e3o da Serra da Estrela, em parceria com o Munic\u00edpio de Gouveia e a Confraria Gastron\u00f3mica de Sabores Portugueses no Luxemburgo.<\/li>\n<li>O projeto, que percorre o pa\u00eds desde quinze de junho, re\u00fane dezassete confrarias nacionais e internacionais para valorizar o patrim\u00f3nio gastron\u00f3mico e cultural.<\/li>\n<li>A inaugura\u00e7\u00e3o \u00e9 no dia seis de dezembro, \u00e0s dez horas e trinta, e a mostra funciona durante o hor\u00e1rio do Mercado Municipal, com participa\u00e7\u00e3o de confrarias e parceiros.<\/li>\n<li>O objetivo \u00e9 concluir a rota no Luxemburgo em dois mil e vinte e seis, evidenciando o interesse da di\u00e1spora portuguesa no Benelux pela gastronomia nacional; a iniciativa refor\u00e7a o papel de Gouveia na dinamiza\u00e7\u00e3o cultural natal\u00edcia.<\/li>\n<\/ul>\n","protected":false},"author":2,"featured_media":51558,"comment_status":"closed","ping_status":"closed","sticky":false,"template":"","format":"standard","meta":{"footnotes":""},"categories":[1],"tags":[679,145,219,466,704,169],"class_list":["post-51555","post","type-post","status-publish","format-standard","has-post-thumbnail","hentry","category-noticias","tag-associacoes","tag-cultura","tag-gastronomia","tag-organizacao-internacional","tag-patrimonial","tag-turismo"],"yoast_head":"<!-- This site is optimized with the Yoast SEO plugin v27.2 - https:\/\/yoast.com\/product\/yoast-seo-wordpress\/ -->\n<title>Mercado Municipal de Gouveia recebe mostra de confrarias gastron\u00f3micas - Portal Tela Portugal<\/title>\n<meta name=\"robots\" content=\"index, follow, max-snippet:-1, max-image-preview:large, max-video-preview:-1\" \/>\n<meta property=\"og:locale\" content=\"pt_PT\" \/>\n<meta property=\"og:type\" content=\"article\" \/>\n<meta property=\"og:title\" content=\"Mercado Municipal de Gouveia recebe mostra de confrarias gastron\u00f3micas - Portal Tela Portugal\" \/>\n<meta property=\"og:description\" content=\"Entre seis e trinta e um de dezembro, o Mercado Municipal de Gouveia recebe a exposi\u00e7\u00e3o itinerante \u201cSabores e Tradi\u00e7\u00f5es: Confrarias em Imagens\u201d. A mostra \u00e9 promovida pela Confraria B\u00e1quica, Gastron\u00f3mica e do Requeij\u00e3o da Serra da Estrela, em parceria com o Munic\u00edpio de Gouveia e a Confraria Gastron\u00f3mica de Sabores Portugueses no Luxemburgo. O projeto, que percorre o pa\u00eds desde quinze de junho, re\u00fane dezassete confrarias nacionais e internacionais para valorizar o patrim\u00f3nio gastron\u00f3mico e cultural. A inaugura\u00e7\u00e3o \u00e9 no dia seis de dezembro, \u00e0s dez horas e trinta, e a mostra funciona durante o hor\u00e1rio do Mercado Municipal, com participa\u00e7\u00e3o de confrarias e parceiros. O objetivo \u00e9 concluir a rota no Luxemburgo em dois mil e vinte e seis, evidenciando o interesse da di\u00e1spora portuguesa no Benelux pela gastronomia nacional; a iniciativa refor\u00e7a o papel de Gouveia na dinamiza\u00e7\u00e3o cultural natal\u00edcia.\" \/>\n<meta property=\"og:url\" content=\"https:\/\/portaltela.pt\/noticias\/2025\/12\/05\/mercado-municipal-de-gouveia-recebe-mostra-de-confrarias-gastronomicas\/\" \/>\n<meta property=\"og:site_name\" content=\"Portal Tela Portugal\" \/>\n<meta property=\"article:published_time\" content=\"2025-12-05T09:25:00+00:00\" \/>\n<meta name=\"author\" content=\"Telinha\" \/>\n<meta name=\"twitter:card\" content=\"summary_large_image\" \/>\n<meta name=\"twitter:label1\" content=\"Escrito por\" \/>\n\t<meta name=\"twitter:data1\" content=\"Telinha\" \/>\n\t<meta name=\"twitter:label2\" content=\"Tempo estimado de leitura\" \/>\n\t<meta name=\"twitter:data2\" content=\"1 minuto\" \/>\n<script type=\"application\/ld+json\" class=\"yoast-schema-graph\">{\"@context\":\"https:\/\/schema.org\",\"@graph\":[{\"@type\":\"Article\",\"@id\":\"https:\/\/portaltela.pt\/noticias\/2025\/12\/05\/mercado-municipal-de-gouveia-recebe-mostra-de-confrarias-gastronomicas\/#article\",\"isPartOf\":{\"@id\":\"https:\/\/portaltela.pt\/noticias\/2025\/12\/05\/mercado-municipal-de-gouveia-recebe-mostra-de-confrarias-gastronomicas\/\"},\"author\":{\"name\":\"Telinha\",\"@id\":\"https:\/\/portaltela.pt\/#\/schema\/person\/c4278d4a6028830caff9ee44b42d32ed\"},\"headline\":\"Mercado Municipal de Gouveia recebe mostra de confrarias gastron\u00f3micas\",\"datePublished\":\"2025-12-05T09:25:00+00:00\",\"mainEntityOfPage\":{\"@id\":\"https:\/\/portaltela.pt\/noticias\/2025\/12\/05\/mercado-municipal-de-gouveia-recebe-mostra-de-confrarias-gastronomicas\/\"},\"wordCount\":198,\"image\":{\"@id\":\"https:\/\/portaltela.pt\/noticias\/2025\/12\/05\/mercado-municipal-de-gouveia-recebe-mostra-de-confrarias-gastronomicas\/#primaryimage\"},\"thumbnailUrl\":\"https:\/\/portaltela.pt\/s.01k8rhncp4jt1\/2025\/12\/591547131_1312749057562361_651365014204863467_n.jpg\",\"keywords\":[\"associa\u00e7\u00f5es\",\"cultura\",\"gastronomia\",\"organiza\u00e7\u00e3o internacional\",\"patrimonial\",\"turismo\"],\"articleSection\":[\"Not\u00edcias\"],\"inLanguage\":\"pt-PT\"},{\"@type\":\"WebPage\",\"@id\":\"https:\/\/portaltela.pt\/noticias\/2025\/12\/05\/mercado-municipal-de-gouveia-recebe-mostra-de-confrarias-gastronomicas\/\",\"url\":\"https:\/\/portaltela.pt\/noticias\/2025\/12\/05\/mercado-municipal-de-gouveia-recebe-mostra-de-confrarias-gastronomicas\/\",\"name\":\"Mercado Municipal de Gouveia recebe mostra de confrarias gastron\u00f3micas - Portal Tela Portugal\",\"isPartOf\":{\"@id\":\"https:\/\/portaltela.pt\/#website\"},\"primaryImageOfPage\":{\"@id\":\"https:\/\/portaltela.pt\/noticias\/2025\/12\/05\/mercado-municipal-de-gouveia-recebe-mostra-de-confrarias-gastronomicas\/#primaryimage\"},\"image\":{\"@id\":\"https:\/\/portaltela.pt\/noticias\/2025\/12\/05\/mercado-municipal-de-gouveia-recebe-mostra-de-confrarias-gastronomicas\/#primaryimage\"},\"thumbnailUrl\":\"https:\/\/portaltela.pt\/s.01k8rhncp4jt1\/2025\/12\/591547131_1312749057562361_651365014204863467_n.jpg\",\"datePublished\":\"2025-12-05T09:25:00+00:00\",\"author\":{\"@id\":\"https:\/\/portaltela.pt\/#\/schema\/person\/c4278d4a6028830caff9ee44b42d32ed\"},\"breadcrumb\":{\"@id\":\"https:\/\/portaltela.pt\/noticias\/2025\/12\/05\/mercado-municipal-de-gouveia-recebe-mostra-de-confrarias-gastronomicas\/#breadcrumb\"},\"inLanguage\":\"pt-PT\",\"potentialAction\":[{\"@type\":\"ReadAction\",\"target\":[\"https:\/\/portaltela.pt\/noticias\/2025\/12\/05\/mercado-municipal-de-gouveia-recebe-mostra-de-confrarias-gastronomicas\/\"]}]},{\"@type\":\"ImageObject\",\"inLanguage\":\"pt-PT\",\"@id\":\"https:\/\/portaltela.pt\/noticias\/2025\/12\/05\/mercado-municipal-de-gouveia-recebe-mostra-de-confrarias-gastronomicas\/#primaryimage\",\"url\":\"https:\/\/portaltela.pt\/s.01k8rhncp4jt1\/2025\/12\/591547131_1312749057562361_651365014204863467_n.jpg\",\"contentUrl\":\"https:\/\/portaltela.pt\/s.01k8rhncp4jt1\/2025\/12\/591547131_1312749057562361_651365014204863467_n.jpg\",\"width\":796,\"height\":448,\"caption\":\"MaisBeiras\"},{\"@type\":\"BreadcrumbList\",\"@id\":\"https:\/\/portaltela.pt\/noticias\/2025\/12\/05\/mercado-municipal-de-gouveia-recebe-mostra-de-confrarias-gastronomicas\/#breadcrumb\",\"itemListElement\":[{\"@type\":\"ListItem\",\"position\":1,\"name\":\"In\u00edcio\",\"item\":\"https:\/\/portaltela.pt\/\"},{\"@type\":\"ListItem\",\"position\":2,\"name\":\"Mercado Municipal de Gouveia recebe mostra de confrarias gastron\u00f3micas\"}]},{\"@type\":\"WebSite\",\"@id\":\"https:\/\/portaltela.pt\/#website\",\"url\":\"https:\/\/portaltela.pt\/\",\"name\":\"Portal Tela Portugal\",\"description\":\"\",\"potentialAction\":[{\"@type\":\"SearchAction\",\"target\":{\"@type\":\"EntryPoint\",\"urlTemplate\":\"https:\/\/portaltela.pt\/?s={search_term_string}\"},\"query-input\":{\"@type\":\"PropertyValueSpecification\",\"valueRequired\":true,\"valueName\":\"search_term_string\"}}],\"inLanguage\":\"pt-PT\"},{\"@type\":\"Person\",\"@id\":\"https:\/\/portaltela.pt\/#\/schema\/person\/c4278d4a6028830caff9ee44b42d32ed\",\"name\":\"Telinha\",\"image\":{\"@type\":\"ImageObject\",\"inLanguage\":\"pt-PT\",\"@id\":\"https:\/\/portaltela.pt\/s.01k8rhncp4jt1\/2025\/11\/talking-bot-125x125.png\",\"url\":\"https:\/\/portaltela.pt\/s.01k8rhncp4jt1\/2025\/11\/talking-bot-125x125.png\",\"contentUrl\":\"https:\/\/portaltela.pt\/s.01k8rhncp4jt1\/2025\/11\/talking-bot-125x125.png\",\"caption\":\"Telinha\"},\"sameAs\":[\"https:\/\/portaltela.pt\/\"],\"url\":\"https:\/\/portaltela.pt\/por\/367410592786\/\"}]}<\/script>\n<!-- \/ Yoast SEO plugin. -->","yoast_head_json":{"title":"Mercado Municipal de Gouveia recebe mostra de confrarias gastron\u00f3micas - Portal Tela Portugal","robots":{"index":"index","follow":"follow","max-snippet":"max-snippet:-1","max-image-preview":"max-image-preview:large","max-video-preview":"max-video-preview:-1"},"og_locale":"pt_PT","og_type":"article","og_title":"Mercado Municipal de Gouveia recebe mostra de confrarias gastron\u00f3micas - Portal Tela Portugal","og_description":"Entre seis e trinta e um de dezembro, o Mercado Municipal de Gouveia recebe a exposi\u00e7\u00e3o itinerante \u201cSabores e Tradi\u00e7\u00f5es: Confrarias em Imagens\u201d. A mostra \u00e9 promovida pela Confraria B\u00e1quica, Gastron\u00f3mica e do Requeij\u00e3o da Serra da Estrela, em parceria com o Munic\u00edpio de Gouveia e a Confraria Gastron\u00f3mica de Sabores Portugueses no Luxemburgo. O projeto, que percorre o pa\u00eds desde quinze de junho, re\u00fane dezassete confrarias nacionais e internacionais para valorizar o patrim\u00f3nio gastron\u00f3mico e cultural. A inaugura\u00e7\u00e3o \u00e9 no dia seis de dezembro, \u00e0s dez horas e trinta, e a mostra funciona durante o hor\u00e1rio do Mercado Municipal, com participa\u00e7\u00e3o de confrarias e parceiros. O objetivo \u00e9 concluir a rota no Luxemburgo em dois mil e vinte e seis, evidenciando o interesse da di\u00e1spora portuguesa no Benelux pela gastronomia nacional; a iniciativa refor\u00e7a o papel de Gouveia na dinamiza\u00e7\u00e3o cultural natal\u00edcia.","og_url":"https:\/\/portaltela.pt\/noticias\/2025\/12\/05\/mercado-municipal-de-gouveia-recebe-mostra-de-confrarias-gastronomicas\/","og_site_name":"Portal Tela Portugal","article_published_time":"2025-12-05T09:25:00+00:00","author":"Telinha","twitter_card":"summary_large_image","twitter_misc":{"Escrito por":"Telinha","Tempo estimado de leitura":"1 minuto"},"schema":{"@context":"https:\/\/schema.org","@graph":[{"@type":"Article","@id":"https:\/\/portaltela.pt\/noticias\/2025\/12\/05\/mercado-municipal-de-gouveia-recebe-mostra-de-confrarias-gastronomicas\/#article","isPartOf":{"@id":"https:\/\/portaltela.pt\/noticias\/2025\/12\/05\/mercado-municipal-de-gouveia-recebe-mostra-de-confrarias-gastronomicas\/"},"author":{"name":"Telinha","@id":"https:\/\/portaltela.pt\/#\/schema\/person\/c4278d4a6028830caff9ee44b42d32ed"},"headline":"Mercado Municipal de Gouveia recebe mostra de confrarias gastron\u00f3micas","datePublished":"2025-12-05T09:25:00+00:00","mainEntityOfPage":{"@id":"https:\/\/portaltela.pt\/noticias\/2025\/12\/05\/mercado-municipal-de-gouveia-recebe-mostra-de-confrarias-gastronomicas\/"},"wordCount":198,"image":{"@id":"https:\/\/portaltela.pt\/noticias\/2025\/12\/05\/mercado-municipal-de-gouveia-recebe-mostra-de-confrarias-gastronomicas\/#primaryimage"},"thumbnailUrl":"https:\/\/portaltela.pt\/s.01k8rhncp4jt1\/2025\/12\/591547131_1312749057562361_651365014204863467_n.jpg","keywords":["associa\u00e7\u00f5es","cultura","gastronomia","organiza\u00e7\u00e3o internacional","patrimonial","turismo"],"articleSection":["Not\u00edcias"],"inLanguage":"pt-PT"},{"@type":"WebPage","@id":"https:\/\/portaltela.pt\/noticias\/2025\/12\/05\/mercado-municipal-de-gouveia-recebe-mostra-de-confrarias-gastronomicas\/","url":"https:\/\/portaltela.pt\/noticias\/2025\/12\/05\/mercado-municipal-de-gouveia-recebe-mostra-de-confrarias-gastronomicas\/","name":"Mercado Municipal de Gouveia recebe mostra de confrarias gastron\u00f3micas - Portal Tela Portugal","isPartOf":{"@id":"https:\/\/portaltela.pt\/#website"},"primaryImageOfPage":{"@id":"https:\/\/portaltela.pt\/noticias\/2025\/12\/05\/mercado-municipal-de-gouveia-recebe-mostra-de-confrarias-gastronomicas\/#primaryimage"},"image":{"@id":"https:\/\/portaltela.pt\/noticias\/2025\/12\/05\/mercado-municipal-de-gouveia-recebe-mostra-de-confrarias-gastronomicas\/#primaryimage"},"thumbnailUrl":"https:\/\/portaltela.pt\/s.01k8rhncp4jt1\/2025\/12\/591547131_1312749057562361_651365014204863467_n.jpg","datePublished":"2025-12-05T09:25:00+00:00","author":{"@id":"https:\/\/portaltela.pt\/#\/schema\/person\/c4278d4a6028830caff9ee44b42d32ed"},"breadcrumb":{"@id":"https:\/\/portaltela.pt\/noticias\/2025\/12\/05\/mercado-municipal-de-gouveia-recebe-mostra-de-confrarias-gastronomicas\/#breadcrumb"},"inLanguage":"pt-PT","potentialAction":[{"@type":"ReadAction","target":["https:\/\/portaltela.pt\/noticias\/2025\/12\/05\/mercado-municipal-de-gouveia-recebe-mostra-de-confrarias-gastronomicas\/"]}]},{"@type":"ImageObject","inLanguage":"pt-PT","@id":"https:\/\/portaltela.pt\/noticias\/2025\/12\/05\/mercado-municipal-de-gouveia-recebe-mostra-de-confrarias-gastronomicas\/#primaryimage","url":"https:\/\/portaltela.pt\/s.01k8rhncp4jt1\/2025\/12\/591547131_1312749057562361_651365014204863467_n.jpg","contentUrl":"https:\/\/portaltela.pt\/s.01k8rhncp4jt1\/2025\/12\/591547131_1312749057562361_651365014204863467_n.jpg","width":796,"height":448,"caption":"MaisBeiras"},{"@type":"BreadcrumbList","@id":"https:\/\/portaltela.pt\/noticias\/2025\/12\/05\/mercado-municipal-de-gouveia-recebe-mostra-de-confrarias-gastronomicas\/#breadcrumb","itemListElement":[{"@type":"ListItem","position":1,"name":"In\u00edcio","item":"https:\/\/portaltela.pt\/"},{"@type":"ListItem","position":2,"name":"Mercado Municipal de Gouveia recebe mostra de confrarias gastron\u00f3micas"}]},{"@type":"WebSite","@id":"https:\/\/portaltela.pt\/#website","url":"https:\/\/portaltela.pt\/","name":"Portal Tela Portugal","description":"","potentialAction":[{"@type":"SearchAction","target":{"@type":"EntryPoint","urlTemplate":"https:\/\/portaltela.pt\/?s={search_term_string}"},"query-input":{"@type":"PropertyValueSpecification","valueRequired":true,"valueName":"search_term_string"}}],"inLanguage":"pt-PT"},{"@type":"Person","@id":"https:\/\/portaltela.pt\/#\/schema\/person\/c4278d4a6028830caff9ee44b42d32ed","name":"Telinha","image":{"@type":"ImageObject","inLanguage":"pt-PT","@id":"https:\/\/portaltela.pt\/s.01k8rhncp4jt1\/2025\/11\/talking-bot-125x125.png","url":"https:\/\/portaltela.pt\/s.01k8rhncp4jt1\/2025\/11\/talking-bot-125x125.png","contentUrl":"https:\/\/portaltela.pt\/s.01k8rhncp4jt1\/2025\/11\/talking-bot-125x125.png","caption":"Telinha"},"sameAs":["https:\/\/portaltela.pt\/"],"url":"https:\/\/portaltela.pt\/por\/367410592786\/"}]}},"_links":{"self":[{"href":"https:\/\/portaltela.pt\/api\/wp\/v2\/posts\/51555","targetHints":{"allow":["GET"]}}],"collection":[{"href":"https:\/\/portaltela.pt\/api\/wp\/v2\/posts"}],"about":[{"href":"https:\/\/portaltela.pt\/api\/wp\/v2\/types\/post"}],"author":[{"embeddable":true,"href":"https:\/\/portaltela.pt\/api\/wp\/v2\/users\/2"}],"replies":[{"embeddable":true,"href":"https:\/\/portaltela.pt\/api\/wp\/v2\/comments?post=51555"}],"version-history":[{"count":0,"href":"https:\/\/portaltela.pt\/api\/wp\/v2\/posts\/51555\/revisions"}],"wp:featuredmedia":[{"embeddable":true,"href":"https:\/\/portaltela.pt\/api\/wp\/v2\/media\/51558"}],"wp:attachment":[{"href":"https:\/\/portaltela.pt\/api\/wp\/v2\/media?parent=51555"}],"wp:term":[{"taxonomy":"category","embeddable":true,"href":"https:\/\/portaltela.pt\/api\/wp\/v2\/categories?post=51555"},{"taxonomy":"post_tag","embeddable":true,"href":"https:\/\/portaltela.pt\/api\/wp\/v2\/tags?post=51555"}],"curies":[{"name":"wp","href":"https:\/\/api.w.org\/{rel}","templated":true}]}}