{"id":51475,"date":"2025-12-05T06:13:00","date_gmt":"2025-12-05T09:13:00","guid":{"rendered":"https:\/\/portaltela.pt\/noticias\/2025\/12\/05\/investigacao-em-santa-olaia-revela-producao-local-de-ceramica-fenicia\/"},"modified":"2025-12-05T06:13:00","modified_gmt":"2025-12-05T09:13:00","slug":"investigacao-em-santa-olaia-revela-producao-local-de-ceramica-fenicia","status":"publish","type":"post","link":"https:\/\/portaltela.pt\/noticias\/2025\/12\/05\/investigacao-em-santa-olaia-revela-producao-local-de-ceramica-fenicia\/","title":{"rendered":"Investiga\u00e7\u00e3o em Santa Olaia revela produ\u00e7\u00e3o local de cer\u00e2mica fen\u00edcia"},"content":{"rendered":"<p>A cer\u00e2mica fen\u00edcia de Santa Olaia, em Mondego, j\u00e1 n\u00e3o \u00e9 predominantemente importada. Nova an\u00e1lise indica produ\u00e7\u00e3o local e uso de tecnologia oriental na regi\u00e3o da Figueira da Foz. A descoberta resulta de uma tese apresentada na Universidade de Coimbra.<\/p>\n<p>Segundo a pesquisadora Sara Almeida, do CEAACP, a maior parte das pe\u00e7as \u00e9 produzida no pr\u00f3prio s\u00edtio e na regi\u00e3o. As conclus\u00f5es surgem no \u00e2mbito da tese Din\u00e2mias culturais na \u00e1rea de influ\u00eancia do Mondego no I mil\u00e9nio a.C.<\/p>\n<p>A investiga\u00e7\u00e3o compara Santa Olaia com zonas afastadas da ocupa\u00e7\u00e3o fen\u00edcia, onde predomina cer\u00e2mica feita manual. Em Santa Olaia, h\u00e1 indica\u00e7\u00f5es de cozedura controlada com tecnologia de dupla c\u00e2mara.<\/p>\n<p>A presen\u00e7a de fornos espec\u00edficos permite separar o lume das pe\u00e7as e manter temperaturas est\u00e1veis. Isso resulta em uma cozedura mais uniforme e pe\u00e7as com tonalidade mais homog\u00e9nea.<\/p>\n<p>As pe\u00e7as de Santa Olaia exibem tom cinzento-escuro, resultado de cozedura diferenciada, e s\u00e3o mais finas, moldadas em tornos cer\u00e2micos antigos da regi\u00e3o portuguesa.<\/p>\n<p>A tese aponta que as inova\u00e7\u00f5es t\u00e9cnicas chegaram ao Mondego entre os s\u00e9culos VII e V a.C., associadas aos fen\u00edcios que se instalaram no vale, criando tecnologia de ponta para a \u00e9poca.<\/p>\n<p>Al\u00e9m da cer\u00e2mica, h\u00e1 impacto duplo nas comunidades vizinhas que adotaram as inova\u00e7\u00f5es. Con\u00edmbriga, Coimbra e Voga mostram altera\u00e7\u00f5es nas tradi\u00e7\u00f5es produtivas.<\/p>\n<p>Este interc\u00e2mbio t\u00e9cnico tamb\u00e9m se refletiu no com\u00e9rcio local, com os fen\u00edcios a manterem entrepostos e trocas ao longo da costa e do interior, segundo o estudo.<\/p>\n<p>Oriundos do atual Lib\u00e3o, os fen\u00edcios expandiram-se por rotas mediterr\u00e2neas e atl\u00e2nticas, comercializando vinho, azeite, conservas e cer\u00e2micas. Santa Olaia destacou-se pela sua produ\u00e7\u00e3o.<\/p>\n<p>Apesar de a figura fen\u00edcia ter perdido protagonismo a partir do s\u00e9culo III d.C., a \u00e1rea mant\u00e9m relev\u00e2ncia simb\u00f3lica na capela de Santa Eul\u00e1lia, ligada ao Monte de Santa Olaia.<\/p>\n","protected":false},"excerpt":{"rendered":"<ul>\n<li>Investiga\u00e7\u00e3o em Santa Olaia, na Figueira da Foz, aponta que a maioria da cer\u00e2mica fen\u00edcia a\u00ed encontrada \u00e9 produzida localmente, n\u00e3o importada.<\/li>\n<li>Revela-se importa\u00e7\u00e3o de tecnologia oriental para a regi\u00e3o do Mondego, com fornos de dupla c\u00e2mara e tornos de cer\u00e2mica, permitindo cozedura mais controlada.<\/li>\n<li>Pe\u00e7as apresentavam tonalidade cinzento-escura e eram finas, resultado de uma cozedura regulada e de molda\u00e7\u00e3o em tornos antigos.<\/li>\n<li>S\u00edtios pr\u00f3ximos que receberam cer\u00e2mica de Santa Olaia mostram um impacto duplo: bens de consumo e mudan\u00e7as nas tradi\u00e7\u00f5es produtivas locais.<\/li>\n<li>A descobertaintegra a tese de doutoramento Din\u00e2micas culturais na \u00e1rea de influ\u00eancia do Mondego durante o I mil\u00e9nio a.C., apresentada na Universidade de Coimbra, que analisa a presen\u00e7a fen\u00edcia entre os s\u00e9culos VII e V a.C.<\/li>\n<\/ul>\n","protected":false},"author":2,"featured_media":51477,"comment_status":"closed","ping_status":"closed","sticky":false,"template":"","format":"standard","meta":{"footnotes":""},"categories":[1],"tags":[244,145,299,215,704,58],"class_list":["post-51475","post","type-post","status-publish","format-standard","has-post-thumbnail","hentry","category-noticias","tag-comercio","tag-cultura","tag-historia","tag-investigacao","tag-patrimonial","tag-universidades"],"yoast_head":"<!-- This site is optimized with the Yoast SEO plugin v27.2 - https:\/\/yoast.com\/product\/yoast-seo-wordpress\/ -->\n<title>Investiga\u00e7\u00e3o em Santa Olaia revela produ\u00e7\u00e3o local de cer\u00e2mica fen\u00edcia - Portal Tela Portugal<\/title>\n<meta name=\"robots\" content=\"index, follow, max-snippet:-1, max-image-preview:large, max-video-preview:-1\" \/>\n<meta property=\"og:locale\" content=\"pt_PT\" \/>\n<meta property=\"og:type\" content=\"article\" \/>\n<meta property=\"og:title\" content=\"Investiga\u00e7\u00e3o em Santa Olaia revela produ\u00e7\u00e3o local de cer\u00e2mica fen\u00edcia - Portal Tela Portugal\" \/>\n<meta property=\"og:description\" content=\"Investiga\u00e7\u00e3o em Santa Olaia, na Figueira da Foz, aponta que a maioria da cer\u00e2mica fen\u00edcia a\u00ed encontrada \u00e9 produzida localmente, n\u00e3o importada. Revela-se importa\u00e7\u00e3o de tecnologia oriental para a regi\u00e3o do Mondego, com fornos de dupla c\u00e2mara e tornos de cer\u00e2mica, permitindo cozedura mais controlada. Pe\u00e7as apresentavam tonalidade cinzento-escura e eram finas, resultado de uma cozedura regulada e de molda\u00e7\u00e3o em tornos antigos. S\u00edtios pr\u00f3ximos que receberam cer\u00e2mica de Santa Olaia mostram um impacto duplo: bens de consumo e mudan\u00e7as nas tradi\u00e7\u00f5es produtivas locais. A descobertaintegra a tese de doutoramento Din\u00e2micas culturais na \u00e1rea de influ\u00eancia do Mondego durante o I mil\u00e9nio a.C., apresentada na Universidade de Coimbra, que analisa a presen\u00e7a fen\u00edcia entre os s\u00e9culos VII e V a.C.\" \/>\n<meta property=\"og:url\" content=\"https:\/\/portaltela.pt\/noticias\/2025\/12\/05\/investigacao-em-santa-olaia-revela-producao-local-de-ceramica-fenicia\/\" \/>\n<meta property=\"og:site_name\" content=\"Portal Tela Portugal\" \/>\n<meta property=\"article:published_time\" content=\"2025-12-05T09:13:00+00:00\" \/>\n<meta name=\"author\" content=\"Telinha\" \/>\n<meta name=\"twitter:card\" content=\"summary_large_image\" \/>\n<meta name=\"twitter:label1\" content=\"Escrito por\" \/>\n\t<meta name=\"twitter:data1\" content=\"Telinha\" \/>\n\t<meta name=\"twitter:label2\" content=\"Tempo estimado de leitura\" \/>\n\t<meta name=\"twitter:data2\" content=\"2 minutos\" \/>\n<script type=\"application\/ld+json\" class=\"yoast-schema-graph\">{\"@context\":\"https:\/\/schema.org\",\"@graph\":[{\"@type\":\"Article\",\"@id\":\"https:\/\/portaltela.pt\/noticias\/2025\/12\/05\/investigacao-em-santa-olaia-revela-producao-local-de-ceramica-fenicia\/#article\",\"isPartOf\":{\"@id\":\"https:\/\/portaltela.pt\/noticias\/2025\/12\/05\/investigacao-em-santa-olaia-revela-producao-local-de-ceramica-fenicia\/\"},\"author\":{\"name\":\"Telinha\",\"@id\":\"https:\/\/portaltela.pt\/#\/schema\/person\/c4278d4a6028830caff9ee44b42d32ed\"},\"headline\":\"Investiga\u00e7\u00e3o em Santa Olaia revela produ\u00e7\u00e3o local de cer\u00e2mica fen\u00edcia\",\"datePublished\":\"2025-12-05T09:13:00+00:00\",\"mainEntityOfPage\":{\"@id\":\"https:\/\/portaltela.pt\/noticias\/2025\/12\/05\/investigacao-em-santa-olaia-revela-producao-local-de-ceramica-fenicia\/\"},\"wordCount\":367,\"image\":{\"@id\":\"https:\/\/portaltela.pt\/noticias\/2025\/12\/05\/investigacao-em-santa-olaia-revela-producao-local-de-ceramica-fenicia\/#primaryimage\"},\"thumbnailUrl\":\"https:\/\/portaltela.pt\/s.01k8rhncp4jt1\/2025\/12\/img_1280x721uu2016-09-30-20-23-00-567235.jpg\",\"keywords\":[\"com\u00e9rcio\",\"cultura\",\"hist\u00f3ria\",\"investiga\u00e7\u00e3o\",\"patrimonial\",\"universidades\"],\"articleSection\":[\"Not\u00edcias\"],\"inLanguage\":\"pt-PT\"},{\"@type\":\"WebPage\",\"@id\":\"https:\/\/portaltela.pt\/noticias\/2025\/12\/05\/investigacao-em-santa-olaia-revela-producao-local-de-ceramica-fenicia\/\",\"url\":\"https:\/\/portaltela.pt\/noticias\/2025\/12\/05\/investigacao-em-santa-olaia-revela-producao-local-de-ceramica-fenicia\/\",\"name\":\"Investiga\u00e7\u00e3o em Santa Olaia revela produ\u00e7\u00e3o local de cer\u00e2mica fen\u00edcia - Portal Tela Portugal\",\"isPartOf\":{\"@id\":\"https:\/\/portaltela.pt\/#website\"},\"primaryImageOfPage\":{\"@id\":\"https:\/\/portaltela.pt\/noticias\/2025\/12\/05\/investigacao-em-santa-olaia-revela-producao-local-de-ceramica-fenicia\/#primaryimage\"},\"image\":{\"@id\":\"https:\/\/portaltela.pt\/noticias\/2025\/12\/05\/investigacao-em-santa-olaia-revela-producao-local-de-ceramica-fenicia\/#primaryimage\"},\"thumbnailUrl\":\"https:\/\/portaltela.pt\/s.01k8rhncp4jt1\/2025\/12\/img_1280x721uu2016-09-30-20-23-00-567235.jpg\",\"datePublished\":\"2025-12-05T09:13:00+00:00\",\"author\":{\"@id\":\"https:\/\/portaltela.pt\/#\/schema\/person\/c4278d4a6028830caff9ee44b42d32ed\"},\"breadcrumb\":{\"@id\":\"https:\/\/portaltela.pt\/noticias\/2025\/12\/05\/investigacao-em-santa-olaia-revela-producao-local-de-ceramica-fenicia\/#breadcrumb\"},\"inLanguage\":\"pt-PT\",\"potentialAction\":[{\"@type\":\"ReadAction\",\"target\":[\"https:\/\/portaltela.pt\/noticias\/2025\/12\/05\/investigacao-em-santa-olaia-revela-producao-local-de-ceramica-fenicia\/\"]}]},{\"@type\":\"ImageObject\",\"inLanguage\":\"pt-PT\",\"@id\":\"https:\/\/portaltela.pt\/noticias\/2025\/12\/05\/investigacao-em-santa-olaia-revela-producao-local-de-ceramica-fenicia\/#primaryimage\",\"url\":\"https:\/\/portaltela.pt\/s.01k8rhncp4jt1\/2025\/12\/img_1280x721uu2016-09-30-20-23-00-567235.jpg\",\"contentUrl\":\"https:\/\/portaltela.pt\/s.01k8rhncp4jt1\/2025\/12\/img_1280x721uu2016-09-30-20-23-00-567235.jpg\",\"width\":796,\"height\":448,\"caption\":\"Photo\"},{\"@type\":\"BreadcrumbList\",\"@id\":\"https:\/\/portaltela.pt\/noticias\/2025\/12\/05\/investigacao-em-santa-olaia-revela-producao-local-de-ceramica-fenicia\/#breadcrumb\",\"itemListElement\":[{\"@type\":\"ListItem\",\"position\":1,\"name\":\"In\u00edcio\",\"item\":\"https:\/\/portaltela.pt\/\"},{\"@type\":\"ListItem\",\"position\":2,\"name\":\"Investiga\u00e7\u00e3o em Santa Olaia revela produ\u00e7\u00e3o local de cer\u00e2mica fen\u00edcia\"}]},{\"@type\":\"WebSite\",\"@id\":\"https:\/\/portaltela.pt\/#website\",\"url\":\"https:\/\/portaltela.pt\/\",\"name\":\"Portal Tela Portugal\",\"description\":\"\",\"potentialAction\":[{\"@type\":\"SearchAction\",\"target\":{\"@type\":\"EntryPoint\",\"urlTemplate\":\"https:\/\/portaltela.pt\/?s={search_term_string}\"},\"query-input\":{\"@type\":\"PropertyValueSpecification\",\"valueRequired\":true,\"valueName\":\"search_term_string\"}}],\"inLanguage\":\"pt-PT\"},{\"@type\":\"Person\",\"@id\":\"https:\/\/portaltela.pt\/#\/schema\/person\/c4278d4a6028830caff9ee44b42d32ed\",\"name\":\"Telinha\",\"image\":{\"@type\":\"ImageObject\",\"inLanguage\":\"pt-PT\",\"@id\":\"https:\/\/portaltela.pt\/s.01k8rhncp4jt1\/2025\/11\/talking-bot-125x125.png\",\"url\":\"https:\/\/portaltela.pt\/s.01k8rhncp4jt1\/2025\/11\/talking-bot-125x125.png\",\"contentUrl\":\"https:\/\/portaltela.pt\/s.01k8rhncp4jt1\/2025\/11\/talking-bot-125x125.png\",\"caption\":\"Telinha\"},\"sameAs\":[\"https:\/\/portaltela.pt\/\"],\"url\":\"https:\/\/portaltela.pt\/por\/367410592786\/\"}]}<\/script>\n<!-- \/ Yoast SEO plugin. -->","yoast_head_json":{"title":"Investiga\u00e7\u00e3o em Santa Olaia revela produ\u00e7\u00e3o local de cer\u00e2mica fen\u00edcia - Portal Tela Portugal","robots":{"index":"index","follow":"follow","max-snippet":"max-snippet:-1","max-image-preview":"max-image-preview:large","max-video-preview":"max-video-preview:-1"},"og_locale":"pt_PT","og_type":"article","og_title":"Investiga\u00e7\u00e3o em Santa Olaia revela produ\u00e7\u00e3o local de cer\u00e2mica fen\u00edcia - Portal Tela Portugal","og_description":"Investiga\u00e7\u00e3o em Santa Olaia, na Figueira da Foz, aponta que a maioria da cer\u00e2mica fen\u00edcia a\u00ed encontrada \u00e9 produzida localmente, n\u00e3o importada. Revela-se importa\u00e7\u00e3o de tecnologia oriental para a regi\u00e3o do Mondego, com fornos de dupla c\u00e2mara e tornos de cer\u00e2mica, permitindo cozedura mais controlada. Pe\u00e7as apresentavam tonalidade cinzento-escura e eram finas, resultado de uma cozedura regulada e de molda\u00e7\u00e3o em tornos antigos. S\u00edtios pr\u00f3ximos que receberam cer\u00e2mica de Santa Olaia mostram um impacto duplo: bens de consumo e mudan\u00e7as nas tradi\u00e7\u00f5es produtivas locais. A descobertaintegra a tese de doutoramento Din\u00e2micas culturais na \u00e1rea de influ\u00eancia do Mondego durante o I mil\u00e9nio a.C., apresentada na Universidade de Coimbra, que analisa a presen\u00e7a fen\u00edcia entre os s\u00e9culos VII e V a.C.","og_url":"https:\/\/portaltela.pt\/noticias\/2025\/12\/05\/investigacao-em-santa-olaia-revela-producao-local-de-ceramica-fenicia\/","og_site_name":"Portal Tela Portugal","article_published_time":"2025-12-05T09:13:00+00:00","author":"Telinha","twitter_card":"summary_large_image","twitter_misc":{"Escrito por":"Telinha","Tempo estimado de leitura":"2 minutos"},"schema":{"@context":"https:\/\/schema.org","@graph":[{"@type":"Article","@id":"https:\/\/portaltela.pt\/noticias\/2025\/12\/05\/investigacao-em-santa-olaia-revela-producao-local-de-ceramica-fenicia\/#article","isPartOf":{"@id":"https:\/\/portaltela.pt\/noticias\/2025\/12\/05\/investigacao-em-santa-olaia-revela-producao-local-de-ceramica-fenicia\/"},"author":{"name":"Telinha","@id":"https:\/\/portaltela.pt\/#\/schema\/person\/c4278d4a6028830caff9ee44b42d32ed"},"headline":"Investiga\u00e7\u00e3o em Santa Olaia revela produ\u00e7\u00e3o local de cer\u00e2mica fen\u00edcia","datePublished":"2025-12-05T09:13:00+00:00","mainEntityOfPage":{"@id":"https:\/\/portaltela.pt\/noticias\/2025\/12\/05\/investigacao-em-santa-olaia-revela-producao-local-de-ceramica-fenicia\/"},"wordCount":367,"image":{"@id":"https:\/\/portaltela.pt\/noticias\/2025\/12\/05\/investigacao-em-santa-olaia-revela-producao-local-de-ceramica-fenicia\/#primaryimage"},"thumbnailUrl":"https:\/\/portaltela.pt\/s.01k8rhncp4jt1\/2025\/12\/img_1280x721uu2016-09-30-20-23-00-567235.jpg","keywords":["com\u00e9rcio","cultura","hist\u00f3ria","investiga\u00e7\u00e3o","patrimonial","universidades"],"articleSection":["Not\u00edcias"],"inLanguage":"pt-PT"},{"@type":"WebPage","@id":"https:\/\/portaltela.pt\/noticias\/2025\/12\/05\/investigacao-em-santa-olaia-revela-producao-local-de-ceramica-fenicia\/","url":"https:\/\/portaltela.pt\/noticias\/2025\/12\/05\/investigacao-em-santa-olaia-revela-producao-local-de-ceramica-fenicia\/","name":"Investiga\u00e7\u00e3o em Santa Olaia revela produ\u00e7\u00e3o local de cer\u00e2mica fen\u00edcia - Portal Tela Portugal","isPartOf":{"@id":"https:\/\/portaltela.pt\/#website"},"primaryImageOfPage":{"@id":"https:\/\/portaltela.pt\/noticias\/2025\/12\/05\/investigacao-em-santa-olaia-revela-producao-local-de-ceramica-fenicia\/#primaryimage"},"image":{"@id":"https:\/\/portaltela.pt\/noticias\/2025\/12\/05\/investigacao-em-santa-olaia-revela-producao-local-de-ceramica-fenicia\/#primaryimage"},"thumbnailUrl":"https:\/\/portaltela.pt\/s.01k8rhncp4jt1\/2025\/12\/img_1280x721uu2016-09-30-20-23-00-567235.jpg","datePublished":"2025-12-05T09:13:00+00:00","author":{"@id":"https:\/\/portaltela.pt\/#\/schema\/person\/c4278d4a6028830caff9ee44b42d32ed"},"breadcrumb":{"@id":"https:\/\/portaltela.pt\/noticias\/2025\/12\/05\/investigacao-em-santa-olaia-revela-producao-local-de-ceramica-fenicia\/#breadcrumb"},"inLanguage":"pt-PT","potentialAction":[{"@type":"ReadAction","target":["https:\/\/portaltela.pt\/noticias\/2025\/12\/05\/investigacao-em-santa-olaia-revela-producao-local-de-ceramica-fenicia\/"]}]},{"@type":"ImageObject","inLanguage":"pt-PT","@id":"https:\/\/portaltela.pt\/noticias\/2025\/12\/05\/investigacao-em-santa-olaia-revela-producao-local-de-ceramica-fenicia\/#primaryimage","url":"https:\/\/portaltela.pt\/s.01k8rhncp4jt1\/2025\/12\/img_1280x721uu2016-09-30-20-23-00-567235.jpg","contentUrl":"https:\/\/portaltela.pt\/s.01k8rhncp4jt1\/2025\/12\/img_1280x721uu2016-09-30-20-23-00-567235.jpg","width":796,"height":448,"caption":"Photo"},{"@type":"BreadcrumbList","@id":"https:\/\/portaltela.pt\/noticias\/2025\/12\/05\/investigacao-em-santa-olaia-revela-producao-local-de-ceramica-fenicia\/#breadcrumb","itemListElement":[{"@type":"ListItem","position":1,"name":"In\u00edcio","item":"https:\/\/portaltela.pt\/"},{"@type":"ListItem","position":2,"name":"Investiga\u00e7\u00e3o em Santa Olaia revela produ\u00e7\u00e3o local de cer\u00e2mica fen\u00edcia"}]},{"@type":"WebSite","@id":"https:\/\/portaltela.pt\/#website","url":"https:\/\/portaltela.pt\/","name":"Portal Tela Portugal","description":"","potentialAction":[{"@type":"SearchAction","target":{"@type":"EntryPoint","urlTemplate":"https:\/\/portaltela.pt\/?s={search_term_string}"},"query-input":{"@type":"PropertyValueSpecification","valueRequired":true,"valueName":"search_term_string"}}],"inLanguage":"pt-PT"},{"@type":"Person","@id":"https:\/\/portaltela.pt\/#\/schema\/person\/c4278d4a6028830caff9ee44b42d32ed","name":"Telinha","image":{"@type":"ImageObject","inLanguage":"pt-PT","@id":"https:\/\/portaltela.pt\/s.01k8rhncp4jt1\/2025\/11\/talking-bot-125x125.png","url":"https:\/\/portaltela.pt\/s.01k8rhncp4jt1\/2025\/11\/talking-bot-125x125.png","contentUrl":"https:\/\/portaltela.pt\/s.01k8rhncp4jt1\/2025\/11\/talking-bot-125x125.png","caption":"Telinha"},"sameAs":["https:\/\/portaltela.pt\/"],"url":"https:\/\/portaltela.pt\/por\/367410592786\/"}]}},"_links":{"self":[{"href":"https:\/\/portaltela.pt\/api\/wp\/v2\/posts\/51475","targetHints":{"allow":["GET"]}}],"collection":[{"href":"https:\/\/portaltela.pt\/api\/wp\/v2\/posts"}],"about":[{"href":"https:\/\/portaltela.pt\/api\/wp\/v2\/types\/post"}],"author":[{"embeddable":true,"href":"https:\/\/portaltela.pt\/api\/wp\/v2\/users\/2"}],"replies":[{"embeddable":true,"href":"https:\/\/portaltela.pt\/api\/wp\/v2\/comments?post=51475"}],"version-history":[{"count":0,"href":"https:\/\/portaltela.pt\/api\/wp\/v2\/posts\/51475\/revisions"}],"wp:featuredmedia":[{"embeddable":true,"href":"https:\/\/portaltela.pt\/api\/wp\/v2\/media\/51477"}],"wp:attachment":[{"href":"https:\/\/portaltela.pt\/api\/wp\/v2\/media?parent=51475"}],"wp:term":[{"taxonomy":"category","embeddable":true,"href":"https:\/\/portaltela.pt\/api\/wp\/v2\/categories?post=51475"},{"taxonomy":"post_tag","embeddable":true,"href":"https:\/\/portaltela.pt\/api\/wp\/v2\/tags?post=51475"}],"curies":[{"name":"wp","href":"https:\/\/api.w.org\/{rel}","templated":true}]}}