{"id":50683,"date":"2025-12-04T18:17:00","date_gmt":"2025-12-04T21:17:00","guid":{"rendered":"https:\/\/portaltela.pt\/noticias\/2025\/12\/04\/aqueduto-de-bustelo-passa-a-integrar-patrimonio-publico-em-penafiel\/"},"modified":"2025-12-04T18:17:00","modified_gmt":"2025-12-04T21:17:00","slug":"aqueduto-de-bustelo-passa-a-integrar-patrimonio-publico-em-penafiel","status":"publish","type":"post","link":"https:\/\/portaltela.pt\/noticias\/2025\/12\/04\/aqueduto-de-bustelo-passa-a-integrar-patrimonio-publico-em-penafiel\/","title":{"rendered":"Aqueduto de Bustelo passa a integrar patrim\u00f3nio p\u00fablico em Penafiel"},"content":{"rendered":"<p>O Aqueduto de Bustelo, parte do Mosteiro de S\u00e3o Miguel de Bustelo, passou a integrar o patrim\u00f3nio p\u00fablico, ap\u00f3s d\u00e9cadas sob propriedade privada, com a interven\u00e7\u00e3o da C\u00e2mara Municipal de Penafiel. A transfer\u00eancia visa garantir gest\u00e3o, prote\u00e7\u00e3o e valoriza\u00e7\u00e3o do monumento hist\u00f3rico.<\/p>\n<p>O conjunto mon\u00e1stico \u00e9 classificado como Im\u00f3vel de Interesse P\u00fablico, com ra\u00edzes documentadas desde o s\u00e9culo XI. A mudan\u00e7a de tutela acontece no \u00e2mbito de uma estrat\u00e9gia de conserva\u00e7\u00e3o e preserva\u00e7\u00e3o do patrim\u00f3nio cultural do concelho.<\/p>\n<p>A derrocada parcial causada pelo mau tempo motivou a prepara\u00e7\u00e3o de uma interven\u00e7\u00e3o de conserva\u00e7\u00e3o e recupera\u00e7\u00e3o. O trabalho ser\u00e1 desenvolvido em parceria com o Patrim\u00f3nio Cultural I.P. e a CCDR-N \u2013 Cultura.<\/p>\n<h3>Interven\u00e7\u00e3o e Parceiros<\/h3>\n<p>A C\u00e2mara Municipal de Penafiel confirma o arranque do acompanhamento t\u00e9cnico para estabilizar e recuperar o aqueduto. O presidente da C\u00e2mara, Pedro Cepeda, afirma que a doa\u00e7\u00e3o coloca o monumento sob interven\u00e7\u00e3o direta do Munic\u00edpio.<\/p>\n<p>Cepeda agradece a ced\u00eancia pelos propriet\u00e1rios Ant\u00f3nio Manuel Sousa Pereira e Maria da Gra\u00e7a Sousa Pereira, destacando a relev\u00e2ncia para a mem\u00f3ria coletiva de Penafiel e para a valoriza\u00e7\u00e3o cultural do concelho.<\/p>\n<p>O projeto envolve uma abordagem t\u00e9cnica rigorosa, com foco na preserva\u00e7\u00e3o da identidade hist\u00f3rica do monumento. As a\u00e7\u00f5es dever\u00e3o assegurar a integridade estrutural e a acessibilidade para a comunidade.<\/p>\n","protected":false},"excerpt":{"rendered":"<ul>\n<li>O Aqueduto de Bustelo, integrado no Mosteiro de S\u00e3o Miguel de Bustelo e com ra\u00edzes documentadas desde o s\u00e9culo XI, foi transferido para o patrim\u00f3nio p\u00fablico pela C\u00e2mara Municipal de Penafiel.<\/li>\n<li>A medida visa gest\u00e3o, prote\u00e7\u00e3o e valoriza\u00e7\u00e3o do monumento, que passa a integrar o patrim\u00f3nio municipal.<\/li>\n<li>A derrocada parcial causada pelo mau tempo motivou interven\u00e7\u00e3o de conserva\u00e7\u00e3o em parceria com o Patrim\u00f3nio Cultural I.P. e a CCDR-N \u2013 Cultura.<\/li>\n<li>O Presidente da C\u00e2mara, Pedro Cepeda, afirmou que a doa\u00e7\u00e3o coloca o aqueduto sob responsabilidade direta do munic\u00edpio para interven\u00e7\u00e3o e valoriza\u00e7\u00e3o.<\/li>\n<li>Os propriet\u00e1rios Ant\u00f3nio Manuel Sousa Pereira e Maria da Gra\u00e7a Sousa Pereira agradeceram a ced\u00eancia \u00e0 comunidade.<\/li>\n<\/ul>\n","protected":false},"author":2,"featured_media":50686,"comment_status":"closed","ping_status":"closed","sticky":false,"template":"","format":"standard","meta":{"footnotes":""},"categories":[1],"tags":[167,373,145,34,299,704],"class_list":["post-50683","post","type-post","status-publish","format-standard","has-post-thumbnail","hentry","category-noticias","tag-ambiente","tag-concelhos","tag-cultura","tag-governo","tag-historia","tag-patrimonial"],"yoast_head":"<!-- This site is optimized with the Yoast SEO plugin v27.2 - https:\/\/yoast.com\/product\/yoast-seo-wordpress\/ -->\n<title>Aqueduto de Bustelo passa a integrar patrim\u00f3nio p\u00fablico em Penafiel - Portal Tela Portugal<\/title>\n<meta name=\"robots\" content=\"index, follow, max-snippet:-1, max-image-preview:large, max-video-preview:-1\" \/>\n<meta property=\"og:locale\" content=\"pt_PT\" \/>\n<meta property=\"og:type\" content=\"article\" \/>\n<meta property=\"og:title\" content=\"Aqueduto de Bustelo passa a integrar patrim\u00f3nio p\u00fablico em Penafiel - Portal Tela Portugal\" \/>\n<meta property=\"og:description\" content=\"O Aqueduto de Bustelo, integrado no Mosteiro de S\u00e3o Miguel de Bustelo e com ra\u00edzes documentadas desde o s\u00e9culo XI, foi transferido para o patrim\u00f3nio p\u00fablico pela C\u00e2mara Municipal de Penafiel. A medida visa gest\u00e3o, prote\u00e7\u00e3o e valoriza\u00e7\u00e3o do monumento, que passa a integrar o patrim\u00f3nio municipal. A derrocada parcial causada pelo mau tempo motivou interven\u00e7\u00e3o de conserva\u00e7\u00e3o em parceria com o Patrim\u00f3nio Cultural I.P. e a CCDR-N \u2013 Cultura. O Presidente da C\u00e2mara, Pedro Cepeda, afirmou que a doa\u00e7\u00e3o coloca o aqueduto sob responsabilidade direta do munic\u00edpio para interven\u00e7\u00e3o e valoriza\u00e7\u00e3o. Os propriet\u00e1rios Ant\u00f3nio Manuel Sousa Pereira e Maria da Gra\u00e7a Sousa Pereira agradeceram a ced\u00eancia \u00e0 comunidade.\" \/>\n<meta property=\"og:url\" content=\"https:\/\/portaltela.pt\/noticias\/2025\/12\/04\/aqueduto-de-bustelo-passa-a-integrar-patrimonio-publico-em-penafiel\/\" \/>\n<meta property=\"og:site_name\" content=\"Portal Tela Portugal\" \/>\n<meta property=\"article:published_time\" content=\"2025-12-04T21:17:00+00:00\" \/>\n<meta name=\"author\" content=\"Telinha\" \/>\n<meta name=\"twitter:card\" content=\"summary_large_image\" \/>\n<meta name=\"twitter:label1\" content=\"Escrito por\" \/>\n\t<meta name=\"twitter:data1\" content=\"Telinha\" \/>\n\t<meta name=\"twitter:label2\" content=\"Tempo estimado de leitura\" \/>\n\t<meta name=\"twitter:data2\" content=\"1 minuto\" \/>\n<script type=\"application\/ld+json\" class=\"yoast-schema-graph\">{\"@context\":\"https:\/\/schema.org\",\"@graph\":[{\"@type\":\"Article\",\"@id\":\"https:\/\/portaltela.pt\/noticias\/2025\/12\/04\/aqueduto-de-bustelo-passa-a-integrar-patrimonio-publico-em-penafiel\/#article\",\"isPartOf\":{\"@id\":\"https:\/\/portaltela.pt\/noticias\/2025\/12\/04\/aqueduto-de-bustelo-passa-a-integrar-patrimonio-publico-em-penafiel\/\"},\"author\":{\"name\":\"Telinha\",\"@id\":\"https:\/\/portaltela.pt\/#\/schema\/person\/c4278d4a6028830caff9ee44b42d32ed\"},\"headline\":\"Aqueduto de Bustelo passa a integrar patrim\u00f3nio p\u00fablico em Penafiel\",\"datePublished\":\"2025-12-04T21:17:00+00:00\",\"mainEntityOfPage\":{\"@id\":\"https:\/\/portaltela.pt\/noticias\/2025\/12\/04\/aqueduto-de-bustelo-passa-a-integrar-patrimonio-publico-em-penafiel\/\"},\"wordCount\":267,\"image\":{\"@id\":\"https:\/\/portaltela.pt\/noticias\/2025\/12\/04\/aqueduto-de-bustelo-passa-a-integrar-patrimonio-publico-em-penafiel\/#primaryimage\"},\"thumbnailUrl\":\"https:\/\/portaltela.pt\/s.01k8rhncp4jt1\/2025\/12\/Aqueduto-de-Bustelo-passa-a-integrar-patrimonio-publico-em-Penafiel.jpg\",\"keywords\":[\"ambiente\",\"concelhos\",\"cultura\",\"governo\",\"hist\u00f3ria\",\"patrimonial\"],\"articleSection\":[\"Not\u00edcias\"],\"inLanguage\":\"pt-PT\"},{\"@type\":\"WebPage\",\"@id\":\"https:\/\/portaltela.pt\/noticias\/2025\/12\/04\/aqueduto-de-bustelo-passa-a-integrar-patrimonio-publico-em-penafiel\/\",\"url\":\"https:\/\/portaltela.pt\/noticias\/2025\/12\/04\/aqueduto-de-bustelo-passa-a-integrar-patrimonio-publico-em-penafiel\/\",\"name\":\"Aqueduto de Bustelo passa a integrar patrim\u00f3nio p\u00fablico em Penafiel - Portal Tela Portugal\",\"isPartOf\":{\"@id\":\"https:\/\/portaltela.pt\/#website\"},\"primaryImageOfPage\":{\"@id\":\"https:\/\/portaltela.pt\/noticias\/2025\/12\/04\/aqueduto-de-bustelo-passa-a-integrar-patrimonio-publico-em-penafiel\/#primaryimage\"},\"image\":{\"@id\":\"https:\/\/portaltela.pt\/noticias\/2025\/12\/04\/aqueduto-de-bustelo-passa-a-integrar-patrimonio-publico-em-penafiel\/#primaryimage\"},\"thumbnailUrl\":\"https:\/\/portaltela.pt\/s.01k8rhncp4jt1\/2025\/12\/Aqueduto-de-Bustelo-passa-a-integrar-patrimonio-publico-em-Penafiel.jpg\",\"datePublished\":\"2025-12-04T21:17:00+00:00\",\"author\":{\"@id\":\"https:\/\/portaltela.pt\/#\/schema\/person\/c4278d4a6028830caff9ee44b42d32ed\"},\"breadcrumb\":{\"@id\":\"https:\/\/portaltela.pt\/noticias\/2025\/12\/04\/aqueduto-de-bustelo-passa-a-integrar-patrimonio-publico-em-penafiel\/#breadcrumb\"},\"inLanguage\":\"pt-PT\",\"potentialAction\":[{\"@type\":\"ReadAction\",\"target\":[\"https:\/\/portaltela.pt\/noticias\/2025\/12\/04\/aqueduto-de-bustelo-passa-a-integrar-patrimonio-publico-em-penafiel\/\"]}]},{\"@type\":\"ImageObject\",\"inLanguage\":\"pt-PT\",\"@id\":\"https:\/\/portaltela.pt\/noticias\/2025\/12\/04\/aqueduto-de-bustelo-passa-a-integrar-patrimonio-publico-em-penafiel\/#primaryimage\",\"url\":\"https:\/\/portaltela.pt\/s.01k8rhncp4jt1\/2025\/12\/Aqueduto-de-Bustelo-passa-a-integrar-patrimonio-publico-em-Penafiel.jpg\",\"contentUrl\":\"https:\/\/portaltela.pt\/s.01k8rhncp4jt1\/2025\/12\/Aqueduto-de-Bustelo-passa-a-integrar-patrimonio-publico-em-Penafiel.jpg\",\"width\":796,\"height\":448,\"caption\":\"Vale do Sousa TV\"},{\"@type\":\"BreadcrumbList\",\"@id\":\"https:\/\/portaltela.pt\/noticias\/2025\/12\/04\/aqueduto-de-bustelo-passa-a-integrar-patrimonio-publico-em-penafiel\/#breadcrumb\",\"itemListElement\":[{\"@type\":\"ListItem\",\"position\":1,\"name\":\"In\u00edcio\",\"item\":\"https:\/\/portaltela.pt\/\"},{\"@type\":\"ListItem\",\"position\":2,\"name\":\"Aqueduto de Bustelo passa a integrar patrim\u00f3nio p\u00fablico em Penafiel\"}]},{\"@type\":\"WebSite\",\"@id\":\"https:\/\/portaltela.pt\/#website\",\"url\":\"https:\/\/portaltela.pt\/\",\"name\":\"Portal Tela Portugal\",\"description\":\"\",\"potentialAction\":[{\"@type\":\"SearchAction\",\"target\":{\"@type\":\"EntryPoint\",\"urlTemplate\":\"https:\/\/portaltela.pt\/?s={search_term_string}\"},\"query-input\":{\"@type\":\"PropertyValueSpecification\",\"valueRequired\":true,\"valueName\":\"search_term_string\"}}],\"inLanguage\":\"pt-PT\"},{\"@type\":\"Person\",\"@id\":\"https:\/\/portaltela.pt\/#\/schema\/person\/c4278d4a6028830caff9ee44b42d32ed\",\"name\":\"Telinha\",\"image\":{\"@type\":\"ImageObject\",\"inLanguage\":\"pt-PT\",\"@id\":\"https:\/\/portaltela.pt\/s.01k8rhncp4jt1\/2025\/11\/talking-bot-125x125.png\",\"url\":\"https:\/\/portaltela.pt\/s.01k8rhncp4jt1\/2025\/11\/talking-bot-125x125.png\",\"contentUrl\":\"https:\/\/portaltela.pt\/s.01k8rhncp4jt1\/2025\/11\/talking-bot-125x125.png\",\"caption\":\"Telinha\"},\"sameAs\":[\"https:\/\/portaltela.pt\/\"],\"url\":\"https:\/\/portaltela.pt\/por\/367410592786\/\"}]}<\/script>\n<!-- \/ Yoast SEO plugin. -->","yoast_head_json":{"title":"Aqueduto de Bustelo passa a integrar patrim\u00f3nio p\u00fablico em Penafiel - Portal Tela Portugal","robots":{"index":"index","follow":"follow","max-snippet":"max-snippet:-1","max-image-preview":"max-image-preview:large","max-video-preview":"max-video-preview:-1"},"og_locale":"pt_PT","og_type":"article","og_title":"Aqueduto de Bustelo passa a integrar patrim\u00f3nio p\u00fablico em Penafiel - Portal Tela Portugal","og_description":"O Aqueduto de Bustelo, integrado no Mosteiro de S\u00e3o Miguel de Bustelo e com ra\u00edzes documentadas desde o s\u00e9culo XI, foi transferido para o patrim\u00f3nio p\u00fablico pela C\u00e2mara Municipal de Penafiel. A medida visa gest\u00e3o, prote\u00e7\u00e3o e valoriza\u00e7\u00e3o do monumento, que passa a integrar o patrim\u00f3nio municipal. A derrocada parcial causada pelo mau tempo motivou interven\u00e7\u00e3o de conserva\u00e7\u00e3o em parceria com o Patrim\u00f3nio Cultural I.P. e a CCDR-N \u2013 Cultura. O Presidente da C\u00e2mara, Pedro Cepeda, afirmou que a doa\u00e7\u00e3o coloca o aqueduto sob responsabilidade direta do munic\u00edpio para interven\u00e7\u00e3o e valoriza\u00e7\u00e3o. Os propriet\u00e1rios Ant\u00f3nio Manuel Sousa Pereira e Maria da Gra\u00e7a Sousa Pereira agradeceram a ced\u00eancia \u00e0 comunidade.","og_url":"https:\/\/portaltela.pt\/noticias\/2025\/12\/04\/aqueduto-de-bustelo-passa-a-integrar-patrimonio-publico-em-penafiel\/","og_site_name":"Portal Tela Portugal","article_published_time":"2025-12-04T21:17:00+00:00","author":"Telinha","twitter_card":"summary_large_image","twitter_misc":{"Escrito por":"Telinha","Tempo estimado de leitura":"1 minuto"},"schema":{"@context":"https:\/\/schema.org","@graph":[{"@type":"Article","@id":"https:\/\/portaltela.pt\/noticias\/2025\/12\/04\/aqueduto-de-bustelo-passa-a-integrar-patrimonio-publico-em-penafiel\/#article","isPartOf":{"@id":"https:\/\/portaltela.pt\/noticias\/2025\/12\/04\/aqueduto-de-bustelo-passa-a-integrar-patrimonio-publico-em-penafiel\/"},"author":{"name":"Telinha","@id":"https:\/\/portaltela.pt\/#\/schema\/person\/c4278d4a6028830caff9ee44b42d32ed"},"headline":"Aqueduto de Bustelo passa a integrar patrim\u00f3nio p\u00fablico em Penafiel","datePublished":"2025-12-04T21:17:00+00:00","mainEntityOfPage":{"@id":"https:\/\/portaltela.pt\/noticias\/2025\/12\/04\/aqueduto-de-bustelo-passa-a-integrar-patrimonio-publico-em-penafiel\/"},"wordCount":267,"image":{"@id":"https:\/\/portaltela.pt\/noticias\/2025\/12\/04\/aqueduto-de-bustelo-passa-a-integrar-patrimonio-publico-em-penafiel\/#primaryimage"},"thumbnailUrl":"https:\/\/portaltela.pt\/s.01k8rhncp4jt1\/2025\/12\/Aqueduto-de-Bustelo-passa-a-integrar-patrimonio-publico-em-Penafiel.jpg","keywords":["ambiente","concelhos","cultura","governo","hist\u00f3ria","patrimonial"],"articleSection":["Not\u00edcias"],"inLanguage":"pt-PT"},{"@type":"WebPage","@id":"https:\/\/portaltela.pt\/noticias\/2025\/12\/04\/aqueduto-de-bustelo-passa-a-integrar-patrimonio-publico-em-penafiel\/","url":"https:\/\/portaltela.pt\/noticias\/2025\/12\/04\/aqueduto-de-bustelo-passa-a-integrar-patrimonio-publico-em-penafiel\/","name":"Aqueduto de Bustelo passa a integrar patrim\u00f3nio p\u00fablico em Penafiel - Portal Tela Portugal","isPartOf":{"@id":"https:\/\/portaltela.pt\/#website"},"primaryImageOfPage":{"@id":"https:\/\/portaltela.pt\/noticias\/2025\/12\/04\/aqueduto-de-bustelo-passa-a-integrar-patrimonio-publico-em-penafiel\/#primaryimage"},"image":{"@id":"https:\/\/portaltela.pt\/noticias\/2025\/12\/04\/aqueduto-de-bustelo-passa-a-integrar-patrimonio-publico-em-penafiel\/#primaryimage"},"thumbnailUrl":"https:\/\/portaltela.pt\/s.01k8rhncp4jt1\/2025\/12\/Aqueduto-de-Bustelo-passa-a-integrar-patrimonio-publico-em-Penafiel.jpg","datePublished":"2025-12-04T21:17:00+00:00","author":{"@id":"https:\/\/portaltela.pt\/#\/schema\/person\/c4278d4a6028830caff9ee44b42d32ed"},"breadcrumb":{"@id":"https:\/\/portaltela.pt\/noticias\/2025\/12\/04\/aqueduto-de-bustelo-passa-a-integrar-patrimonio-publico-em-penafiel\/#breadcrumb"},"inLanguage":"pt-PT","potentialAction":[{"@type":"ReadAction","target":["https:\/\/portaltela.pt\/noticias\/2025\/12\/04\/aqueduto-de-bustelo-passa-a-integrar-patrimonio-publico-em-penafiel\/"]}]},{"@type":"ImageObject","inLanguage":"pt-PT","@id":"https:\/\/portaltela.pt\/noticias\/2025\/12\/04\/aqueduto-de-bustelo-passa-a-integrar-patrimonio-publico-em-penafiel\/#primaryimage","url":"https:\/\/portaltela.pt\/s.01k8rhncp4jt1\/2025\/12\/Aqueduto-de-Bustelo-passa-a-integrar-patrimonio-publico-em-Penafiel.jpg","contentUrl":"https:\/\/portaltela.pt\/s.01k8rhncp4jt1\/2025\/12\/Aqueduto-de-Bustelo-passa-a-integrar-patrimonio-publico-em-Penafiel.jpg","width":796,"height":448,"caption":"Vale do Sousa TV"},{"@type":"BreadcrumbList","@id":"https:\/\/portaltela.pt\/noticias\/2025\/12\/04\/aqueduto-de-bustelo-passa-a-integrar-patrimonio-publico-em-penafiel\/#breadcrumb","itemListElement":[{"@type":"ListItem","position":1,"name":"In\u00edcio","item":"https:\/\/portaltela.pt\/"},{"@type":"ListItem","position":2,"name":"Aqueduto de Bustelo passa a integrar patrim\u00f3nio p\u00fablico em Penafiel"}]},{"@type":"WebSite","@id":"https:\/\/portaltela.pt\/#website","url":"https:\/\/portaltela.pt\/","name":"Portal Tela Portugal","description":"","potentialAction":[{"@type":"SearchAction","target":{"@type":"EntryPoint","urlTemplate":"https:\/\/portaltela.pt\/?s={search_term_string}"},"query-input":{"@type":"PropertyValueSpecification","valueRequired":true,"valueName":"search_term_string"}}],"inLanguage":"pt-PT"},{"@type":"Person","@id":"https:\/\/portaltela.pt\/#\/schema\/person\/c4278d4a6028830caff9ee44b42d32ed","name":"Telinha","image":{"@type":"ImageObject","inLanguage":"pt-PT","@id":"https:\/\/portaltela.pt\/s.01k8rhncp4jt1\/2025\/11\/talking-bot-125x125.png","url":"https:\/\/portaltela.pt\/s.01k8rhncp4jt1\/2025\/11\/talking-bot-125x125.png","contentUrl":"https:\/\/portaltela.pt\/s.01k8rhncp4jt1\/2025\/11\/talking-bot-125x125.png","caption":"Telinha"},"sameAs":["https:\/\/portaltela.pt\/"],"url":"https:\/\/portaltela.pt\/por\/367410592786\/"}]}},"_links":{"self":[{"href":"https:\/\/portaltela.pt\/api\/wp\/v2\/posts\/50683","targetHints":{"allow":["GET"]}}],"collection":[{"href":"https:\/\/portaltela.pt\/api\/wp\/v2\/posts"}],"about":[{"href":"https:\/\/portaltela.pt\/api\/wp\/v2\/types\/post"}],"author":[{"embeddable":true,"href":"https:\/\/portaltela.pt\/api\/wp\/v2\/users\/2"}],"replies":[{"embeddable":true,"href":"https:\/\/portaltela.pt\/api\/wp\/v2\/comments?post=50683"}],"version-history":[{"count":0,"href":"https:\/\/portaltela.pt\/api\/wp\/v2\/posts\/50683\/revisions"}],"wp:featuredmedia":[{"embeddable":true,"href":"https:\/\/portaltela.pt\/api\/wp\/v2\/media\/50686"}],"wp:attachment":[{"href":"https:\/\/portaltela.pt\/api\/wp\/v2\/media?parent=50683"}],"wp:term":[{"taxonomy":"category","embeddable":true,"href":"https:\/\/portaltela.pt\/api\/wp\/v2\/categories?post=50683"},{"taxonomy":"post_tag","embeddable":true,"href":"https:\/\/portaltela.pt\/api\/wp\/v2\/tags?post=50683"}],"curies":[{"name":"wp","href":"https:\/\/api.w.org\/{rel}","templated":true}]}}