{"id":49385,"date":"2025-12-03T21:00:00","date_gmt":"2025-12-04T00:00:00","guid":{"rendered":"https:\/\/portaltela.pt\/noticias\/2025\/12\/03\/padrao-dos-descobrimentos-proposto-como-monumento-de-interesse-publico\/"},"modified":"2025-12-03T21:00:00","modified_gmt":"2025-12-04T00:00:00","slug":"padrao-dos-descobrimentos-proposto-como-monumento-de-interesse-publico","status":"publish","type":"post","link":"https:\/\/portaltela.pt\/noticias\/2025\/12\/03\/padrao-dos-descobrimentos-proposto-como-monumento-de-interesse-publico\/","title":{"rendered":"Padr\u00e3o dos Descobrimentos proposto como Monumento de Interesse P\u00fablico"},"content":{"rendered":"<p>O Padr\u00e3o dos Descobrimentos e a cal\u00e7ada envolvente, incluindo a Rosa-dos-Ventos, em Lisboa, foram classificados hoje como Monumento de Interesse P\u00fablico (MIP), segundo an\u00fancio no Di\u00e1rio da Rep\u00fablica. O processo teve in\u00edcio em junho de 2023 pela DGPC.<\/p>\n<p>A decis\u00e3o conta com parecer positivo em dezembro de 2024 e com a concord\u00e2ncia do presidente do Patrim\u00f3nio Cultural em outubro deste ano. O prazo legal para conclus\u00e3o do processo \u00e9 de at\u00e9 um ano, contado a partir da comunica\u00e7\u00e3o oficial.<\/p>\n<p>Lisboa, junto ao Tejo, integra a ZEP do Mosteiro dos Jer\u00f3nimos e do Museu de Arte Popular. O conjunto foi inicialmente constru\u00eddo para a Exposi\u00e7\u00e3o do Mundo Portugu\u00eas (1940), demolido (1943) e reconstru\u00eddo em 1960, com materiais de cantaria e pedra rosal de Leiria.<\/p>\n<h3>Condi\u00e7\u00e3o atual e perspetivas<\/h3>\n<p>A classifica\u00e7\u00e3o refor\u00e7a a prote\u00e7\u00e3o patrimonial da obra e da cal\u00e7ada, em contexto de epis\u00f3dios de vandalismo ocorridos em 2021 e 2023, sem danos estruturais relevantes. A decis\u00e3o chega ap\u00f3s aprova\u00e7\u00e3o j\u00e1 informada pela presid\u00eancia do Patrim\u00f3nio Cultural.<\/p>\n","protected":false},"excerpt":{"rendered":"<ul>\n<li>O Padr\u00e3o dos Descobrimentos e a cal\u00e7ada envolvente, incluindo a Rosa-dos-Ventos, em Lisboa, foram propostos para classifica\u00e7\u00e3o como Monumento de Interesse P\u00fablico.<\/li>\n<li>O processo de classifica\u00e7\u00e3o foi iniciado em junho de 2023 pela Dire\u00e7\u00e3o-Geral do Patrim\u00f3nio Cultural (DGPC) e recebeu parecer positivo em dezembro de 2024 da Sec\u00e7\u00e3o Especializada Permanente do Patrim\u00f3nio Arquitet\u00f3nico, Arqueol\u00f3gico e Imaterial do Conselho Nacional de Cultura.<\/li>\n<li>Em outubro deste ano, o presidente do Patrim\u00f3nio Cultural deu a concord\u00e2ncia com a classifica\u00e7\u00e3o.<\/li>\n<li>O procedimento deve ser conclu\u00eddo no prazo m\u00e1ximo de um ano, conforme a lei.<\/li>\n<li>O monumento j\u00e1 integra a Zona Especial de Prote\u00e7\u00e3o da \u00e1rea do Mosteiro dos Jer\u00f3nimos e do Museu de Arte Popular; ocorreram pichagens em 2021 e 2023, sem danos estruturais significativos.<\/li>\n<\/ul>\n","protected":false},"author":2,"featured_media":49392,"comment_status":"closed","ping_status":"closed","sticky":false,"template":"","format":"standard","meta":{"footnotes":""},"categories":[1],"tags":[142,145,299,704],"class_list":["post-49385","post","type-post","status-publish","format-standard","has-post-thumbnail","hentry","category-noticias","tag-arquitetura","tag-cultura","tag-historia","tag-patrimonial"],"yoast_head":"<!-- This site is optimized with the Yoast SEO plugin v27.2 - https:\/\/yoast.com\/product\/yoast-seo-wordpress\/ -->\n<title>Padr\u00e3o dos Descobrimentos proposto como Monumento de Interesse P\u00fablico - Portal Tela Portugal<\/title>\n<meta name=\"robots\" content=\"index, follow, max-snippet:-1, max-image-preview:large, max-video-preview:-1\" \/>\n<meta property=\"og:locale\" content=\"pt_PT\" \/>\n<meta property=\"og:type\" content=\"article\" \/>\n<meta property=\"og:title\" content=\"Padr\u00e3o dos Descobrimentos proposto como Monumento de Interesse P\u00fablico - Portal Tela Portugal\" \/>\n<meta property=\"og:description\" content=\"O Padr\u00e3o dos Descobrimentos e a cal\u00e7ada envolvente, incluindo a Rosa-dos-Ventos, em Lisboa, foram propostos para classifica\u00e7\u00e3o como Monumento de Interesse P\u00fablico. O processo de classifica\u00e7\u00e3o foi iniciado em junho de 2023 pela Dire\u00e7\u00e3o-Geral do Patrim\u00f3nio Cultural (DGPC) e recebeu parecer positivo em dezembro de 2024 da Sec\u00e7\u00e3o Especializada Permanente do Patrim\u00f3nio Arquitet\u00f3nico, Arqueol\u00f3gico e Imaterial do Conselho Nacional de Cultura. Em outubro deste ano, o presidente do Patrim\u00f3nio Cultural deu a concord\u00e2ncia com a classifica\u00e7\u00e3o. O procedimento deve ser conclu\u00eddo no prazo m\u00e1ximo de um ano, conforme a lei. O monumento j\u00e1 integra a Zona Especial de Prote\u00e7\u00e3o da \u00e1rea do Mosteiro dos Jer\u00f3nimos e do Museu de Arte Popular; ocorreram pichagens em 2021 e 2023, sem danos estruturais significativos.\" \/>\n<meta property=\"og:url\" content=\"https:\/\/portaltela.pt\/noticias\/2025\/12\/03\/padrao-dos-descobrimentos-proposto-como-monumento-de-interesse-publico\/\" \/>\n<meta property=\"og:site_name\" content=\"Portal Tela Portugal\" \/>\n<meta property=\"article:published_time\" content=\"2025-12-04T00:00:00+00:00\" \/>\n<meta name=\"author\" content=\"Telinha\" \/>\n<meta name=\"twitter:card\" content=\"summary_large_image\" \/>\n<meta name=\"twitter:label1\" content=\"Escrito por\" \/>\n\t<meta name=\"twitter:data1\" content=\"Telinha\" \/>\n\t<meta name=\"twitter:label2\" content=\"Tempo estimado de leitura\" \/>\n\t<meta name=\"twitter:data2\" content=\"1 minuto\" \/>\n<script type=\"application\/ld+json\" class=\"yoast-schema-graph\">{\"@context\":\"https:\/\/schema.org\",\"@graph\":[{\"@type\":\"Article\",\"@id\":\"https:\/\/portaltela.pt\/noticias\/2025\/12\/03\/padrao-dos-descobrimentos-proposto-como-monumento-de-interesse-publico\/#article\",\"isPartOf\":{\"@id\":\"https:\/\/portaltela.pt\/noticias\/2025\/12\/03\/padrao-dos-descobrimentos-proposto-como-monumento-de-interesse-publico\/\"},\"author\":{\"name\":\"Telinha\",\"@id\":\"https:\/\/portaltela.pt\/#\/schema\/person\/c4278d4a6028830caff9ee44b42d32ed\"},\"headline\":\"Padr\u00e3o dos Descobrimentos proposto como Monumento de Interesse P\u00fablico\",\"datePublished\":\"2025-12-04T00:00:00+00:00\",\"mainEntityOfPage\":{\"@id\":\"https:\/\/portaltela.pt\/noticias\/2025\/12\/03\/padrao-dos-descobrimentos-proposto-como-monumento-de-interesse-publico\/\"},\"wordCount\":196,\"image\":{\"@id\":\"https:\/\/portaltela.pt\/noticias\/2025\/12\/03\/padrao-dos-descobrimentos-proposto-como-monumento-de-interesse-publico\/#primaryimage\"},\"thumbnailUrl\":\"https:\/\/portaltela.pt\/s.01k8rhncp4jt1\/2025\/12\/257461-Padrao-Dos-Descobrimentos.jpg\",\"keywords\":[\"arquitetura\",\"cultura\",\"hist\u00f3ria\",\"patrimonial\"],\"articleSection\":[\"Not\u00edcias\"],\"inLanguage\":\"pt-PT\"},{\"@type\":\"WebPage\",\"@id\":\"https:\/\/portaltela.pt\/noticias\/2025\/12\/03\/padrao-dos-descobrimentos-proposto-como-monumento-de-interesse-publico\/\",\"url\":\"https:\/\/portaltela.pt\/noticias\/2025\/12\/03\/padrao-dos-descobrimentos-proposto-como-monumento-de-interesse-publico\/\",\"name\":\"Padr\u00e3o dos Descobrimentos proposto como Monumento de Interesse P\u00fablico - Portal Tela Portugal\",\"isPartOf\":{\"@id\":\"https:\/\/portaltela.pt\/#website\"},\"primaryImageOfPage\":{\"@id\":\"https:\/\/portaltela.pt\/noticias\/2025\/12\/03\/padrao-dos-descobrimentos-proposto-como-monumento-de-interesse-publico\/#primaryimage\"},\"image\":{\"@id\":\"https:\/\/portaltela.pt\/noticias\/2025\/12\/03\/padrao-dos-descobrimentos-proposto-como-monumento-de-interesse-publico\/#primaryimage\"},\"thumbnailUrl\":\"https:\/\/portaltela.pt\/s.01k8rhncp4jt1\/2025\/12\/257461-Padrao-Dos-Descobrimentos.jpg\",\"datePublished\":\"2025-12-04T00:00:00+00:00\",\"author\":{\"@id\":\"https:\/\/portaltela.pt\/#\/schema\/person\/c4278d4a6028830caff9ee44b42d32ed\"},\"breadcrumb\":{\"@id\":\"https:\/\/portaltela.pt\/noticias\/2025\/12\/03\/padrao-dos-descobrimentos-proposto-como-monumento-de-interesse-publico\/#breadcrumb\"},\"inLanguage\":\"pt-PT\",\"potentialAction\":[{\"@type\":\"ReadAction\",\"target\":[\"https:\/\/portaltela.pt\/noticias\/2025\/12\/03\/padrao-dos-descobrimentos-proposto-como-monumento-de-interesse-publico\/\"]}]},{\"@type\":\"ImageObject\",\"inLanguage\":\"pt-PT\",\"@id\":\"https:\/\/portaltela.pt\/noticias\/2025\/12\/03\/padrao-dos-descobrimentos-proposto-como-monumento-de-interesse-publico\/#primaryimage\",\"url\":\"https:\/\/portaltela.pt\/s.01k8rhncp4jt1\/2025\/12\/257461-Padrao-Dos-Descobrimentos.jpg\",\"contentUrl\":\"https:\/\/portaltela.pt\/s.01k8rhncp4jt1\/2025\/12\/257461-Padrao-Dos-Descobrimentos.jpg\",\"width\":796,\"height\":448,\"caption\":\"Photo\"},{\"@type\":\"BreadcrumbList\",\"@id\":\"https:\/\/portaltela.pt\/noticias\/2025\/12\/03\/padrao-dos-descobrimentos-proposto-como-monumento-de-interesse-publico\/#breadcrumb\",\"itemListElement\":[{\"@type\":\"ListItem\",\"position\":1,\"name\":\"In\u00edcio\",\"item\":\"https:\/\/portaltela.pt\/\"},{\"@type\":\"ListItem\",\"position\":2,\"name\":\"Padr\u00e3o dos Descobrimentos proposto como Monumento de Interesse P\u00fablico\"}]},{\"@type\":\"WebSite\",\"@id\":\"https:\/\/portaltela.pt\/#website\",\"url\":\"https:\/\/portaltela.pt\/\",\"name\":\"Portal Tela Portugal\",\"description\":\"\",\"potentialAction\":[{\"@type\":\"SearchAction\",\"target\":{\"@type\":\"EntryPoint\",\"urlTemplate\":\"https:\/\/portaltela.pt\/?s={search_term_string}\"},\"query-input\":{\"@type\":\"PropertyValueSpecification\",\"valueRequired\":true,\"valueName\":\"search_term_string\"}}],\"inLanguage\":\"pt-PT\"},{\"@type\":\"Person\",\"@id\":\"https:\/\/portaltela.pt\/#\/schema\/person\/c4278d4a6028830caff9ee44b42d32ed\",\"name\":\"Telinha\",\"image\":{\"@type\":\"ImageObject\",\"inLanguage\":\"pt-PT\",\"@id\":\"https:\/\/portaltela.pt\/s.01k8rhncp4jt1\/2025\/11\/talking-bot-125x125.png\",\"url\":\"https:\/\/portaltela.pt\/s.01k8rhncp4jt1\/2025\/11\/talking-bot-125x125.png\",\"contentUrl\":\"https:\/\/portaltela.pt\/s.01k8rhncp4jt1\/2025\/11\/talking-bot-125x125.png\",\"caption\":\"Telinha\"},\"sameAs\":[\"https:\/\/portaltela.pt\/\"],\"url\":\"https:\/\/portaltela.pt\/por\/367410592786\/\"}]}<\/script>\n<!-- \/ Yoast SEO plugin. -->","yoast_head_json":{"title":"Padr\u00e3o dos Descobrimentos proposto como Monumento de Interesse P\u00fablico - Portal Tela Portugal","robots":{"index":"index","follow":"follow","max-snippet":"max-snippet:-1","max-image-preview":"max-image-preview:large","max-video-preview":"max-video-preview:-1"},"og_locale":"pt_PT","og_type":"article","og_title":"Padr\u00e3o dos Descobrimentos proposto como Monumento de Interesse P\u00fablico - Portal Tela Portugal","og_description":"O Padr\u00e3o dos Descobrimentos e a cal\u00e7ada envolvente, incluindo a Rosa-dos-Ventos, em Lisboa, foram propostos para classifica\u00e7\u00e3o como Monumento de Interesse P\u00fablico. O processo de classifica\u00e7\u00e3o foi iniciado em junho de 2023 pela Dire\u00e7\u00e3o-Geral do Patrim\u00f3nio Cultural (DGPC) e recebeu parecer positivo em dezembro de 2024 da Sec\u00e7\u00e3o Especializada Permanente do Patrim\u00f3nio Arquitet\u00f3nico, Arqueol\u00f3gico e Imaterial do Conselho Nacional de Cultura. Em outubro deste ano, o presidente do Patrim\u00f3nio Cultural deu a concord\u00e2ncia com a classifica\u00e7\u00e3o. O procedimento deve ser conclu\u00eddo no prazo m\u00e1ximo de um ano, conforme a lei. O monumento j\u00e1 integra a Zona Especial de Prote\u00e7\u00e3o da \u00e1rea do Mosteiro dos Jer\u00f3nimos e do Museu de Arte Popular; ocorreram pichagens em 2021 e 2023, sem danos estruturais significativos.","og_url":"https:\/\/portaltela.pt\/noticias\/2025\/12\/03\/padrao-dos-descobrimentos-proposto-como-monumento-de-interesse-publico\/","og_site_name":"Portal Tela Portugal","article_published_time":"2025-12-04T00:00:00+00:00","author":"Telinha","twitter_card":"summary_large_image","twitter_misc":{"Escrito por":"Telinha","Tempo estimado de leitura":"1 minuto"},"schema":{"@context":"https:\/\/schema.org","@graph":[{"@type":"Article","@id":"https:\/\/portaltela.pt\/noticias\/2025\/12\/03\/padrao-dos-descobrimentos-proposto-como-monumento-de-interesse-publico\/#article","isPartOf":{"@id":"https:\/\/portaltela.pt\/noticias\/2025\/12\/03\/padrao-dos-descobrimentos-proposto-como-monumento-de-interesse-publico\/"},"author":{"name":"Telinha","@id":"https:\/\/portaltela.pt\/#\/schema\/person\/c4278d4a6028830caff9ee44b42d32ed"},"headline":"Padr\u00e3o dos Descobrimentos proposto como Monumento de Interesse P\u00fablico","datePublished":"2025-12-04T00:00:00+00:00","mainEntityOfPage":{"@id":"https:\/\/portaltela.pt\/noticias\/2025\/12\/03\/padrao-dos-descobrimentos-proposto-como-monumento-de-interesse-publico\/"},"wordCount":196,"image":{"@id":"https:\/\/portaltela.pt\/noticias\/2025\/12\/03\/padrao-dos-descobrimentos-proposto-como-monumento-de-interesse-publico\/#primaryimage"},"thumbnailUrl":"https:\/\/portaltela.pt\/s.01k8rhncp4jt1\/2025\/12\/257461-Padrao-Dos-Descobrimentos.jpg","keywords":["arquitetura","cultura","hist\u00f3ria","patrimonial"],"articleSection":["Not\u00edcias"],"inLanguage":"pt-PT"},{"@type":"WebPage","@id":"https:\/\/portaltela.pt\/noticias\/2025\/12\/03\/padrao-dos-descobrimentos-proposto-como-monumento-de-interesse-publico\/","url":"https:\/\/portaltela.pt\/noticias\/2025\/12\/03\/padrao-dos-descobrimentos-proposto-como-monumento-de-interesse-publico\/","name":"Padr\u00e3o dos Descobrimentos proposto como Monumento de Interesse P\u00fablico - Portal Tela Portugal","isPartOf":{"@id":"https:\/\/portaltela.pt\/#website"},"primaryImageOfPage":{"@id":"https:\/\/portaltela.pt\/noticias\/2025\/12\/03\/padrao-dos-descobrimentos-proposto-como-monumento-de-interesse-publico\/#primaryimage"},"image":{"@id":"https:\/\/portaltela.pt\/noticias\/2025\/12\/03\/padrao-dos-descobrimentos-proposto-como-monumento-de-interesse-publico\/#primaryimage"},"thumbnailUrl":"https:\/\/portaltela.pt\/s.01k8rhncp4jt1\/2025\/12\/257461-Padrao-Dos-Descobrimentos.jpg","datePublished":"2025-12-04T00:00:00+00:00","author":{"@id":"https:\/\/portaltela.pt\/#\/schema\/person\/c4278d4a6028830caff9ee44b42d32ed"},"breadcrumb":{"@id":"https:\/\/portaltela.pt\/noticias\/2025\/12\/03\/padrao-dos-descobrimentos-proposto-como-monumento-de-interesse-publico\/#breadcrumb"},"inLanguage":"pt-PT","potentialAction":[{"@type":"ReadAction","target":["https:\/\/portaltela.pt\/noticias\/2025\/12\/03\/padrao-dos-descobrimentos-proposto-como-monumento-de-interesse-publico\/"]}]},{"@type":"ImageObject","inLanguage":"pt-PT","@id":"https:\/\/portaltela.pt\/noticias\/2025\/12\/03\/padrao-dos-descobrimentos-proposto-como-monumento-de-interesse-publico\/#primaryimage","url":"https:\/\/portaltela.pt\/s.01k8rhncp4jt1\/2025\/12\/257461-Padrao-Dos-Descobrimentos.jpg","contentUrl":"https:\/\/portaltela.pt\/s.01k8rhncp4jt1\/2025\/12\/257461-Padrao-Dos-Descobrimentos.jpg","width":796,"height":448,"caption":"Photo"},{"@type":"BreadcrumbList","@id":"https:\/\/portaltela.pt\/noticias\/2025\/12\/03\/padrao-dos-descobrimentos-proposto-como-monumento-de-interesse-publico\/#breadcrumb","itemListElement":[{"@type":"ListItem","position":1,"name":"In\u00edcio","item":"https:\/\/portaltela.pt\/"},{"@type":"ListItem","position":2,"name":"Padr\u00e3o dos Descobrimentos proposto como Monumento de Interesse P\u00fablico"}]},{"@type":"WebSite","@id":"https:\/\/portaltela.pt\/#website","url":"https:\/\/portaltela.pt\/","name":"Portal Tela Portugal","description":"","potentialAction":[{"@type":"SearchAction","target":{"@type":"EntryPoint","urlTemplate":"https:\/\/portaltela.pt\/?s={search_term_string}"},"query-input":{"@type":"PropertyValueSpecification","valueRequired":true,"valueName":"search_term_string"}}],"inLanguage":"pt-PT"},{"@type":"Person","@id":"https:\/\/portaltela.pt\/#\/schema\/person\/c4278d4a6028830caff9ee44b42d32ed","name":"Telinha","image":{"@type":"ImageObject","inLanguage":"pt-PT","@id":"https:\/\/portaltela.pt\/s.01k8rhncp4jt1\/2025\/11\/talking-bot-125x125.png","url":"https:\/\/portaltela.pt\/s.01k8rhncp4jt1\/2025\/11\/talking-bot-125x125.png","contentUrl":"https:\/\/portaltela.pt\/s.01k8rhncp4jt1\/2025\/11\/talking-bot-125x125.png","caption":"Telinha"},"sameAs":["https:\/\/portaltela.pt\/"],"url":"https:\/\/portaltela.pt\/por\/367410592786\/"}]}},"_links":{"self":[{"href":"https:\/\/portaltela.pt\/api\/wp\/v2\/posts\/49385","targetHints":{"allow":["GET"]}}],"collection":[{"href":"https:\/\/portaltela.pt\/api\/wp\/v2\/posts"}],"about":[{"href":"https:\/\/portaltela.pt\/api\/wp\/v2\/types\/post"}],"author":[{"embeddable":true,"href":"https:\/\/portaltela.pt\/api\/wp\/v2\/users\/2"}],"replies":[{"embeddable":true,"href":"https:\/\/portaltela.pt\/api\/wp\/v2\/comments?post=49385"}],"version-history":[{"count":0,"href":"https:\/\/portaltela.pt\/api\/wp\/v2\/posts\/49385\/revisions"}],"wp:featuredmedia":[{"embeddable":true,"href":"https:\/\/portaltela.pt\/api\/wp\/v2\/media\/49392"}],"wp:attachment":[{"href":"https:\/\/portaltela.pt\/api\/wp\/v2\/media?parent=49385"}],"wp:term":[{"taxonomy":"category","embeddable":true,"href":"https:\/\/portaltela.pt\/api\/wp\/v2\/categories?post=49385"},{"taxonomy":"post_tag","embeddable":true,"href":"https:\/\/portaltela.pt\/api\/wp\/v2\/tags?post=49385"}],"curies":[{"name":"wp","href":"https:\/\/api.w.org\/{rel}","templated":true}]}}