{"id":49001,"date":"2025-12-04T07:15:00","date_gmt":"2025-12-04T10:15:00","guid":{"rendered":"https:\/\/portaltela.pt\/noticias\/2025\/12\/04\/benfica-o-fator-casa-no-derbi-com-o-sporting-nao-e-o-que-parece\/"},"modified":"2025-12-04T07:15:00","modified_gmt":"2025-12-04T10:15:00","slug":"benfica-o-fator-casa-no-derbi-com-o-sporting-nao-e-o-que-parece","status":"publish","type":"post","link":"https:\/\/portaltela.pt\/desporto\/futebol\/2025\/12\/04\/benfica-o-fator-casa-no-derbi-com-o-sporting-nao-e-o-que-parece\/","title":{"rendered":"Benfica: o fator casa no d\u00e9rbi com o Sporting n\u00e3o \u00e9 o que parece"},"content":{"rendered":"<p>O Est\u00e1dio da Luz continua a ser palco de contratempos para o Benfica, com resultados desastrosos em casa frente a Qarabag, Leverkusen, Santa Clara, Rio Ave e Casa Pia. A equipa tem mostrado desequil\u00edbrios entre o desempenho no lan\u00e7amento de jogo e a aus\u00eancia de consist\u00eancia na finaliza\u00e7\u00e3o. Bruno Lage saiu do clube ap\u00f3s a derrota com Qarabag e o empate frente ao Santa Clara na Liga.<\/p>\n<p>Jos\u00e9 Mourinho chega ao d\u00e9rbi com uma sequ\u00eancia de tr\u00eas vit\u00f3rias seguidas fora do est\u00e1dio, frente a Ajax, Nacional e um terceiro advers\u00e1rio n\u00e3o especificado. O Benfica, por seu lado, soma humores diferentes em casa, com empates e derrotas nos \u00faltimos encontros, antes do confronto com o Sporting.<\/p>\n<p>O Benfica levou a melhor apenas em dois dos \u00faltimos seis jogos em casa, com tr\u00eas empates e uma derrota no agregado. No agregado, Mourinho apresenta maior sucesso longe do Est\u00e1dio da Luz, com 9 vit\u00f3rias, 2 derrotas e 2 empates em 13 jogos fora, frente a 6 vit\u00f3rias, 3 empates e 2 derrotas em 11 partidas dentro de casa.<\/p>\n<h3>Desempenho das frentes<\/h3>\n<p>A compara\u00e7\u00e3o entre as fases internas indica que, no equil\u00edbrio geral, o Benfica tem 25 partidas, com 11 em casa e 13 fora. A Superta\u00e7a em campo neutro tamb\u00e9m aparece no hist\u00f3rico recente, consolidando uma particularidade de efic\u00e1cia fora de casa para Mourinho.<\/p>\n<h3>Perspetivas para o d\u00e9rbi<\/h3>\n<p>Mourinho acena com a continuidade de bons resultados recentes, enquanto o Benfica tenta inverter a tend\u00eancia de rendimentos no Est\u00e1dio da Luz. A expectativa \u00e9 de equil\u00edbrio entre as din\u00e2micas de ataque e as cautelas defensivas, num d\u00e9rbi que promete intensidade.<\/p>\n","protected":false},"excerpt":{"rendered":"<ul>\n<li>O Est\u00e1dio da Luz tem sido palco de desgostos para o Benfica, com a queda de Bruno Lage e resultados negativos em casa frente a Qarabag, Bayer Leverkusen, Santa Clara, Rio Ave e Casa Pia.<\/li>\n<li>Mourinho chega ao d\u00e9rbi com tr\u00eas triunfos consecutivos fora do est\u00e1dio, enquanto o Benfica soma empates e derrotas em casa, preparando-se para enfrentar o Sporting.<\/li>\n<li>Em termos de desempenho, o Benfica soma cinco desgostos em casa na Liga, e a \u00faltima vit\u00f3ria no pr\u00f3prio estadio foi a 29 de outubro, frente ao Tondela, na Ta\u00e7a da Liga.<\/li>\n<li>No geral, Mourinho tem 54,5 por cento de vit\u00f3rias no Est\u00e1dio da Luz (seis vit\u00f3rias, tr\u00eas empates, duas derrotas); fora, a taxa supera os 69 por cento (nove vit\u00f3rias, dois empates, duas derrotas).<\/li>\n<li>O Benfica mostra melhor registo fora de casa, com mais vit\u00f3rias longe do est\u00e1dio do que dentro dele.<\/li>\n<\/ul>\n","protected":false},"author":2,"featured_media":49004,"comment_status":"closed","ping_status":"closed","sticky":false,"template":"","format":"standard","meta":{"footnotes":""},"categories":[21,24],"tags":[660,178,152,32,457,598],"class_list":["post-49001","post","type-post","status-publish","format-standard","has-post-thumbnail","hentry","category-desporto","category-futebol","tag-assuntos-desportivos","tag-confrontos","tag-desporto","tag-futebol","tag-liga-portugal","tag-mourisca"],"yoast_head":"<!-- This site is optimized with the Yoast SEO plugin v27.2 - https:\/\/yoast.com\/product\/yoast-seo-wordpress\/ -->\n<title>Benfica: o fator casa no d\u00e9rbi com o Sporting n\u00e3o \u00e9 o que parece - Portal Tela Portugal<\/title>\n<meta name=\"robots\" content=\"index, follow, max-snippet:-1, max-image-preview:large, max-video-preview:-1\" \/>\n<meta property=\"og:locale\" content=\"pt_PT\" \/>\n<meta property=\"og:type\" content=\"article\" \/>\n<meta property=\"og:title\" content=\"Benfica: o fator casa no d\u00e9rbi com o Sporting n\u00e3o \u00e9 o que parece - Portal Tela Portugal\" \/>\n<meta property=\"og:description\" content=\"O Est\u00e1dio da Luz tem sido palco de desgostos para o Benfica, com a queda de Bruno Lage e resultados negativos em casa frente a Qarabag, Bayer Leverkusen, Santa Clara, Rio Ave e Casa Pia. Mourinho chega ao d\u00e9rbi com tr\u00eas triunfos consecutivos fora do est\u00e1dio, enquanto o Benfica soma empates e derrotas em casa, preparando-se para enfrentar o Sporting. Em termos de desempenho, o Benfica soma cinco desgostos em casa na Liga, e a \u00faltima vit\u00f3ria no pr\u00f3prio estadio foi a 29 de outubro, frente ao Tondela, na Ta\u00e7a da Liga. No geral, Mourinho tem 54,5 por cento de vit\u00f3rias no Est\u00e1dio da Luz (seis vit\u00f3rias, tr\u00eas empates, duas derrotas); fora, a taxa supera os 69 por cento (nove vit\u00f3rias, dois empates, duas derrotas). O Benfica mostra melhor registo fora de casa, com mais vit\u00f3rias longe do est\u00e1dio do que dentro dele.\" \/>\n<meta property=\"og:url\" content=\"https:\/\/portaltela.pt\/noticias\/2025\/12\/04\/benfica-o-fator-casa-no-derbi-com-o-sporting-nao-e-o-que-parece\/\" \/>\n<meta property=\"og:site_name\" content=\"Portal Tela Portugal\" \/>\n<meta property=\"article:published_time\" content=\"2025-12-04T10:15:00+00:00\" \/>\n<meta name=\"author\" content=\"Telinha\" \/>\n<meta name=\"twitter:card\" content=\"summary_large_image\" \/>\n<meta name=\"twitter:label1\" content=\"Escrito por\" \/>\n\t<meta name=\"twitter:data1\" content=\"Telinha\" \/>\n\t<meta name=\"twitter:label2\" content=\"Tempo estimado de leitura\" \/>\n\t<meta name=\"twitter:data2\" content=\"1 minuto\" \/>\n<script type=\"application\/ld+json\" class=\"yoast-schema-graph\">{\"@context\":\"https:\/\/schema.org\",\"@graph\":[{\"@type\":\"Article\",\"@id\":\"https:\/\/portaltela.pt\/noticias\/2025\/12\/04\/benfica-o-fator-casa-no-derbi-com-o-sporting-nao-e-o-que-parece\/#article\",\"isPartOf\":{\"@id\":\"https:\/\/portaltela.pt\/noticias\/2025\/12\/04\/benfica-o-fator-casa-no-derbi-com-o-sporting-nao-e-o-que-parece\/\"},\"author\":{\"name\":\"Telinha\",\"@id\":\"https:\/\/portaltela.pt\/#\/schema\/person\/c4278d4a6028830caff9ee44b42d32ed\"},\"headline\":\"Benfica: o fator casa no d\u00e9rbi com o Sporting n\u00e3o \u00e9 o que parece\",\"datePublished\":\"2025-12-04T10:15:00+00:00\",\"mainEntityOfPage\":{\"@id\":\"https:\/\/portaltela.pt\/noticias\/2025\/12\/04\/benfica-o-fator-casa-no-derbi-com-o-sporting-nao-e-o-que-parece\/\"},\"wordCount\":299,\"image\":{\"@id\":\"https:\/\/portaltela.pt\/noticias\/2025\/12\/04\/benfica-o-fator-casa-no-derbi-com-o-sporting-nao-e-o-que-parece\/#primaryimage\"},\"thumbnailUrl\":\"https:\/\/portaltela.pt\/s.01k8rhncp4jt1\/2025\/12\/011b0651-8548-4176-915d-30d8f0c39484.jpg\",\"keywords\":[\"assuntos desportivos\",\"confrontos\",\"desporto\",\"futebol\",\"Liga Portugal\",\"Mourisca\"],\"articleSection\":[\"Desporto\",\"Futebol\"],\"inLanguage\":\"pt-PT\"},{\"@type\":\"WebPage\",\"@id\":\"https:\/\/portaltela.pt\/noticias\/2025\/12\/04\/benfica-o-fator-casa-no-derbi-com-o-sporting-nao-e-o-que-parece\/\",\"url\":\"https:\/\/portaltela.pt\/noticias\/2025\/12\/04\/benfica-o-fator-casa-no-derbi-com-o-sporting-nao-e-o-que-parece\/\",\"name\":\"Benfica: o fator casa no d\u00e9rbi com o Sporting n\u00e3o \u00e9 o que parece - Portal Tela Portugal\",\"isPartOf\":{\"@id\":\"https:\/\/portaltela.pt\/#website\"},\"primaryImageOfPage\":{\"@id\":\"https:\/\/portaltela.pt\/noticias\/2025\/12\/04\/benfica-o-fator-casa-no-derbi-com-o-sporting-nao-e-o-que-parece\/#primaryimage\"},\"image\":{\"@id\":\"https:\/\/portaltela.pt\/noticias\/2025\/12\/04\/benfica-o-fator-casa-no-derbi-com-o-sporting-nao-e-o-que-parece\/#primaryimage\"},\"thumbnailUrl\":\"https:\/\/portaltela.pt\/s.01k8rhncp4jt1\/2025\/12\/011b0651-8548-4176-915d-30d8f0c39484.jpg\",\"datePublished\":\"2025-12-04T10:15:00+00:00\",\"author\":{\"@id\":\"https:\/\/portaltela.pt\/#\/schema\/person\/c4278d4a6028830caff9ee44b42d32ed\"},\"breadcrumb\":{\"@id\":\"https:\/\/portaltela.pt\/noticias\/2025\/12\/04\/benfica-o-fator-casa-no-derbi-com-o-sporting-nao-e-o-que-parece\/#breadcrumb\"},\"inLanguage\":\"pt-PT\",\"potentialAction\":[{\"@type\":\"ReadAction\",\"target\":[\"https:\/\/portaltela.pt\/noticias\/2025\/12\/04\/benfica-o-fator-casa-no-derbi-com-o-sporting-nao-e-o-que-parece\/\"]}]},{\"@type\":\"ImageObject\",\"inLanguage\":\"pt-PT\",\"@id\":\"https:\/\/portaltela.pt\/noticias\/2025\/12\/04\/benfica-o-fator-casa-no-derbi-com-o-sporting-nao-e-o-que-parece\/#primaryimage\",\"url\":\"https:\/\/portaltela.pt\/s.01k8rhncp4jt1\/2025\/12\/011b0651-8548-4176-915d-30d8f0c39484.jpg\",\"contentUrl\":\"https:\/\/portaltela.pt\/s.01k8rhncp4jt1\/2025\/12\/011b0651-8548-4176-915d-30d8f0c39484.jpg\",\"width\":796,\"height\":448,\"caption\":\"Jos\u00e9 Mourinho, treinador do Benfica, no Est\u00e1dio da Luz - Foto: IMAGO\"},{\"@type\":\"BreadcrumbList\",\"@id\":\"https:\/\/portaltela.pt\/noticias\/2025\/12\/04\/benfica-o-fator-casa-no-derbi-com-o-sporting-nao-e-o-que-parece\/#breadcrumb\",\"itemListElement\":[{\"@type\":\"ListItem\",\"position\":1,\"name\":\"In\u00edcio\",\"item\":\"https:\/\/portaltela.pt\/\"},{\"@type\":\"ListItem\",\"position\":2,\"name\":\"Benfica: o fator casa no d\u00e9rbi com o Sporting n\u00e3o \u00e9 o que parece\"}]},{\"@type\":\"WebSite\",\"@id\":\"https:\/\/portaltela.pt\/#website\",\"url\":\"https:\/\/portaltela.pt\/\",\"name\":\"Portal Tela Portugal\",\"description\":\"\",\"potentialAction\":[{\"@type\":\"SearchAction\",\"target\":{\"@type\":\"EntryPoint\",\"urlTemplate\":\"https:\/\/portaltela.pt\/?s={search_term_string}\"},\"query-input\":{\"@type\":\"PropertyValueSpecification\",\"valueRequired\":true,\"valueName\":\"search_term_string\"}}],\"inLanguage\":\"pt-PT\"},{\"@type\":\"Person\",\"@id\":\"https:\/\/portaltela.pt\/#\/schema\/person\/c4278d4a6028830caff9ee44b42d32ed\",\"name\":\"Telinha\",\"image\":{\"@type\":\"ImageObject\",\"inLanguage\":\"pt-PT\",\"@id\":\"https:\/\/portaltela.pt\/s.01k8rhncp4jt1\/2025\/11\/talking-bot-125x125.png\",\"url\":\"https:\/\/portaltela.pt\/s.01k8rhncp4jt1\/2025\/11\/talking-bot-125x125.png\",\"contentUrl\":\"https:\/\/portaltela.pt\/s.01k8rhncp4jt1\/2025\/11\/talking-bot-125x125.png\",\"caption\":\"Telinha\"},\"sameAs\":[\"https:\/\/portaltela.pt\/\"],\"url\":\"https:\/\/portaltela.pt\/por\/367410592786\/\"}]}<\/script>\n<!-- \/ Yoast SEO plugin. -->","yoast_head_json":{"title":"Benfica: o fator casa no d\u00e9rbi com o Sporting n\u00e3o \u00e9 o que parece - Portal Tela Portugal","robots":{"index":"index","follow":"follow","max-snippet":"max-snippet:-1","max-image-preview":"max-image-preview:large","max-video-preview":"max-video-preview:-1"},"og_locale":"pt_PT","og_type":"article","og_title":"Benfica: o fator casa no d\u00e9rbi com o Sporting n\u00e3o \u00e9 o que parece - Portal Tela Portugal","og_description":"O Est\u00e1dio da Luz tem sido palco de desgostos para o Benfica, com a queda de Bruno Lage e resultados negativos em casa frente a Qarabag, Bayer Leverkusen, Santa Clara, Rio Ave e Casa Pia. Mourinho chega ao d\u00e9rbi com tr\u00eas triunfos consecutivos fora do est\u00e1dio, enquanto o Benfica soma empates e derrotas em casa, preparando-se para enfrentar o Sporting. Em termos de desempenho, o Benfica soma cinco desgostos em casa na Liga, e a \u00faltima vit\u00f3ria no pr\u00f3prio estadio foi a 29 de outubro, frente ao Tondela, na Ta\u00e7a da Liga. No geral, Mourinho tem 54,5 por cento de vit\u00f3rias no Est\u00e1dio da Luz (seis vit\u00f3rias, tr\u00eas empates, duas derrotas); fora, a taxa supera os 69 por cento (nove vit\u00f3rias, dois empates, duas derrotas). O Benfica mostra melhor registo fora de casa, com mais vit\u00f3rias longe do est\u00e1dio do que dentro dele.","og_url":"https:\/\/portaltela.pt\/noticias\/2025\/12\/04\/benfica-o-fator-casa-no-derbi-com-o-sporting-nao-e-o-que-parece\/","og_site_name":"Portal Tela Portugal","article_published_time":"2025-12-04T10:15:00+00:00","author":"Telinha","twitter_card":"summary_large_image","twitter_misc":{"Escrito por":"Telinha","Tempo estimado de leitura":"1 minuto"},"schema":{"@context":"https:\/\/schema.org","@graph":[{"@type":"Article","@id":"https:\/\/portaltela.pt\/noticias\/2025\/12\/04\/benfica-o-fator-casa-no-derbi-com-o-sporting-nao-e-o-que-parece\/#article","isPartOf":{"@id":"https:\/\/portaltela.pt\/noticias\/2025\/12\/04\/benfica-o-fator-casa-no-derbi-com-o-sporting-nao-e-o-que-parece\/"},"author":{"name":"Telinha","@id":"https:\/\/portaltela.pt\/#\/schema\/person\/c4278d4a6028830caff9ee44b42d32ed"},"headline":"Benfica: o fator casa no d\u00e9rbi com o Sporting n\u00e3o \u00e9 o que parece","datePublished":"2025-12-04T10:15:00+00:00","mainEntityOfPage":{"@id":"https:\/\/portaltela.pt\/noticias\/2025\/12\/04\/benfica-o-fator-casa-no-derbi-com-o-sporting-nao-e-o-que-parece\/"},"wordCount":299,"image":{"@id":"https:\/\/portaltela.pt\/noticias\/2025\/12\/04\/benfica-o-fator-casa-no-derbi-com-o-sporting-nao-e-o-que-parece\/#primaryimage"},"thumbnailUrl":"https:\/\/portaltela.pt\/s.01k8rhncp4jt1\/2025\/12\/011b0651-8548-4176-915d-30d8f0c39484.jpg","keywords":["assuntos desportivos","confrontos","desporto","futebol","Liga Portugal","Mourisca"],"articleSection":["Desporto","Futebol"],"inLanguage":"pt-PT"},{"@type":"WebPage","@id":"https:\/\/portaltela.pt\/noticias\/2025\/12\/04\/benfica-o-fator-casa-no-derbi-com-o-sporting-nao-e-o-que-parece\/","url":"https:\/\/portaltela.pt\/noticias\/2025\/12\/04\/benfica-o-fator-casa-no-derbi-com-o-sporting-nao-e-o-que-parece\/","name":"Benfica: o fator casa no d\u00e9rbi com o Sporting n\u00e3o \u00e9 o que parece - Portal Tela Portugal","isPartOf":{"@id":"https:\/\/portaltela.pt\/#website"},"primaryImageOfPage":{"@id":"https:\/\/portaltela.pt\/noticias\/2025\/12\/04\/benfica-o-fator-casa-no-derbi-com-o-sporting-nao-e-o-que-parece\/#primaryimage"},"image":{"@id":"https:\/\/portaltela.pt\/noticias\/2025\/12\/04\/benfica-o-fator-casa-no-derbi-com-o-sporting-nao-e-o-que-parece\/#primaryimage"},"thumbnailUrl":"https:\/\/portaltela.pt\/s.01k8rhncp4jt1\/2025\/12\/011b0651-8548-4176-915d-30d8f0c39484.jpg","datePublished":"2025-12-04T10:15:00+00:00","author":{"@id":"https:\/\/portaltela.pt\/#\/schema\/person\/c4278d4a6028830caff9ee44b42d32ed"},"breadcrumb":{"@id":"https:\/\/portaltela.pt\/noticias\/2025\/12\/04\/benfica-o-fator-casa-no-derbi-com-o-sporting-nao-e-o-que-parece\/#breadcrumb"},"inLanguage":"pt-PT","potentialAction":[{"@type":"ReadAction","target":["https:\/\/portaltela.pt\/noticias\/2025\/12\/04\/benfica-o-fator-casa-no-derbi-com-o-sporting-nao-e-o-que-parece\/"]}]},{"@type":"ImageObject","inLanguage":"pt-PT","@id":"https:\/\/portaltela.pt\/noticias\/2025\/12\/04\/benfica-o-fator-casa-no-derbi-com-o-sporting-nao-e-o-que-parece\/#primaryimage","url":"https:\/\/portaltela.pt\/s.01k8rhncp4jt1\/2025\/12\/011b0651-8548-4176-915d-30d8f0c39484.jpg","contentUrl":"https:\/\/portaltela.pt\/s.01k8rhncp4jt1\/2025\/12\/011b0651-8548-4176-915d-30d8f0c39484.jpg","width":796,"height":448,"caption":"Jos\u00e9 Mourinho, treinador do Benfica, no Est\u00e1dio da Luz - Foto: IMAGO"},{"@type":"BreadcrumbList","@id":"https:\/\/portaltela.pt\/noticias\/2025\/12\/04\/benfica-o-fator-casa-no-derbi-com-o-sporting-nao-e-o-que-parece\/#breadcrumb","itemListElement":[{"@type":"ListItem","position":1,"name":"In\u00edcio","item":"https:\/\/portaltela.pt\/"},{"@type":"ListItem","position":2,"name":"Benfica: o fator casa no d\u00e9rbi com o Sporting n\u00e3o \u00e9 o que parece"}]},{"@type":"WebSite","@id":"https:\/\/portaltela.pt\/#website","url":"https:\/\/portaltela.pt\/","name":"Portal Tela Portugal","description":"","potentialAction":[{"@type":"SearchAction","target":{"@type":"EntryPoint","urlTemplate":"https:\/\/portaltela.pt\/?s={search_term_string}"},"query-input":{"@type":"PropertyValueSpecification","valueRequired":true,"valueName":"search_term_string"}}],"inLanguage":"pt-PT"},{"@type":"Person","@id":"https:\/\/portaltela.pt\/#\/schema\/person\/c4278d4a6028830caff9ee44b42d32ed","name":"Telinha","image":{"@type":"ImageObject","inLanguage":"pt-PT","@id":"https:\/\/portaltela.pt\/s.01k8rhncp4jt1\/2025\/11\/talking-bot-125x125.png","url":"https:\/\/portaltela.pt\/s.01k8rhncp4jt1\/2025\/11\/talking-bot-125x125.png","contentUrl":"https:\/\/portaltela.pt\/s.01k8rhncp4jt1\/2025\/11\/talking-bot-125x125.png","caption":"Telinha"},"sameAs":["https:\/\/portaltela.pt\/"],"url":"https:\/\/portaltela.pt\/por\/367410592786\/"}]}},"_links":{"self":[{"href":"https:\/\/portaltela.pt\/api\/wp\/v2\/posts\/49001","targetHints":{"allow":["GET"]}}],"collection":[{"href":"https:\/\/portaltela.pt\/api\/wp\/v2\/posts"}],"about":[{"href":"https:\/\/portaltela.pt\/api\/wp\/v2\/types\/post"}],"author":[{"embeddable":true,"href":"https:\/\/portaltela.pt\/api\/wp\/v2\/users\/2"}],"replies":[{"embeddable":true,"href":"https:\/\/portaltela.pt\/api\/wp\/v2\/comments?post=49001"}],"version-history":[{"count":0,"href":"https:\/\/portaltela.pt\/api\/wp\/v2\/posts\/49001\/revisions"}],"wp:featuredmedia":[{"embeddable":true,"href":"https:\/\/portaltela.pt\/api\/wp\/v2\/media\/49004"}],"wp:attachment":[{"href":"https:\/\/portaltela.pt\/api\/wp\/v2\/media?parent=49001"}],"wp:term":[{"taxonomy":"category","embeddable":true,"href":"https:\/\/portaltela.pt\/api\/wp\/v2\/categories?post=49001"},{"taxonomy":"post_tag","embeddable":true,"href":"https:\/\/portaltela.pt\/api\/wp\/v2\/tags?post=49001"}],"curies":[{"name":"wp","href":"https:\/\/api.w.org\/{rel}","templated":true}]}}