{"id":48021,"date":"2025-12-02T21:00:00","date_gmt":"2025-12-03T00:00:00","guid":{"rendered":"https:\/\/portaltela.pt\/noticias\/2025\/12\/02\/emprestimos-europeus-fragatas-alfeite-blindados-satelites-e-drones\/"},"modified":"2025-12-02T21:00:00","modified_gmt":"2025-12-03T00:00:00","slug":"emprestimos-europeus-fragatas-alfeite-blindados-satelites-e-drones","status":"publish","type":"post","link":"https:\/\/portaltela.pt\/noticias\/2025\/12\/02\/emprestimos-europeus-fragatas-alfeite-blindados-satelites-e-drones\/","title":{"rendered":"Empr\u00e9stimos europeus: fragatas, Alfeite, blindados, sat\u00e9lites e drones"},"content":{"rendered":"<p>O Governo de Portugal anunciou a candidatura aos empr\u00e9stimos europeus SAFE, que inclui a aquisi\u00e7\u00e3o de fragatas, a recupera\u00e7\u00e3o do Arsenal do Alfeite e a produ\u00e7\u00e3o nacional de blindados, muni\u00e7\u00f5es, sat\u00e9lites e drones. A decis\u00e3o foi confirmada pelo ministro da Defesa Nacional, Nuno Melo, e anunciada numa confer\u00eancia no Instituto de Defesa Nacional, em Lisboa.<\/p>\n<p>A candidatura, aprovada pelo Conselho de Ministros a 28 de fevereiro, abre um processo de contrata\u00e7\u00e3o at\u00e9 ao final de fevereiro, com a Comiss\u00e3o Europeia a detalhar depois o que vai aplicar. O objetivo \u00e9 criar uma unidade industrial de produ\u00e7\u00e3o e manuten\u00e7\u00e3o de ve\u00edculos blindados e uma f\u00e1brica de muni\u00e7\u00f5es de pequeno calibre, al\u00e9m de desenvolver sat\u00e9lites em solo nacional.<\/p>\n<p>Parcerias previstas existem com It\u00e1lia, Fran\u00e7a, Finl\u00e2ndia, Alemanha, Espanha e B\u00e9lgica. A disputa por duas a tr\u00eas fragatas envolve Naval Group e Fincantieri, sob um regime de 10 anos sem IVA, negociado Estado a Estado. Os crit\u00e9rios de sele\u00e7\u00e3o alinham-se com a NATO, com a Lei de Programa\u00e7\u00e3o Militar e com miss\u00f5es nacionais.<\/p>\n<p>A prioridade maior recair\u00e1 sobre a Marinha, com aten\u00e7\u00e3o \u00e0 edifica\u00e7\u00e3o de uma brigada m\u00e9dia e ao desenvolvimento da brigada ligeira. O Governo justifica a atualiza\u00e7\u00e3o do arsenal com base em condi\u00e7\u00f5es favor\u00e1veis de financiamento da UE e na necessidade de cumprir compromissos da defesa at\u00e9 2034.<\/p>\n","protected":false},"excerpt":{"rendered":"<ul>\n<li>Portugal candidata-se aos empr\u00e9stimos europeus SAFE no valor de 5,8 mil milh\u00f5es de euros, incluindo fragatas, recupera\u00e7\u00e3o do Arsenal do Alfeite e produ\u00e7\u00e3o de blindados, muni\u00e7\u00f5es, sat\u00e9lites e drones em Portugal.<\/li>\n<li>Abre-se um processo de contrata\u00e7\u00e3o at\u00e9 ao final de fevereiro, com a Comiss\u00e3o Europeia a confirmar detalhes, e prioridade na edifica\u00e7\u00e3o de infraestruturas, equipamentos e forma\u00e7\u00e3o no Arsenal do Alfeite para a Armada.<\/li>\n<li>O objetivo \u00e9 criar uma unidade industrial para produ\u00e7\u00e3o e manuten\u00e7\u00e3o de ve\u00edculos blindados e uma f\u00e1brica de muni\u00e7\u00f5es de pequeno calibre, al\u00e9m de produ\u00e7\u00e3o de sat\u00e9lites em Portugal, com parcerias previstas com It\u00e1lia, Fran\u00e7a, Finl\u00e2ndia, Alemanha, Espanha e B\u00e9lgica.<\/li>\n<li>H\u00e1 disputa entre Naval Group (Fran\u00e7a) e Fincantieri (It\u00e1lia) para o neg\u00f3cio de duas a tr\u00eas fragatas, num regime de car\u00eancia de dez anos sem IVA, com negocia\u00e7\u00f5es Estado a Estado pela Uni\u00e3o Europeia.<\/li>\n<li>Os crit\u00e9rios de sele\u00e7\u00e3o fortalecem a NATO, a Lei de Programa\u00e7\u00e3o Militar e as miss\u00f5es nacionais, incluindo a edifica\u00e7\u00e3o de uma brigada m\u00e9dia e a conclus\u00e3o da brigada ligeira, com detalhes a definir no processo contratual.<\/li>\n<\/ul>\n","protected":false},"author":2,"featured_media":48027,"comment_status":"closed","ping_status":"closed","sticky":false,"template":"","format":"standard","meta":{"footnotes":""},"categories":[1],"tags":[168,165,628,256,190,316],"class_list":["post-48021","post","type-post","status-publish","format-standard","has-post-thumbnail","hentry","category-noticias","tag-administracao-publica","tag-armamento","tag-arsenal-da-maia","tag-cooperacao-internacional","tag-desenvolvimento-economico","tag-investimento"],"yoast_head":"<!-- This site is optimized with the Yoast SEO plugin v27.2 - https:\/\/yoast.com\/product\/yoast-seo-wordpress\/ -->\n<title>Empr\u00e9stimos europeus: fragatas, Alfeite, blindados, sat\u00e9lites e drones - Portal Tela Portugal<\/title>\n<meta name=\"robots\" content=\"index, follow, max-snippet:-1, max-image-preview:large, max-video-preview:-1\" \/>\n<meta property=\"og:locale\" content=\"pt_PT\" \/>\n<meta property=\"og:type\" content=\"article\" \/>\n<meta property=\"og:title\" content=\"Empr\u00e9stimos europeus: fragatas, Alfeite, blindados, sat\u00e9lites e drones - Portal Tela Portugal\" \/>\n<meta property=\"og:description\" content=\"Portugal candidata-se aos empr\u00e9stimos europeus SAFE no valor de 5,8 mil milh\u00f5es de euros, incluindo fragatas, recupera\u00e7\u00e3o do Arsenal do Alfeite e produ\u00e7\u00e3o de blindados, muni\u00e7\u00f5es, sat\u00e9lites e drones em Portugal. Abre-se um processo de contrata\u00e7\u00e3o at\u00e9 ao final de fevereiro, com a Comiss\u00e3o Europeia a confirmar detalhes, e prioridade na edifica\u00e7\u00e3o de infraestruturas, equipamentos e forma\u00e7\u00e3o no Arsenal do Alfeite para a Armada. O objetivo \u00e9 criar uma unidade industrial para produ\u00e7\u00e3o e manuten\u00e7\u00e3o de ve\u00edculos blindados e uma f\u00e1brica de muni\u00e7\u00f5es de pequeno calibre, al\u00e9m de produ\u00e7\u00e3o de sat\u00e9lites em Portugal, com parcerias previstas com It\u00e1lia, Fran\u00e7a, Finl\u00e2ndia, Alemanha, Espanha e B\u00e9lgica. H\u00e1 disputa entre Naval Group (Fran\u00e7a) e Fincantieri (It\u00e1lia) para o neg\u00f3cio de duas a tr\u00eas fragatas, num regime de car\u00eancia de dez anos sem IVA, com negocia\u00e7\u00f5es Estado a Estado pela Uni\u00e3o Europeia. Os crit\u00e9rios de sele\u00e7\u00e3o fortalecem a NATO, a Lei de Programa\u00e7\u00e3o Militar e as miss\u00f5es nacionais, incluindo a edifica\u00e7\u00e3o de uma brigada m\u00e9dia e a conclus\u00e3o da brigada ligeira, com detalhes a definir no processo contratual.\" \/>\n<meta property=\"og:url\" content=\"https:\/\/portaltela.pt\/noticias\/2025\/12\/02\/emprestimos-europeus-fragatas-alfeite-blindados-satelites-e-drones\/\" \/>\n<meta property=\"og:site_name\" content=\"Portal Tela Portugal\" \/>\n<meta property=\"article:published_time\" content=\"2025-12-03T00:00:00+00:00\" \/>\n<meta name=\"author\" content=\"Telinha\" \/>\n<meta name=\"twitter:card\" content=\"summary_large_image\" \/>\n<meta name=\"twitter:label1\" content=\"Escrito por\" \/>\n\t<meta name=\"twitter:data1\" content=\"Telinha\" \/>\n\t<meta name=\"twitter:label2\" content=\"Tempo estimado de leitura\" \/>\n\t<meta name=\"twitter:data2\" content=\"1 minuto\" \/>\n<script type=\"application\/ld+json\" class=\"yoast-schema-graph\">{\"@context\":\"https:\/\/schema.org\",\"@graph\":[{\"@type\":\"Article\",\"@id\":\"https:\/\/portaltela.pt\/noticias\/2025\/12\/02\/emprestimos-europeus-fragatas-alfeite-blindados-satelites-e-drones\/#article\",\"isPartOf\":{\"@id\":\"https:\/\/portaltela.pt\/noticias\/2025\/12\/02\/emprestimos-europeus-fragatas-alfeite-blindados-satelites-e-drones\/\"},\"author\":{\"name\":\"Telinha\",\"@id\":\"https:\/\/portaltela.pt\/#\/schema\/person\/c4278d4a6028830caff9ee44b42d32ed\"},\"headline\":\"Empr\u00e9stimos europeus: fragatas, Alfeite, blindados, sat\u00e9lites e drones\",\"datePublished\":\"2025-12-03T00:00:00+00:00\",\"mainEntityOfPage\":{\"@id\":\"https:\/\/portaltela.pt\/noticias\/2025\/12\/02\/emprestimos-europeus-fragatas-alfeite-blindados-satelites-e-drones\/\"},\"wordCount\":253,\"image\":{\"@id\":\"https:\/\/portaltela.pt\/noticias\/2025\/12\/02\/emprestimos-europeus-fragatas-alfeite-blindados-satelites-e-drones\/#primaryimage\"},\"thumbnailUrl\":\"https:\/\/portaltela.pt\/s.01k8rhncp4jt1\/2025\/12\/image-8.jpg\",\"keywords\":[\"administra\u00e7\u00e3o p\u00fablica\",\"armamento\",\"Arsenal da Maia\",\"coopera\u00e7\u00e3o internacional\",\"Desenvolvimento econ\u00f3mico\",\"investimento\"],\"articleSection\":[\"Not\u00edcias\"],\"inLanguage\":\"pt-PT\"},{\"@type\":\"WebPage\",\"@id\":\"https:\/\/portaltela.pt\/noticias\/2025\/12\/02\/emprestimos-europeus-fragatas-alfeite-blindados-satelites-e-drones\/\",\"url\":\"https:\/\/portaltela.pt\/noticias\/2025\/12\/02\/emprestimos-europeus-fragatas-alfeite-blindados-satelites-e-drones\/\",\"name\":\"Empr\u00e9stimos europeus: fragatas, Alfeite, blindados, sat\u00e9lites e drones - Portal Tela Portugal\",\"isPartOf\":{\"@id\":\"https:\/\/portaltela.pt\/#website\"},\"primaryImageOfPage\":{\"@id\":\"https:\/\/portaltela.pt\/noticias\/2025\/12\/02\/emprestimos-europeus-fragatas-alfeite-blindados-satelites-e-drones\/#primaryimage\"},\"image\":{\"@id\":\"https:\/\/portaltela.pt\/noticias\/2025\/12\/02\/emprestimos-europeus-fragatas-alfeite-blindados-satelites-e-drones\/#primaryimage\"},\"thumbnailUrl\":\"https:\/\/portaltela.pt\/s.01k8rhncp4jt1\/2025\/12\/image-8.jpg\",\"datePublished\":\"2025-12-03T00:00:00+00:00\",\"author\":{\"@id\":\"https:\/\/portaltela.pt\/#\/schema\/person\/c4278d4a6028830caff9ee44b42d32ed\"},\"breadcrumb\":{\"@id\":\"https:\/\/portaltela.pt\/noticias\/2025\/12\/02\/emprestimos-europeus-fragatas-alfeite-blindados-satelites-e-drones\/#breadcrumb\"},\"inLanguage\":\"pt-PT\",\"potentialAction\":[{\"@type\":\"ReadAction\",\"target\":[\"https:\/\/portaltela.pt\/noticias\/2025\/12\/02\/emprestimos-europeus-fragatas-alfeite-blindados-satelites-e-drones\/\"]}]},{\"@type\":\"ImageObject\",\"inLanguage\":\"pt-PT\",\"@id\":\"https:\/\/portaltela.pt\/noticias\/2025\/12\/02\/emprestimos-europeus-fragatas-alfeite-blindados-satelites-e-drones\/#primaryimage\",\"url\":\"https:\/\/portaltela.pt\/s.01k8rhncp4jt1\/2025\/12\/image-8.jpg\",\"contentUrl\":\"https:\/\/portaltela.pt\/s.01k8rhncp4jt1\/2025\/12\/image-8.jpg\",\"width\":796,\"height\":448,\"caption\":\"O ministro da Defesa Nacional, Nuno Melo, durante uma confer\u00eancia de Imprensa sobre a candidatura ao programa europeu de empr\u00e9stimos para a Defesa SAFE, no valor de 5,8 mil milh\u00f5es de euros. Foto: Rodrigo Antunes \/ Lusa\"},{\"@type\":\"BreadcrumbList\",\"@id\":\"https:\/\/portaltela.pt\/noticias\/2025\/12\/02\/emprestimos-europeus-fragatas-alfeite-blindados-satelites-e-drones\/#breadcrumb\",\"itemListElement\":[{\"@type\":\"ListItem\",\"position\":1,\"name\":\"In\u00edcio\",\"item\":\"https:\/\/portaltela.pt\/\"},{\"@type\":\"ListItem\",\"position\":2,\"name\":\"Empr\u00e9stimos europeus: fragatas, Alfeite, blindados, sat\u00e9lites e drones\"}]},{\"@type\":\"WebSite\",\"@id\":\"https:\/\/portaltela.pt\/#website\",\"url\":\"https:\/\/portaltela.pt\/\",\"name\":\"Portal Tela Portugal\",\"description\":\"\",\"potentialAction\":[{\"@type\":\"SearchAction\",\"target\":{\"@type\":\"EntryPoint\",\"urlTemplate\":\"https:\/\/portaltela.pt\/?s={search_term_string}\"},\"query-input\":{\"@type\":\"PropertyValueSpecification\",\"valueRequired\":true,\"valueName\":\"search_term_string\"}}],\"inLanguage\":\"pt-PT\"},{\"@type\":\"Person\",\"@id\":\"https:\/\/portaltela.pt\/#\/schema\/person\/c4278d4a6028830caff9ee44b42d32ed\",\"name\":\"Telinha\",\"image\":{\"@type\":\"ImageObject\",\"inLanguage\":\"pt-PT\",\"@id\":\"https:\/\/portaltela.pt\/s.01k8rhncp4jt1\/2025\/11\/talking-bot-125x125.png\",\"url\":\"https:\/\/portaltela.pt\/s.01k8rhncp4jt1\/2025\/11\/talking-bot-125x125.png\",\"contentUrl\":\"https:\/\/portaltela.pt\/s.01k8rhncp4jt1\/2025\/11\/talking-bot-125x125.png\",\"caption\":\"Telinha\"},\"sameAs\":[\"https:\/\/portaltela.pt\/\"],\"url\":\"https:\/\/portaltela.pt\/por\/367410592786\/\"}]}<\/script>\n<!-- \/ Yoast SEO plugin. -->","yoast_head_json":{"title":"Empr\u00e9stimos europeus: fragatas, Alfeite, blindados, sat\u00e9lites e drones - Portal Tela Portugal","robots":{"index":"index","follow":"follow","max-snippet":"max-snippet:-1","max-image-preview":"max-image-preview:large","max-video-preview":"max-video-preview:-1"},"og_locale":"pt_PT","og_type":"article","og_title":"Empr\u00e9stimos europeus: fragatas, Alfeite, blindados, sat\u00e9lites e drones - Portal Tela Portugal","og_description":"Portugal candidata-se aos empr\u00e9stimos europeus SAFE no valor de 5,8 mil milh\u00f5es de euros, incluindo fragatas, recupera\u00e7\u00e3o do Arsenal do Alfeite e produ\u00e7\u00e3o de blindados, muni\u00e7\u00f5es, sat\u00e9lites e drones em Portugal. Abre-se um processo de contrata\u00e7\u00e3o at\u00e9 ao final de fevereiro, com a Comiss\u00e3o Europeia a confirmar detalhes, e prioridade na edifica\u00e7\u00e3o de infraestruturas, equipamentos e forma\u00e7\u00e3o no Arsenal do Alfeite para a Armada. O objetivo \u00e9 criar uma unidade industrial para produ\u00e7\u00e3o e manuten\u00e7\u00e3o de ve\u00edculos blindados e uma f\u00e1brica de muni\u00e7\u00f5es de pequeno calibre, al\u00e9m de produ\u00e7\u00e3o de sat\u00e9lites em Portugal, com parcerias previstas com It\u00e1lia, Fran\u00e7a, Finl\u00e2ndia, Alemanha, Espanha e B\u00e9lgica. H\u00e1 disputa entre Naval Group (Fran\u00e7a) e Fincantieri (It\u00e1lia) para o neg\u00f3cio de duas a tr\u00eas fragatas, num regime de car\u00eancia de dez anos sem IVA, com negocia\u00e7\u00f5es Estado a Estado pela Uni\u00e3o Europeia. Os crit\u00e9rios de sele\u00e7\u00e3o fortalecem a NATO, a Lei de Programa\u00e7\u00e3o Militar e as miss\u00f5es nacionais, incluindo a edifica\u00e7\u00e3o de uma brigada m\u00e9dia e a conclus\u00e3o da brigada ligeira, com detalhes a definir no processo contratual.","og_url":"https:\/\/portaltela.pt\/noticias\/2025\/12\/02\/emprestimos-europeus-fragatas-alfeite-blindados-satelites-e-drones\/","og_site_name":"Portal Tela Portugal","article_published_time":"2025-12-03T00:00:00+00:00","author":"Telinha","twitter_card":"summary_large_image","twitter_misc":{"Escrito por":"Telinha","Tempo estimado de leitura":"1 minuto"},"schema":{"@context":"https:\/\/schema.org","@graph":[{"@type":"Article","@id":"https:\/\/portaltela.pt\/noticias\/2025\/12\/02\/emprestimos-europeus-fragatas-alfeite-blindados-satelites-e-drones\/#article","isPartOf":{"@id":"https:\/\/portaltela.pt\/noticias\/2025\/12\/02\/emprestimos-europeus-fragatas-alfeite-blindados-satelites-e-drones\/"},"author":{"name":"Telinha","@id":"https:\/\/portaltela.pt\/#\/schema\/person\/c4278d4a6028830caff9ee44b42d32ed"},"headline":"Empr\u00e9stimos europeus: fragatas, Alfeite, blindados, sat\u00e9lites e drones","datePublished":"2025-12-03T00:00:00+00:00","mainEntityOfPage":{"@id":"https:\/\/portaltela.pt\/noticias\/2025\/12\/02\/emprestimos-europeus-fragatas-alfeite-blindados-satelites-e-drones\/"},"wordCount":253,"image":{"@id":"https:\/\/portaltela.pt\/noticias\/2025\/12\/02\/emprestimos-europeus-fragatas-alfeite-blindados-satelites-e-drones\/#primaryimage"},"thumbnailUrl":"https:\/\/portaltela.pt\/s.01k8rhncp4jt1\/2025\/12\/image-8.jpg","keywords":["administra\u00e7\u00e3o p\u00fablica","armamento","Arsenal da Maia","coopera\u00e7\u00e3o internacional","Desenvolvimento econ\u00f3mico","investimento"],"articleSection":["Not\u00edcias"],"inLanguage":"pt-PT"},{"@type":"WebPage","@id":"https:\/\/portaltela.pt\/noticias\/2025\/12\/02\/emprestimos-europeus-fragatas-alfeite-blindados-satelites-e-drones\/","url":"https:\/\/portaltela.pt\/noticias\/2025\/12\/02\/emprestimos-europeus-fragatas-alfeite-blindados-satelites-e-drones\/","name":"Empr\u00e9stimos europeus: fragatas, Alfeite, blindados, sat\u00e9lites e drones - Portal Tela Portugal","isPartOf":{"@id":"https:\/\/portaltela.pt\/#website"},"primaryImageOfPage":{"@id":"https:\/\/portaltela.pt\/noticias\/2025\/12\/02\/emprestimos-europeus-fragatas-alfeite-blindados-satelites-e-drones\/#primaryimage"},"image":{"@id":"https:\/\/portaltela.pt\/noticias\/2025\/12\/02\/emprestimos-europeus-fragatas-alfeite-blindados-satelites-e-drones\/#primaryimage"},"thumbnailUrl":"https:\/\/portaltela.pt\/s.01k8rhncp4jt1\/2025\/12\/image-8.jpg","datePublished":"2025-12-03T00:00:00+00:00","author":{"@id":"https:\/\/portaltela.pt\/#\/schema\/person\/c4278d4a6028830caff9ee44b42d32ed"},"breadcrumb":{"@id":"https:\/\/portaltela.pt\/noticias\/2025\/12\/02\/emprestimos-europeus-fragatas-alfeite-blindados-satelites-e-drones\/#breadcrumb"},"inLanguage":"pt-PT","potentialAction":[{"@type":"ReadAction","target":["https:\/\/portaltela.pt\/noticias\/2025\/12\/02\/emprestimos-europeus-fragatas-alfeite-blindados-satelites-e-drones\/"]}]},{"@type":"ImageObject","inLanguage":"pt-PT","@id":"https:\/\/portaltela.pt\/noticias\/2025\/12\/02\/emprestimos-europeus-fragatas-alfeite-blindados-satelites-e-drones\/#primaryimage","url":"https:\/\/portaltela.pt\/s.01k8rhncp4jt1\/2025\/12\/image-8.jpg","contentUrl":"https:\/\/portaltela.pt\/s.01k8rhncp4jt1\/2025\/12\/image-8.jpg","width":796,"height":448,"caption":"O ministro da Defesa Nacional, Nuno Melo, durante uma confer\u00eancia de Imprensa sobre a candidatura ao programa europeu de empr\u00e9stimos para a Defesa SAFE, no valor de 5,8 mil milh\u00f5es de euros. Foto: Rodrigo Antunes \/ Lusa"},{"@type":"BreadcrumbList","@id":"https:\/\/portaltela.pt\/noticias\/2025\/12\/02\/emprestimos-europeus-fragatas-alfeite-blindados-satelites-e-drones\/#breadcrumb","itemListElement":[{"@type":"ListItem","position":1,"name":"In\u00edcio","item":"https:\/\/portaltela.pt\/"},{"@type":"ListItem","position":2,"name":"Empr\u00e9stimos europeus: fragatas, Alfeite, blindados, sat\u00e9lites e drones"}]},{"@type":"WebSite","@id":"https:\/\/portaltela.pt\/#website","url":"https:\/\/portaltela.pt\/","name":"Portal Tela Portugal","description":"","potentialAction":[{"@type":"SearchAction","target":{"@type":"EntryPoint","urlTemplate":"https:\/\/portaltela.pt\/?s={search_term_string}"},"query-input":{"@type":"PropertyValueSpecification","valueRequired":true,"valueName":"search_term_string"}}],"inLanguage":"pt-PT"},{"@type":"Person","@id":"https:\/\/portaltela.pt\/#\/schema\/person\/c4278d4a6028830caff9ee44b42d32ed","name":"Telinha","image":{"@type":"ImageObject","inLanguage":"pt-PT","@id":"https:\/\/portaltela.pt\/s.01k8rhncp4jt1\/2025\/11\/talking-bot-125x125.png","url":"https:\/\/portaltela.pt\/s.01k8rhncp4jt1\/2025\/11\/talking-bot-125x125.png","contentUrl":"https:\/\/portaltela.pt\/s.01k8rhncp4jt1\/2025\/11\/talking-bot-125x125.png","caption":"Telinha"},"sameAs":["https:\/\/portaltela.pt\/"],"url":"https:\/\/portaltela.pt\/por\/367410592786\/"}]}},"_links":{"self":[{"href":"https:\/\/portaltela.pt\/api\/wp\/v2\/posts\/48021","targetHints":{"allow":["GET"]}}],"collection":[{"href":"https:\/\/portaltela.pt\/api\/wp\/v2\/posts"}],"about":[{"href":"https:\/\/portaltela.pt\/api\/wp\/v2\/types\/post"}],"author":[{"embeddable":true,"href":"https:\/\/portaltela.pt\/api\/wp\/v2\/users\/2"}],"replies":[{"embeddable":true,"href":"https:\/\/portaltela.pt\/api\/wp\/v2\/comments?post=48021"}],"version-history":[{"count":0,"href":"https:\/\/portaltela.pt\/api\/wp\/v2\/posts\/48021\/revisions"}],"wp:featuredmedia":[{"embeddable":true,"href":"https:\/\/portaltela.pt\/api\/wp\/v2\/media\/48027"}],"wp:attachment":[{"href":"https:\/\/portaltela.pt\/api\/wp\/v2\/media?parent=48021"}],"wp:term":[{"taxonomy":"category","embeddable":true,"href":"https:\/\/portaltela.pt\/api\/wp\/v2\/categories?post=48021"},{"taxonomy":"post_tag","embeddable":true,"href":"https:\/\/portaltela.pt\/api\/wp\/v2\/tags?post=48021"}],"curies":[{"name":"wp","href":"https:\/\/api.w.org\/{rel}","templated":true}]}}