{"id":47891,"date":"2025-12-02T21:00:00","date_gmt":"2025-12-03T00:00:00","guid":{"rendered":"https:\/\/portaltela.pt\/noticias\/2025\/12\/02\/mp-solicita-levantamento-da-imunidade-de-andre-ventura\/"},"modified":"2025-12-02T21:00:00","modified_gmt":"2025-12-03T00:00:00","slug":"mp-solicita-levantamento-da-imunidade-de-andre-ventura","status":"publish","type":"post","link":"https:\/\/portaltela.pt\/noticias\/politica\/2025\/12\/02\/mp-solicita-levantamento-da-imunidade-de-andre-ventura\/","title":{"rendered":"MP solicita levantamento da imunidade de Andr\u00e9 Ventura"},"content":{"rendered":"<p>O Minist\u00e9rio P\u00fablico pediu o levantamento da imunidade parlamentar de Andr\u00e9 Ventura, l\u00edder do Chega, para o ouvir como arguido na sequ\u00eancia de uma queixa por alegada difama\u00e7\u00e3o contra Joaquim Pinto Moreira, ex-deputado do PSD. A acusa\u00e7\u00e3o est\u00e1 ligada a uma entrevista da SIC, em mar\u00e7o, em que Ventura alegou que Moreira receberia dinheiro para fazer obras e trocaria obras por presentes.<\/p>\n<p>Pinto Moreira sustenta que as declara\u00e7\u00f5es visaram ofender gravemente a sua honra e considera\u00e7\u00e3o. O antigo vice-presidente da bancada do PSD afirma que as acusa\u00e7\u00f5es foram proferidas com dolo, visando publicar e difamar o ex-parlamentar. O processo, j\u00e1 conhecido como V\u00f3rtex, envolve ainda acusa\u00e7\u00f5es de corrup\u00e7\u00e3o.<\/p>\n<p>Agora, o MP aponta para a suspens\u00e3o da imunidade em favor de uma audi\u00eancia como arguido. A an\u00e1lise inicial cabe \u00e0 Comiss\u00e3o de Transpar\u00eancia e Estatuto dos Deputados, seguindo-se a vota\u00e7\u00e3o em plen\u00e1rio. Ventura n\u00e3o se op\u00f5e ao levantamento, segundo a assessoria do Chega.<\/p>\n<p>Joaquim Pinto Moreira est\u00e1 envolvido no processo V\u00f3rtex, que inclui crimes de corrup\u00e7\u00e3o passiva agravada, tr\u00e1fico de influ\u00eancias e viola\u00e7\u00e3o de regras urban\u00edsticas por funcion\u00e1rio. O desfecho do procedimento depende da realiza\u00e7\u00e3o das etapas institucionais previstas.<\/p>\n","protected":false},"excerpt":{"rendered":"<ul>\n<li>O Minist\u00e9rio P\u00fablico pediu o levantamento da imunidade parlamentar de Andr\u00e9 Ventura, l\u00edder do Chega, para ser ouvido como arguido numa queixa de difama\u00e7\u00e3o de Joaquim Pinto Moreira.<\/li>\n<li>O caso prende-se a declara\u00e7\u00f5es de Ventura numa entrevista \u00e0 SIC, em mar\u00e7o, em que alegou que Pinto Moreira recebeu dinheiro para obras e trocas por presentes.<\/li>\n<li>Pinto Moreira, ex-PSD, nega as acusa\u00e7\u00f5es e afirma ter havido dolo, sustentando que as declara\u00e7\u00f5es visaram ofender gravemente a sua honra.<\/li>\n<li>A an\u00e1lise est\u00e1 a cargo da Comiss\u00e3o de Transpar\u00eancia e Estatuto dos Deputados, com vota\u00e7\u00e3o em plen\u00e1rio prevista; Ventura n\u00e3o se op\u00f5e.<\/li>\n<li>Pinto Moreira est\u00e1 envolvido no processo V\u00f3rtex, que envolve alegados crimes de corrup\u00e7\u00e3o, tr\u00e1fico de influ\u00eancias e viola\u00e7\u00e3o de regras urban\u00edsticas por funcion\u00e1rio.<\/li>\n<\/ul>\n","protected":false},"author":2,"featured_media":47892,"comment_status":"closed","ping_status":"closed","sticky":false,"template":"","format":"standard","meta":{"footnotes":""},"categories":[1,5],"tags":[83,34,215,229,213,189],"class_list":["post-47891","post","type-post","status-publish","format-standard","has-post-thumbnail","hentry","category-noticias","category-politica","tag-corrupcao","tag-governo","tag-investigacao","tag-politica-publica","tag-trafico-de-influencias","tag-urbanismo"],"yoast_head":"<!-- This site is optimized with the Yoast SEO plugin v27.2 - https:\/\/yoast.com\/product\/yoast-seo-wordpress\/ -->\n<title>MP solicita levantamento da imunidade de Andr\u00e9 Ventura - Portal Tela Portugal<\/title>\n<meta name=\"robots\" content=\"index, follow, max-snippet:-1, max-image-preview:large, max-video-preview:-1\" \/>\n<meta property=\"og:locale\" content=\"pt_PT\" \/>\n<meta property=\"og:type\" content=\"article\" \/>\n<meta property=\"og:title\" content=\"MP solicita levantamento da imunidade de Andr\u00e9 Ventura - Portal Tela Portugal\" \/>\n<meta property=\"og:description\" content=\"O Minist\u00e9rio P\u00fablico pediu o levantamento da imunidade parlamentar de Andr\u00e9 Ventura, l\u00edder do Chega, para ser ouvido como arguido numa queixa de difama\u00e7\u00e3o de Joaquim Pinto Moreira. O caso prende-se a declara\u00e7\u00f5es de Ventura numa entrevista \u00e0 SIC, em mar\u00e7o, em que alegou que Pinto Moreira recebeu dinheiro para obras e trocas por presentes. Pinto Moreira, ex-PSD, nega as acusa\u00e7\u00f5es e afirma ter havido dolo, sustentando que as declara\u00e7\u00f5es visaram ofender gravemente a sua honra. A an\u00e1lise est\u00e1 a cargo da Comiss\u00e3o de Transpar\u00eancia e Estatuto dos Deputados, com vota\u00e7\u00e3o em plen\u00e1rio prevista; Ventura n\u00e3o se op\u00f5e. Pinto Moreira est\u00e1 envolvido no processo V\u00f3rtex, que envolve alegados crimes de corrup\u00e7\u00e3o, tr\u00e1fico de influ\u00eancias e viola\u00e7\u00e3o de regras urban\u00edsticas por funcion\u00e1rio.\" \/>\n<meta property=\"og:url\" content=\"https:\/\/portaltela.pt\/noticias\/2025\/12\/02\/mp-solicita-levantamento-da-imunidade-de-andre-ventura\/\" \/>\n<meta property=\"og:site_name\" content=\"Portal Tela Portugal\" \/>\n<meta property=\"article:published_time\" content=\"2025-12-03T00:00:00+00:00\" \/>\n<meta name=\"author\" content=\"Telinha\" \/>\n<meta name=\"twitter:card\" content=\"summary_large_image\" \/>\n<meta name=\"twitter:label1\" content=\"Escrito por\" \/>\n\t<meta name=\"twitter:data1\" content=\"Telinha\" \/>\n\t<meta name=\"twitter:label2\" content=\"Tempo estimado de leitura\" \/>\n\t<meta name=\"twitter:data2\" content=\"1 minuto\" \/>\n<script type=\"application\/ld+json\" class=\"yoast-schema-graph\">{\"@context\":\"https:\/\/schema.org\",\"@graph\":[{\"@type\":\"Article\",\"@id\":\"https:\/\/portaltela.pt\/noticias\/2025\/12\/02\/mp-solicita-levantamento-da-imunidade-de-andre-ventura\/#article\",\"isPartOf\":{\"@id\":\"https:\/\/portaltela.pt\/noticias\/2025\/12\/02\/mp-solicita-levantamento-da-imunidade-de-andre-ventura\/\"},\"author\":{\"name\":\"Telinha\",\"@id\":\"https:\/\/portaltela.pt\/#\/schema\/person\/c4278d4a6028830caff9ee44b42d32ed\"},\"headline\":\"MP solicita levantamento da imunidade de Andr\u00e9 Ventura\",\"datePublished\":\"2025-12-03T00:00:00+00:00\",\"mainEntityOfPage\":{\"@id\":\"https:\/\/portaltela.pt\/noticias\/2025\/12\/02\/mp-solicita-levantamento-da-imunidade-de-andre-ventura\/\"},\"wordCount\":225,\"image\":{\"@id\":\"https:\/\/portaltela.pt\/noticias\/2025\/12\/02\/mp-solicita-levantamento-da-imunidade-de-andre-ventura\/#primaryimage\"},\"thumbnailUrl\":\"https:\/\/portaltela.pt\/s.01k8rhncp4jt1\/2025\/12\/image-5.jpg\",\"keywords\":[\"corrup\u00e7\u00e3o\",\"governo\",\"investiga\u00e7\u00e3o\",\"pol\u00edtica p\u00fablica\",\"tr\u00e1fico de influ\u00eancias\",\"urbanismo\"],\"articleSection\":[\"Not\u00edcias\",\"Pol\u00edtica\"],\"inLanguage\":\"pt-PT\"},{\"@type\":\"WebPage\",\"@id\":\"https:\/\/portaltela.pt\/noticias\/2025\/12\/02\/mp-solicita-levantamento-da-imunidade-de-andre-ventura\/\",\"url\":\"https:\/\/portaltela.pt\/noticias\/2025\/12\/02\/mp-solicita-levantamento-da-imunidade-de-andre-ventura\/\",\"name\":\"MP solicita levantamento da imunidade de Andr\u00e9 Ventura - Portal Tela Portugal\",\"isPartOf\":{\"@id\":\"https:\/\/portaltela.pt\/#website\"},\"primaryImageOfPage\":{\"@id\":\"https:\/\/portaltela.pt\/noticias\/2025\/12\/02\/mp-solicita-levantamento-da-imunidade-de-andre-ventura\/#primaryimage\"},\"image\":{\"@id\":\"https:\/\/portaltela.pt\/noticias\/2025\/12\/02\/mp-solicita-levantamento-da-imunidade-de-andre-ventura\/#primaryimage\"},\"thumbnailUrl\":\"https:\/\/portaltela.pt\/s.01k8rhncp4jt1\/2025\/12\/image-5.jpg\",\"datePublished\":\"2025-12-03T00:00:00+00:00\",\"author\":{\"@id\":\"https:\/\/portaltela.pt\/#\/schema\/person\/c4278d4a6028830caff9ee44b42d32ed\"},\"breadcrumb\":{\"@id\":\"https:\/\/portaltela.pt\/noticias\/2025\/12\/02\/mp-solicita-levantamento-da-imunidade-de-andre-ventura\/#breadcrumb\"},\"inLanguage\":\"pt-PT\",\"potentialAction\":[{\"@type\":\"ReadAction\",\"target\":[\"https:\/\/portaltela.pt\/noticias\/2025\/12\/02\/mp-solicita-levantamento-da-imunidade-de-andre-ventura\/\"]}]},{\"@type\":\"ImageObject\",\"inLanguage\":\"pt-PT\",\"@id\":\"https:\/\/portaltela.pt\/noticias\/2025\/12\/02\/mp-solicita-levantamento-da-imunidade-de-andre-ventura\/#primaryimage\",\"url\":\"https:\/\/portaltela.pt\/s.01k8rhncp4jt1\/2025\/12\/image-5.jpg\",\"contentUrl\":\"https:\/\/portaltela.pt\/s.01k8rhncp4jt1\/2025\/12\/image-5.jpg\",\"width\":796,\"height\":448,\"caption\":\"Ventura \u00e9 alvo de queixa de difama\u00e7\u00e3o por parte de Pinto Moreira. Foto: Eduardo Costa \/ Lusa\"},{\"@type\":\"BreadcrumbList\",\"@id\":\"https:\/\/portaltela.pt\/noticias\/2025\/12\/02\/mp-solicita-levantamento-da-imunidade-de-andre-ventura\/#breadcrumb\",\"itemListElement\":[{\"@type\":\"ListItem\",\"position\":1,\"name\":\"In\u00edcio\",\"item\":\"https:\/\/portaltela.pt\/\"},{\"@type\":\"ListItem\",\"position\":2,\"name\":\"MP solicita levantamento da imunidade de Andr\u00e9 Ventura\"}]},{\"@type\":\"WebSite\",\"@id\":\"https:\/\/portaltela.pt\/#website\",\"url\":\"https:\/\/portaltela.pt\/\",\"name\":\"Portal Tela Portugal\",\"description\":\"\",\"potentialAction\":[{\"@type\":\"SearchAction\",\"target\":{\"@type\":\"EntryPoint\",\"urlTemplate\":\"https:\/\/portaltela.pt\/?s={search_term_string}\"},\"query-input\":{\"@type\":\"PropertyValueSpecification\",\"valueRequired\":true,\"valueName\":\"search_term_string\"}}],\"inLanguage\":\"pt-PT\"},{\"@type\":\"Person\",\"@id\":\"https:\/\/portaltela.pt\/#\/schema\/person\/c4278d4a6028830caff9ee44b42d32ed\",\"name\":\"Telinha\",\"image\":{\"@type\":\"ImageObject\",\"inLanguage\":\"pt-PT\",\"@id\":\"https:\/\/portaltela.pt\/s.01k8rhncp4jt1\/2025\/11\/talking-bot-125x125.png\",\"url\":\"https:\/\/portaltela.pt\/s.01k8rhncp4jt1\/2025\/11\/talking-bot-125x125.png\",\"contentUrl\":\"https:\/\/portaltela.pt\/s.01k8rhncp4jt1\/2025\/11\/talking-bot-125x125.png\",\"caption\":\"Telinha\"},\"sameAs\":[\"https:\/\/portaltela.pt\/\"],\"url\":\"https:\/\/portaltela.pt\/por\/367410592786\/\"}]}<\/script>\n<!-- \/ Yoast SEO plugin. -->","yoast_head_json":{"title":"MP solicita levantamento da imunidade de Andr\u00e9 Ventura - Portal Tela Portugal","robots":{"index":"index","follow":"follow","max-snippet":"max-snippet:-1","max-image-preview":"max-image-preview:large","max-video-preview":"max-video-preview:-1"},"og_locale":"pt_PT","og_type":"article","og_title":"MP solicita levantamento da imunidade de Andr\u00e9 Ventura - Portal Tela Portugal","og_description":"O Minist\u00e9rio P\u00fablico pediu o levantamento da imunidade parlamentar de Andr\u00e9 Ventura, l\u00edder do Chega, para ser ouvido como arguido numa queixa de difama\u00e7\u00e3o de Joaquim Pinto Moreira. O caso prende-se a declara\u00e7\u00f5es de Ventura numa entrevista \u00e0 SIC, em mar\u00e7o, em que alegou que Pinto Moreira recebeu dinheiro para obras e trocas por presentes. Pinto Moreira, ex-PSD, nega as acusa\u00e7\u00f5es e afirma ter havido dolo, sustentando que as declara\u00e7\u00f5es visaram ofender gravemente a sua honra. A an\u00e1lise est\u00e1 a cargo da Comiss\u00e3o de Transpar\u00eancia e Estatuto dos Deputados, com vota\u00e7\u00e3o em plen\u00e1rio prevista; Ventura n\u00e3o se op\u00f5e. Pinto Moreira est\u00e1 envolvido no processo V\u00f3rtex, que envolve alegados crimes de corrup\u00e7\u00e3o, tr\u00e1fico de influ\u00eancias e viola\u00e7\u00e3o de regras urban\u00edsticas por funcion\u00e1rio.","og_url":"https:\/\/portaltela.pt\/noticias\/2025\/12\/02\/mp-solicita-levantamento-da-imunidade-de-andre-ventura\/","og_site_name":"Portal Tela Portugal","article_published_time":"2025-12-03T00:00:00+00:00","author":"Telinha","twitter_card":"summary_large_image","twitter_misc":{"Escrito por":"Telinha","Tempo estimado de leitura":"1 minuto"},"schema":{"@context":"https:\/\/schema.org","@graph":[{"@type":"Article","@id":"https:\/\/portaltela.pt\/noticias\/2025\/12\/02\/mp-solicita-levantamento-da-imunidade-de-andre-ventura\/#article","isPartOf":{"@id":"https:\/\/portaltela.pt\/noticias\/2025\/12\/02\/mp-solicita-levantamento-da-imunidade-de-andre-ventura\/"},"author":{"name":"Telinha","@id":"https:\/\/portaltela.pt\/#\/schema\/person\/c4278d4a6028830caff9ee44b42d32ed"},"headline":"MP solicita levantamento da imunidade de Andr\u00e9 Ventura","datePublished":"2025-12-03T00:00:00+00:00","mainEntityOfPage":{"@id":"https:\/\/portaltela.pt\/noticias\/2025\/12\/02\/mp-solicita-levantamento-da-imunidade-de-andre-ventura\/"},"wordCount":225,"image":{"@id":"https:\/\/portaltela.pt\/noticias\/2025\/12\/02\/mp-solicita-levantamento-da-imunidade-de-andre-ventura\/#primaryimage"},"thumbnailUrl":"https:\/\/portaltela.pt\/s.01k8rhncp4jt1\/2025\/12\/image-5.jpg","keywords":["corrup\u00e7\u00e3o","governo","investiga\u00e7\u00e3o","pol\u00edtica p\u00fablica","tr\u00e1fico de influ\u00eancias","urbanismo"],"articleSection":["Not\u00edcias","Pol\u00edtica"],"inLanguage":"pt-PT"},{"@type":"WebPage","@id":"https:\/\/portaltela.pt\/noticias\/2025\/12\/02\/mp-solicita-levantamento-da-imunidade-de-andre-ventura\/","url":"https:\/\/portaltela.pt\/noticias\/2025\/12\/02\/mp-solicita-levantamento-da-imunidade-de-andre-ventura\/","name":"MP solicita levantamento da imunidade de Andr\u00e9 Ventura - Portal Tela Portugal","isPartOf":{"@id":"https:\/\/portaltela.pt\/#website"},"primaryImageOfPage":{"@id":"https:\/\/portaltela.pt\/noticias\/2025\/12\/02\/mp-solicita-levantamento-da-imunidade-de-andre-ventura\/#primaryimage"},"image":{"@id":"https:\/\/portaltela.pt\/noticias\/2025\/12\/02\/mp-solicita-levantamento-da-imunidade-de-andre-ventura\/#primaryimage"},"thumbnailUrl":"https:\/\/portaltela.pt\/s.01k8rhncp4jt1\/2025\/12\/image-5.jpg","datePublished":"2025-12-03T00:00:00+00:00","author":{"@id":"https:\/\/portaltela.pt\/#\/schema\/person\/c4278d4a6028830caff9ee44b42d32ed"},"breadcrumb":{"@id":"https:\/\/portaltela.pt\/noticias\/2025\/12\/02\/mp-solicita-levantamento-da-imunidade-de-andre-ventura\/#breadcrumb"},"inLanguage":"pt-PT","potentialAction":[{"@type":"ReadAction","target":["https:\/\/portaltela.pt\/noticias\/2025\/12\/02\/mp-solicita-levantamento-da-imunidade-de-andre-ventura\/"]}]},{"@type":"ImageObject","inLanguage":"pt-PT","@id":"https:\/\/portaltela.pt\/noticias\/2025\/12\/02\/mp-solicita-levantamento-da-imunidade-de-andre-ventura\/#primaryimage","url":"https:\/\/portaltela.pt\/s.01k8rhncp4jt1\/2025\/12\/image-5.jpg","contentUrl":"https:\/\/portaltela.pt\/s.01k8rhncp4jt1\/2025\/12\/image-5.jpg","width":796,"height":448,"caption":"Ventura \u00e9 alvo de queixa de difama\u00e7\u00e3o por parte de Pinto Moreira. Foto: Eduardo Costa \/ Lusa"},{"@type":"BreadcrumbList","@id":"https:\/\/portaltela.pt\/noticias\/2025\/12\/02\/mp-solicita-levantamento-da-imunidade-de-andre-ventura\/#breadcrumb","itemListElement":[{"@type":"ListItem","position":1,"name":"In\u00edcio","item":"https:\/\/portaltela.pt\/"},{"@type":"ListItem","position":2,"name":"MP solicita levantamento da imunidade de Andr\u00e9 Ventura"}]},{"@type":"WebSite","@id":"https:\/\/portaltela.pt\/#website","url":"https:\/\/portaltela.pt\/","name":"Portal Tela Portugal","description":"","potentialAction":[{"@type":"SearchAction","target":{"@type":"EntryPoint","urlTemplate":"https:\/\/portaltela.pt\/?s={search_term_string}"},"query-input":{"@type":"PropertyValueSpecification","valueRequired":true,"valueName":"search_term_string"}}],"inLanguage":"pt-PT"},{"@type":"Person","@id":"https:\/\/portaltela.pt\/#\/schema\/person\/c4278d4a6028830caff9ee44b42d32ed","name":"Telinha","image":{"@type":"ImageObject","inLanguage":"pt-PT","@id":"https:\/\/portaltela.pt\/s.01k8rhncp4jt1\/2025\/11\/talking-bot-125x125.png","url":"https:\/\/portaltela.pt\/s.01k8rhncp4jt1\/2025\/11\/talking-bot-125x125.png","contentUrl":"https:\/\/portaltela.pt\/s.01k8rhncp4jt1\/2025\/11\/talking-bot-125x125.png","caption":"Telinha"},"sameAs":["https:\/\/portaltela.pt\/"],"url":"https:\/\/portaltela.pt\/por\/367410592786\/"}]}},"_links":{"self":[{"href":"https:\/\/portaltela.pt\/api\/wp\/v2\/posts\/47891","targetHints":{"allow":["GET"]}}],"collection":[{"href":"https:\/\/portaltela.pt\/api\/wp\/v2\/posts"}],"about":[{"href":"https:\/\/portaltela.pt\/api\/wp\/v2\/types\/post"}],"author":[{"embeddable":true,"href":"https:\/\/portaltela.pt\/api\/wp\/v2\/users\/2"}],"replies":[{"embeddable":true,"href":"https:\/\/portaltela.pt\/api\/wp\/v2\/comments?post=47891"}],"version-history":[{"count":0,"href":"https:\/\/portaltela.pt\/api\/wp\/v2\/posts\/47891\/revisions"}],"wp:featuredmedia":[{"embeddable":true,"href":"https:\/\/portaltela.pt\/api\/wp\/v2\/media\/47892"}],"wp:attachment":[{"href":"https:\/\/portaltela.pt\/api\/wp\/v2\/media?parent=47891"}],"wp:term":[{"taxonomy":"category","embeddable":true,"href":"https:\/\/portaltela.pt\/api\/wp\/v2\/categories?post=47891"},{"taxonomy":"post_tag","embeddable":true,"href":"https:\/\/portaltela.pt\/api\/wp\/v2\/tags?post=47891"}],"curies":[{"name":"wp","href":"https:\/\/api.w.org\/{rel}","templated":true}]}}