{"id":47833,"date":"2025-12-03T17:19:00","date_gmt":"2025-12-03T20:19:00","guid":{"rendered":"https:\/\/portaltela.pt\/noticias\/2025\/12\/03\/evoa-celebra-13-anos-com-inauguracao-da-exposicao-a-magia-do-evoa\/"},"modified":"2025-12-03T17:19:00","modified_gmt":"2025-12-03T20:19:00","slug":"evoa-celebra-13-anos-com-inauguracao-da-exposicao-a-magia-do-evoa","status":"publish","type":"post","link":"https:\/\/portaltela.pt\/noticias\/2025\/12\/03\/evoa-celebra-13-anos-com-inauguracao-da-exposicao-a-magia-do-evoa\/","title":{"rendered":"EVOA celebra 13 anos com inaugura\u00e7\u00e3o da exposi\u00e7\u00e3o A Magia do EVOA"},"content":{"rendered":"<p>O EVOA, Espa\u00e7o de Visita\u00e7\u00e3o e Observa\u00e7\u00e3o de Aves da Companhia das Lez\u00edrias, comemorou o 13\u00ba anivers\u00e1rio com a inaugura\u00e7\u00e3o da exposi\u00e7\u00e3o fotogr\u00e1fica \u201cA Magia do EVOA\u201d, de Ant\u00f3nio Heitor. A mostra estar\u00e1 patente at\u00e9 fevereiro de 2026 e re\u00fane imagens captadas ao longo dos \u00faltimos anos, destacando a rela\u00e7\u00e3o entre aves, terra e \u00e1gua no Estu\u00e1rio do Tejo.<\/p>\n<p>A cerim\u00f3nia contou com parceiros institucionais, autarcas, especialistas e visitantes. O evento enfatizou a relev\u00e2ncia do EVOA na valoriza\u00e7\u00e3o da Reserva Natural do Estu\u00e1rio do Tejo, que festeja meio s\u00e9culo de exist\u00eancia em 2026. A organiza\u00e7\u00e3o sublinhou ainda a import\u00e2ncia da educa\u00e7\u00e3o ambiental e da coopera\u00e7\u00e3o entre setores para a conserva\u00e7\u00e3o.<\/p>\n<h3>Exposi\u00e7\u00e3o inaugura 13\u00ba anivers\u00e1rio<\/h3>\n<p>Jos\u00e9 Alho, em representa\u00e7\u00e3o da CCDR Lisboa e Vale do Tejo, assinalou a import\u00e2ncia simb\u00f3lica do espa\u00e7o e o papel das parcerias regionais e internacionais. Destacou que a gest\u00e3o integrada da reserva envolve autarquias, CCDR e diferentes parceiros, e elogiou a equipa pelo desempenho di\u00e1rio.<\/p>\n<p>O Chefe de Gabinete da C\u00e2mara Municipal de Vila Franca de Xira destacou o alcance estrat\u00e9gico da reserva a n\u00edvel nacional e europeu, al\u00e9m do impacto formativo do EVOA para os visitantes, considerando-o um espa\u00e7o que agrega conhecimento e dedica\u00e7\u00e3o.<\/p>\n<p>Eduardo Oliveira e Sousa, Presidente do Conselho de Administra\u00e7\u00e3o da Companhia das Lez\u00edrias, frisou o valor ambiental e cient\u00edfico do espa\u00e7o, apontando que o EVOA funciona como um \u201cpulm\u00e3o\u201d pr\u00f3ximo de Lisboa. Referiu o desafio de manter o local devido \u00e0 interven\u00e7\u00e3o humana na paisagem do Estu\u00e1rio do Tejo e pediu maior envolvimento de autarquias e parceiros para assegurar recursos cont\u00ednuos.<\/p>\n<p>O EVOA, a cerca de 25 minutos de Lisboa, tem como miss\u00e3o conservar a avifauna do Estu\u00e1rio do Tejo e da Lez\u00edria, facilitar o estudo cient\u00edfico e sensibilizar os visitantes para a gest\u00e3o respons\u00e1vel da \u00e1gua e do territ\u00f3rio, refor\u00e7ando o patrim\u00f3nio natural da regi\u00e3o.<\/p>\n","protected":false},"excerpt":{"rendered":"<ul>\n<li>O EVOA comemorou o 13.\u00ba anivers\u00e1rio e inaugurou a exposi\u00e7\u00e3o fotogr\u00e1fica \u201cA Magia do EVOA\u201d, de Ant\u00f3nio Heitor, patente at\u00e9 fev (fevereiro) de 2026, em est\u00fadio de divulga\u00e7\u00e3o no Estu\u00e1rio do Tejo.<\/li>\n<li>A cerim\u00f3nia reuniu parceiros institucionais, autarcas, especialistas e visitantes, destacando a cogest\u00e3o entre autarquias, Comiss\u00e3o de Coordena\u00e7\u00e3o e Desenvolvimento Regional (CCDR) Lisboa e Vale do Tejo e outros parceiros.<\/li>\n<li>O evento refor\u00e7ou a import\u00e2ncia da reserva natural do Estu\u00e1rio do Tejo e do EVOA para educa\u00e7\u00e3o ambiental, investiga\u00e7\u00e3o cient\u00edfica e gest\u00e3o respons\u00e1vel da \u00e1gua e do territ\u00f3rio.<\/li>\n<li>Foram apresentados desafios e necessidades de recursos para manter e fazer crescer o EVOA, incluindo maior envolvimento de autarquias e parceiros regionais.<\/li>\n<li>O EVOA fica a cerca de vinte e cinco minutos de Lisboa e afirma a sua fun\u00e7\u00e3o como principal pulm\u00e3o ambiental da \u00c1rea Metropolitana de Lisboa, com o objetivo de valorizar o patrim\u00f3nio natural e cient\u00edfico da regi\u00e3o.<\/li>\n<\/ul>\n","protected":false},"author":2,"featured_media":47834,"comment_status":"closed","ping_status":"closed","sticky":false,"template":"","format":"standard","meta":{"footnotes":""},"categories":[1],"tags":[167,256,163,159,45,224],"class_list":["post-47833","post","type-post","status-publish","format-standard","has-post-thumbnail","hentry","category-noticias","tag-ambiente","tag-cooperacao-internacional","tag-educacao","tag-investigacao-cientifica","tag-meio-ambiente","tag-reserva-ecologica"],"yoast_head":"<!-- This site is optimized with the Yoast SEO plugin v27.2 - https:\/\/yoast.com\/product\/yoast-seo-wordpress\/ -->\n<title>EVOA celebra 13 anos com inaugura\u00e7\u00e3o da exposi\u00e7\u00e3o A Magia do EVOA - Portal Tela Portugal<\/title>\n<meta name=\"robots\" content=\"index, follow, max-snippet:-1, max-image-preview:large, max-video-preview:-1\" \/>\n<meta property=\"og:locale\" content=\"pt_PT\" \/>\n<meta property=\"og:type\" content=\"article\" \/>\n<meta property=\"og:title\" content=\"EVOA celebra 13 anos com inaugura\u00e7\u00e3o da exposi\u00e7\u00e3o A Magia do EVOA - Portal Tela Portugal\" \/>\n<meta property=\"og:description\" content=\"O EVOA comemorou o 13.\u00ba anivers\u00e1rio e inaugurou a exposi\u00e7\u00e3o fotogr\u00e1fica \u201cA Magia do EVOA\u201d, de Ant\u00f3nio Heitor, patente at\u00e9 fev (fevereiro) de 2026, em est\u00fadio de divulga\u00e7\u00e3o no Estu\u00e1rio do Tejo. A cerim\u00f3nia reuniu parceiros institucionais, autarcas, especialistas e visitantes, destacando a cogest\u00e3o entre autarquias, Comiss\u00e3o de Coordena\u00e7\u00e3o e Desenvolvimento Regional (CCDR) Lisboa e Vale do Tejo e outros parceiros. O evento refor\u00e7ou a import\u00e2ncia da reserva natural do Estu\u00e1rio do Tejo e do EVOA para educa\u00e7\u00e3o ambiental, investiga\u00e7\u00e3o cient\u00edfica e gest\u00e3o respons\u00e1vel da \u00e1gua e do territ\u00f3rio. Foram apresentados desafios e necessidades de recursos para manter e fazer crescer o EVOA, incluindo maior envolvimento de autarquias e parceiros regionais. O EVOA fica a cerca de vinte e cinco minutos de Lisboa e afirma a sua fun\u00e7\u00e3o como principal pulm\u00e3o ambiental da \u00c1rea Metropolitana de Lisboa, com o objetivo de valorizar o patrim\u00f3nio natural e cient\u00edfico da regi\u00e3o.\" \/>\n<meta property=\"og:url\" content=\"https:\/\/portaltela.pt\/noticias\/2025\/12\/03\/evoa-celebra-13-anos-com-inauguracao-da-exposicao-a-magia-do-evoa\/\" \/>\n<meta property=\"og:site_name\" content=\"Portal Tela Portugal\" \/>\n<meta property=\"article:published_time\" content=\"2025-12-03T20:19:00+00:00\" \/>\n<meta name=\"author\" content=\"Telinha\" \/>\n<meta name=\"twitter:card\" content=\"summary_large_image\" \/>\n<meta name=\"twitter:label1\" content=\"Escrito por\" \/>\n\t<meta name=\"twitter:data1\" content=\"Telinha\" \/>\n\t<meta name=\"twitter:label2\" content=\"Tempo estimado de leitura\" \/>\n\t<meta name=\"twitter:data2\" content=\"2 minutos\" \/>\n<script type=\"application\/ld+json\" class=\"yoast-schema-graph\">{\"@context\":\"https:\/\/schema.org\",\"@graph\":[{\"@type\":\"Article\",\"@id\":\"https:\/\/portaltela.pt\/noticias\/2025\/12\/03\/evoa-celebra-13-anos-com-inauguracao-da-exposicao-a-magia-do-evoa\/#article\",\"isPartOf\":{\"@id\":\"https:\/\/portaltela.pt\/noticias\/2025\/12\/03\/evoa-celebra-13-anos-com-inauguracao-da-exposicao-a-magia-do-evoa\/\"},\"author\":{\"name\":\"Telinha\",\"@id\":\"https:\/\/portaltela.pt\/#\/schema\/person\/c4278d4a6028830caff9ee44b42d32ed\"},\"headline\":\"EVOA celebra 13 anos com inaugura\u00e7\u00e3o da exposi\u00e7\u00e3o A Magia do EVOA\",\"datePublished\":\"2025-12-03T20:19:00+00:00\",\"mainEntityOfPage\":{\"@id\":\"https:\/\/portaltela.pt\/noticias\/2025\/12\/03\/evoa-celebra-13-anos-com-inauguracao-da-exposicao-a-magia-do-evoa\/\"},\"wordCount\":368,\"image\":{\"@id\":\"https:\/\/portaltela.pt\/noticias\/2025\/12\/03\/evoa-celebra-13-anos-com-inauguracao-da-exposicao-a-magia-do-evoa\/#primaryimage\"},\"thumbnailUrl\":\"https:\/\/portaltela.pt\/s.01k8rhncp4jt1\/2025\/12\/Aniversario_Evoa_02122025-16.jpg\",\"keywords\":[\"ambiente\",\"coopera\u00e7\u00e3o internacional\",\"educa\u00e7\u00e3o\",\"investiga\u00e7\u00e3o cient\u00edfica\",\"meio-ambiente\",\"reserva ecol\u00f3gica\"],\"articleSection\":[\"Not\u00edcias\"],\"inLanguage\":\"pt-PT\"},{\"@type\":\"WebPage\",\"@id\":\"https:\/\/portaltela.pt\/noticias\/2025\/12\/03\/evoa-celebra-13-anos-com-inauguracao-da-exposicao-a-magia-do-evoa\/\",\"url\":\"https:\/\/portaltela.pt\/noticias\/2025\/12\/03\/evoa-celebra-13-anos-com-inauguracao-da-exposicao-a-magia-do-evoa\/\",\"name\":\"EVOA celebra 13 anos com inaugura\u00e7\u00e3o da exposi\u00e7\u00e3o A Magia do EVOA - Portal Tela Portugal\",\"isPartOf\":{\"@id\":\"https:\/\/portaltela.pt\/#website\"},\"primaryImageOfPage\":{\"@id\":\"https:\/\/portaltela.pt\/noticias\/2025\/12\/03\/evoa-celebra-13-anos-com-inauguracao-da-exposicao-a-magia-do-evoa\/#primaryimage\"},\"image\":{\"@id\":\"https:\/\/portaltela.pt\/noticias\/2025\/12\/03\/evoa-celebra-13-anos-com-inauguracao-da-exposicao-a-magia-do-evoa\/#primaryimage\"},\"thumbnailUrl\":\"https:\/\/portaltela.pt\/s.01k8rhncp4jt1\/2025\/12\/Aniversario_Evoa_02122025-16.jpg\",\"datePublished\":\"2025-12-03T20:19:00+00:00\",\"author\":{\"@id\":\"https:\/\/portaltela.pt\/#\/schema\/person\/c4278d4a6028830caff9ee44b42d32ed\"},\"breadcrumb\":{\"@id\":\"https:\/\/portaltela.pt\/noticias\/2025\/12\/03\/evoa-celebra-13-anos-com-inauguracao-da-exposicao-a-magia-do-evoa\/#breadcrumb\"},\"inLanguage\":\"pt-PT\",\"potentialAction\":[{\"@type\":\"ReadAction\",\"target\":[\"https:\/\/portaltela.pt\/noticias\/2025\/12\/03\/evoa-celebra-13-anos-com-inauguracao-da-exposicao-a-magia-do-evoa\/\"]}]},{\"@type\":\"ImageObject\",\"inLanguage\":\"pt-PT\",\"@id\":\"https:\/\/portaltela.pt\/noticias\/2025\/12\/03\/evoa-celebra-13-anos-com-inauguracao-da-exposicao-a-magia-do-evoa\/#primaryimage\",\"url\":\"https:\/\/portaltela.pt\/s.01k8rhncp4jt1\/2025\/12\/Aniversario_Evoa_02122025-16.jpg\",\"contentUrl\":\"https:\/\/portaltela.pt\/s.01k8rhncp4jt1\/2025\/12\/Aniversario_Evoa_02122025-16.jpg\",\"width\":796,\"height\":448,\"caption\":\"Not\u00edcias do Sorraia\"},{\"@type\":\"BreadcrumbList\",\"@id\":\"https:\/\/portaltela.pt\/noticias\/2025\/12\/03\/evoa-celebra-13-anos-com-inauguracao-da-exposicao-a-magia-do-evoa\/#breadcrumb\",\"itemListElement\":[{\"@type\":\"ListItem\",\"position\":1,\"name\":\"In\u00edcio\",\"item\":\"https:\/\/portaltela.pt\/\"},{\"@type\":\"ListItem\",\"position\":2,\"name\":\"EVOA celebra 13 anos com inaugura\u00e7\u00e3o da exposi\u00e7\u00e3o A Magia do EVOA\"}]},{\"@type\":\"WebSite\",\"@id\":\"https:\/\/portaltela.pt\/#website\",\"url\":\"https:\/\/portaltela.pt\/\",\"name\":\"Portal Tela Portugal\",\"description\":\"\",\"potentialAction\":[{\"@type\":\"SearchAction\",\"target\":{\"@type\":\"EntryPoint\",\"urlTemplate\":\"https:\/\/portaltela.pt\/?s={search_term_string}\"},\"query-input\":{\"@type\":\"PropertyValueSpecification\",\"valueRequired\":true,\"valueName\":\"search_term_string\"}}],\"inLanguage\":\"pt-PT\"},{\"@type\":\"Person\",\"@id\":\"https:\/\/portaltela.pt\/#\/schema\/person\/c4278d4a6028830caff9ee44b42d32ed\",\"name\":\"Telinha\",\"image\":{\"@type\":\"ImageObject\",\"inLanguage\":\"pt-PT\",\"@id\":\"https:\/\/portaltela.pt\/s.01k8rhncp4jt1\/2025\/11\/talking-bot-125x125.png\",\"url\":\"https:\/\/portaltela.pt\/s.01k8rhncp4jt1\/2025\/11\/talking-bot-125x125.png\",\"contentUrl\":\"https:\/\/portaltela.pt\/s.01k8rhncp4jt1\/2025\/11\/talking-bot-125x125.png\",\"caption\":\"Telinha\"},\"sameAs\":[\"https:\/\/portaltela.pt\/\"],\"url\":\"https:\/\/portaltela.pt\/por\/367410592786\/\"}]}<\/script>\n<!-- \/ Yoast SEO plugin. -->","yoast_head_json":{"title":"EVOA celebra 13 anos com inaugura\u00e7\u00e3o da exposi\u00e7\u00e3o A Magia do EVOA - Portal Tela Portugal","robots":{"index":"index","follow":"follow","max-snippet":"max-snippet:-1","max-image-preview":"max-image-preview:large","max-video-preview":"max-video-preview:-1"},"og_locale":"pt_PT","og_type":"article","og_title":"EVOA celebra 13 anos com inaugura\u00e7\u00e3o da exposi\u00e7\u00e3o A Magia do EVOA - Portal Tela Portugal","og_description":"O EVOA comemorou o 13.\u00ba anivers\u00e1rio e inaugurou a exposi\u00e7\u00e3o fotogr\u00e1fica \u201cA Magia do EVOA\u201d, de Ant\u00f3nio Heitor, patente at\u00e9 fev (fevereiro) de 2026, em est\u00fadio de divulga\u00e7\u00e3o no Estu\u00e1rio do Tejo. A cerim\u00f3nia reuniu parceiros institucionais, autarcas, especialistas e visitantes, destacando a cogest\u00e3o entre autarquias, Comiss\u00e3o de Coordena\u00e7\u00e3o e Desenvolvimento Regional (CCDR) Lisboa e Vale do Tejo e outros parceiros. O evento refor\u00e7ou a import\u00e2ncia da reserva natural do Estu\u00e1rio do Tejo e do EVOA para educa\u00e7\u00e3o ambiental, investiga\u00e7\u00e3o cient\u00edfica e gest\u00e3o respons\u00e1vel da \u00e1gua e do territ\u00f3rio. Foram apresentados desafios e necessidades de recursos para manter e fazer crescer o EVOA, incluindo maior envolvimento de autarquias e parceiros regionais. O EVOA fica a cerca de vinte e cinco minutos de Lisboa e afirma a sua fun\u00e7\u00e3o como principal pulm\u00e3o ambiental da \u00c1rea Metropolitana de Lisboa, com o objetivo de valorizar o patrim\u00f3nio natural e cient\u00edfico da regi\u00e3o.","og_url":"https:\/\/portaltela.pt\/noticias\/2025\/12\/03\/evoa-celebra-13-anos-com-inauguracao-da-exposicao-a-magia-do-evoa\/","og_site_name":"Portal Tela Portugal","article_published_time":"2025-12-03T20:19:00+00:00","author":"Telinha","twitter_card":"summary_large_image","twitter_misc":{"Escrito por":"Telinha","Tempo estimado de leitura":"2 minutos"},"schema":{"@context":"https:\/\/schema.org","@graph":[{"@type":"Article","@id":"https:\/\/portaltela.pt\/noticias\/2025\/12\/03\/evoa-celebra-13-anos-com-inauguracao-da-exposicao-a-magia-do-evoa\/#article","isPartOf":{"@id":"https:\/\/portaltela.pt\/noticias\/2025\/12\/03\/evoa-celebra-13-anos-com-inauguracao-da-exposicao-a-magia-do-evoa\/"},"author":{"name":"Telinha","@id":"https:\/\/portaltela.pt\/#\/schema\/person\/c4278d4a6028830caff9ee44b42d32ed"},"headline":"EVOA celebra 13 anos com inaugura\u00e7\u00e3o da exposi\u00e7\u00e3o A Magia do EVOA","datePublished":"2025-12-03T20:19:00+00:00","mainEntityOfPage":{"@id":"https:\/\/portaltela.pt\/noticias\/2025\/12\/03\/evoa-celebra-13-anos-com-inauguracao-da-exposicao-a-magia-do-evoa\/"},"wordCount":368,"image":{"@id":"https:\/\/portaltela.pt\/noticias\/2025\/12\/03\/evoa-celebra-13-anos-com-inauguracao-da-exposicao-a-magia-do-evoa\/#primaryimage"},"thumbnailUrl":"https:\/\/portaltela.pt\/s.01k8rhncp4jt1\/2025\/12\/Aniversario_Evoa_02122025-16.jpg","keywords":["ambiente","coopera\u00e7\u00e3o internacional","educa\u00e7\u00e3o","investiga\u00e7\u00e3o cient\u00edfica","meio-ambiente","reserva ecol\u00f3gica"],"articleSection":["Not\u00edcias"],"inLanguage":"pt-PT"},{"@type":"WebPage","@id":"https:\/\/portaltela.pt\/noticias\/2025\/12\/03\/evoa-celebra-13-anos-com-inauguracao-da-exposicao-a-magia-do-evoa\/","url":"https:\/\/portaltela.pt\/noticias\/2025\/12\/03\/evoa-celebra-13-anos-com-inauguracao-da-exposicao-a-magia-do-evoa\/","name":"EVOA celebra 13 anos com inaugura\u00e7\u00e3o da exposi\u00e7\u00e3o A Magia do EVOA - Portal Tela Portugal","isPartOf":{"@id":"https:\/\/portaltela.pt\/#website"},"primaryImageOfPage":{"@id":"https:\/\/portaltela.pt\/noticias\/2025\/12\/03\/evoa-celebra-13-anos-com-inauguracao-da-exposicao-a-magia-do-evoa\/#primaryimage"},"image":{"@id":"https:\/\/portaltela.pt\/noticias\/2025\/12\/03\/evoa-celebra-13-anos-com-inauguracao-da-exposicao-a-magia-do-evoa\/#primaryimage"},"thumbnailUrl":"https:\/\/portaltela.pt\/s.01k8rhncp4jt1\/2025\/12\/Aniversario_Evoa_02122025-16.jpg","datePublished":"2025-12-03T20:19:00+00:00","author":{"@id":"https:\/\/portaltela.pt\/#\/schema\/person\/c4278d4a6028830caff9ee44b42d32ed"},"breadcrumb":{"@id":"https:\/\/portaltela.pt\/noticias\/2025\/12\/03\/evoa-celebra-13-anos-com-inauguracao-da-exposicao-a-magia-do-evoa\/#breadcrumb"},"inLanguage":"pt-PT","potentialAction":[{"@type":"ReadAction","target":["https:\/\/portaltela.pt\/noticias\/2025\/12\/03\/evoa-celebra-13-anos-com-inauguracao-da-exposicao-a-magia-do-evoa\/"]}]},{"@type":"ImageObject","inLanguage":"pt-PT","@id":"https:\/\/portaltela.pt\/noticias\/2025\/12\/03\/evoa-celebra-13-anos-com-inauguracao-da-exposicao-a-magia-do-evoa\/#primaryimage","url":"https:\/\/portaltela.pt\/s.01k8rhncp4jt1\/2025\/12\/Aniversario_Evoa_02122025-16.jpg","contentUrl":"https:\/\/portaltela.pt\/s.01k8rhncp4jt1\/2025\/12\/Aniversario_Evoa_02122025-16.jpg","width":796,"height":448,"caption":"Not\u00edcias do Sorraia"},{"@type":"BreadcrumbList","@id":"https:\/\/portaltela.pt\/noticias\/2025\/12\/03\/evoa-celebra-13-anos-com-inauguracao-da-exposicao-a-magia-do-evoa\/#breadcrumb","itemListElement":[{"@type":"ListItem","position":1,"name":"In\u00edcio","item":"https:\/\/portaltela.pt\/"},{"@type":"ListItem","position":2,"name":"EVOA celebra 13 anos com inaugura\u00e7\u00e3o da exposi\u00e7\u00e3o A Magia do EVOA"}]},{"@type":"WebSite","@id":"https:\/\/portaltela.pt\/#website","url":"https:\/\/portaltela.pt\/","name":"Portal Tela Portugal","description":"","potentialAction":[{"@type":"SearchAction","target":{"@type":"EntryPoint","urlTemplate":"https:\/\/portaltela.pt\/?s={search_term_string}"},"query-input":{"@type":"PropertyValueSpecification","valueRequired":true,"valueName":"search_term_string"}}],"inLanguage":"pt-PT"},{"@type":"Person","@id":"https:\/\/portaltela.pt\/#\/schema\/person\/c4278d4a6028830caff9ee44b42d32ed","name":"Telinha","image":{"@type":"ImageObject","inLanguage":"pt-PT","@id":"https:\/\/portaltela.pt\/s.01k8rhncp4jt1\/2025\/11\/talking-bot-125x125.png","url":"https:\/\/portaltela.pt\/s.01k8rhncp4jt1\/2025\/11\/talking-bot-125x125.png","contentUrl":"https:\/\/portaltela.pt\/s.01k8rhncp4jt1\/2025\/11\/talking-bot-125x125.png","caption":"Telinha"},"sameAs":["https:\/\/portaltela.pt\/"],"url":"https:\/\/portaltela.pt\/por\/367410592786\/"}]}},"_links":{"self":[{"href":"https:\/\/portaltela.pt\/api\/wp\/v2\/posts\/47833","targetHints":{"allow":["GET"]}}],"collection":[{"href":"https:\/\/portaltela.pt\/api\/wp\/v2\/posts"}],"about":[{"href":"https:\/\/portaltela.pt\/api\/wp\/v2\/types\/post"}],"author":[{"embeddable":true,"href":"https:\/\/portaltela.pt\/api\/wp\/v2\/users\/2"}],"replies":[{"embeddable":true,"href":"https:\/\/portaltela.pt\/api\/wp\/v2\/comments?post=47833"}],"version-history":[{"count":0,"href":"https:\/\/portaltela.pt\/api\/wp\/v2\/posts\/47833\/revisions"}],"wp:featuredmedia":[{"embeddable":true,"href":"https:\/\/portaltela.pt\/api\/wp\/v2\/media\/47834"}],"wp:attachment":[{"href":"https:\/\/portaltela.pt\/api\/wp\/v2\/media?parent=47833"}],"wp:term":[{"taxonomy":"category","embeddable":true,"href":"https:\/\/portaltela.pt\/api\/wp\/v2\/categories?post=47833"},{"taxonomy":"post_tag","embeddable":true,"href":"https:\/\/portaltela.pt\/api\/wp\/v2\/tags?post=47833"}],"curies":[{"name":"wp","href":"https:\/\/api.w.org\/{rel}","templated":true}]}}