{"id":47783,"date":"2025-12-03T17:00:00","date_gmt":"2025-12-03T20:00:00","guid":{"rendered":"https:\/\/portaltela.pt\/noticias\/2025\/12\/03\/beja-santa-casa-inaugura-ultima-fase-do-presepio-artistico\/"},"modified":"2025-12-03T17:00:00","modified_gmt":"2025-12-03T20:00:00","slug":"beja-santa-casa-inaugura-ultima-fase-do-presepio-artistico","status":"publish","type":"post","link":"https:\/\/portaltela.pt\/noticias\/2025\/12\/03\/beja-santa-casa-inaugura-ultima-fase-do-presepio-artistico\/","title":{"rendered":"Beja: Santa Casa inaugura \u00faltima fase do Pres\u00e9pio Art\u00edstico"},"content":{"rendered":"<p>A Santa Casa da Miseric\u00f3rdia de Beja concluiu o Pres\u00e9pio Art\u00edstico iniciado em 2018. A \u00faltima fase, chamada Adora\u00e7\u00e3o e Oferendas ao Menino, encerra o projeto que junta tradi\u00e7\u00e3o e contemporaneidade para refletir a identidade cultural alentejana.<\/p>\n<p>A inaugura\u00e7\u00e3o oficial est\u00e1 marcada para 8 de dezembro de 2025, \u00e0s 17h30, na Igreja da S\u00e9 de Beja. A cerim\u00f3nia inclui missa, o momento de Cante ao Menino e a apresenta\u00e7\u00e3o da curadora Alexandra Santos Rosa.<\/p>\n<p>As visitas ao Pres\u00e9pio decorrer\u00e3o entre 9 de dezembro de 2025 e 8 de janeiro de 2026, diariamente, das 9h00 \u00e0s 20h00, exceto nos dias 25 de dezembro e 1 de janeiro. O espa\u00e7o pretende manter o foco na preserva\u00e7\u00e3o patrimonial local.<\/p>\n","protected":false},"excerpt":{"rendered":"<ul>\n<li>A Santa Casa da Miseric\u00f3rdia de Beja concluiu o Pres\u00e9pio Art\u00edstico iniciado em 2018, que combina tradi\u00e7\u00e3o e contemporaneidade na identidade cultural alentejana.<\/li>\n<li>A fase final, denominada Adora\u00e7\u00e3o e Oferendas ao Menino, encerra o projeto de preserva\u00e7\u00e3o patrimonial local.<\/li>\n<li>A inaugura\u00e7\u00e3o est\u00e1 marcada para 8 de dezembro de 2025, \u00e0s 17h30, na Igreja da S\u00e9 de Beja, com missa, Cante ao Menino e apresenta\u00e7\u00e3o da curadora Alexandra Santos Rosa.<\/li>\n<li>O pres\u00e9pio poder\u00e1 ser visitado de 9 de dezembro de 2025 a 8 de janeiro de 2026, diariamente, entre as 9h e as 20h, exceto 25 de dezembro e 1 de janeiro.<\/li>\n<li>A iniciativa refor\u00e7a a valoriza\u00e7\u00e3o cultural da regi\u00e3o alentejana, promovida pela institui\u00e7\u00e3o.<\/li>\n<\/ul>\n","protected":false},"author":2,"featured_media":47784,"comment_status":"closed","ping_status":"closed","sticky":false,"template":"","format":"standard","meta":{"footnotes":""},"categories":[1],"tags":[145,299,102,704,104],"class_list":["post-47783","post","type-post","status-publish","format-standard","has-post-thumbnail","hentry","category-noticias","tag-cultura","tag-historia","tag-igreja","tag-patrimonial","tag-religiao"],"yoast_head":"<!-- This site is optimized with the Yoast SEO plugin v27.2 - https:\/\/yoast.com\/product\/yoast-seo-wordpress\/ -->\n<title>Beja: Santa Casa inaugura \u00faltima fase do Pres\u00e9pio Art\u00edstico - Portal Tela Portugal<\/title>\n<meta name=\"robots\" content=\"index, follow, max-snippet:-1, max-image-preview:large, max-video-preview:-1\" \/>\n<meta property=\"og:locale\" content=\"pt_PT\" \/>\n<meta property=\"og:type\" content=\"article\" \/>\n<meta property=\"og:title\" content=\"Beja: Santa Casa inaugura \u00faltima fase do Pres\u00e9pio Art\u00edstico - Portal Tela Portugal\" \/>\n<meta property=\"og:description\" content=\"A Santa Casa da Miseric\u00f3rdia de Beja concluiu o Pres\u00e9pio Art\u00edstico iniciado em 2018, que combina tradi\u00e7\u00e3o e contemporaneidade na identidade cultural alentejana. A fase final, denominada Adora\u00e7\u00e3o e Oferendas ao Menino, encerra o projeto de preserva\u00e7\u00e3o patrimonial local. A inaugura\u00e7\u00e3o est\u00e1 marcada para 8 de dezembro de 2025, \u00e0s 17h30, na Igreja da S\u00e9 de Beja, com missa, Cante ao Menino e apresenta\u00e7\u00e3o da curadora Alexandra Santos Rosa. O pres\u00e9pio poder\u00e1 ser visitado de 9 de dezembro de 2025 a 8 de janeiro de 2026, diariamente, entre as 9h e as 20h, exceto 25 de dezembro e 1 de janeiro. A iniciativa refor\u00e7a a valoriza\u00e7\u00e3o cultural da regi\u00e3o alentejana, promovida pela institui\u00e7\u00e3o.\" \/>\n<meta property=\"og:url\" content=\"https:\/\/portaltela.pt\/noticias\/2025\/12\/03\/beja-santa-casa-inaugura-ultima-fase-do-presepio-artistico\/\" \/>\n<meta property=\"og:site_name\" content=\"Portal Tela Portugal\" \/>\n<meta property=\"article:published_time\" content=\"2025-12-03T20:00:00+00:00\" \/>\n<meta name=\"author\" content=\"Telinha\" \/>\n<meta name=\"twitter:card\" content=\"summary_large_image\" \/>\n<meta name=\"twitter:label1\" content=\"Escrito por\" \/>\n\t<meta name=\"twitter:data1\" content=\"Telinha\" \/>\n\t<meta name=\"twitter:label2\" content=\"Tempo estimado de leitura\" \/>\n\t<meta name=\"twitter:data2\" content=\"1 minuto\" \/>\n<script type=\"application\/ld+json\" class=\"yoast-schema-graph\">{\"@context\":\"https:\/\/schema.org\",\"@graph\":[{\"@type\":\"Article\",\"@id\":\"https:\/\/portaltela.pt\/noticias\/2025\/12\/03\/beja-santa-casa-inaugura-ultima-fase-do-presepio-artistico\/#article\",\"isPartOf\":{\"@id\":\"https:\/\/portaltela.pt\/noticias\/2025\/12\/03\/beja-santa-casa-inaugura-ultima-fase-do-presepio-artistico\/\"},\"author\":{\"name\":\"Telinha\",\"@id\":\"https:\/\/portaltela.pt\/#\/schema\/person\/c4278d4a6028830caff9ee44b42d32ed\"},\"headline\":\"Beja: Santa Casa inaugura \u00faltima fase do Pres\u00e9pio Art\u00edstico\",\"datePublished\":\"2025-12-03T20:00:00+00:00\",\"mainEntityOfPage\":{\"@id\":\"https:\/\/portaltela.pt\/noticias\/2025\/12\/03\/beja-santa-casa-inaugura-ultima-fase-do-presepio-artistico\/\"},\"wordCount\":130,\"image\":{\"@id\":\"https:\/\/portaltela.pt\/noticias\/2025\/12\/03\/beja-santa-casa-inaugura-ultima-fase-do-presepio-artistico\/#primaryimage\"},\"thumbnailUrl\":\"https:\/\/portaltela.pt\/s.01k8rhncp4jt1\/2025\/12\/6a35cf5d488c86f463b3dee7d340b552192e4d94-6.jpg\",\"keywords\":[\"cultura\",\"hist\u00f3ria\",\"igreja\",\"patrimonial\",\"religi\u00e3o\"],\"articleSection\":[\"Not\u00edcias\"],\"inLanguage\":\"pt-PT\"},{\"@type\":\"WebPage\",\"@id\":\"https:\/\/portaltela.pt\/noticias\/2025\/12\/03\/beja-santa-casa-inaugura-ultima-fase-do-presepio-artistico\/\",\"url\":\"https:\/\/portaltela.pt\/noticias\/2025\/12\/03\/beja-santa-casa-inaugura-ultima-fase-do-presepio-artistico\/\",\"name\":\"Beja: Santa Casa inaugura \u00faltima fase do Pres\u00e9pio Art\u00edstico - Portal Tela Portugal\",\"isPartOf\":{\"@id\":\"https:\/\/portaltela.pt\/#website\"},\"primaryImageOfPage\":{\"@id\":\"https:\/\/portaltela.pt\/noticias\/2025\/12\/03\/beja-santa-casa-inaugura-ultima-fase-do-presepio-artistico\/#primaryimage\"},\"image\":{\"@id\":\"https:\/\/portaltela.pt\/noticias\/2025\/12\/03\/beja-santa-casa-inaugura-ultima-fase-do-presepio-artistico\/#primaryimage\"},\"thumbnailUrl\":\"https:\/\/portaltela.pt\/s.01k8rhncp4jt1\/2025\/12\/6a35cf5d488c86f463b3dee7d340b552192e4d94-6.jpg\",\"datePublished\":\"2025-12-03T20:00:00+00:00\",\"author\":{\"@id\":\"https:\/\/portaltela.pt\/#\/schema\/person\/c4278d4a6028830caff9ee44b42d32ed\"},\"breadcrumb\":{\"@id\":\"https:\/\/portaltela.pt\/noticias\/2025\/12\/03\/beja-santa-casa-inaugura-ultima-fase-do-presepio-artistico\/#breadcrumb\"},\"inLanguage\":\"pt-PT\",\"potentialAction\":[{\"@type\":\"ReadAction\",\"target\":[\"https:\/\/portaltela.pt\/noticias\/2025\/12\/03\/beja-santa-casa-inaugura-ultima-fase-do-presepio-artistico\/\"]}]},{\"@type\":\"ImageObject\",\"inLanguage\":\"pt-PT\",\"@id\":\"https:\/\/portaltela.pt\/noticias\/2025\/12\/03\/beja-santa-casa-inaugura-ultima-fase-do-presepio-artistico\/#primaryimage\",\"url\":\"https:\/\/portaltela.pt\/s.01k8rhncp4jt1\/2025\/12\/6a35cf5d488c86f463b3dee7d340b552192e4d94-6.jpg\",\"contentUrl\":\"https:\/\/portaltela.pt\/s.01k8rhncp4jt1\/2025\/12\/6a35cf5d488c86f463b3dee7d340b552192e4d94-6.jpg\",\"width\":796,\"height\":448,\"caption\":\"O Digital\"},{\"@type\":\"BreadcrumbList\",\"@id\":\"https:\/\/portaltela.pt\/noticias\/2025\/12\/03\/beja-santa-casa-inaugura-ultima-fase-do-presepio-artistico\/#breadcrumb\",\"itemListElement\":[{\"@type\":\"ListItem\",\"position\":1,\"name\":\"In\u00edcio\",\"item\":\"https:\/\/portaltela.pt\/\"},{\"@type\":\"ListItem\",\"position\":2,\"name\":\"Beja: Santa Casa inaugura \u00faltima fase do Pres\u00e9pio Art\u00edstico\"}]},{\"@type\":\"WebSite\",\"@id\":\"https:\/\/portaltela.pt\/#website\",\"url\":\"https:\/\/portaltela.pt\/\",\"name\":\"Portal Tela Portugal\",\"description\":\"\",\"potentialAction\":[{\"@type\":\"SearchAction\",\"target\":{\"@type\":\"EntryPoint\",\"urlTemplate\":\"https:\/\/portaltela.pt\/?s={search_term_string}\"},\"query-input\":{\"@type\":\"PropertyValueSpecification\",\"valueRequired\":true,\"valueName\":\"search_term_string\"}}],\"inLanguage\":\"pt-PT\"},{\"@type\":\"Person\",\"@id\":\"https:\/\/portaltela.pt\/#\/schema\/person\/c4278d4a6028830caff9ee44b42d32ed\",\"name\":\"Telinha\",\"image\":{\"@type\":\"ImageObject\",\"inLanguage\":\"pt-PT\",\"@id\":\"https:\/\/portaltela.pt\/s.01k8rhncp4jt1\/2025\/11\/talking-bot-125x125.png\",\"url\":\"https:\/\/portaltela.pt\/s.01k8rhncp4jt1\/2025\/11\/talking-bot-125x125.png\",\"contentUrl\":\"https:\/\/portaltela.pt\/s.01k8rhncp4jt1\/2025\/11\/talking-bot-125x125.png\",\"caption\":\"Telinha\"},\"sameAs\":[\"https:\/\/portaltela.pt\/\"],\"url\":\"https:\/\/portaltela.pt\/por\/367410592786\/\"}]}<\/script>\n<!-- \/ Yoast SEO plugin. -->","yoast_head_json":{"title":"Beja: Santa Casa inaugura \u00faltima fase do Pres\u00e9pio Art\u00edstico - Portal Tela Portugal","robots":{"index":"index","follow":"follow","max-snippet":"max-snippet:-1","max-image-preview":"max-image-preview:large","max-video-preview":"max-video-preview:-1"},"og_locale":"pt_PT","og_type":"article","og_title":"Beja: Santa Casa inaugura \u00faltima fase do Pres\u00e9pio Art\u00edstico - Portal Tela Portugal","og_description":"A Santa Casa da Miseric\u00f3rdia de Beja concluiu o Pres\u00e9pio Art\u00edstico iniciado em 2018, que combina tradi\u00e7\u00e3o e contemporaneidade na identidade cultural alentejana. A fase final, denominada Adora\u00e7\u00e3o e Oferendas ao Menino, encerra o projeto de preserva\u00e7\u00e3o patrimonial local. A inaugura\u00e7\u00e3o est\u00e1 marcada para 8 de dezembro de 2025, \u00e0s 17h30, na Igreja da S\u00e9 de Beja, com missa, Cante ao Menino e apresenta\u00e7\u00e3o da curadora Alexandra Santos Rosa. O pres\u00e9pio poder\u00e1 ser visitado de 9 de dezembro de 2025 a 8 de janeiro de 2026, diariamente, entre as 9h e as 20h, exceto 25 de dezembro e 1 de janeiro. A iniciativa refor\u00e7a a valoriza\u00e7\u00e3o cultural da regi\u00e3o alentejana, promovida pela institui\u00e7\u00e3o.","og_url":"https:\/\/portaltela.pt\/noticias\/2025\/12\/03\/beja-santa-casa-inaugura-ultima-fase-do-presepio-artistico\/","og_site_name":"Portal Tela Portugal","article_published_time":"2025-12-03T20:00:00+00:00","author":"Telinha","twitter_card":"summary_large_image","twitter_misc":{"Escrito por":"Telinha","Tempo estimado de leitura":"1 minuto"},"schema":{"@context":"https:\/\/schema.org","@graph":[{"@type":"Article","@id":"https:\/\/portaltela.pt\/noticias\/2025\/12\/03\/beja-santa-casa-inaugura-ultima-fase-do-presepio-artistico\/#article","isPartOf":{"@id":"https:\/\/portaltela.pt\/noticias\/2025\/12\/03\/beja-santa-casa-inaugura-ultima-fase-do-presepio-artistico\/"},"author":{"name":"Telinha","@id":"https:\/\/portaltela.pt\/#\/schema\/person\/c4278d4a6028830caff9ee44b42d32ed"},"headline":"Beja: Santa Casa inaugura \u00faltima fase do Pres\u00e9pio Art\u00edstico","datePublished":"2025-12-03T20:00:00+00:00","mainEntityOfPage":{"@id":"https:\/\/portaltela.pt\/noticias\/2025\/12\/03\/beja-santa-casa-inaugura-ultima-fase-do-presepio-artistico\/"},"wordCount":130,"image":{"@id":"https:\/\/portaltela.pt\/noticias\/2025\/12\/03\/beja-santa-casa-inaugura-ultima-fase-do-presepio-artistico\/#primaryimage"},"thumbnailUrl":"https:\/\/portaltela.pt\/s.01k8rhncp4jt1\/2025\/12\/6a35cf5d488c86f463b3dee7d340b552192e4d94-6.jpg","keywords":["cultura","hist\u00f3ria","igreja","patrimonial","religi\u00e3o"],"articleSection":["Not\u00edcias"],"inLanguage":"pt-PT"},{"@type":"WebPage","@id":"https:\/\/portaltela.pt\/noticias\/2025\/12\/03\/beja-santa-casa-inaugura-ultima-fase-do-presepio-artistico\/","url":"https:\/\/portaltela.pt\/noticias\/2025\/12\/03\/beja-santa-casa-inaugura-ultima-fase-do-presepio-artistico\/","name":"Beja: Santa Casa inaugura \u00faltima fase do Pres\u00e9pio Art\u00edstico - Portal Tela Portugal","isPartOf":{"@id":"https:\/\/portaltela.pt\/#website"},"primaryImageOfPage":{"@id":"https:\/\/portaltela.pt\/noticias\/2025\/12\/03\/beja-santa-casa-inaugura-ultima-fase-do-presepio-artistico\/#primaryimage"},"image":{"@id":"https:\/\/portaltela.pt\/noticias\/2025\/12\/03\/beja-santa-casa-inaugura-ultima-fase-do-presepio-artistico\/#primaryimage"},"thumbnailUrl":"https:\/\/portaltela.pt\/s.01k8rhncp4jt1\/2025\/12\/6a35cf5d488c86f463b3dee7d340b552192e4d94-6.jpg","datePublished":"2025-12-03T20:00:00+00:00","author":{"@id":"https:\/\/portaltela.pt\/#\/schema\/person\/c4278d4a6028830caff9ee44b42d32ed"},"breadcrumb":{"@id":"https:\/\/portaltela.pt\/noticias\/2025\/12\/03\/beja-santa-casa-inaugura-ultima-fase-do-presepio-artistico\/#breadcrumb"},"inLanguage":"pt-PT","potentialAction":[{"@type":"ReadAction","target":["https:\/\/portaltela.pt\/noticias\/2025\/12\/03\/beja-santa-casa-inaugura-ultima-fase-do-presepio-artistico\/"]}]},{"@type":"ImageObject","inLanguage":"pt-PT","@id":"https:\/\/portaltela.pt\/noticias\/2025\/12\/03\/beja-santa-casa-inaugura-ultima-fase-do-presepio-artistico\/#primaryimage","url":"https:\/\/portaltela.pt\/s.01k8rhncp4jt1\/2025\/12\/6a35cf5d488c86f463b3dee7d340b552192e4d94-6.jpg","contentUrl":"https:\/\/portaltela.pt\/s.01k8rhncp4jt1\/2025\/12\/6a35cf5d488c86f463b3dee7d340b552192e4d94-6.jpg","width":796,"height":448,"caption":"O Digital"},{"@type":"BreadcrumbList","@id":"https:\/\/portaltela.pt\/noticias\/2025\/12\/03\/beja-santa-casa-inaugura-ultima-fase-do-presepio-artistico\/#breadcrumb","itemListElement":[{"@type":"ListItem","position":1,"name":"In\u00edcio","item":"https:\/\/portaltela.pt\/"},{"@type":"ListItem","position":2,"name":"Beja: Santa Casa inaugura \u00faltima fase do Pres\u00e9pio Art\u00edstico"}]},{"@type":"WebSite","@id":"https:\/\/portaltela.pt\/#website","url":"https:\/\/portaltela.pt\/","name":"Portal Tela Portugal","description":"","potentialAction":[{"@type":"SearchAction","target":{"@type":"EntryPoint","urlTemplate":"https:\/\/portaltela.pt\/?s={search_term_string}"},"query-input":{"@type":"PropertyValueSpecification","valueRequired":true,"valueName":"search_term_string"}}],"inLanguage":"pt-PT"},{"@type":"Person","@id":"https:\/\/portaltela.pt\/#\/schema\/person\/c4278d4a6028830caff9ee44b42d32ed","name":"Telinha","image":{"@type":"ImageObject","inLanguage":"pt-PT","@id":"https:\/\/portaltela.pt\/s.01k8rhncp4jt1\/2025\/11\/talking-bot-125x125.png","url":"https:\/\/portaltela.pt\/s.01k8rhncp4jt1\/2025\/11\/talking-bot-125x125.png","contentUrl":"https:\/\/portaltela.pt\/s.01k8rhncp4jt1\/2025\/11\/talking-bot-125x125.png","caption":"Telinha"},"sameAs":["https:\/\/portaltela.pt\/"],"url":"https:\/\/portaltela.pt\/por\/367410592786\/"}]}},"_links":{"self":[{"href":"https:\/\/portaltela.pt\/api\/wp\/v2\/posts\/47783","targetHints":{"allow":["GET"]}}],"collection":[{"href":"https:\/\/portaltela.pt\/api\/wp\/v2\/posts"}],"about":[{"href":"https:\/\/portaltela.pt\/api\/wp\/v2\/types\/post"}],"author":[{"embeddable":true,"href":"https:\/\/portaltela.pt\/api\/wp\/v2\/users\/2"}],"replies":[{"embeddable":true,"href":"https:\/\/portaltela.pt\/api\/wp\/v2\/comments?post=47783"}],"version-history":[{"count":0,"href":"https:\/\/portaltela.pt\/api\/wp\/v2\/posts\/47783\/revisions"}],"wp:featuredmedia":[{"embeddable":true,"href":"https:\/\/portaltela.pt\/api\/wp\/v2\/media\/47784"}],"wp:attachment":[{"href":"https:\/\/portaltela.pt\/api\/wp\/v2\/media?parent=47783"}],"wp:term":[{"taxonomy":"category","embeddable":true,"href":"https:\/\/portaltela.pt\/api\/wp\/v2\/categories?post=47783"},{"taxonomy":"post_tag","embeddable":true,"href":"https:\/\/portaltela.pt\/api\/wp\/v2\/tags?post=47783"}],"curies":[{"name":"wp","href":"https:\/\/api.w.org\/{rel}","templated":true}]}}