{"id":47648,"date":"2025-12-03T15:56:00","date_gmt":"2025-12-03T18:56:00","guid":{"rendered":"https:\/\/portaltela.pt\/noticias\/2025\/12\/03\/mario-leandro-garante-nunca-usar-imigracao-ilegal-nem-ter-jogadores-ilegais\/"},"modified":"2025-12-03T15:56:00","modified_gmt":"2025-12-03T18:56:00","slug":"mario-leandro-garante-nunca-usar-imigracao-ilegal-nem-ter-jogadores-ilegais","status":"publish","type":"post","link":"https:\/\/portaltela.pt\/desporto\/futebol\/2025\/12\/03\/mario-leandro-garante-nunca-usar-imigracao-ilegal-nem-ter-jogadores-ilegais\/","title":{"rendered":"M\u00e1rio Leandro garante nunca usar imigra\u00e7\u00e3o ilegal nem ter jogadores ilegais"},"content":{"rendered":"<p>M\u00e1rio Leandro, dirigente e treinador do extinto Futebol Clube de Set\u00fabal, \u00e9 alvo de uma acusa\u00e7\u00e3o do Minist\u00e9rio P\u00fablico por aux\u00edlio \u00e0 imigra\u00e7\u00e3o ilegal e utiliza\u00e7\u00e3o de cidad\u00e3os estrangeiros em situa\u00e7\u00e3o irregular. A den\u00fancia envolve a contrata\u00e7\u00e3o de 20 futebolistas provenientes de \u00c1frica e da Am\u00e9rica do Sul, com alegados vistos irregulares, para levar o clube \u00e0 2.\u00aa Divis\u00e3o da AF Set\u00fabal na temporada 2016\/17. O processo tem j\u00e1 quase uma d\u00e9cada de tramita\u00e7\u00e3o.<\/p>\n<p>Segundo o Minist\u00e9rio P\u00fablico e o Jornal de Not\u00edcias, as a\u00e7\u00f5es visaram facilitar a participa\u00e7\u00e3o dos atletas, permitindo a progress\u00e3o do clube. O caso permanece sem julgamento conclu\u00eddo, com desdobramentos ainda em curso h\u00e1 v\u00e1rios anos. A gest\u00e3o do FC Set\u00fabal mant\u00e9m a narrativa de que tudo foi feito dentro da legalidade desportiva.<\/p>\n<p>Contactado pelo Record, M\u00e1rio Leandro rejeitou as acusa\u00e7\u00f5es, qualificando a not\u00edcia de mesquinha e afirmando ter cumprido todos os requisitos de inscri\u00e7\u00e3o dos jogadores. O treinador sustenta que os atletas possu\u00edam documenta\u00e7\u00e3o, contratos e resid\u00eancia em conformidade com as regras vigentes na altura.<\/p>\n<p>Leandro reiterou que vai apresentar, nos pr\u00f3ximos dias, um documento detalhado sobre os procedimentos de inscri\u00e7\u00e3o dos atletas. O objetivo, diz, \u00e9 esclarecer os esclarecimentos do processo e detalhar as medidas j\u00e1 tomadas durante a gest\u00e3o do clube. O caso est\u00e1 a ser acompanhando pelas fontes jornal\u00edsticas e dever\u00e1 ter novos desenvolvimentos.<\/p>\n","protected":false},"excerpt":{"rendered":"<ul>\n<li>M\u00e1rio Leandro, dirigente e treinador do extinto Futebol Clube de Set\u00fabal, \u00e9 acusado pelo Minist\u00e9rio P\u00fablico de aux\u00edlio \u00e0 imigra\u00e7\u00e3o ilegal e utiliza\u00e7\u00e3o de cidad\u00e3os estrangeiros ilegais ap\u00f3s alegadamente contratar vinte futebolistas de \u00c1frica e da Am\u00e9rica do Sul com vistos ilegais, para ajudar o clube a subir \u00e0 2\u00aa Divis\u00e3o da AF Set\u00fabal em 2016\/17.<\/li>\n<li>O caso, que remonta a 2016\/2017, j\u00e1 dura sete a oito anos, e Leandro alega difama\u00e7\u00e3o, afirmando ter cumprido os requisitos de inscri\u00e7\u00e3o, com jogadores com documentos, contratos e resid\u00eancia.<\/li>\n<li>O Jornal de Not\u00edcias (Jornal de Not\u00edcias) refere que Leandro classifica a not\u00edcia como mesquinha e negou irregularidades, reiterando que os atletas tinham documentos, contrato e resid\u00eancia.<\/li>\n<li>O treinador promete apresentar, nos pr\u00f3ximos dias, um documento detalhado explicando os procedimentos de inscri\u00e7\u00e3o dos jogadores do clube.<\/li>\n<li>O Record contactou o treinador, que reiterou a conformidade e afirmou que o caso ainda est\u00e1 por julgamento, com mais informa\u00e7\u00f5es por vir.<\/li>\n<\/ul>\n","protected":false},"author":2,"featured_media":47650,"comment_status":"closed","ping_status":"closed","sticky":false,"template":"","format":"standard","meta":{"footnotes":""},"categories":[21,24],"tags":[643,660,147,32,712,352],"class_list":["post-47648","post","type-post","status-publish","format-standard","has-post-thumbnail","hentry","category-desporto","category-futebol","tag-angariacao-de-mao-de-obra-ilegal","tag-assuntos-desportivos","tag-crime","tag-futebol","tag-imigracao","tag-organizacao-criminosa"],"yoast_head":"<!-- This site is optimized with the Yoast SEO plugin v27.2 - https:\/\/yoast.com\/product\/yoast-seo-wordpress\/ -->\n<title>M\u00e1rio Leandro garante nunca usar imigra\u00e7\u00e3o ilegal nem ter jogadores ilegais - Portal Tela Portugal<\/title>\n<meta name=\"robots\" content=\"index, follow, max-snippet:-1, max-image-preview:large, max-video-preview:-1\" \/>\n<meta property=\"og:locale\" content=\"pt_PT\" \/>\n<meta property=\"og:type\" content=\"article\" \/>\n<meta property=\"og:title\" content=\"M\u00e1rio Leandro garante nunca usar imigra\u00e7\u00e3o ilegal nem ter jogadores ilegais - Portal Tela Portugal\" \/>\n<meta property=\"og:description\" content=\"M\u00e1rio Leandro, dirigente e treinador do extinto Futebol Clube de Set\u00fabal, \u00e9 acusado pelo Minist\u00e9rio P\u00fablico de aux\u00edlio \u00e0 imigra\u00e7\u00e3o ilegal e utiliza\u00e7\u00e3o de cidad\u00e3os estrangeiros ilegais ap\u00f3s alegadamente contratar vinte futebolistas de \u00c1frica e da Am\u00e9rica do Sul com vistos ilegais, para ajudar o clube a subir \u00e0 2\u00aa Divis\u00e3o da AF Set\u00fabal em 2016\/17. O caso, que remonta a 2016\/2017, j\u00e1 dura sete a oito anos, e Leandro alega difama\u00e7\u00e3o, afirmando ter cumprido os requisitos de inscri\u00e7\u00e3o, com jogadores com documentos, contratos e resid\u00eancia. O Jornal de Not\u00edcias (Jornal de Not\u00edcias) refere que Leandro classifica a not\u00edcia como mesquinha e negou irregularidades, reiterando que os atletas tinham documentos, contrato e resid\u00eancia. O treinador promete apresentar, nos pr\u00f3ximos dias, um documento detalhado explicando os procedimentos de inscri\u00e7\u00e3o dos jogadores do clube. O Record contactou o treinador, que reiterou a conformidade e afirmou que o caso ainda est\u00e1 por julgamento, com mais informa\u00e7\u00f5es por vir.\" \/>\n<meta property=\"og:url\" content=\"https:\/\/portaltela.pt\/noticias\/2025\/12\/03\/mario-leandro-garante-nunca-usar-imigracao-ilegal-nem-ter-jogadores-ilegais\/\" \/>\n<meta property=\"og:site_name\" content=\"Portal Tela Portugal\" \/>\n<meta property=\"article:published_time\" content=\"2025-12-03T18:56:00+00:00\" \/>\n<meta name=\"author\" content=\"Telinha\" \/>\n<meta name=\"twitter:card\" content=\"summary_large_image\" \/>\n<meta name=\"twitter:label1\" content=\"Escrito por\" \/>\n\t<meta name=\"twitter:data1\" content=\"Telinha\" \/>\n\t<meta name=\"twitter:label2\" content=\"Tempo estimado de leitura\" \/>\n\t<meta name=\"twitter:data2\" content=\"1 minuto\" \/>\n<script type=\"application\/ld+json\" class=\"yoast-schema-graph\">{\"@context\":\"https:\/\/schema.org\",\"@graph\":[{\"@type\":\"Article\",\"@id\":\"https:\/\/portaltela.pt\/noticias\/2025\/12\/03\/mario-leandro-garante-nunca-usar-imigracao-ilegal-nem-ter-jogadores-ilegais\/#article\",\"isPartOf\":{\"@id\":\"https:\/\/portaltela.pt\/noticias\/2025\/12\/03\/mario-leandro-garante-nunca-usar-imigracao-ilegal-nem-ter-jogadores-ilegais\/\"},\"author\":{\"name\":\"Telinha\",\"@id\":\"https:\/\/portaltela.pt\/#\/schema\/person\/c4278d4a6028830caff9ee44b42d32ed\"},\"headline\":\"M\u00e1rio Leandro garante nunca usar imigra\u00e7\u00e3o ilegal nem ter jogadores ilegais\",\"datePublished\":\"2025-12-03T18:56:00+00:00\",\"mainEntityOfPage\":{\"@id\":\"https:\/\/portaltela.pt\/noticias\/2025\/12\/03\/mario-leandro-garante-nunca-usar-imigracao-ilegal-nem-ter-jogadores-ilegais\/\"},\"wordCount\":267,\"image\":{\"@id\":\"https:\/\/portaltela.pt\/noticias\/2025\/12\/03\/mario-leandro-garante-nunca-usar-imigracao-ilegal-nem-ter-jogadores-ilegais\/#primaryimage\"},\"thumbnailUrl\":\"https:\/\/portaltela.pt\/s.01k8rhncp4jt1\/2025\/12\/img_920x518uu2025-12-03-08-51-14-2406616-3.jpg\",\"keywords\":[\"angaria\u00e7\u00e3o de m\u00e3o de obra ilegal\",\"assuntos desportivos\",\"crime\",\"futebol\",\"imigra\u00e7\u00e3o\",\"organiza\u00e7\u00e3o criminosa\"],\"articleSection\":[\"Desporto\",\"Futebol\"],\"inLanguage\":\"pt-PT\"},{\"@type\":\"WebPage\",\"@id\":\"https:\/\/portaltela.pt\/noticias\/2025\/12\/03\/mario-leandro-garante-nunca-usar-imigracao-ilegal-nem-ter-jogadores-ilegais\/\",\"url\":\"https:\/\/portaltela.pt\/noticias\/2025\/12\/03\/mario-leandro-garante-nunca-usar-imigracao-ilegal-nem-ter-jogadores-ilegais\/\",\"name\":\"M\u00e1rio Leandro garante nunca usar imigra\u00e7\u00e3o ilegal nem ter jogadores ilegais - Portal Tela Portugal\",\"isPartOf\":{\"@id\":\"https:\/\/portaltela.pt\/#website\"},\"primaryImageOfPage\":{\"@id\":\"https:\/\/portaltela.pt\/noticias\/2025\/12\/03\/mario-leandro-garante-nunca-usar-imigracao-ilegal-nem-ter-jogadores-ilegais\/#primaryimage\"},\"image\":{\"@id\":\"https:\/\/portaltela.pt\/noticias\/2025\/12\/03\/mario-leandro-garante-nunca-usar-imigracao-ilegal-nem-ter-jogadores-ilegais\/#primaryimage\"},\"thumbnailUrl\":\"https:\/\/portaltela.pt\/s.01k8rhncp4jt1\/2025\/12\/img_920x518uu2025-12-03-08-51-14-2406616-3.jpg\",\"datePublished\":\"2025-12-03T18:56:00+00:00\",\"author\":{\"@id\":\"https:\/\/portaltela.pt\/#\/schema\/person\/c4278d4a6028830caff9ee44b42d32ed\"},\"breadcrumb\":{\"@id\":\"https:\/\/portaltela.pt\/noticias\/2025\/12\/03\/mario-leandro-garante-nunca-usar-imigracao-ilegal-nem-ter-jogadores-ilegais\/#breadcrumb\"},\"inLanguage\":\"pt-PT\",\"potentialAction\":[{\"@type\":\"ReadAction\",\"target\":[\"https:\/\/portaltela.pt\/noticias\/2025\/12\/03\/mario-leandro-garante-nunca-usar-imigracao-ilegal-nem-ter-jogadores-ilegais\/\"]}]},{\"@type\":\"ImageObject\",\"inLanguage\":\"pt-PT\",\"@id\":\"https:\/\/portaltela.pt\/noticias\/2025\/12\/03\/mario-leandro-garante-nunca-usar-imigracao-ilegal-nem-ter-jogadores-ilegais\/#primaryimage\",\"url\":\"https:\/\/portaltela.pt\/s.01k8rhncp4jt1\/2025\/12\/img_920x518uu2025-12-03-08-51-14-2406616-3.jpg\",\"contentUrl\":\"https:\/\/portaltela.pt\/s.01k8rhncp4jt1\/2025\/12\/img_920x518uu2025-12-03-08-51-14-2406616-3.jpg\",\"width\":796,\"height\":448,\"caption\":\"M\u00e1rio Leandro acusado de recorrer a imigrantes ilegais para subir de divis\u00e3o\"},{\"@type\":\"BreadcrumbList\",\"@id\":\"https:\/\/portaltela.pt\/noticias\/2025\/12\/03\/mario-leandro-garante-nunca-usar-imigracao-ilegal-nem-ter-jogadores-ilegais\/#breadcrumb\",\"itemListElement\":[{\"@type\":\"ListItem\",\"position\":1,\"name\":\"In\u00edcio\",\"item\":\"https:\/\/portaltela.pt\/\"},{\"@type\":\"ListItem\",\"position\":2,\"name\":\"M\u00e1rio Leandro garante nunca usar imigra\u00e7\u00e3o ilegal nem ter jogadores ilegais\"}]},{\"@type\":\"WebSite\",\"@id\":\"https:\/\/portaltela.pt\/#website\",\"url\":\"https:\/\/portaltela.pt\/\",\"name\":\"Portal Tela Portugal\",\"description\":\"\",\"potentialAction\":[{\"@type\":\"SearchAction\",\"target\":{\"@type\":\"EntryPoint\",\"urlTemplate\":\"https:\/\/portaltela.pt\/?s={search_term_string}\"},\"query-input\":{\"@type\":\"PropertyValueSpecification\",\"valueRequired\":true,\"valueName\":\"search_term_string\"}}],\"inLanguage\":\"pt-PT\"},{\"@type\":\"Person\",\"@id\":\"https:\/\/portaltela.pt\/#\/schema\/person\/c4278d4a6028830caff9ee44b42d32ed\",\"name\":\"Telinha\",\"image\":{\"@type\":\"ImageObject\",\"inLanguage\":\"pt-PT\",\"@id\":\"https:\/\/portaltela.pt\/s.01k8rhncp4jt1\/2025\/11\/talking-bot-125x125.png\",\"url\":\"https:\/\/portaltela.pt\/s.01k8rhncp4jt1\/2025\/11\/talking-bot-125x125.png\",\"contentUrl\":\"https:\/\/portaltela.pt\/s.01k8rhncp4jt1\/2025\/11\/talking-bot-125x125.png\",\"caption\":\"Telinha\"},\"sameAs\":[\"https:\/\/portaltela.pt\/\"],\"url\":\"https:\/\/portaltela.pt\/por\/367410592786\/\"}]}<\/script>\n<!-- \/ Yoast SEO plugin. -->","yoast_head_json":{"title":"M\u00e1rio Leandro garante nunca usar imigra\u00e7\u00e3o ilegal nem ter jogadores ilegais - Portal Tela Portugal","robots":{"index":"index","follow":"follow","max-snippet":"max-snippet:-1","max-image-preview":"max-image-preview:large","max-video-preview":"max-video-preview:-1"},"og_locale":"pt_PT","og_type":"article","og_title":"M\u00e1rio Leandro garante nunca usar imigra\u00e7\u00e3o ilegal nem ter jogadores ilegais - Portal Tela Portugal","og_description":"M\u00e1rio Leandro, dirigente e treinador do extinto Futebol Clube de Set\u00fabal, \u00e9 acusado pelo Minist\u00e9rio P\u00fablico de aux\u00edlio \u00e0 imigra\u00e7\u00e3o ilegal e utiliza\u00e7\u00e3o de cidad\u00e3os estrangeiros ilegais ap\u00f3s alegadamente contratar vinte futebolistas de \u00c1frica e da Am\u00e9rica do Sul com vistos ilegais, para ajudar o clube a subir \u00e0 2\u00aa Divis\u00e3o da AF Set\u00fabal em 2016\/17. O caso, que remonta a 2016\/2017, j\u00e1 dura sete a oito anos, e Leandro alega difama\u00e7\u00e3o, afirmando ter cumprido os requisitos de inscri\u00e7\u00e3o, com jogadores com documentos, contratos e resid\u00eancia. O Jornal de Not\u00edcias (Jornal de Not\u00edcias) refere que Leandro classifica a not\u00edcia como mesquinha e negou irregularidades, reiterando que os atletas tinham documentos, contrato e resid\u00eancia. O treinador promete apresentar, nos pr\u00f3ximos dias, um documento detalhado explicando os procedimentos de inscri\u00e7\u00e3o dos jogadores do clube. O Record contactou o treinador, que reiterou a conformidade e afirmou que o caso ainda est\u00e1 por julgamento, com mais informa\u00e7\u00f5es por vir.","og_url":"https:\/\/portaltela.pt\/noticias\/2025\/12\/03\/mario-leandro-garante-nunca-usar-imigracao-ilegal-nem-ter-jogadores-ilegais\/","og_site_name":"Portal Tela Portugal","article_published_time":"2025-12-03T18:56:00+00:00","author":"Telinha","twitter_card":"summary_large_image","twitter_misc":{"Escrito por":"Telinha","Tempo estimado de leitura":"1 minuto"},"schema":{"@context":"https:\/\/schema.org","@graph":[{"@type":"Article","@id":"https:\/\/portaltela.pt\/noticias\/2025\/12\/03\/mario-leandro-garante-nunca-usar-imigracao-ilegal-nem-ter-jogadores-ilegais\/#article","isPartOf":{"@id":"https:\/\/portaltela.pt\/noticias\/2025\/12\/03\/mario-leandro-garante-nunca-usar-imigracao-ilegal-nem-ter-jogadores-ilegais\/"},"author":{"name":"Telinha","@id":"https:\/\/portaltela.pt\/#\/schema\/person\/c4278d4a6028830caff9ee44b42d32ed"},"headline":"M\u00e1rio Leandro garante nunca usar imigra\u00e7\u00e3o ilegal nem ter jogadores ilegais","datePublished":"2025-12-03T18:56:00+00:00","mainEntityOfPage":{"@id":"https:\/\/portaltela.pt\/noticias\/2025\/12\/03\/mario-leandro-garante-nunca-usar-imigracao-ilegal-nem-ter-jogadores-ilegais\/"},"wordCount":267,"image":{"@id":"https:\/\/portaltela.pt\/noticias\/2025\/12\/03\/mario-leandro-garante-nunca-usar-imigracao-ilegal-nem-ter-jogadores-ilegais\/#primaryimage"},"thumbnailUrl":"https:\/\/portaltela.pt\/s.01k8rhncp4jt1\/2025\/12\/img_920x518uu2025-12-03-08-51-14-2406616-3.jpg","keywords":["angaria\u00e7\u00e3o de m\u00e3o de obra ilegal","assuntos desportivos","crime","futebol","imigra\u00e7\u00e3o","organiza\u00e7\u00e3o criminosa"],"articleSection":["Desporto","Futebol"],"inLanguage":"pt-PT"},{"@type":"WebPage","@id":"https:\/\/portaltela.pt\/noticias\/2025\/12\/03\/mario-leandro-garante-nunca-usar-imigracao-ilegal-nem-ter-jogadores-ilegais\/","url":"https:\/\/portaltela.pt\/noticias\/2025\/12\/03\/mario-leandro-garante-nunca-usar-imigracao-ilegal-nem-ter-jogadores-ilegais\/","name":"M\u00e1rio Leandro garante nunca usar imigra\u00e7\u00e3o ilegal nem ter jogadores ilegais - Portal Tela Portugal","isPartOf":{"@id":"https:\/\/portaltela.pt\/#website"},"primaryImageOfPage":{"@id":"https:\/\/portaltela.pt\/noticias\/2025\/12\/03\/mario-leandro-garante-nunca-usar-imigracao-ilegal-nem-ter-jogadores-ilegais\/#primaryimage"},"image":{"@id":"https:\/\/portaltela.pt\/noticias\/2025\/12\/03\/mario-leandro-garante-nunca-usar-imigracao-ilegal-nem-ter-jogadores-ilegais\/#primaryimage"},"thumbnailUrl":"https:\/\/portaltela.pt\/s.01k8rhncp4jt1\/2025\/12\/img_920x518uu2025-12-03-08-51-14-2406616-3.jpg","datePublished":"2025-12-03T18:56:00+00:00","author":{"@id":"https:\/\/portaltela.pt\/#\/schema\/person\/c4278d4a6028830caff9ee44b42d32ed"},"breadcrumb":{"@id":"https:\/\/portaltela.pt\/noticias\/2025\/12\/03\/mario-leandro-garante-nunca-usar-imigracao-ilegal-nem-ter-jogadores-ilegais\/#breadcrumb"},"inLanguage":"pt-PT","potentialAction":[{"@type":"ReadAction","target":["https:\/\/portaltela.pt\/noticias\/2025\/12\/03\/mario-leandro-garante-nunca-usar-imigracao-ilegal-nem-ter-jogadores-ilegais\/"]}]},{"@type":"ImageObject","inLanguage":"pt-PT","@id":"https:\/\/portaltela.pt\/noticias\/2025\/12\/03\/mario-leandro-garante-nunca-usar-imigracao-ilegal-nem-ter-jogadores-ilegais\/#primaryimage","url":"https:\/\/portaltela.pt\/s.01k8rhncp4jt1\/2025\/12\/img_920x518uu2025-12-03-08-51-14-2406616-3.jpg","contentUrl":"https:\/\/portaltela.pt\/s.01k8rhncp4jt1\/2025\/12\/img_920x518uu2025-12-03-08-51-14-2406616-3.jpg","width":796,"height":448,"caption":"M\u00e1rio Leandro acusado de recorrer a imigrantes ilegais para subir de divis\u00e3o"},{"@type":"BreadcrumbList","@id":"https:\/\/portaltela.pt\/noticias\/2025\/12\/03\/mario-leandro-garante-nunca-usar-imigracao-ilegal-nem-ter-jogadores-ilegais\/#breadcrumb","itemListElement":[{"@type":"ListItem","position":1,"name":"In\u00edcio","item":"https:\/\/portaltela.pt\/"},{"@type":"ListItem","position":2,"name":"M\u00e1rio Leandro garante nunca usar imigra\u00e7\u00e3o ilegal nem ter jogadores ilegais"}]},{"@type":"WebSite","@id":"https:\/\/portaltela.pt\/#website","url":"https:\/\/portaltela.pt\/","name":"Portal Tela Portugal","description":"","potentialAction":[{"@type":"SearchAction","target":{"@type":"EntryPoint","urlTemplate":"https:\/\/portaltela.pt\/?s={search_term_string}"},"query-input":{"@type":"PropertyValueSpecification","valueRequired":true,"valueName":"search_term_string"}}],"inLanguage":"pt-PT"},{"@type":"Person","@id":"https:\/\/portaltela.pt\/#\/schema\/person\/c4278d4a6028830caff9ee44b42d32ed","name":"Telinha","image":{"@type":"ImageObject","inLanguage":"pt-PT","@id":"https:\/\/portaltela.pt\/s.01k8rhncp4jt1\/2025\/11\/talking-bot-125x125.png","url":"https:\/\/portaltela.pt\/s.01k8rhncp4jt1\/2025\/11\/talking-bot-125x125.png","contentUrl":"https:\/\/portaltela.pt\/s.01k8rhncp4jt1\/2025\/11\/talking-bot-125x125.png","caption":"Telinha"},"sameAs":["https:\/\/portaltela.pt\/"],"url":"https:\/\/portaltela.pt\/por\/367410592786\/"}]}},"_links":{"self":[{"href":"https:\/\/portaltela.pt\/api\/wp\/v2\/posts\/47648","targetHints":{"allow":["GET"]}}],"collection":[{"href":"https:\/\/portaltela.pt\/api\/wp\/v2\/posts"}],"about":[{"href":"https:\/\/portaltela.pt\/api\/wp\/v2\/types\/post"}],"author":[{"embeddable":true,"href":"https:\/\/portaltela.pt\/api\/wp\/v2\/users\/2"}],"replies":[{"embeddable":true,"href":"https:\/\/portaltela.pt\/api\/wp\/v2\/comments?post=47648"}],"version-history":[{"count":0,"href":"https:\/\/portaltela.pt\/api\/wp\/v2\/posts\/47648\/revisions"}],"wp:featuredmedia":[{"embeddable":true,"href":"https:\/\/portaltela.pt\/api\/wp\/v2\/media\/47650"}],"wp:attachment":[{"href":"https:\/\/portaltela.pt\/api\/wp\/v2\/media?parent=47648"}],"wp:term":[{"taxonomy":"category","embeddable":true,"href":"https:\/\/portaltela.pt\/api\/wp\/v2\/categories?post=47648"},{"taxonomy":"post_tag","embeddable":true,"href":"https:\/\/portaltela.pt\/api\/wp\/v2\/tags?post=47648"}],"curies":[{"name":"wp","href":"https:\/\/api.w.org\/{rel}","templated":true}]}}